{"id":12349,"date":"2024-10-28T07:35:35","date_gmt":"2024-10-28T06:35:35","guid":{"rendered":"https:\/\/encompaniastj.org\/mta-centro-de-elvas-portugal\/"},"modified":"2025-07-07T16:26:15","modified_gmt":"2025-07-07T14:26:15","slug":"mta-centro-de-elvas-portugal","status":"publish","type":"post","link":"https:\/\/encompaniastj.org\/pt-pt\/mta-centro-de-elvas-portugal\/","title":{"rendered":"MTA - Centro de Elvas-Portugal"},"content":{"rendered":"<div>\u201c Teresa de Jesus, Uma chama que continua a brilhar\u201d\u00a0 (Papa Francisco)<\/div>\n<div><\/div>\n<div><img loading=\"lazy\" decoding=\"async\" class=\"size-medium wp-image-13790 alignleft\" src=\"https:\/\/encompaniastj.org\/wp-content\/uploads\/2025\/05\/Quandro-de-S.-Teresa-na-paroquia-scaled.jpg\" alt=\"\" width=\"183\" height=\"300\" \/>\u201cApesar dos cinco s\u00e9culos que nos separam de sua exist\u00eancia terrena, - diz o Papa Francisco - a chama que Jesus acendeu em Teresa continua a brilhar neste mundo sempre necessitado de testemunhas corajosas, capazes de derrubar qualquer muro, seja ele f\u00edsico, existencial ou cultural.\u201d<\/div>\n<div>Acreditando e experimentando, na nossa realidade, que o papa Francisco tem raz\u00e3o, procuramos viver todo este m\u00eas de outubro em clave teresiana oferecendo algumas atividades e a\u00e7\u00f5es atrav\u00e9s das quais pud\u00e9ssemos experimentar o que experimentou Teresa: \u201cJUNTOS ANDEMOS SENHOR\u201d<\/div>\n<div>*Atrav\u00e9s das redes socias oferecemos aos jovens e adultos uma pequena \u201cnovena teresiana\u201d, com textos, imagens e ora\u00e7\u00f5es de Teresa de Jesus. Assim de 7 a 15 de Outubro todas as pessoas foram convidas a rezarem o \u201cquarto de hora de ora\u00e7\u00e3o\u201d com Teresa de Jesus que nos diz: \u201cQue ningu\u00e9m vos mostre outro caminho que n\u00e3o seja o da ORA\u00c7\u00c3O\u201d.<\/div>\n<div>Uma pergunta foi feita a todos e a todas para ser respondida no sil\u00eancio do cora\u00e7\u00e3o orando:<\/div>\n<div>Como \u00e9 que Teresa ilumina o meu caminho para Jesus?<\/div>\n<div>S\u00f3 Deus sabe as respostas que surgiram em tantos cora\u00e7\u00f5es mas, segundo alguns testemunhos, esta pergunta e os textos oferecidos \u201cmuito ajudaram a \u201centrar dentro e a saborear o dom de Deus que nos habita.<\/div>\n<div>*Chegados os dias mais pr\u00f3ximos do dia 15 de outubro, uma velada de ora\u00e7\u00e3o\u00a0 e adora\u00e7\u00e3o Teresiana pela Paz, pelas Fam\u00edlias e pelas Voca\u00e7\u00f5es, a Eucaristia na Par\u00f3quia, um jantar e conv\u00edvio\u00a0 com jovens e adultos deram a tonalidade \u00e0 nossa alegria e esperan\u00e7a.<\/div>\n<div>Terminamos o m\u00eas de outubro com a participa\u00e7\u00e3o de alguns elementos com algumas pessoas a participar no Congresso teresiano, \u201cAFETIVIDADE E ESPIRITUALIDADE \u201c\u00a0 que teve lugar em F\u00e1tima nos dias 18, 19 e 20 de outubro, e foi organizado pelas congrega\u00e7\u00f5es cuja espiritualidade se baseia em Teresa de Jesus.<\/div>\n<div>No dia 26 de outubro, ainda tivemos no nosso Centro de Elvas, mais um encontro de reflex\u00e3o e ora\u00e7\u00e3o, \u201crezar o Pai nosso com Santa Teresa de Jesus\u201d, seguido de animado conv\u00edvio e Eucaristia Dominical.<\/div>\n<div>E assim passamos o m\u00eas de Outubro, a saber que \u201csomos habitados\u201d ou, como diz Teresa, \u201c a fazer de conta que dentro de n\u00f3s h\u00e1 um pal\u00e1cio de enorm\u00edssima riqueza\u201d (CP 28,9) (Maria de F\u00e1tima Magalh\u00e3es stj)<\/div>\n<div>\u00a0<img loading=\"lazy\" decoding=\"async\" class=\"aligncenter wp-image-13782 size-full\" src=\"https:\/\/encompaniastj.org\/wp-content\/uploads\/2025\/05\/c1-10.png\" alt=\"\" width=\"800\" height=\"800\" \/><\/div>\n<div><\/div>\n<div><img loading=\"lazy\" decoding=\"async\" class=\"aligncenter wp-image-13786 size-full\" src=\"https:\/\/encompaniastj.org\/wp-content\/uploads\/2025\/05\/c3-4.png\" alt=\"\" width=\"800\" height=\"800\" \/><\/div>\n","protected":false},"excerpt":{"rendered":"<p>\u201c Teresa de Jesus, Uma chama que continua a brilhar\u201d\u00a0 (Papa Francisco) \u201cApesar dos cinco s\u00e9culos que nos separam de sua exist\u00eancia terrena, - diz o Papa Francisco - a [&hellip;]<\/p>\n","protected":false},"author":1,"featured_media":8864,"comment_status":"open","ping_status":"open","sticky":false,"template":"","format":"standard","meta":{"_acf_changed":false,"footnotes":""},"categories":[81],"tags":[],"class_list":["post-12349","post","type-post","status-publish","format-standard","has-post-thumbnail","hentry","category-stj-pt"],"acf":[],"yoast_head":"<!-- This site is optimized with the Yoast SEO plugin v27.5 - https:\/\/yoast.com\/product\/yoast-seo-wordpress\/ -->\n<title>MTA - Centro de Elvas-Portugal - En Compa\u00f1\u00eda STJ<\/title>\n<meta name=\"robots\" content=\"index, follow, max-snippet:-1, max-image-preview:large, max-video-preview:-1\" \/>\n<link rel=\"canonical\" href=\"https:\/\/encompaniastj.org\/pt-pt\/mta-centro-de-elvas-portugal\/\" \/>\n<meta property=\"og:locale\" content=\"pt_PT\" \/>\n<meta property=\"og:type\" content=\"article\" \/>\n<meta property=\"og:title\" content=\"MTA - Centro de Elvas-Portugal - En Compa\u00f1\u00eda STJ\" \/>\n<meta property=\"og:description\" content=\"\u201c Teresa de Jesus, Uma chama que continua a brilhar\u201d\u00a0 (Papa Francisco) \u201cApesar dos cinco s\u00e9culos que nos separam de sua exist\u00eancia terrena, - diz o Papa Francisco - a [&hellip;]\" \/>\n<meta property=\"og:url\" content=\"https:\/\/encompaniastj.org\/pt-pt\/mta-centro-de-elvas-portugal\/\" \/>\n<meta property=\"og:site_name\" content=\"En Compa\u00f1\u00eda STJ\" \/>\n<meta property=\"article:published_time\" content=\"2024-10-28T06:35:35+00:00\" \/>\n<meta property=\"article:modified_time\" content=\"2025-07-07T14:26:15+00:00\" \/>\n<meta property=\"og:image\" content=\"https:\/\/encompaniastj.org\/wp-content\/uploads\/2025\/05\/Grupo-MTA-presente-na-Eucaristia-do-dia-15-de-Outubro-scaled-1.jpg\" \/>\n\t<meta property=\"og:image:width\" content=\"2560\" \/>\n\t<meta property=\"og:image:height\" content=\"1918\" \/>\n\t<meta property=\"og:image:type\" content=\"image\/jpeg\" \/>\n<meta name=\"author\" content=\"admin\" \/>\n<meta name=\"twitter:card\" content=\"summary_large_image\" \/>\n<meta name=\"twitter:label1\" content=\"Escrito por\" \/>\n\t<meta name=\"twitter:data1\" content=\"admin\" \/>\n\t<meta name=\"twitter:label2\" content=\"Tempo estimado de leitura\" \/>\n\t<meta name=\"twitter:data2\" content=\"3 minutos\" \/>\n<script type=\"application\/ld+json\" class=\"yoast-schema-graph\">{\"@context\":\"https:\\\/\\\/schema.org\",\"@graph\":[{\"@type\":\"Article\",\"@id\":\"https:\\\/\\\/encompaniastj.org\\\/pt-pt\\\/mta-centro-de-elvas-portugal\\\/#article\",\"isPartOf\":{\"@id\":\"https:\\\/\\\/encompaniastj.org\\\/pt-pt\\\/mta-centro-de-elvas-portugal\\\/\"},\"author\":{\"name\":\"admin\",\"@id\":\"https:\\\/\\\/encompaniastj.org\\\/pt-pt\\\/#\\\/schema\\\/person\\\/520e7ecc314793d40091993c2a02b651\"},\"headline\":\"MTA - Centro de Elvas-Portugal\",\"datePublished\":\"2024-10-28T06:35:35+00:00\",\"dateModified\":\"2025-07-07T14:26:15+00:00\",\"mainEntityOfPage\":{\"@id\":\"https:\\\/\\\/encompaniastj.org\\\/pt-pt\\\/mta-centro-de-elvas-portugal\\\/\"},\"wordCount\":415,\"commentCount\":0,\"publisher\":{\"@id\":\"https:\\\/\\\/encompaniastj.org\\\/pt-pt\\\/#organization\"},\"image\":{\"@id\":\"https:\\\/\\\/encompaniastj.org\\\/pt-pt\\\/mta-centro-de-elvas-portugal\\\/#primaryimage\"},\"thumbnailUrl\":\"https:\\\/\\\/encompaniastj.org\\\/wp-content\\\/uploads\\\/2025\\\/05\\\/Grupo-MTA-presente-na-Eucaristia-do-dia-15-de-Outubro-scaled-1.jpg\",\"articleSection\":[\"STJ pt\"],\"inLanguage\":\"pt-PT\",\"potentialAction\":[{\"@type\":\"CommentAction\",\"name\":\"Comment\",\"target\":[\"https:\\\/\\\/encompaniastj.org\\\/pt-pt\\\/mta-centro-de-elvas-portugal\\\/#respond\"]}]},{\"@type\":\"WebPage\",\"@id\":\"https:\\\/\\\/encompaniastj.org\\\/pt-pt\\\/mta-centro-de-elvas-portugal\\\/\",\"url\":\"https:\\\/\\\/encompaniastj.org\\\/pt-pt\\\/mta-centro-de-elvas-portugal\\\/\",\"name\":\"MTA - Centro de Elvas-Portugal - En Compa\u00f1\u00eda STJ\",\"isPartOf\":{\"@id\":\"https:\\\/\\\/encompaniastj.org\\\/pt-pt\\\/#website\"},\"primaryImageOfPage\":{\"@id\":\"https:\\\/\\\/encompaniastj.org\\\/pt-pt\\\/mta-centro-de-elvas-portugal\\\/#primaryimage\"},\"image\":{\"@id\":\"https:\\\/\\\/encompaniastj.org\\\/pt-pt\\\/mta-centro-de-elvas-portugal\\\/#primaryimage\"},\"thumbnailUrl\":\"https:\\\/\\\/encompaniastj.org\\\/wp-content\\\/uploads\\\/2025\\\/05\\\/Grupo-MTA-presente-na-Eucaristia-do-dia-15-de-Outubro-scaled-1.jpg\",\"datePublished\":\"2024-10-28T06:35:35+00:00\",\"dateModified\":\"2025-07-07T14:26:15+00:00\",\"breadcrumb\":{\"@id\":\"https:\\\/\\\/encompaniastj.org\\\/pt-pt\\\/mta-centro-de-elvas-portugal\\\/#breadcrumb\"},\"inLanguage\":\"pt-PT\",\"potentialAction\":[{\"@type\":\"ReadAction\",\"target\":[\"https:\\\/\\\/encompaniastj.org\\\/pt-pt\\\/mta-centro-de-elvas-portugal\\\/\"]}]},{\"@type\":\"ImageObject\",\"inLanguage\":\"pt-PT\",\"@id\":\"https:\\\/\\\/encompaniastj.org\\\/pt-pt\\\/mta-centro-de-elvas-portugal\\\/#primaryimage\",\"url\":\"https:\\\/\\\/encompaniastj.org\\\/wp-content\\\/uploads\\\/2025\\\/05\\\/Grupo-MTA-presente-na-Eucaristia-do-dia-15-de-Outubro-scaled-1.jpg\",\"contentUrl\":\"https:\\\/\\\/encompaniastj.org\\\/wp-content\\\/uploads\\\/2025\\\/05\\\/Grupo-MTA-presente-na-Eucaristia-do-dia-15-de-Outubro-scaled-1.jpg\",\"width\":2560,\"height\":1918},{\"@type\":\"BreadcrumbList\",\"@id\":\"https:\\\/\\\/encompaniastj.org\\\/pt-pt\\\/mta-centro-de-elvas-portugal\\\/#breadcrumb\",\"itemListElement\":[{\"@type\":\"ListItem\",\"position\":1,\"name\":\"Portada\",\"item\":\"https:\\\/\\\/encompaniastj.org\\\/pt-pt\\\/\"},{\"@type\":\"ListItem\",\"position\":2,\"name\":\"MTA - Centro de Elvas-Portugal\"}]},{\"@type\":\"WebSite\",\"@id\":\"https:\\\/\\\/encompaniastj.org\\\/pt-pt\\\/#website\",\"url\":\"https:\\\/\\\/encompaniastj.org\\\/pt-pt\\\/\",\"name\":\"En Compa\u00f1\u00eda STJ\",\"description\":\"Bolet\u00edn de la Compa\u00f1\u00eda de Santa Teresa de Jes\u00fas\",\"publisher\":{\"@id\":\"https:\\\/\\\/encompaniastj.org\\\/pt-pt\\\/#organization\"},\"potentialAction\":[{\"@type\":\"SearchAction\",\"target\":{\"@type\":\"EntryPoint\",\"urlTemplate\":\"https:\\\/\\\/encompaniastj.org\\\/pt-pt\\\/?s={search_term_string}\"},\"query-input\":{\"@type\":\"PropertyValueSpecification\",\"valueRequired\":true,\"valueName\":\"search_term_string\"}}],\"inLanguage\":\"pt-PT\"},{\"@type\":\"Organization\",\"@id\":\"https:\\\/\\\/encompaniastj.org\\\/pt-pt\\\/#organization\",\"name\":\"Compa\u00f1\u00eda de Santa Teresa de Jes\u00fas\",\"url\":\"https:\\\/\\\/encompaniastj.org\\\/pt-pt\\\/\",\"logo\":{\"@type\":\"ImageObject\",\"inLanguage\":\"pt-PT\",\"@id\":\"https:\\\/\\\/encompaniastj.org\\\/pt-pt\\\/#\\\/schema\\\/logo\\\/image\\\/\",\"url\":\"https:\\\/\\\/encompaniastj.org\\\/wp-content\\\/uploads\\\/2025\\\/04\\\/logo_provincias02-1-3.png\",\"contentUrl\":\"https:\\\/\\\/encompaniastj.org\\\/wp-content\\\/uploads\\\/2025\\\/04\\\/logo_provincias02-1-3.png\",\"width\":2368,\"height\":825,\"caption\":\"Compa\u00f1\u00eda de Santa Teresa de Jes\u00fas\"},\"image\":{\"@id\":\"https:\\\/\\\/encompaniastj.org\\\/pt-pt\\\/#\\\/schema\\\/logo\\\/image\\\/\"}},{\"@type\":\"Person\",\"@id\":\"https:\\\/\\\/encompaniastj.org\\\/pt-pt\\\/#\\\/schema\\\/person\\\/520e7ecc314793d40091993c2a02b651\",\"name\":\"admin\",\"image\":{\"@type\":\"ImageObject\",\"inLanguage\":\"pt-PT\",\"@id\":\"https:\\\/\\\/secure.gravatar.com\\\/avatar\\\/948b492cce32b586ac2db0eaa926ee87024f7afe218d73b397ea5ddfc5f43ea1?s=96&d=mm&r=g\",\"url\":\"https:\\\/\\\/secure.gravatar.com\\\/avatar\\\/948b492cce32b586ac2db0eaa926ee87024f7afe218d73b397ea5ddfc5f43ea1?s=96&d=mm&r=g\",\"contentUrl\":\"https:\\\/\\\/secure.gravatar.com\\\/avatar\\\/948b492cce32b586ac2db0eaa926ee87024f7afe218d73b397ea5ddfc5f43ea1?s=96&d=mm&r=g\",\"caption\":\"admin\"},\"sameAs\":[\"https:\\\/\\\/encompaniastj.org\"],\"url\":\"https:\\\/\\\/encompaniastj.org\\\/pt-pt\\\/author\\\/sjdigital\\\/\"}]}<\/script>\n<!-- \/ Yoast SEO plugin. -->","yoast_head_json":{"title":"MTA - Centro de Elvas-Portugal - En Compa\u00f1\u00eda STJ","robots":{"index":"index","follow":"follow","max-snippet":"max-snippet:-1","max-image-preview":"max-image-preview:large","max-video-preview":"max-video-preview:-1"},"canonical":"https:\/\/encompaniastj.org\/pt-pt\/mta-centro-de-elvas-portugal\/","og_locale":"pt_PT","og_type":"article","og_title":"MTA - Centro de Elvas-Portugal - En Compa\u00f1\u00eda STJ","og_description":"\u201c Teresa de Jesus, Uma chama que continua a brilhar\u201d\u00a0 (Papa Francisco) \u201cApesar dos cinco s\u00e9culos que nos separam de sua exist\u00eancia terrena, - diz o Papa Francisco - a [&hellip;]","og_url":"https:\/\/encompaniastj.org\/pt-pt\/mta-centro-de-elvas-portugal\/","og_site_name":"En Compa\u00f1\u00eda STJ","article_published_time":"2024-10-28T06:35:35+00:00","article_modified_time":"2025-07-07T14:26:15+00:00","og_image":[{"width":2560,"height":1918,"url":"https:\/\/encompaniastj.org\/wp-content\/uploads\/2025\/05\/Grupo-MTA-presente-na-Eucaristia-do-dia-15-de-Outubro-scaled-1.jpg","type":"image\/jpeg"}],"author":"admin","twitter_card":"summary_large_image","twitter_misc":{"Escrito por":"admin","Tempo estimado de leitura":"3 minutos"},"schema":{"@context":"https:\/\/schema.org","@graph":[{"@type":"Article","@id":"https:\/\/encompaniastj.org\/pt-pt\/mta-centro-de-elvas-portugal\/#article","isPartOf":{"@id":"https:\/\/encompaniastj.org\/pt-pt\/mta-centro-de-elvas-portugal\/"},"author":{"name":"admin","@id":"https:\/\/encompaniastj.org\/pt-pt\/#\/schema\/person\/520e7ecc314793d40091993c2a02b651"},"headline":"MTA - Centro de Elvas-Portugal","datePublished":"2024-10-28T06:35:35+00:00","dateModified":"2025-07-07T14:26:15+00:00","mainEntityOfPage":{"@id":"https:\/\/encompaniastj.org\/pt-pt\/mta-centro-de-elvas-portugal\/"},"wordCount":415,"commentCount":0,"publisher":{"@id":"https:\/\/encompaniastj.org\/pt-pt\/#organization"},"image":{"@id":"https:\/\/encompaniastj.org\/pt-pt\/mta-centro-de-elvas-portugal\/#primaryimage"},"thumbnailUrl":"https:\/\/encompaniastj.org\/wp-content\/uploads\/2025\/05\/Grupo-MTA-presente-na-Eucaristia-do-dia-15-de-Outubro-scaled-1.jpg","articleSection":["STJ pt"],"inLanguage":"pt-PT","potentialAction":[{"@type":"CommentAction","name":"Comment","target":["https:\/\/encompaniastj.org\/pt-pt\/mta-centro-de-elvas-portugal\/#respond"]}]},{"@type":"WebPage","@id":"https:\/\/encompaniastj.org\/pt-pt\/mta-centro-de-elvas-portugal\/","url":"https:\/\/encompaniastj.org\/pt-pt\/mta-centro-de-elvas-portugal\/","name":"MTA - Centro de Elvas-Portugal - En Compa\u00f1\u00eda STJ","isPartOf":{"@id":"https:\/\/encompaniastj.org\/pt-pt\/#website"},"primaryImageOfPage":{"@id":"https:\/\/encompaniastj.org\/pt-pt\/mta-centro-de-elvas-portugal\/#primaryimage"},"image":{"@id":"https:\/\/encompaniastj.org\/pt-pt\/mta-centro-de-elvas-portugal\/#primaryimage"},"thumbnailUrl":"https:\/\/encompaniastj.org\/wp-content\/uploads\/2025\/05\/Grupo-MTA-presente-na-Eucaristia-do-dia-15-de-Outubro-scaled-1.jpg","datePublished":"2024-10-28T06:35:35+00:00","dateModified":"2025-07-07T14:26:15+00:00","breadcrumb":{"@id":"https:\/\/encompaniastj.org\/pt-pt\/mta-centro-de-elvas-portugal\/#breadcrumb"},"inLanguage":"pt-PT","potentialAction":[{"@type":"ReadAction","target":["https:\/\/encompaniastj.org\/pt-pt\/mta-centro-de-elvas-portugal\/"]}]},{"@type":"ImageObject","inLanguage":"pt-PT","@id":"https:\/\/encompaniastj.org\/pt-pt\/mta-centro-de-elvas-portugal\/#primaryimage","url":"https:\/\/encompaniastj.org\/wp-content\/uploads\/2025\/05\/Grupo-MTA-presente-na-Eucaristia-do-dia-15-de-Outubro-scaled-1.jpg","contentUrl":"https:\/\/encompaniastj.org\/wp-content\/uploads\/2025\/05\/Grupo-MTA-presente-na-Eucaristia-do-dia-15-de-Outubro-scaled-1.jpg","width":2560,"height":1918},{"@type":"BreadcrumbList","@id":"https:\/\/encompaniastj.org\/pt-pt\/mta-centro-de-elvas-portugal\/#breadcrumb","itemListElement":[{"@type":"ListItem","position":1,"name":"Portada","item":"https:\/\/encompaniastj.org\/pt-pt\/"},{"@type":"ListItem","position":2,"name":"MTA - Centro de Elvas-Portugal"}]},{"@type":"WebSite","@id":"https:\/\/encompaniastj.org\/pt-pt\/#website","url":"https:\/\/encompaniastj.org\/pt-pt\/","name":"En Compa\u00f1\u00eda STJ","description":"Bolet\u00edn de la Compa\u00f1\u00eda de Santa Teresa de Jes\u00fas","publisher":{"@id":"https:\/\/encompaniastj.org\/pt-pt\/#organization"},"potentialAction":[{"@type":"SearchAction","target":{"@type":"EntryPoint","urlTemplate":"https:\/\/encompaniastj.org\/pt-pt\/?s={search_term_string}"},"query-input":{"@type":"PropertyValueSpecification","valueRequired":true,"valueName":"search_term_string"}}],"inLanguage":"pt-PT"},{"@type":"Organization","@id":"https:\/\/encompaniastj.org\/pt-pt\/#organization","name":"Compa\u00f1\u00eda de Santa Teresa de Jes\u00fas","url":"https:\/\/encompaniastj.org\/pt-pt\/","logo":{"@type":"ImageObject","inLanguage":"pt-PT","@id":"https:\/\/encompaniastj.org\/pt-pt\/#\/schema\/logo\/image\/","url":"https:\/\/encompaniastj.org\/wp-content\/uploads\/2025\/04\/logo_provincias02-1-3.png","contentUrl":"https:\/\/encompaniastj.org\/wp-content\/uploads\/2025\/04\/logo_provincias02-1-3.png","width":2368,"height":825,"caption":"Compa\u00f1\u00eda de Santa Teresa de Jes\u00fas"},"image":{"@id":"https:\/\/encompaniastj.org\/pt-pt\/#\/schema\/logo\/image\/"}},{"@type":"Person","@id":"https:\/\/encompaniastj.org\/pt-pt\/#\/schema\/person\/520e7ecc314793d40091993c2a02b651","name":"admin","image":{"@type":"ImageObject","inLanguage":"pt-PT","@id":"https:\/\/secure.gravatar.com\/avatar\/948b492cce32b586ac2db0eaa926ee87024f7afe218d73b397ea5ddfc5f43ea1?s=96&d=mm&r=g","url":"https:\/\/secure.gravatar.com\/avatar\/948b492cce32b586ac2db0eaa926ee87024f7afe218d73b397ea5ddfc5f43ea1?s=96&d=mm&r=g","contentUrl":"https:\/\/secure.gravatar.com\/avatar\/948b492cce32b586ac2db0eaa926ee87024f7afe218d73b397ea5ddfc5f43ea1?s=96&d=mm&r=g","caption":"admin"},"sameAs":["https:\/\/encompaniastj.org"],"url":"https:\/\/encompaniastj.org\/pt-pt\/author\/sjdigital\/"}]}},"_links":{"self":[{"href":"https:\/\/encompaniastj.org\/pt-pt\/wp-json\/wp\/v2\/posts\/12349","targetHints":{"allow":["GET"]}}],"collection":[{"href":"https:\/\/encompaniastj.org\/pt-pt\/wp-json\/wp\/v2\/posts"}],"about":[{"href":"https:\/\/encompaniastj.org\/pt-pt\/wp-json\/wp\/v2\/types\/post"}],"author":[{"embeddable":true,"href":"https:\/\/encompaniastj.org\/pt-pt\/wp-json\/wp\/v2\/users\/1"}],"replies":[{"embeddable":true,"href":"https:\/\/encompaniastj.org\/pt-pt\/wp-json\/wp\/v2\/comments?post=12349"}],"version-history":[{"count":1,"href":"https:\/\/encompaniastj.org\/pt-pt\/wp-json\/wp\/v2\/posts\/12349\/revisions"}],"predecessor-version":[{"id":12350,"href":"https:\/\/encompaniastj.org\/pt-pt\/wp-json\/wp\/v2\/posts\/12349\/revisions\/12350"}],"wp:featuredmedia":[{"embeddable":true,"href":"https:\/\/encompaniastj.org\/pt-pt\/wp-json\/wp\/v2\/media\/8864"}],"wp:attachment":[{"href":"https:\/\/encompaniastj.org\/pt-pt\/wp-json\/wp\/v2\/media?parent=12349"}],"wp:term":[{"taxonomy":"category","embeddable":true,"href":"https:\/\/encompaniastj.org\/pt-pt\/wp-json\/wp\/v2\/categories?post=12349"},{"taxonomy":"post_tag","embeddable":true,"href":"https:\/\/encompaniastj.org\/pt-pt\/wp-json\/wp\/v2\/tags?post=12349"}],"curies":[{"name":"wp","href":"https:\/\/api.w.org\/{rel}","templated":true}]}}