{"id":12343,"date":"2024-10-25T06:06:44","date_gmt":"2024-10-25T04:06:44","guid":{"rendered":"https:\/\/encompaniastj.org\/em-missao-partilhada-jornada-de-solidariedade-sobre-os-apartamentos-de-acolhimento-para-ex-reclusos\/"},"modified":"2025-07-07T16:26:14","modified_gmt":"2025-07-07T14:26:14","slug":"em-missao-partilhada-jornada-de-solidariedade-sobre-os-apartamentos-de-acolhimento-para-ex-reclusos","status":"publish","type":"post","link":"https:\/\/encompaniastj.org\/pt-pt\/em-missao-partilhada-jornada-de-solidariedade-sobre-os-apartamentos-de-acolhimento-para-ex-reclusos\/","title":{"rendered":"Em miss\u00e3o partilhada Jornada de Solidariedade sobre os apartamentos de acolhimento para ex-reclusos"},"content":{"rendered":"<p>Um grupo de leigos da Miss\u00e3o Partilhada de Barcelona mobilizou-se para organizar um col\u00f3quio na Ordem dos Advogados de Barcelona com o objetivo de sensibilizar para a realidade dos jovens que, uma vez atingida a maioridade, deixam de estar sob a prote\u00e7\u00e3o da Entidade P\u00fablica respons\u00e1vel pela prote\u00e7\u00e3o dos menores, e para a tarefa das pessoas e institui\u00e7\u00f5es - neste caso, a Fundaci\u00f3 Llar Enric d&#8217;Oss\u00f3 - que assumem a tarefa de oferecer recursos habitacionais e programas educativos para a integra\u00e7\u00e3o destes jovens no mercado de trabalho.<\/p>\n<p>Esta confer\u00eancia teve lugar no dia 10 de outubro de 2024, numa sala do ICAB (Barcelona Bar Association). A participa\u00e7\u00e3o foi maci\u00e7a. Entre os participantes, cont\u00e1mos com a presen\u00e7a das Srs. Esther Medina e Gema Mero\u00f1o.<\/p>\n<p>A confer\u00eancia foi aberta pela advogada Montse Pint\u00f3 Sala, pelo not\u00e1rio Miguel \u00c1ngel Campo G\u00fcerri, Presidente do Conselho de Administra\u00e7\u00e3o da Fundaci\u00f3 Llar Enric d&#8217;Oss\u00f3, e pelo Magistrado Xavier Abel Lluch. Todos eles agradeceram ao p\u00fablico e elogiaram o trabalho da Fundaci\u00f3 Llar Enric d&#8217;Oss\u00f3.<\/p>\n<p>Em seguida, foi projectada uma curta-metragem sobre jovens no ex\u00edlio, apresentada pela Dra. em psicologia Mila Arch Marin. A curta-metragem apresentava dois jovens dos nossos apartamentos que falavam das suas experi\u00eancias antes de virem para o apartamento e da sua estadia no mesmo.<\/p>\n<p>Seguiu-se uma mesa redonda que ofereceu uma vis\u00e3o multidisciplinar da situa\u00e7\u00e3o das crian\u00e7as e dos jovens em situa\u00e7\u00e3o de abandono.<\/p>\n<p>A mesa redonda era composta por:<\/p>\n<p>- Catalina Gonzalez Keutchen STJ, Diretora do Llar Enric d&#8217;Oss\u00f3, apresentou os objectivos da Fundaci\u00f3 Llar Enric d&#8217;Oss\u00f3, ilustrando a sua participa\u00e7\u00e3o com exemplos reais que mostravam como os jovens vivem a sua situa\u00e7\u00e3o.<\/p>\n<p>- Noem\u00ed Pereda, doutora em psicologia, que ofereceu uma vis\u00e3o muito clara dos estudos realizados sobre a vitimiza\u00e7\u00e3o infantil e juvenil em Espanha e as suas consequ\u00eancias para as crian\u00e7as e os jovens.<\/p>\n<p>- Esther Gim\u00e9nez-Salinas Colomer, Provedora de Justi\u00e7a da Catalunha, que criticou os programas de prote\u00e7\u00e3o da crian\u00e7a e do adolescente, salientando a insufici\u00eancia destes programas, que condenam as crian\u00e7as e os adolescentes a viverem em situa\u00e7\u00f5es extremas de desprote\u00e7\u00e3o sob o pretexto de prote\u00e7\u00e3o.<\/p>\n<p>A jornada foi encerrada por Mila Arch Mar\u00edn, doutora em Psicologia e membro do Conselho de Administra\u00e7\u00e3o da Fundaci\u00f3 Llar Enric d&#8217;Oss\u00f3 e Antonio Menacho de Sola Morales, advogado e membro do Conselho de Administra\u00e7\u00e3o da Fundaci\u00f3 Enric d&#8217;Oss\u00f3.<\/p>\n<p>O coro da Ordem dos Advogados encantou-nos com duas pe\u00e7as para encerrar o dia.<\/p>\n<p>E despedimo-nos, depois de um copo de cava oferecido pelos organizadores. (Marga Pons)<\/p>\n<p>&nbsp;<\/p>\n<p>&nbsp;<\/p>\n","protected":false},"excerpt":{"rendered":"<p>Um grupo de leigos da Miss\u00e3o Partilhada de Barcelona mobilizou-se para organizar um col\u00f3quio na Ordem dos Advogados de Barcelona com o objetivo de sensibilizar para a realidade dos jovens [&hellip;]<\/p>\n","protected":false},"author":1,"featured_media":8857,"comment_status":"open","ping_status":"open","sticky":false,"template":"","format":"standard","meta":{"_acf_changed":false,"footnotes":""},"categories":[76,74,61],"tags":[],"class_list":["post-12343","post","type-post","status-publish","format-standard","has-post-thumbnail","hentry","category-acao-social","category-accion-social","category-noticias"],"acf":[],"yoast_head":"<!-- This site is optimized with the Yoast SEO plugin v27.5 - https:\/\/yoast.com\/product\/yoast-seo-wordpress\/ -->\n<title>Em miss\u00e3o partilhada Jornada de Solidariedade sobre os apartamentos de acolhimento para ex-reclusos - En Compa\u00f1\u00eda STJ<\/title>\n<meta name=\"robots\" content=\"index, follow, max-snippet:-1, max-image-preview:large, max-video-preview:-1\" \/>\n<link rel=\"canonical\" href=\"https:\/\/encompaniastj.org\/pt-pt\/em-missao-partilhada-jornada-de-solidariedade-sobre-os-apartamentos-de-acolhimento-para-ex-reclusos\/\" \/>\n<meta property=\"og:locale\" content=\"pt_PT\" \/>\n<meta property=\"og:type\" content=\"article\" \/>\n<meta property=\"og:title\" content=\"Em miss\u00e3o partilhada Jornada de Solidariedade sobre os apartamentos de acolhimento para ex-reclusos - En Compa\u00f1\u00eda STJ\" \/>\n<meta property=\"og:description\" content=\"Um grupo de leigos da Miss\u00e3o Partilhada de Barcelona mobilizou-se para organizar um col\u00f3quio na Ordem dos Advogados de Barcelona com o objetivo de sensibilizar para a realidade dos jovens [&hellip;]\" \/>\n<meta property=\"og:url\" content=\"https:\/\/encompaniastj.org\/pt-pt\/em-missao-partilhada-jornada-de-solidariedade-sobre-os-apartamentos-de-acolhimento-para-ex-reclusos\/\" \/>\n<meta property=\"og:site_name\" content=\"En Compa\u00f1\u00eda STJ\" \/>\n<meta property=\"article:published_time\" content=\"2024-10-25T04:06:44+00:00\" \/>\n<meta property=\"article:modified_time\" content=\"2025-07-07T14:26:14+00:00\" \/>\n<meta property=\"og:image\" content=\"https:\/\/encompaniastj.org\/wp-content\/uploads\/2025\/05\/2024.10.10-Save-the-date_page-0001.jpg\" \/>\n\t<meta property=\"og:image:width\" content=\"1829\" \/>\n\t<meta property=\"og:image:height\" content=\"2556\" \/>\n\t<meta property=\"og:image:type\" content=\"image\/jpeg\" \/>\n<meta name=\"author\" content=\"admin\" \/>\n<meta name=\"twitter:card\" content=\"summary_large_image\" \/>\n<meta name=\"twitter:label1\" content=\"Escrito por\" \/>\n\t<meta name=\"twitter:data1\" content=\"admin\" \/>\n\t<meta name=\"twitter:label2\" content=\"Tempo estimado de leitura\" \/>\n\t<meta name=\"twitter:data2\" content=\"3 minutos\" \/>\n<script type=\"application\/ld+json\" class=\"yoast-schema-graph\">{\"@context\":\"https:\\\/\\\/schema.org\",\"@graph\":[{\"@type\":\"Article\",\"@id\":\"https:\\\/\\\/encompaniastj.org\\\/pt-pt\\\/em-missao-partilhada-jornada-de-solidariedade-sobre-os-apartamentos-de-acolhimento-para-ex-reclusos\\\/#article\",\"isPartOf\":{\"@id\":\"https:\\\/\\\/encompaniastj.org\\\/pt-pt\\\/em-missao-partilhada-jornada-de-solidariedade-sobre-os-apartamentos-de-acolhimento-para-ex-reclusos\\\/\"},\"author\":{\"name\":\"admin\",\"@id\":\"https:\\\/\\\/encompaniastj.org\\\/pt-pt\\\/#\\\/schema\\\/person\\\/520e7ecc314793d40091993c2a02b651\"},\"headline\":\"Em miss\u00e3o partilhada Jornada de Solidariedade sobre os apartamentos de acolhimento para ex-reclusos\",\"datePublished\":\"2024-10-25T04:06:44+00:00\",\"dateModified\":\"2025-07-07T14:26:14+00:00\",\"mainEntityOfPage\":{\"@id\":\"https:\\\/\\\/encompaniastj.org\\\/pt-pt\\\/em-missao-partilhada-jornada-de-solidariedade-sobre-os-apartamentos-de-acolhimento-para-ex-reclusos\\\/\"},\"wordCount\":479,\"commentCount\":0,\"publisher\":{\"@id\":\"https:\\\/\\\/encompaniastj.org\\\/pt-pt\\\/#organization\"},\"image\":{\"@id\":\"https:\\\/\\\/encompaniastj.org\\\/pt-pt\\\/em-missao-partilhada-jornada-de-solidariedade-sobre-os-apartamentos-de-acolhimento-para-ex-reclusos\\\/#primaryimage\"},\"thumbnailUrl\":\"https:\\\/\\\/encompaniastj.org\\\/wp-content\\\/uploads\\\/2025\\\/05\\\/2024.10.10-Save-the-date_page-0001.jpg\",\"articleSection\":[\"A\u00e7\u00e3o Social\",\"Acci\u00f3n Social\",\"Noticias\"],\"inLanguage\":\"pt-PT\",\"potentialAction\":[{\"@type\":\"CommentAction\",\"name\":\"Comment\",\"target\":[\"https:\\\/\\\/encompaniastj.org\\\/pt-pt\\\/em-missao-partilhada-jornada-de-solidariedade-sobre-os-apartamentos-de-acolhimento-para-ex-reclusos\\\/#respond\"]}]},{\"@type\":\"WebPage\",\"@id\":\"https:\\\/\\\/encompaniastj.org\\\/pt-pt\\\/em-missao-partilhada-jornada-de-solidariedade-sobre-os-apartamentos-de-acolhimento-para-ex-reclusos\\\/\",\"url\":\"https:\\\/\\\/encompaniastj.org\\\/pt-pt\\\/em-missao-partilhada-jornada-de-solidariedade-sobre-os-apartamentos-de-acolhimento-para-ex-reclusos\\\/\",\"name\":\"Em miss\u00e3o partilhada Jornada de Solidariedade sobre os apartamentos de acolhimento para ex-reclusos - En Compa\u00f1\u00eda STJ\",\"isPartOf\":{\"@id\":\"https:\\\/\\\/encompaniastj.org\\\/pt-pt\\\/#website\"},\"primaryImageOfPage\":{\"@id\":\"https:\\\/\\\/encompaniastj.org\\\/pt-pt\\\/em-missao-partilhada-jornada-de-solidariedade-sobre-os-apartamentos-de-acolhimento-para-ex-reclusos\\\/#primaryimage\"},\"image\":{\"@id\":\"https:\\\/\\\/encompaniastj.org\\\/pt-pt\\\/em-missao-partilhada-jornada-de-solidariedade-sobre-os-apartamentos-de-acolhimento-para-ex-reclusos\\\/#primaryimage\"},\"thumbnailUrl\":\"https:\\\/\\\/encompaniastj.org\\\/wp-content\\\/uploads\\\/2025\\\/05\\\/2024.10.10-Save-the-date_page-0001.jpg\",\"datePublished\":\"2024-10-25T04:06:44+00:00\",\"dateModified\":\"2025-07-07T14:26:14+00:00\",\"breadcrumb\":{\"@id\":\"https:\\\/\\\/encompaniastj.org\\\/pt-pt\\\/em-missao-partilhada-jornada-de-solidariedade-sobre-os-apartamentos-de-acolhimento-para-ex-reclusos\\\/#breadcrumb\"},\"inLanguage\":\"pt-PT\",\"potentialAction\":[{\"@type\":\"ReadAction\",\"target\":[\"https:\\\/\\\/encompaniastj.org\\\/pt-pt\\\/em-missao-partilhada-jornada-de-solidariedade-sobre-os-apartamentos-de-acolhimento-para-ex-reclusos\\\/\"]}]},{\"@type\":\"ImageObject\",\"inLanguage\":\"pt-PT\",\"@id\":\"https:\\\/\\\/encompaniastj.org\\\/pt-pt\\\/em-missao-partilhada-jornada-de-solidariedade-sobre-os-apartamentos-de-acolhimento-para-ex-reclusos\\\/#primaryimage\",\"url\":\"https:\\\/\\\/encompaniastj.org\\\/wp-content\\\/uploads\\\/2025\\\/05\\\/2024.10.10-Save-the-date_page-0001.jpg\",\"contentUrl\":\"https:\\\/\\\/encompaniastj.org\\\/wp-content\\\/uploads\\\/2025\\\/05\\\/2024.10.10-Save-the-date_page-0001.jpg\",\"width\":1829,\"height\":2556},{\"@type\":\"BreadcrumbList\",\"@id\":\"https:\\\/\\\/encompaniastj.org\\\/pt-pt\\\/em-missao-partilhada-jornada-de-solidariedade-sobre-os-apartamentos-de-acolhimento-para-ex-reclusos\\\/#breadcrumb\",\"itemListElement\":[{\"@type\":\"ListItem\",\"position\":1,\"name\":\"Portada\",\"item\":\"https:\\\/\\\/encompaniastj.org\\\/pt-pt\\\/\"},{\"@type\":\"ListItem\",\"position\":2,\"name\":\"Em miss\u00e3o partilhada Jornada de Solidariedade sobre os apartamentos de acolhimento para ex-reclusos\"}]},{\"@type\":\"WebSite\",\"@id\":\"https:\\\/\\\/encompaniastj.org\\\/pt-pt\\\/#website\",\"url\":\"https:\\\/\\\/encompaniastj.org\\\/pt-pt\\\/\",\"name\":\"En Compa\u00f1\u00eda STJ\",\"description\":\"Bolet\u00edn de la Compa\u00f1\u00eda de Santa Teresa de Jes\u00fas\",\"publisher\":{\"@id\":\"https:\\\/\\\/encompaniastj.org\\\/pt-pt\\\/#organization\"},\"potentialAction\":[{\"@type\":\"SearchAction\",\"target\":{\"@type\":\"EntryPoint\",\"urlTemplate\":\"https:\\\/\\\/encompaniastj.org\\\/pt-pt\\\/?s={search_term_string}\"},\"query-input\":{\"@type\":\"PropertyValueSpecification\",\"valueRequired\":true,\"valueName\":\"search_term_string\"}}],\"inLanguage\":\"pt-PT\"},{\"@type\":\"Organization\",\"@id\":\"https:\\\/\\\/encompaniastj.org\\\/pt-pt\\\/#organization\",\"name\":\"Compa\u00f1\u00eda de Santa Teresa de Jes\u00fas\",\"url\":\"https:\\\/\\\/encompaniastj.org\\\/pt-pt\\\/\",\"logo\":{\"@type\":\"ImageObject\",\"inLanguage\":\"pt-PT\",\"@id\":\"https:\\\/\\\/encompaniastj.org\\\/pt-pt\\\/#\\\/schema\\\/logo\\\/image\\\/\",\"url\":\"https:\\\/\\\/encompaniastj.org\\\/wp-content\\\/uploads\\\/2025\\\/04\\\/logo_provincias02-1-3.png\",\"contentUrl\":\"https:\\\/\\\/encompaniastj.org\\\/wp-content\\\/uploads\\\/2025\\\/04\\\/logo_provincias02-1-3.png\",\"width\":2368,\"height\":825,\"caption\":\"Compa\u00f1\u00eda de Santa Teresa de Jes\u00fas\"},\"image\":{\"@id\":\"https:\\\/\\\/encompaniastj.org\\\/pt-pt\\\/#\\\/schema\\\/logo\\\/image\\\/\"}},{\"@type\":\"Person\",\"@id\":\"https:\\\/\\\/encompaniastj.org\\\/pt-pt\\\/#\\\/schema\\\/person\\\/520e7ecc314793d40091993c2a02b651\",\"name\":\"admin\",\"image\":{\"@type\":\"ImageObject\",\"inLanguage\":\"pt-PT\",\"@id\":\"https:\\\/\\\/secure.gravatar.com\\\/avatar\\\/948b492cce32b586ac2db0eaa926ee87024f7afe218d73b397ea5ddfc5f43ea1?s=96&d=mm&r=g\",\"url\":\"https:\\\/\\\/secure.gravatar.com\\\/avatar\\\/948b492cce32b586ac2db0eaa926ee87024f7afe218d73b397ea5ddfc5f43ea1?s=96&d=mm&r=g\",\"contentUrl\":\"https:\\\/\\\/secure.gravatar.com\\\/avatar\\\/948b492cce32b586ac2db0eaa926ee87024f7afe218d73b397ea5ddfc5f43ea1?s=96&d=mm&r=g\",\"caption\":\"admin\"},\"sameAs\":[\"https:\\\/\\\/encompaniastj.org\"],\"url\":\"https:\\\/\\\/encompaniastj.org\\\/pt-pt\\\/author\\\/sjdigital\\\/\"}]}<\/script>\n<!-- \/ Yoast SEO plugin. -->","yoast_head_json":{"title":"Em miss\u00e3o partilhada Jornada de Solidariedade sobre os apartamentos de acolhimento para ex-reclusos - En Compa\u00f1\u00eda STJ","robots":{"index":"index","follow":"follow","max-snippet":"max-snippet:-1","max-image-preview":"max-image-preview:large","max-video-preview":"max-video-preview:-1"},"canonical":"https:\/\/encompaniastj.org\/pt-pt\/em-missao-partilhada-jornada-de-solidariedade-sobre-os-apartamentos-de-acolhimento-para-ex-reclusos\/","og_locale":"pt_PT","og_type":"article","og_title":"Em miss\u00e3o partilhada Jornada de Solidariedade sobre os apartamentos de acolhimento para ex-reclusos - En Compa\u00f1\u00eda STJ","og_description":"Um grupo de leigos da Miss\u00e3o Partilhada de Barcelona mobilizou-se para organizar um col\u00f3quio na Ordem dos Advogados de Barcelona com o objetivo de sensibilizar para a realidade dos jovens [&hellip;]","og_url":"https:\/\/encompaniastj.org\/pt-pt\/em-missao-partilhada-jornada-de-solidariedade-sobre-os-apartamentos-de-acolhimento-para-ex-reclusos\/","og_site_name":"En Compa\u00f1\u00eda STJ","article_published_time":"2024-10-25T04:06:44+00:00","article_modified_time":"2025-07-07T14:26:14+00:00","og_image":[{"width":1829,"height":2556,"url":"https:\/\/encompaniastj.org\/wp-content\/uploads\/2025\/05\/2024.10.10-Save-the-date_page-0001.jpg","type":"image\/jpeg"}],"author":"admin","twitter_card":"summary_large_image","twitter_misc":{"Escrito por":"admin","Tempo estimado de leitura":"3 minutos"},"schema":{"@context":"https:\/\/schema.org","@graph":[{"@type":"Article","@id":"https:\/\/encompaniastj.org\/pt-pt\/em-missao-partilhada-jornada-de-solidariedade-sobre-os-apartamentos-de-acolhimento-para-ex-reclusos\/#article","isPartOf":{"@id":"https:\/\/encompaniastj.org\/pt-pt\/em-missao-partilhada-jornada-de-solidariedade-sobre-os-apartamentos-de-acolhimento-para-ex-reclusos\/"},"author":{"name":"admin","@id":"https:\/\/encompaniastj.org\/pt-pt\/#\/schema\/person\/520e7ecc314793d40091993c2a02b651"},"headline":"Em miss\u00e3o partilhada Jornada de Solidariedade sobre os apartamentos de acolhimento para ex-reclusos","datePublished":"2024-10-25T04:06:44+00:00","dateModified":"2025-07-07T14:26:14+00:00","mainEntityOfPage":{"@id":"https:\/\/encompaniastj.org\/pt-pt\/em-missao-partilhada-jornada-de-solidariedade-sobre-os-apartamentos-de-acolhimento-para-ex-reclusos\/"},"wordCount":479,"commentCount":0,"publisher":{"@id":"https:\/\/encompaniastj.org\/pt-pt\/#organization"},"image":{"@id":"https:\/\/encompaniastj.org\/pt-pt\/em-missao-partilhada-jornada-de-solidariedade-sobre-os-apartamentos-de-acolhimento-para-ex-reclusos\/#primaryimage"},"thumbnailUrl":"https:\/\/encompaniastj.org\/wp-content\/uploads\/2025\/05\/2024.10.10-Save-the-date_page-0001.jpg","articleSection":["A\u00e7\u00e3o Social","Acci\u00f3n Social","Noticias"],"inLanguage":"pt-PT","potentialAction":[{"@type":"CommentAction","name":"Comment","target":["https:\/\/encompaniastj.org\/pt-pt\/em-missao-partilhada-jornada-de-solidariedade-sobre-os-apartamentos-de-acolhimento-para-ex-reclusos\/#respond"]}]},{"@type":"WebPage","@id":"https:\/\/encompaniastj.org\/pt-pt\/em-missao-partilhada-jornada-de-solidariedade-sobre-os-apartamentos-de-acolhimento-para-ex-reclusos\/","url":"https:\/\/encompaniastj.org\/pt-pt\/em-missao-partilhada-jornada-de-solidariedade-sobre-os-apartamentos-de-acolhimento-para-ex-reclusos\/","name":"Em miss\u00e3o partilhada Jornada de Solidariedade sobre os apartamentos de acolhimento para ex-reclusos - En Compa\u00f1\u00eda STJ","isPartOf":{"@id":"https:\/\/encompaniastj.org\/pt-pt\/#website"},"primaryImageOfPage":{"@id":"https:\/\/encompaniastj.org\/pt-pt\/em-missao-partilhada-jornada-de-solidariedade-sobre-os-apartamentos-de-acolhimento-para-ex-reclusos\/#primaryimage"},"image":{"@id":"https:\/\/encompaniastj.org\/pt-pt\/em-missao-partilhada-jornada-de-solidariedade-sobre-os-apartamentos-de-acolhimento-para-ex-reclusos\/#primaryimage"},"thumbnailUrl":"https:\/\/encompaniastj.org\/wp-content\/uploads\/2025\/05\/2024.10.10-Save-the-date_page-0001.jpg","datePublished":"2024-10-25T04:06:44+00:00","dateModified":"2025-07-07T14:26:14+00:00","breadcrumb":{"@id":"https:\/\/encompaniastj.org\/pt-pt\/em-missao-partilhada-jornada-de-solidariedade-sobre-os-apartamentos-de-acolhimento-para-ex-reclusos\/#breadcrumb"},"inLanguage":"pt-PT","potentialAction":[{"@type":"ReadAction","target":["https:\/\/encompaniastj.org\/pt-pt\/em-missao-partilhada-jornada-de-solidariedade-sobre-os-apartamentos-de-acolhimento-para-ex-reclusos\/"]}]},{"@type":"ImageObject","inLanguage":"pt-PT","@id":"https:\/\/encompaniastj.org\/pt-pt\/em-missao-partilhada-jornada-de-solidariedade-sobre-os-apartamentos-de-acolhimento-para-ex-reclusos\/#primaryimage","url":"https:\/\/encompaniastj.org\/wp-content\/uploads\/2025\/05\/2024.10.10-Save-the-date_page-0001.jpg","contentUrl":"https:\/\/encompaniastj.org\/wp-content\/uploads\/2025\/05\/2024.10.10-Save-the-date_page-0001.jpg","width":1829,"height":2556},{"@type":"BreadcrumbList","@id":"https:\/\/encompaniastj.org\/pt-pt\/em-missao-partilhada-jornada-de-solidariedade-sobre-os-apartamentos-de-acolhimento-para-ex-reclusos\/#breadcrumb","itemListElement":[{"@type":"ListItem","position":1,"name":"Portada","item":"https:\/\/encompaniastj.org\/pt-pt\/"},{"@type":"ListItem","position":2,"name":"Em miss\u00e3o partilhada Jornada de Solidariedade sobre os apartamentos de acolhimento para ex-reclusos"}]},{"@type":"WebSite","@id":"https:\/\/encompaniastj.org\/pt-pt\/#website","url":"https:\/\/encompaniastj.org\/pt-pt\/","name":"En Compa\u00f1\u00eda STJ","description":"Bolet\u00edn de la Compa\u00f1\u00eda de Santa Teresa de Jes\u00fas","publisher":{"@id":"https:\/\/encompaniastj.org\/pt-pt\/#organization"},"potentialAction":[{"@type":"SearchAction","target":{"@type":"EntryPoint","urlTemplate":"https:\/\/encompaniastj.org\/pt-pt\/?s={search_term_string}"},"query-input":{"@type":"PropertyValueSpecification","valueRequired":true,"valueName":"search_term_string"}}],"inLanguage":"pt-PT"},{"@type":"Organization","@id":"https:\/\/encompaniastj.org\/pt-pt\/#organization","name":"Compa\u00f1\u00eda de Santa Teresa de Jes\u00fas","url":"https:\/\/encompaniastj.org\/pt-pt\/","logo":{"@type":"ImageObject","inLanguage":"pt-PT","@id":"https:\/\/encompaniastj.org\/pt-pt\/#\/schema\/logo\/image\/","url":"https:\/\/encompaniastj.org\/wp-content\/uploads\/2025\/04\/logo_provincias02-1-3.png","contentUrl":"https:\/\/encompaniastj.org\/wp-content\/uploads\/2025\/04\/logo_provincias02-1-3.png","width":2368,"height":825,"caption":"Compa\u00f1\u00eda de Santa Teresa de Jes\u00fas"},"image":{"@id":"https:\/\/encompaniastj.org\/pt-pt\/#\/schema\/logo\/image\/"}},{"@type":"Person","@id":"https:\/\/encompaniastj.org\/pt-pt\/#\/schema\/person\/520e7ecc314793d40091993c2a02b651","name":"admin","image":{"@type":"ImageObject","inLanguage":"pt-PT","@id":"https:\/\/secure.gravatar.com\/avatar\/948b492cce32b586ac2db0eaa926ee87024f7afe218d73b397ea5ddfc5f43ea1?s=96&d=mm&r=g","url":"https:\/\/secure.gravatar.com\/avatar\/948b492cce32b586ac2db0eaa926ee87024f7afe218d73b397ea5ddfc5f43ea1?s=96&d=mm&r=g","contentUrl":"https:\/\/secure.gravatar.com\/avatar\/948b492cce32b586ac2db0eaa926ee87024f7afe218d73b397ea5ddfc5f43ea1?s=96&d=mm&r=g","caption":"admin"},"sameAs":["https:\/\/encompaniastj.org"],"url":"https:\/\/encompaniastj.org\/pt-pt\/author\/sjdigital\/"}]}},"_links":{"self":[{"href":"https:\/\/encompaniastj.org\/pt-pt\/wp-json\/wp\/v2\/posts\/12343","targetHints":{"allow":["GET"]}}],"collection":[{"href":"https:\/\/encompaniastj.org\/pt-pt\/wp-json\/wp\/v2\/posts"}],"about":[{"href":"https:\/\/encompaniastj.org\/pt-pt\/wp-json\/wp\/v2\/types\/post"}],"author":[{"embeddable":true,"href":"https:\/\/encompaniastj.org\/pt-pt\/wp-json\/wp\/v2\/users\/1"}],"replies":[{"embeddable":true,"href":"https:\/\/encompaniastj.org\/pt-pt\/wp-json\/wp\/v2\/comments?post=12343"}],"version-history":[{"count":1,"href":"https:\/\/encompaniastj.org\/pt-pt\/wp-json\/wp\/v2\/posts\/12343\/revisions"}],"predecessor-version":[{"id":12344,"href":"https:\/\/encompaniastj.org\/pt-pt\/wp-json\/wp\/v2\/posts\/12343\/revisions\/12344"}],"wp:featuredmedia":[{"embeddable":true,"href":"https:\/\/encompaniastj.org\/pt-pt\/wp-json\/wp\/v2\/media\/8857"}],"wp:attachment":[{"href":"https:\/\/encompaniastj.org\/pt-pt\/wp-json\/wp\/v2\/media?parent=12343"}],"wp:term":[{"taxonomy":"category","embeddable":true,"href":"https:\/\/encompaniastj.org\/pt-pt\/wp-json\/wp\/v2\/categories?post=12343"},{"taxonomy":"post_tag","embeddable":true,"href":"https:\/\/encompaniastj.org\/pt-pt\/wp-json\/wp\/v2\/tags?post=12343"}],"curies":[{"name":"wp","href":"https:\/\/api.w.org\/{rel}","templated":true}]}}