{"id":12337,"date":"2024-10-24T09:48:46","date_gmt":"2024-10-24T07:48:46","guid":{"rendered":"https:\/\/encompaniastj.org\/celebracao-do-santa-teresa-nas-comunidades-de-echavacoiz-y-ermitagana\/"},"modified":"2025-07-07T16:26:11","modified_gmt":"2025-07-07T14:26:11","slug":"celebracao-do-santa-teresa-nas-comunidades-de-echavacoiz-y-ermitagana","status":"publish","type":"post","link":"https:\/\/encompaniastj.org\/pt-pt\/celebracao-do-santa-teresa-nas-comunidades-de-echavacoiz-y-ermitagana\/","title":{"rendered":"Celebra\u00e7ao do Santa Teresa nas Comunidades de Echavacoiz y Ermitaga\u00f1a"},"content":{"rendered":"<p>Como todas as fam\u00edlias, hoje as 22 irm\u00e3s que comp\u00f5em as comunidades de Pamplona reuniram-se para celebrar juntas a nossa grande Festa: SANTA TERESA.<br \/>\nTivemos a primeira reuni\u00e3o na Capela. Saboreamos e rezamos os textos da Vig\u00edlia preparados pela Prov\u00edncia. Momentos de sil\u00eancio orante que nos levaram a partilhar, com gratid\u00e3o, as mensagens do Santo. Uma partilha que se estendeu a este ser de fam\u00edlia teresiana, em loja aberta, com o objetivo de abra\u00e7ar tudo o que temos em m\u00e3os, tudo o que devemos sinodalizar, a partir do nosso carisma universal.<br \/>\nO segundo momento foi a partilha de um lanche, confecionado com amor e delicadeza pelas duas comunidades.<br \/>\nUma tarde caracterizada pela alegria do encontro.<\/p>\n<p><img loading=\"lazy\" decoding=\"async\" class=\"aligncenter wp-image-13752 size-full\" src=\"https:\/\/encompaniastj.org\/wp-content\/uploads\/2025\/05\/Imagen3-1.png\" alt=\"\" width=\"363\" height=\"157\" \/><\/p>\n<p><img loading=\"lazy\" decoding=\"async\" class=\"aligncenter wp-image-13754 size-full\" src=\"https:\/\/encompaniastj.org\/wp-content\/uploads\/2025\/05\/Imagen4.png\" alt=\"\" width=\"301\" height=\"159\" \/><\/p>\n<p>&nbsp;<\/p>\n","protected":false},"excerpt":{"rendered":"<p>Como todas as fam\u00edlias, hoje as 22 irm\u00e3s que comp\u00f5em as comunidades de Pamplona reuniram-se para celebrar juntas a nossa grande Festa: SANTA TERESA. Tivemos a primeira reuni\u00e3o na Capela. [&hellip;]<\/p>\n","protected":false},"author":1,"featured_media":8856,"comment_status":"open","ping_status":"open","sticky":false,"template":"","format":"standard","meta":{"_acf_changed":false,"footnotes":""},"categories":[81],"tags":[],"class_list":["post-12337","post","type-post","status-publish","format-standard","has-post-thumbnail","hentry","category-stj-pt"],"acf":[],"yoast_head":"<!-- This site is optimized with the Yoast SEO plugin v27.5 - https:\/\/yoast.com\/product\/yoast-seo-wordpress\/ -->\n<title>Celebra\u00e7ao do Santa Teresa nas Comunidades de Echavacoiz y Ermitaga\u00f1a - En Compa\u00f1\u00eda STJ<\/title>\n<meta name=\"robots\" content=\"index, follow, max-snippet:-1, max-image-preview:large, max-video-preview:-1\" \/>\n<link rel=\"canonical\" href=\"https:\/\/encompaniastj.org\/pt-pt\/celebracao-do-santa-teresa-nas-comunidades-de-echavacoiz-y-ermitagana\/\" \/>\n<meta property=\"og:locale\" content=\"pt_PT\" \/>\n<meta property=\"og:type\" content=\"article\" \/>\n<meta property=\"og:title\" content=\"Celebra\u00e7ao do Santa Teresa nas Comunidades de Echavacoiz y Ermitaga\u00f1a - En Compa\u00f1\u00eda STJ\" \/>\n<meta property=\"og:description\" content=\"Como todas as fam\u00edlias, hoje as 22 irm\u00e3s que comp\u00f5em as comunidades de Pamplona reuniram-se para celebrar juntas a nossa grande Festa: SANTA TERESA. Tivemos a primeira reuni\u00e3o na Capela. [&hellip;]\" \/>\n<meta property=\"og:url\" content=\"https:\/\/encompaniastj.org\/pt-pt\/celebracao-do-santa-teresa-nas-comunidades-de-echavacoiz-y-ermitagana\/\" \/>\n<meta property=\"og:site_name\" content=\"En Compa\u00f1\u00eda STJ\" \/>\n<meta property=\"article:published_time\" content=\"2024-10-24T07:48:46+00:00\" \/>\n<meta property=\"article:modified_time\" content=\"2025-07-07T14:26:11+00:00\" \/>\n<meta property=\"og:image\" content=\"https:\/\/encompaniastj.org\/wp-content\/uploads\/2025\/05\/Imagen2-1-1.jpg\" \/>\n\t<meta property=\"og:image:width\" content=\"439\" \/>\n\t<meta property=\"og:image:height\" content=\"281\" \/>\n\t<meta property=\"og:image:type\" content=\"image\/jpeg\" \/>\n<meta name=\"author\" content=\"admin\" \/>\n<meta name=\"twitter:card\" content=\"summary_large_image\" \/>\n<meta name=\"twitter:label1\" content=\"Escrito por\" \/>\n\t<meta name=\"twitter:data1\" content=\"admin\" \/>\n\t<meta name=\"twitter:label2\" content=\"Tempo estimado de leitura\" \/>\n\t<meta name=\"twitter:data2\" content=\"2 minutos\" \/>\n<script type=\"application\/ld+json\" class=\"yoast-schema-graph\">{\"@context\":\"https:\\\/\\\/schema.org\",\"@graph\":[{\"@type\":\"Article\",\"@id\":\"https:\\\/\\\/encompaniastj.org\\\/pt-pt\\\/celebracao-do-santa-teresa-nas-comunidades-de-echavacoiz-y-ermitagana\\\/#article\",\"isPartOf\":{\"@id\":\"https:\\\/\\\/encompaniastj.org\\\/pt-pt\\\/celebracao-do-santa-teresa-nas-comunidades-de-echavacoiz-y-ermitagana\\\/\"},\"author\":{\"name\":\"admin\",\"@id\":\"https:\\\/\\\/encompaniastj.org\\\/pt-pt\\\/#\\\/schema\\\/person\\\/520e7ecc314793d40091993c2a02b651\"},\"headline\":\"Celebra\u00e7ao do Santa Teresa nas Comunidades de Echavacoiz y Ermitaga\u00f1a\",\"datePublished\":\"2024-10-24T07:48:46+00:00\",\"dateModified\":\"2025-07-07T14:26:11+00:00\",\"mainEntityOfPage\":{\"@id\":\"https:\\\/\\\/encompaniastj.org\\\/pt-pt\\\/celebracao-do-santa-teresa-nas-comunidades-de-echavacoiz-y-ermitagana\\\/\"},\"wordCount\":138,\"commentCount\":0,\"publisher\":{\"@id\":\"https:\\\/\\\/encompaniastj.org\\\/pt-pt\\\/#organization\"},\"image\":{\"@id\":\"https:\\\/\\\/encompaniastj.org\\\/pt-pt\\\/celebracao-do-santa-teresa-nas-comunidades-de-echavacoiz-y-ermitagana\\\/#primaryimage\"},\"thumbnailUrl\":\"https:\\\/\\\/encompaniastj.org\\\/wp-content\\\/uploads\\\/2025\\\/05\\\/Imagen2-1-1.jpg\",\"articleSection\":[\"STJ pt\"],\"inLanguage\":\"pt-PT\",\"potentialAction\":[{\"@type\":\"CommentAction\",\"name\":\"Comment\",\"target\":[\"https:\\\/\\\/encompaniastj.org\\\/pt-pt\\\/celebracao-do-santa-teresa-nas-comunidades-de-echavacoiz-y-ermitagana\\\/#respond\"]}]},{\"@type\":\"WebPage\",\"@id\":\"https:\\\/\\\/encompaniastj.org\\\/pt-pt\\\/celebracao-do-santa-teresa-nas-comunidades-de-echavacoiz-y-ermitagana\\\/\",\"url\":\"https:\\\/\\\/encompaniastj.org\\\/pt-pt\\\/celebracao-do-santa-teresa-nas-comunidades-de-echavacoiz-y-ermitagana\\\/\",\"name\":\"Celebra\u00e7ao do Santa Teresa nas Comunidades de Echavacoiz y Ermitaga\u00f1a - En Compa\u00f1\u00eda STJ\",\"isPartOf\":{\"@id\":\"https:\\\/\\\/encompaniastj.org\\\/pt-pt\\\/#website\"},\"primaryImageOfPage\":{\"@id\":\"https:\\\/\\\/encompaniastj.org\\\/pt-pt\\\/celebracao-do-santa-teresa-nas-comunidades-de-echavacoiz-y-ermitagana\\\/#primaryimage\"},\"image\":{\"@id\":\"https:\\\/\\\/encompaniastj.org\\\/pt-pt\\\/celebracao-do-santa-teresa-nas-comunidades-de-echavacoiz-y-ermitagana\\\/#primaryimage\"},\"thumbnailUrl\":\"https:\\\/\\\/encompaniastj.org\\\/wp-content\\\/uploads\\\/2025\\\/05\\\/Imagen2-1-1.jpg\",\"datePublished\":\"2024-10-24T07:48:46+00:00\",\"dateModified\":\"2025-07-07T14:26:11+00:00\",\"breadcrumb\":{\"@id\":\"https:\\\/\\\/encompaniastj.org\\\/pt-pt\\\/celebracao-do-santa-teresa-nas-comunidades-de-echavacoiz-y-ermitagana\\\/#breadcrumb\"},\"inLanguage\":\"pt-PT\",\"potentialAction\":[{\"@type\":\"ReadAction\",\"target\":[\"https:\\\/\\\/encompaniastj.org\\\/pt-pt\\\/celebracao-do-santa-teresa-nas-comunidades-de-echavacoiz-y-ermitagana\\\/\"]}]},{\"@type\":\"ImageObject\",\"inLanguage\":\"pt-PT\",\"@id\":\"https:\\\/\\\/encompaniastj.org\\\/pt-pt\\\/celebracao-do-santa-teresa-nas-comunidades-de-echavacoiz-y-ermitagana\\\/#primaryimage\",\"url\":\"https:\\\/\\\/encompaniastj.org\\\/wp-content\\\/uploads\\\/2025\\\/05\\\/Imagen2-1-1.jpg\",\"contentUrl\":\"https:\\\/\\\/encompaniastj.org\\\/wp-content\\\/uploads\\\/2025\\\/05\\\/Imagen2-1-1.jpg\",\"width\":439,\"height\":281},{\"@type\":\"BreadcrumbList\",\"@id\":\"https:\\\/\\\/encompaniastj.org\\\/pt-pt\\\/celebracao-do-santa-teresa-nas-comunidades-de-echavacoiz-y-ermitagana\\\/#breadcrumb\",\"itemListElement\":[{\"@type\":\"ListItem\",\"position\":1,\"name\":\"Portada\",\"item\":\"https:\\\/\\\/encompaniastj.org\\\/pt-pt\\\/\"},{\"@type\":\"ListItem\",\"position\":2,\"name\":\"Celebra\u00e7ao do Santa Teresa nas Comunidades de Echavacoiz y Ermitaga\u00f1a\"}]},{\"@type\":\"WebSite\",\"@id\":\"https:\\\/\\\/encompaniastj.org\\\/pt-pt\\\/#website\",\"url\":\"https:\\\/\\\/encompaniastj.org\\\/pt-pt\\\/\",\"name\":\"En Compa\u00f1\u00eda STJ\",\"description\":\"Bolet\u00edn de la Compa\u00f1\u00eda de Santa Teresa de Jes\u00fas\",\"publisher\":{\"@id\":\"https:\\\/\\\/encompaniastj.org\\\/pt-pt\\\/#organization\"},\"potentialAction\":[{\"@type\":\"SearchAction\",\"target\":{\"@type\":\"EntryPoint\",\"urlTemplate\":\"https:\\\/\\\/encompaniastj.org\\\/pt-pt\\\/?s={search_term_string}\"},\"query-input\":{\"@type\":\"PropertyValueSpecification\",\"valueRequired\":true,\"valueName\":\"search_term_string\"}}],\"inLanguage\":\"pt-PT\"},{\"@type\":\"Organization\",\"@id\":\"https:\\\/\\\/encompaniastj.org\\\/pt-pt\\\/#organization\",\"name\":\"Compa\u00f1\u00eda de Santa Teresa de Jes\u00fas\",\"url\":\"https:\\\/\\\/encompaniastj.org\\\/pt-pt\\\/\",\"logo\":{\"@type\":\"ImageObject\",\"inLanguage\":\"pt-PT\",\"@id\":\"https:\\\/\\\/encompaniastj.org\\\/pt-pt\\\/#\\\/schema\\\/logo\\\/image\\\/\",\"url\":\"https:\\\/\\\/encompaniastj.org\\\/wp-content\\\/uploads\\\/2025\\\/04\\\/logo_provincias02-1-3.png\",\"contentUrl\":\"https:\\\/\\\/encompaniastj.org\\\/wp-content\\\/uploads\\\/2025\\\/04\\\/logo_provincias02-1-3.png\",\"width\":2368,\"height\":825,\"caption\":\"Compa\u00f1\u00eda de Santa Teresa de Jes\u00fas\"},\"image\":{\"@id\":\"https:\\\/\\\/encompaniastj.org\\\/pt-pt\\\/#\\\/schema\\\/logo\\\/image\\\/\"}},{\"@type\":\"Person\",\"@id\":\"https:\\\/\\\/encompaniastj.org\\\/pt-pt\\\/#\\\/schema\\\/person\\\/520e7ecc314793d40091993c2a02b651\",\"name\":\"admin\",\"image\":{\"@type\":\"ImageObject\",\"inLanguage\":\"pt-PT\",\"@id\":\"https:\\\/\\\/secure.gravatar.com\\\/avatar\\\/948b492cce32b586ac2db0eaa926ee87024f7afe218d73b397ea5ddfc5f43ea1?s=96&d=mm&r=g\",\"url\":\"https:\\\/\\\/secure.gravatar.com\\\/avatar\\\/948b492cce32b586ac2db0eaa926ee87024f7afe218d73b397ea5ddfc5f43ea1?s=96&d=mm&r=g\",\"contentUrl\":\"https:\\\/\\\/secure.gravatar.com\\\/avatar\\\/948b492cce32b586ac2db0eaa926ee87024f7afe218d73b397ea5ddfc5f43ea1?s=96&d=mm&r=g\",\"caption\":\"admin\"},\"sameAs\":[\"https:\\\/\\\/encompaniastj.org\"],\"url\":\"https:\\\/\\\/encompaniastj.org\\\/pt-pt\\\/author\\\/sjdigital\\\/\"}]}<\/script>\n<!-- \/ Yoast SEO plugin. -->","yoast_head_json":{"title":"Celebra\u00e7ao do Santa Teresa nas Comunidades de Echavacoiz y Ermitaga\u00f1a - En Compa\u00f1\u00eda STJ","robots":{"index":"index","follow":"follow","max-snippet":"max-snippet:-1","max-image-preview":"max-image-preview:large","max-video-preview":"max-video-preview:-1"},"canonical":"https:\/\/encompaniastj.org\/pt-pt\/celebracao-do-santa-teresa-nas-comunidades-de-echavacoiz-y-ermitagana\/","og_locale":"pt_PT","og_type":"article","og_title":"Celebra\u00e7ao do Santa Teresa nas Comunidades de Echavacoiz y Ermitaga\u00f1a - En Compa\u00f1\u00eda STJ","og_description":"Como todas as fam\u00edlias, hoje as 22 irm\u00e3s que comp\u00f5em as comunidades de Pamplona reuniram-se para celebrar juntas a nossa grande Festa: SANTA TERESA. Tivemos a primeira reuni\u00e3o na Capela. [&hellip;]","og_url":"https:\/\/encompaniastj.org\/pt-pt\/celebracao-do-santa-teresa-nas-comunidades-de-echavacoiz-y-ermitagana\/","og_site_name":"En Compa\u00f1\u00eda STJ","article_published_time":"2024-10-24T07:48:46+00:00","article_modified_time":"2025-07-07T14:26:11+00:00","og_image":[{"width":439,"height":281,"url":"https:\/\/encompaniastj.org\/wp-content\/uploads\/2025\/05\/Imagen2-1-1.jpg","type":"image\/jpeg"}],"author":"admin","twitter_card":"summary_large_image","twitter_misc":{"Escrito por":"admin","Tempo estimado de leitura":"2 minutos"},"schema":{"@context":"https:\/\/schema.org","@graph":[{"@type":"Article","@id":"https:\/\/encompaniastj.org\/pt-pt\/celebracao-do-santa-teresa-nas-comunidades-de-echavacoiz-y-ermitagana\/#article","isPartOf":{"@id":"https:\/\/encompaniastj.org\/pt-pt\/celebracao-do-santa-teresa-nas-comunidades-de-echavacoiz-y-ermitagana\/"},"author":{"name":"admin","@id":"https:\/\/encompaniastj.org\/pt-pt\/#\/schema\/person\/520e7ecc314793d40091993c2a02b651"},"headline":"Celebra\u00e7ao do Santa Teresa nas Comunidades de Echavacoiz y Ermitaga\u00f1a","datePublished":"2024-10-24T07:48:46+00:00","dateModified":"2025-07-07T14:26:11+00:00","mainEntityOfPage":{"@id":"https:\/\/encompaniastj.org\/pt-pt\/celebracao-do-santa-teresa-nas-comunidades-de-echavacoiz-y-ermitagana\/"},"wordCount":138,"commentCount":0,"publisher":{"@id":"https:\/\/encompaniastj.org\/pt-pt\/#organization"},"image":{"@id":"https:\/\/encompaniastj.org\/pt-pt\/celebracao-do-santa-teresa-nas-comunidades-de-echavacoiz-y-ermitagana\/#primaryimage"},"thumbnailUrl":"https:\/\/encompaniastj.org\/wp-content\/uploads\/2025\/05\/Imagen2-1-1.jpg","articleSection":["STJ pt"],"inLanguage":"pt-PT","potentialAction":[{"@type":"CommentAction","name":"Comment","target":["https:\/\/encompaniastj.org\/pt-pt\/celebracao-do-santa-teresa-nas-comunidades-de-echavacoiz-y-ermitagana\/#respond"]}]},{"@type":"WebPage","@id":"https:\/\/encompaniastj.org\/pt-pt\/celebracao-do-santa-teresa-nas-comunidades-de-echavacoiz-y-ermitagana\/","url":"https:\/\/encompaniastj.org\/pt-pt\/celebracao-do-santa-teresa-nas-comunidades-de-echavacoiz-y-ermitagana\/","name":"Celebra\u00e7ao do Santa Teresa nas Comunidades de Echavacoiz y Ermitaga\u00f1a - En Compa\u00f1\u00eda STJ","isPartOf":{"@id":"https:\/\/encompaniastj.org\/pt-pt\/#website"},"primaryImageOfPage":{"@id":"https:\/\/encompaniastj.org\/pt-pt\/celebracao-do-santa-teresa-nas-comunidades-de-echavacoiz-y-ermitagana\/#primaryimage"},"image":{"@id":"https:\/\/encompaniastj.org\/pt-pt\/celebracao-do-santa-teresa-nas-comunidades-de-echavacoiz-y-ermitagana\/#primaryimage"},"thumbnailUrl":"https:\/\/encompaniastj.org\/wp-content\/uploads\/2025\/05\/Imagen2-1-1.jpg","datePublished":"2024-10-24T07:48:46+00:00","dateModified":"2025-07-07T14:26:11+00:00","breadcrumb":{"@id":"https:\/\/encompaniastj.org\/pt-pt\/celebracao-do-santa-teresa-nas-comunidades-de-echavacoiz-y-ermitagana\/#breadcrumb"},"inLanguage":"pt-PT","potentialAction":[{"@type":"ReadAction","target":["https:\/\/encompaniastj.org\/pt-pt\/celebracao-do-santa-teresa-nas-comunidades-de-echavacoiz-y-ermitagana\/"]}]},{"@type":"ImageObject","inLanguage":"pt-PT","@id":"https:\/\/encompaniastj.org\/pt-pt\/celebracao-do-santa-teresa-nas-comunidades-de-echavacoiz-y-ermitagana\/#primaryimage","url":"https:\/\/encompaniastj.org\/wp-content\/uploads\/2025\/05\/Imagen2-1-1.jpg","contentUrl":"https:\/\/encompaniastj.org\/wp-content\/uploads\/2025\/05\/Imagen2-1-1.jpg","width":439,"height":281},{"@type":"BreadcrumbList","@id":"https:\/\/encompaniastj.org\/pt-pt\/celebracao-do-santa-teresa-nas-comunidades-de-echavacoiz-y-ermitagana\/#breadcrumb","itemListElement":[{"@type":"ListItem","position":1,"name":"Portada","item":"https:\/\/encompaniastj.org\/pt-pt\/"},{"@type":"ListItem","position":2,"name":"Celebra\u00e7ao do Santa Teresa nas Comunidades de Echavacoiz y Ermitaga\u00f1a"}]},{"@type":"WebSite","@id":"https:\/\/encompaniastj.org\/pt-pt\/#website","url":"https:\/\/encompaniastj.org\/pt-pt\/","name":"En Compa\u00f1\u00eda STJ","description":"Bolet\u00edn de la Compa\u00f1\u00eda de Santa Teresa de Jes\u00fas","publisher":{"@id":"https:\/\/encompaniastj.org\/pt-pt\/#organization"},"potentialAction":[{"@type":"SearchAction","target":{"@type":"EntryPoint","urlTemplate":"https:\/\/encompaniastj.org\/pt-pt\/?s={search_term_string}"},"query-input":{"@type":"PropertyValueSpecification","valueRequired":true,"valueName":"search_term_string"}}],"inLanguage":"pt-PT"},{"@type":"Organization","@id":"https:\/\/encompaniastj.org\/pt-pt\/#organization","name":"Compa\u00f1\u00eda de Santa Teresa de Jes\u00fas","url":"https:\/\/encompaniastj.org\/pt-pt\/","logo":{"@type":"ImageObject","inLanguage":"pt-PT","@id":"https:\/\/encompaniastj.org\/pt-pt\/#\/schema\/logo\/image\/","url":"https:\/\/encompaniastj.org\/wp-content\/uploads\/2025\/04\/logo_provincias02-1-3.png","contentUrl":"https:\/\/encompaniastj.org\/wp-content\/uploads\/2025\/04\/logo_provincias02-1-3.png","width":2368,"height":825,"caption":"Compa\u00f1\u00eda de Santa Teresa de Jes\u00fas"},"image":{"@id":"https:\/\/encompaniastj.org\/pt-pt\/#\/schema\/logo\/image\/"}},{"@type":"Person","@id":"https:\/\/encompaniastj.org\/pt-pt\/#\/schema\/person\/520e7ecc314793d40091993c2a02b651","name":"admin","image":{"@type":"ImageObject","inLanguage":"pt-PT","@id":"https:\/\/secure.gravatar.com\/avatar\/948b492cce32b586ac2db0eaa926ee87024f7afe218d73b397ea5ddfc5f43ea1?s=96&d=mm&r=g","url":"https:\/\/secure.gravatar.com\/avatar\/948b492cce32b586ac2db0eaa926ee87024f7afe218d73b397ea5ddfc5f43ea1?s=96&d=mm&r=g","contentUrl":"https:\/\/secure.gravatar.com\/avatar\/948b492cce32b586ac2db0eaa926ee87024f7afe218d73b397ea5ddfc5f43ea1?s=96&d=mm&r=g","caption":"admin"},"sameAs":["https:\/\/encompaniastj.org"],"url":"https:\/\/encompaniastj.org\/pt-pt\/author\/sjdigital\/"}]}},"_links":{"self":[{"href":"https:\/\/encompaniastj.org\/pt-pt\/wp-json\/wp\/v2\/posts\/12337","targetHints":{"allow":["GET"]}}],"collection":[{"href":"https:\/\/encompaniastj.org\/pt-pt\/wp-json\/wp\/v2\/posts"}],"about":[{"href":"https:\/\/encompaniastj.org\/pt-pt\/wp-json\/wp\/v2\/types\/post"}],"author":[{"embeddable":true,"href":"https:\/\/encompaniastj.org\/pt-pt\/wp-json\/wp\/v2\/users\/1"}],"replies":[{"embeddable":true,"href":"https:\/\/encompaniastj.org\/pt-pt\/wp-json\/wp\/v2\/comments?post=12337"}],"version-history":[{"count":1,"href":"https:\/\/encompaniastj.org\/pt-pt\/wp-json\/wp\/v2\/posts\/12337\/revisions"}],"predecessor-version":[{"id":12338,"href":"https:\/\/encompaniastj.org\/pt-pt\/wp-json\/wp\/v2\/posts\/12337\/revisions\/12338"}],"wp:featuredmedia":[{"embeddable":true,"href":"https:\/\/encompaniastj.org\/pt-pt\/wp-json\/wp\/v2\/media\/8856"}],"wp:attachment":[{"href":"https:\/\/encompaniastj.org\/pt-pt\/wp-json\/wp\/v2\/media?parent=12337"}],"wp:term":[{"taxonomy":"category","embeddable":true,"href":"https:\/\/encompaniastj.org\/pt-pt\/wp-json\/wp\/v2\/categories?post=12337"},{"taxonomy":"post_tag","embeddable":true,"href":"https:\/\/encompaniastj.org\/pt-pt\/wp-json\/wp\/v2\/tags?post=12337"}],"curies":[{"name":"wp","href":"https:\/\/api.w.org\/{rel}","templated":true}]}}