{"id":12335,"date":"2024-10-24T09:31:35","date_gmt":"2024-10-24T07:31:35","guid":{"rendered":"https:\/\/encompaniastj.org\/a-familia-teresiana-de-madrid-celebra-a-festa-de-santa-teresa\/"},"modified":"2025-07-07T16:26:10","modified_gmt":"2025-07-07T14:26:10","slug":"a-familia-teresiana-de-madrid-celebra-a-festa-de-santa-teresa","status":"publish","type":"post","link":"https:\/\/encompaniastj.org\/pt-pt\/a-familia-teresiana-de-madrid-celebra-a-festa-de-santa-teresa\/","title":{"rendered":"A Fam\u00edlia Teresiana de Madrid celebra a festa de Santa Teresa"},"content":{"rendered":"<p>A fam\u00edlia Teresiana de Madrid foi convidada para celebrar a festa de Santa Teresa no domingo, 13 de outubro, e a sua resposta foi massiva. Participaram antigos alunos das escolas de Goya, Puebla e Jes\u00fas Maestro, fam\u00edlias e membros da comunidade educativa da escola Jes\u00fas Maestro, da MTA e da FundEO, funcion\u00e1rios da FET e equipas inspetoriais e irm\u00e3s teresianas das seis comunidades presentes em Madrid. Teresa e Enrique devem ter sorrido ao verem uma fam\u00edlia t\u00e3o numerosa reunida para agradecer a Teresa de Jesus pela vida e celebrarem juntos o seu anivers\u00e1rio.<\/p>\n<p>E queremos continuar a crescer como fam\u00edlia, incorporando todas as pessoas irrequietas e com vontade de partilhar com outros teresianos e teresianas momentos de encontro, forma\u00e7\u00e3o e celebra\u00e7\u00f5es. Por isso, ao chegar \u00e0 escola, deparamo-nos com o convite a fornecer os nossos dados para fazermos parte da fam\u00edlia teresiana de Madrid. Ao final da manh\u00e3 a urna estava cheia de novas inscri\u00e7\u00f5es! Continuaremos a manter contacto para continuar a manter viva a rede familiar teresiana na cidade.<\/p>\n<p>A capela da escola foi aberta para esta celebra\u00e7\u00e3o pela primeira vez desde a sua repara\u00e7\u00e3o. A virgem que preside ao presbit\u00e9rio foi restaurada e devolvida ao seu lugar h\u00e1 poucos dias. O ambiente festivo da celebra\u00e7\u00e3o da Eucaristia, com os c\u00e2nticos do coro Jesus Mestre, ajudou-nos a conectar com o \u201camigo de Jesus\u201d que levamos dentro e a recuperar o desejo de conhecer e amar Jesus, de O dar a conhecer e amado.<\/p>\n<p>Depois da Eucaristia, tivemos tempo para partilhar um aperitivo, conversar e continuar a celebrar a alegria de reencontrar a Teresa no dia da sua festa.<\/p>\n<p><img loading=\"lazy\" decoding=\"async\" class=\"aligncenter wp-image-13740 size-large\" src=\"https:\/\/encompaniastj.org\/wp-content\/uploads\/2025\/05\/Familia-Teresiana-8-scaled-1.jpg\" alt=\"\" width=\"1024\" height=\"768\" \/><\/p>\n<p><img loading=\"lazy\" decoding=\"async\" class=\"aligncenter wp-image-13738 size-large\" src=\"https:\/\/encompaniastj.org\/wp-content\/uploads\/2025\/05\/Familia-Teresiana-7.jpg\" alt=\"\" width=\"768\" height=\"1024\" \/><\/p>\n<p><img loading=\"lazy\" decoding=\"async\" class=\"aligncenter wp-image-13736 size-large\" src=\"https:\/\/encompaniastj.org\/wp-content\/uploads\/2025\/05\/Familia-Teresiana-6-1.jpg\" alt=\"\" width=\"1024\" height=\"577\" \/><\/p>\n","protected":false},"excerpt":{"rendered":"<p>A fam\u00edlia Teresiana de Madrid foi convidada para celebrar a festa de Santa Teresa no domingo, 13 de outubro, e a sua resposta foi massiva. Participaram antigos alunos das escolas [&hellip;]<\/p>\n","protected":false},"author":1,"featured_media":8850,"comment_status":"open","ping_status":"open","sticky":false,"template":"","format":"standard","meta":{"_acf_changed":false,"footnotes":""},"categories":[79,81],"tags":[],"class_list":["post-12335","post","type-post","status-publish","format-standard","has-post-thumbnail","hentry","category-stj","category-stj-pt"],"acf":[],"yoast_head":"<!-- This site is optimized with the Yoast SEO plugin v27.5 - https:\/\/yoast.com\/product\/yoast-seo-wordpress\/ -->\n<title>A Fam\u00edlia Teresiana de Madrid celebra a festa de Santa Teresa - En Compa\u00f1\u00eda STJ<\/title>\n<meta name=\"robots\" content=\"index, follow, max-snippet:-1, max-image-preview:large, max-video-preview:-1\" \/>\n<link rel=\"canonical\" href=\"https:\/\/encompaniastj.org\/pt-pt\/a-familia-teresiana-de-madrid-celebra-a-festa-de-santa-teresa\/\" \/>\n<meta property=\"og:locale\" content=\"pt_PT\" \/>\n<meta property=\"og:type\" content=\"article\" \/>\n<meta property=\"og:title\" content=\"A Fam\u00edlia Teresiana de Madrid celebra a festa de Santa Teresa - En Compa\u00f1\u00eda STJ\" \/>\n<meta property=\"og:description\" content=\"A fam\u00edlia Teresiana de Madrid foi convidada para celebrar a festa de Santa Teresa no domingo, 13 de outubro, e a sua resposta foi massiva. Participaram antigos alunos das escolas [&hellip;]\" \/>\n<meta property=\"og:url\" content=\"https:\/\/encompaniastj.org\/pt-pt\/a-familia-teresiana-de-madrid-celebra-a-festa-de-santa-teresa\/\" \/>\n<meta property=\"og:site_name\" content=\"En Compa\u00f1\u00eda STJ\" \/>\n<meta property=\"article:published_time\" content=\"2024-10-24T07:31:35+00:00\" \/>\n<meta property=\"article:modified_time\" content=\"2025-07-07T14:26:10+00:00\" \/>\n<meta property=\"og:image\" content=\"https:\/\/encompaniastj.org\/wp-content\/uploads\/2025\/05\/Familia-Teresiana-4.jpg\" \/>\n\t<meta property=\"og:image:width\" content=\"2048\" \/>\n\t<meta property=\"og:image:height\" content=\"1153\" \/>\n\t<meta property=\"og:image:type\" content=\"image\/jpeg\" \/>\n<meta name=\"author\" content=\"admin\" \/>\n<meta name=\"twitter:card\" content=\"summary_large_image\" \/>\n<meta name=\"twitter:label1\" content=\"Escrito por\" \/>\n\t<meta name=\"twitter:data1\" content=\"admin\" \/>\n\t<meta name=\"twitter:label2\" content=\"Tempo estimado de leitura\" \/>\n\t<meta name=\"twitter:data2\" content=\"3 minutos\" \/>\n<script type=\"application\/ld+json\" class=\"yoast-schema-graph\">{\"@context\":\"https:\\\/\\\/schema.org\",\"@graph\":[{\"@type\":\"Article\",\"@id\":\"https:\\\/\\\/encompaniastj.org\\\/pt-pt\\\/a-familia-teresiana-de-madrid-celebra-a-festa-de-santa-teresa\\\/#article\",\"isPartOf\":{\"@id\":\"https:\\\/\\\/encompaniastj.org\\\/pt-pt\\\/a-familia-teresiana-de-madrid-celebra-a-festa-de-santa-teresa\\\/\"},\"author\":{\"name\":\"admin\",\"@id\":\"https:\\\/\\\/encompaniastj.org\\\/pt-pt\\\/#\\\/schema\\\/person\\\/520e7ecc314793d40091993c2a02b651\"},\"headline\":\"A Fam\u00edlia Teresiana de Madrid celebra a festa de Santa Teresa\",\"datePublished\":\"2024-10-24T07:31:35+00:00\",\"dateModified\":\"2025-07-07T14:26:10+00:00\",\"mainEntityOfPage\":{\"@id\":\"https:\\\/\\\/encompaniastj.org\\\/pt-pt\\\/a-familia-teresiana-de-madrid-celebra-a-festa-de-santa-teresa\\\/\"},\"wordCount\":298,\"commentCount\":0,\"publisher\":{\"@id\":\"https:\\\/\\\/encompaniastj.org\\\/pt-pt\\\/#organization\"},\"image\":{\"@id\":\"https:\\\/\\\/encompaniastj.org\\\/pt-pt\\\/a-familia-teresiana-de-madrid-celebra-a-festa-de-santa-teresa\\\/#primaryimage\"},\"thumbnailUrl\":\"https:\\\/\\\/encompaniastj.org\\\/wp-content\\\/uploads\\\/2025\\\/05\\\/Familia-Teresiana-4.jpg\",\"articleSection\":[\"STJ\",\"STJ pt\"],\"inLanguage\":\"pt-PT\",\"potentialAction\":[{\"@type\":\"CommentAction\",\"name\":\"Comment\",\"target\":[\"https:\\\/\\\/encompaniastj.org\\\/pt-pt\\\/a-familia-teresiana-de-madrid-celebra-a-festa-de-santa-teresa\\\/#respond\"]}]},{\"@type\":\"WebPage\",\"@id\":\"https:\\\/\\\/encompaniastj.org\\\/pt-pt\\\/a-familia-teresiana-de-madrid-celebra-a-festa-de-santa-teresa\\\/\",\"url\":\"https:\\\/\\\/encompaniastj.org\\\/pt-pt\\\/a-familia-teresiana-de-madrid-celebra-a-festa-de-santa-teresa\\\/\",\"name\":\"A Fam\u00edlia Teresiana de Madrid celebra a festa de Santa Teresa - En Compa\u00f1\u00eda STJ\",\"isPartOf\":{\"@id\":\"https:\\\/\\\/encompaniastj.org\\\/pt-pt\\\/#website\"},\"primaryImageOfPage\":{\"@id\":\"https:\\\/\\\/encompaniastj.org\\\/pt-pt\\\/a-familia-teresiana-de-madrid-celebra-a-festa-de-santa-teresa\\\/#primaryimage\"},\"image\":{\"@id\":\"https:\\\/\\\/encompaniastj.org\\\/pt-pt\\\/a-familia-teresiana-de-madrid-celebra-a-festa-de-santa-teresa\\\/#primaryimage\"},\"thumbnailUrl\":\"https:\\\/\\\/encompaniastj.org\\\/wp-content\\\/uploads\\\/2025\\\/05\\\/Familia-Teresiana-4.jpg\",\"datePublished\":\"2024-10-24T07:31:35+00:00\",\"dateModified\":\"2025-07-07T14:26:10+00:00\",\"breadcrumb\":{\"@id\":\"https:\\\/\\\/encompaniastj.org\\\/pt-pt\\\/a-familia-teresiana-de-madrid-celebra-a-festa-de-santa-teresa\\\/#breadcrumb\"},\"inLanguage\":\"pt-PT\",\"potentialAction\":[{\"@type\":\"ReadAction\",\"target\":[\"https:\\\/\\\/encompaniastj.org\\\/pt-pt\\\/a-familia-teresiana-de-madrid-celebra-a-festa-de-santa-teresa\\\/\"]}]},{\"@type\":\"ImageObject\",\"inLanguage\":\"pt-PT\",\"@id\":\"https:\\\/\\\/encompaniastj.org\\\/pt-pt\\\/a-familia-teresiana-de-madrid-celebra-a-festa-de-santa-teresa\\\/#primaryimage\",\"url\":\"https:\\\/\\\/encompaniastj.org\\\/wp-content\\\/uploads\\\/2025\\\/05\\\/Familia-Teresiana-4.jpg\",\"contentUrl\":\"https:\\\/\\\/encompaniastj.org\\\/wp-content\\\/uploads\\\/2025\\\/05\\\/Familia-Teresiana-4.jpg\",\"width\":2048,\"height\":1153},{\"@type\":\"BreadcrumbList\",\"@id\":\"https:\\\/\\\/encompaniastj.org\\\/pt-pt\\\/a-familia-teresiana-de-madrid-celebra-a-festa-de-santa-teresa\\\/#breadcrumb\",\"itemListElement\":[{\"@type\":\"ListItem\",\"position\":1,\"name\":\"Portada\",\"item\":\"https:\\\/\\\/encompaniastj.org\\\/pt-pt\\\/\"},{\"@type\":\"ListItem\",\"position\":2,\"name\":\"A Fam\u00edlia Teresiana de Madrid celebra a festa de Santa Teresa\"}]},{\"@type\":\"WebSite\",\"@id\":\"https:\\\/\\\/encompaniastj.org\\\/pt-pt\\\/#website\",\"url\":\"https:\\\/\\\/encompaniastj.org\\\/pt-pt\\\/\",\"name\":\"En Compa\u00f1\u00eda STJ\",\"description\":\"Bolet\u00edn de la Compa\u00f1\u00eda de Santa Teresa de Jes\u00fas\",\"publisher\":{\"@id\":\"https:\\\/\\\/encompaniastj.org\\\/pt-pt\\\/#organization\"},\"potentialAction\":[{\"@type\":\"SearchAction\",\"target\":{\"@type\":\"EntryPoint\",\"urlTemplate\":\"https:\\\/\\\/encompaniastj.org\\\/pt-pt\\\/?s={search_term_string}\"},\"query-input\":{\"@type\":\"PropertyValueSpecification\",\"valueRequired\":true,\"valueName\":\"search_term_string\"}}],\"inLanguage\":\"pt-PT\"},{\"@type\":\"Organization\",\"@id\":\"https:\\\/\\\/encompaniastj.org\\\/pt-pt\\\/#organization\",\"name\":\"Compa\u00f1\u00eda de Santa Teresa de Jes\u00fas\",\"url\":\"https:\\\/\\\/encompaniastj.org\\\/pt-pt\\\/\",\"logo\":{\"@type\":\"ImageObject\",\"inLanguage\":\"pt-PT\",\"@id\":\"https:\\\/\\\/encompaniastj.org\\\/pt-pt\\\/#\\\/schema\\\/logo\\\/image\\\/\",\"url\":\"https:\\\/\\\/encompaniastj.org\\\/wp-content\\\/uploads\\\/2025\\\/04\\\/logo_provincias02-1-3.png\",\"contentUrl\":\"https:\\\/\\\/encompaniastj.org\\\/wp-content\\\/uploads\\\/2025\\\/04\\\/logo_provincias02-1-3.png\",\"width\":2368,\"height\":825,\"caption\":\"Compa\u00f1\u00eda de Santa Teresa de Jes\u00fas\"},\"image\":{\"@id\":\"https:\\\/\\\/encompaniastj.org\\\/pt-pt\\\/#\\\/schema\\\/logo\\\/image\\\/\"}},{\"@type\":\"Person\",\"@id\":\"https:\\\/\\\/encompaniastj.org\\\/pt-pt\\\/#\\\/schema\\\/person\\\/520e7ecc314793d40091993c2a02b651\",\"name\":\"admin\",\"image\":{\"@type\":\"ImageObject\",\"inLanguage\":\"pt-PT\",\"@id\":\"https:\\\/\\\/secure.gravatar.com\\\/avatar\\\/948b492cce32b586ac2db0eaa926ee87024f7afe218d73b397ea5ddfc5f43ea1?s=96&d=mm&r=g\",\"url\":\"https:\\\/\\\/secure.gravatar.com\\\/avatar\\\/948b492cce32b586ac2db0eaa926ee87024f7afe218d73b397ea5ddfc5f43ea1?s=96&d=mm&r=g\",\"contentUrl\":\"https:\\\/\\\/secure.gravatar.com\\\/avatar\\\/948b492cce32b586ac2db0eaa926ee87024f7afe218d73b397ea5ddfc5f43ea1?s=96&d=mm&r=g\",\"caption\":\"admin\"},\"sameAs\":[\"https:\\\/\\\/encompaniastj.org\"],\"url\":\"https:\\\/\\\/encompaniastj.org\\\/pt-pt\\\/author\\\/sjdigital\\\/\"}]}<\/script>\n<!-- \/ Yoast SEO plugin. -->","yoast_head_json":{"title":"A Fam\u00edlia Teresiana de Madrid celebra a festa de Santa Teresa - En Compa\u00f1\u00eda STJ","robots":{"index":"index","follow":"follow","max-snippet":"max-snippet:-1","max-image-preview":"max-image-preview:large","max-video-preview":"max-video-preview:-1"},"canonical":"https:\/\/encompaniastj.org\/pt-pt\/a-familia-teresiana-de-madrid-celebra-a-festa-de-santa-teresa\/","og_locale":"pt_PT","og_type":"article","og_title":"A Fam\u00edlia Teresiana de Madrid celebra a festa de Santa Teresa - En Compa\u00f1\u00eda STJ","og_description":"A fam\u00edlia Teresiana de Madrid foi convidada para celebrar a festa de Santa Teresa no domingo, 13 de outubro, e a sua resposta foi massiva. Participaram antigos alunos das escolas [&hellip;]","og_url":"https:\/\/encompaniastj.org\/pt-pt\/a-familia-teresiana-de-madrid-celebra-a-festa-de-santa-teresa\/","og_site_name":"En Compa\u00f1\u00eda STJ","article_published_time":"2024-10-24T07:31:35+00:00","article_modified_time":"2025-07-07T14:26:10+00:00","og_image":[{"width":2048,"height":1153,"url":"https:\/\/encompaniastj.org\/wp-content\/uploads\/2025\/05\/Familia-Teresiana-4.jpg","type":"image\/jpeg"}],"author":"admin","twitter_card":"summary_large_image","twitter_misc":{"Escrito por":"admin","Tempo estimado de leitura":"3 minutos"},"schema":{"@context":"https:\/\/schema.org","@graph":[{"@type":"Article","@id":"https:\/\/encompaniastj.org\/pt-pt\/a-familia-teresiana-de-madrid-celebra-a-festa-de-santa-teresa\/#article","isPartOf":{"@id":"https:\/\/encompaniastj.org\/pt-pt\/a-familia-teresiana-de-madrid-celebra-a-festa-de-santa-teresa\/"},"author":{"name":"admin","@id":"https:\/\/encompaniastj.org\/pt-pt\/#\/schema\/person\/520e7ecc314793d40091993c2a02b651"},"headline":"A Fam\u00edlia Teresiana de Madrid celebra a festa de Santa Teresa","datePublished":"2024-10-24T07:31:35+00:00","dateModified":"2025-07-07T14:26:10+00:00","mainEntityOfPage":{"@id":"https:\/\/encompaniastj.org\/pt-pt\/a-familia-teresiana-de-madrid-celebra-a-festa-de-santa-teresa\/"},"wordCount":298,"commentCount":0,"publisher":{"@id":"https:\/\/encompaniastj.org\/pt-pt\/#organization"},"image":{"@id":"https:\/\/encompaniastj.org\/pt-pt\/a-familia-teresiana-de-madrid-celebra-a-festa-de-santa-teresa\/#primaryimage"},"thumbnailUrl":"https:\/\/encompaniastj.org\/wp-content\/uploads\/2025\/05\/Familia-Teresiana-4.jpg","articleSection":["STJ","STJ pt"],"inLanguage":"pt-PT","potentialAction":[{"@type":"CommentAction","name":"Comment","target":["https:\/\/encompaniastj.org\/pt-pt\/a-familia-teresiana-de-madrid-celebra-a-festa-de-santa-teresa\/#respond"]}]},{"@type":"WebPage","@id":"https:\/\/encompaniastj.org\/pt-pt\/a-familia-teresiana-de-madrid-celebra-a-festa-de-santa-teresa\/","url":"https:\/\/encompaniastj.org\/pt-pt\/a-familia-teresiana-de-madrid-celebra-a-festa-de-santa-teresa\/","name":"A Fam\u00edlia Teresiana de Madrid celebra a festa de Santa Teresa - En Compa\u00f1\u00eda STJ","isPartOf":{"@id":"https:\/\/encompaniastj.org\/pt-pt\/#website"},"primaryImageOfPage":{"@id":"https:\/\/encompaniastj.org\/pt-pt\/a-familia-teresiana-de-madrid-celebra-a-festa-de-santa-teresa\/#primaryimage"},"image":{"@id":"https:\/\/encompaniastj.org\/pt-pt\/a-familia-teresiana-de-madrid-celebra-a-festa-de-santa-teresa\/#primaryimage"},"thumbnailUrl":"https:\/\/encompaniastj.org\/wp-content\/uploads\/2025\/05\/Familia-Teresiana-4.jpg","datePublished":"2024-10-24T07:31:35+00:00","dateModified":"2025-07-07T14:26:10+00:00","breadcrumb":{"@id":"https:\/\/encompaniastj.org\/pt-pt\/a-familia-teresiana-de-madrid-celebra-a-festa-de-santa-teresa\/#breadcrumb"},"inLanguage":"pt-PT","potentialAction":[{"@type":"ReadAction","target":["https:\/\/encompaniastj.org\/pt-pt\/a-familia-teresiana-de-madrid-celebra-a-festa-de-santa-teresa\/"]}]},{"@type":"ImageObject","inLanguage":"pt-PT","@id":"https:\/\/encompaniastj.org\/pt-pt\/a-familia-teresiana-de-madrid-celebra-a-festa-de-santa-teresa\/#primaryimage","url":"https:\/\/encompaniastj.org\/wp-content\/uploads\/2025\/05\/Familia-Teresiana-4.jpg","contentUrl":"https:\/\/encompaniastj.org\/wp-content\/uploads\/2025\/05\/Familia-Teresiana-4.jpg","width":2048,"height":1153},{"@type":"BreadcrumbList","@id":"https:\/\/encompaniastj.org\/pt-pt\/a-familia-teresiana-de-madrid-celebra-a-festa-de-santa-teresa\/#breadcrumb","itemListElement":[{"@type":"ListItem","position":1,"name":"Portada","item":"https:\/\/encompaniastj.org\/pt-pt\/"},{"@type":"ListItem","position":2,"name":"A Fam\u00edlia Teresiana de Madrid celebra a festa de Santa Teresa"}]},{"@type":"WebSite","@id":"https:\/\/encompaniastj.org\/pt-pt\/#website","url":"https:\/\/encompaniastj.org\/pt-pt\/","name":"En Compa\u00f1\u00eda STJ","description":"Bolet\u00edn de la Compa\u00f1\u00eda de Santa Teresa de Jes\u00fas","publisher":{"@id":"https:\/\/encompaniastj.org\/pt-pt\/#organization"},"potentialAction":[{"@type":"SearchAction","target":{"@type":"EntryPoint","urlTemplate":"https:\/\/encompaniastj.org\/pt-pt\/?s={search_term_string}"},"query-input":{"@type":"PropertyValueSpecification","valueRequired":true,"valueName":"search_term_string"}}],"inLanguage":"pt-PT"},{"@type":"Organization","@id":"https:\/\/encompaniastj.org\/pt-pt\/#organization","name":"Compa\u00f1\u00eda de Santa Teresa de Jes\u00fas","url":"https:\/\/encompaniastj.org\/pt-pt\/","logo":{"@type":"ImageObject","inLanguage":"pt-PT","@id":"https:\/\/encompaniastj.org\/pt-pt\/#\/schema\/logo\/image\/","url":"https:\/\/encompaniastj.org\/wp-content\/uploads\/2025\/04\/logo_provincias02-1-3.png","contentUrl":"https:\/\/encompaniastj.org\/wp-content\/uploads\/2025\/04\/logo_provincias02-1-3.png","width":2368,"height":825,"caption":"Compa\u00f1\u00eda de Santa Teresa de Jes\u00fas"},"image":{"@id":"https:\/\/encompaniastj.org\/pt-pt\/#\/schema\/logo\/image\/"}},{"@type":"Person","@id":"https:\/\/encompaniastj.org\/pt-pt\/#\/schema\/person\/520e7ecc314793d40091993c2a02b651","name":"admin","image":{"@type":"ImageObject","inLanguage":"pt-PT","@id":"https:\/\/secure.gravatar.com\/avatar\/948b492cce32b586ac2db0eaa926ee87024f7afe218d73b397ea5ddfc5f43ea1?s=96&d=mm&r=g","url":"https:\/\/secure.gravatar.com\/avatar\/948b492cce32b586ac2db0eaa926ee87024f7afe218d73b397ea5ddfc5f43ea1?s=96&d=mm&r=g","contentUrl":"https:\/\/secure.gravatar.com\/avatar\/948b492cce32b586ac2db0eaa926ee87024f7afe218d73b397ea5ddfc5f43ea1?s=96&d=mm&r=g","caption":"admin"},"sameAs":["https:\/\/encompaniastj.org"],"url":"https:\/\/encompaniastj.org\/pt-pt\/author\/sjdigital\/"}]}},"_links":{"self":[{"href":"https:\/\/encompaniastj.org\/pt-pt\/wp-json\/wp\/v2\/posts\/12335","targetHints":{"allow":["GET"]}}],"collection":[{"href":"https:\/\/encompaniastj.org\/pt-pt\/wp-json\/wp\/v2\/posts"}],"about":[{"href":"https:\/\/encompaniastj.org\/pt-pt\/wp-json\/wp\/v2\/types\/post"}],"author":[{"embeddable":true,"href":"https:\/\/encompaniastj.org\/pt-pt\/wp-json\/wp\/v2\/users\/1"}],"replies":[{"embeddable":true,"href":"https:\/\/encompaniastj.org\/pt-pt\/wp-json\/wp\/v2\/comments?post=12335"}],"version-history":[{"count":1,"href":"https:\/\/encompaniastj.org\/pt-pt\/wp-json\/wp\/v2\/posts\/12335\/revisions"}],"predecessor-version":[{"id":12336,"href":"https:\/\/encompaniastj.org\/pt-pt\/wp-json\/wp\/v2\/posts\/12335\/revisions\/12336"}],"wp:featuredmedia":[{"embeddable":true,"href":"https:\/\/encompaniastj.org\/pt-pt\/wp-json\/wp\/v2\/media\/8850"}],"wp:attachment":[{"href":"https:\/\/encompaniastj.org\/pt-pt\/wp-json\/wp\/v2\/media?parent=12335"}],"wp:term":[{"taxonomy":"category","embeddable":true,"href":"https:\/\/encompaniastj.org\/pt-pt\/wp-json\/wp\/v2\/categories?post=12335"},{"taxonomy":"post_tag","embeddable":true,"href":"https:\/\/encompaniastj.org\/pt-pt\/wp-json\/wp\/v2\/tags?post=12335"}],"curies":[{"name":"wp","href":"https:\/\/api.w.org\/{rel}","templated":true}]}}