{"id":12331,"date":"2024-10-24T08:39:37","date_gmt":"2024-10-24T06:39:37","guid":{"rendered":"https:\/\/encompaniastj.org\/caminhemos-juntos-senhor-e-alia2\/"},"modified":"2025-07-07T16:26:10","modified_gmt":"2025-07-07T14:26:10","slug":"caminhemos-juntos-senhor-e-alia2","status":"publish","type":"post","link":"https:\/\/encompaniastj.org\/pt-pt\/caminhemos-juntos-senhor-e-alia2\/","title":{"rendered":"\u201cCaminhemos juntos, Senhor\u201c e Alia2\u201d"},"content":{"rendered":"<p>\u201cCaminhemos juntos, Senhor\u201d, disse Santa Teresa e Alia2, \u00e9 o lema deste curso, nada melhor<\/p>\n<p>que melhor define o encontro das Irm\u00e3s com parte da Fam\u00edlia Teresiana no Col\u00e9gio Enrique de Oss\u00f3, Telde e no Col\u00e9gio Escola Enrique de Oss\u00f3, Telde e a Escola Teresiana de Las Palmas.<\/p>\n<p>Particip\u00e1mos na Eucaristia em ambos os col\u00e9gios, na sexta-feira, dia 11, em Telde e no domingo, dia 13, no col\u00e9gio de Las Palmas. Dia 13 no Col\u00e9gio de Las Palmas. Do Cap\u00edtulo Op\u00e7\u00e3o n\u00ba 2: Viver a ESIRITUALIDADE TERESIANA Ligados \u00e0 Fonte e com sentido de miss\u00e3o, somos convidados a: \u201cFortalecer o espa\u00e7o da espiritualidade como miss\u00e3o da Sociedade\u201d.A espiritualidade como miss\u00e3o da Sociedade e o eixo transversal que sustenta a nossa vida e miss\u00e3o\u201d.<\/p>\n<p>Em Telde, na tarde de sexta-feira, dia 11, para al\u00e9m da Eucaristia, vivenci\u00e1mos a Festa desde os mais novos aos dos mais novos aos adultos, num ambiente descontra\u00eddo e festivo. A n\u00f3s juntaram-se as Irs. Rosa Mart\u00edn, Carmen Guzm\u00e1n, M\u00aa Luisa Sancho e Pino Delgado. Embora sejam poucas as pessoas que conhecemos, \u00e9 significativa a presen\u00e7a das Irm\u00e3s, que n\u00e3o t\u00eam comunidade religiosa no Col\u00e9gio comunidade religiosa no Col\u00e9gio Enrique de Oss\u00f3, mas \u00e9 bom que se possam identificar como parte da Fam\u00edlia Teresiana, pois somos n\u00f3s as Irm\u00e3s que vivemos na Ilha.<\/p>\n<p>O nosso esfor\u00e7o e a nossa inten\u00e7\u00e3o \u00e9 \u201cacompanhar\u201d prioritariamente estes e todos os momentos. como uma prioridade. Ana Croissier tamb\u00e9m esteve presente na celebra\u00e7\u00e3o.<\/p>\n<p>O acolhimento, o cuidado na prepara\u00e7\u00e3o de cada um dos encontros e a cordialidade e o afeto na forma como foram tratados foram uma \u201cexperi\u00eancia teresiana\u201d.<\/p>\n<p>A acolhida, o cuidado na prepara\u00e7\u00e3o de cada um dos encontros e a cordialidade e o carinho com que foram tratados foram um \u201cpresente teresiano\u201d.<\/p>\n<p>No domingo, no col\u00e9gio de Las Palmas, pudemos dizer mais do mesmo e na mesma dire\u00e7\u00e3o. Na mesma dire\u00e7\u00e3o. Aqui estava presente toda a comunidade, embora no col\u00e9gio trabalhem duas Irm\u00e3s: na escola: Rosa na fotocopiadora e Ana como tutora na Inf\u00e2ncia. A participa\u00e7\u00e3o nos dois encontros teresianos A participa\u00e7\u00e3o nos dois encontros teresianos.<\/p>\n<p>E n\u00f3s \u201cfazendo caminhos&#8230; de alian\u00e7a para a esperan\u00e7a como nos convida o Papa Francisco na Bula do Jubileu.<\/p>\n<p>Francisco na Bula do Jubileu Ordin\u00e1rio do ano 2025<\/p>\n<p>A ESPERAN\u00c7A N\u00c3O DEFRAU.<\/p>\n<p><img loading=\"lazy\" decoding=\"async\" class=\"aligncenter wp-image-13718 size-large\" src=\"https:\/\/encompaniastj.org\/wp-content\/uploads\/2025\/05\/20241011_174131-scaled-1.jpg\" alt=\"\" width=\"1024\" height=\"768\" \/><\/p>\n<p><img loading=\"lazy\" decoding=\"async\" class=\"aligncenter wp-image-13720 size-large\" src=\"https:\/\/encompaniastj.org\/wp-content\/uploads\/2025\/05\/20241013_121920-scaled-1.jpg\" alt=\"\" width=\"1024\" height=\"768\" \/><\/p>\n","protected":false},"excerpt":{"rendered":"<p>\u201cCaminhemos juntos, Senhor\u201d, disse Santa Teresa e Alia2, \u00e9 o lema deste curso, nada melhor que melhor define o encontro das Irm\u00e3s com parte da Fam\u00edlia Teresiana no Col\u00e9gio Enrique [&hellip;]<\/p>\n","protected":false},"author":1,"featured_media":8843,"comment_status":"open","ping_status":"open","sticky":false,"template":"","format":"standard","meta":{"_acf_changed":false,"footnotes":""},"categories":[79,81],"tags":[],"class_list":["post-12331","post","type-post","status-publish","format-standard","has-post-thumbnail","hentry","category-stj","category-stj-pt"],"acf":[],"yoast_head":"<!-- This site is optimized with the Yoast SEO plugin v27.5 - https:\/\/yoast.com\/product\/yoast-seo-wordpress\/ -->\n<title>\u201cCaminhemos juntos, Senhor\u201c e Alia2\u201d - En Compa\u00f1\u00eda STJ<\/title>\n<meta name=\"robots\" content=\"index, follow, max-snippet:-1, max-image-preview:large, max-video-preview:-1\" \/>\n<link rel=\"canonical\" href=\"https:\/\/encompaniastj.org\/pt-pt\/caminhemos-juntos-senhor-e-alia2\/\" \/>\n<meta property=\"og:locale\" content=\"pt_PT\" \/>\n<meta property=\"og:type\" content=\"article\" \/>\n<meta property=\"og:title\" content=\"\u201cCaminhemos juntos, Senhor\u201c e Alia2\u201d - En Compa\u00f1\u00eda STJ\" \/>\n<meta property=\"og:description\" content=\"\u201cCaminhemos juntos, Senhor\u201d, disse Santa Teresa e Alia2, \u00e9 o lema deste curso, nada melhor que melhor define o encontro das Irm\u00e3s com parte da Fam\u00edlia Teresiana no Col\u00e9gio Enrique [&hellip;]\" \/>\n<meta property=\"og:url\" content=\"https:\/\/encompaniastj.org\/pt-pt\/caminhemos-juntos-senhor-e-alia2\/\" \/>\n<meta property=\"og:site_name\" content=\"En Compa\u00f1\u00eda STJ\" \/>\n<meta property=\"article:published_time\" content=\"2024-10-24T06:39:37+00:00\" \/>\n<meta property=\"article:modified_time\" content=\"2025-07-07T14:26:10+00:00\" \/>\n<meta property=\"og:image\" content=\"https:\/\/encompaniastj.org\/wp-content\/uploads\/2025\/05\/20241013_121945-1-scaled-1.jpg\" \/>\n\t<meta property=\"og:image:width\" content=\"2560\" \/>\n\t<meta property=\"og:image:height\" content=\"1920\" \/>\n\t<meta property=\"og:image:type\" content=\"image\/jpeg\" \/>\n<meta name=\"author\" content=\"admin\" \/>\n<meta name=\"twitter:card\" content=\"summary_large_image\" \/>\n<meta name=\"twitter:label1\" content=\"Escrito por\" \/>\n\t<meta name=\"twitter:data1\" content=\"admin\" \/>\n\t<meta name=\"twitter:label2\" content=\"Tempo estimado de leitura\" \/>\n\t<meta name=\"twitter:data2\" content=\"3 minutos\" \/>\n<script type=\"application\/ld+json\" class=\"yoast-schema-graph\">{\"@context\":\"https:\\\/\\\/schema.org\",\"@graph\":[{\"@type\":\"Article\",\"@id\":\"https:\\\/\\\/encompaniastj.org\\\/pt-pt\\\/caminhemos-juntos-senhor-e-alia2\\\/#article\",\"isPartOf\":{\"@id\":\"https:\\\/\\\/encompaniastj.org\\\/pt-pt\\\/caminhemos-juntos-senhor-e-alia2\\\/\"},\"author\":{\"name\":\"admin\",\"@id\":\"https:\\\/\\\/encompaniastj.org\\\/pt-pt\\\/#\\\/schema\\\/person\\\/520e7ecc314793d40091993c2a02b651\"},\"headline\":\"\u201cCaminhemos juntos, Senhor\u201c e Alia2\u201d\",\"datePublished\":\"2024-10-24T06:39:37+00:00\",\"dateModified\":\"2025-07-07T14:26:10+00:00\",\"mainEntityOfPage\":{\"@id\":\"https:\\\/\\\/encompaniastj.org\\\/pt-pt\\\/caminhemos-juntos-senhor-e-alia2\\\/\"},\"wordCount\":424,\"commentCount\":0,\"publisher\":{\"@id\":\"https:\\\/\\\/encompaniastj.org\\\/pt-pt\\\/#organization\"},\"image\":{\"@id\":\"https:\\\/\\\/encompaniastj.org\\\/pt-pt\\\/caminhemos-juntos-senhor-e-alia2\\\/#primaryimage\"},\"thumbnailUrl\":\"https:\\\/\\\/encompaniastj.org\\\/wp-content\\\/uploads\\\/2025\\\/05\\\/20241013_121945-1-scaled-1.jpg\",\"articleSection\":[\"STJ\",\"STJ pt\"],\"inLanguage\":\"pt-PT\",\"potentialAction\":[{\"@type\":\"CommentAction\",\"name\":\"Comment\",\"target\":[\"https:\\\/\\\/encompaniastj.org\\\/pt-pt\\\/caminhemos-juntos-senhor-e-alia2\\\/#respond\"]}]},{\"@type\":\"WebPage\",\"@id\":\"https:\\\/\\\/encompaniastj.org\\\/pt-pt\\\/caminhemos-juntos-senhor-e-alia2\\\/\",\"url\":\"https:\\\/\\\/encompaniastj.org\\\/pt-pt\\\/caminhemos-juntos-senhor-e-alia2\\\/\",\"name\":\"\u201cCaminhemos juntos, Senhor\u201c e Alia2\u201d - En Compa\u00f1\u00eda STJ\",\"isPartOf\":{\"@id\":\"https:\\\/\\\/encompaniastj.org\\\/pt-pt\\\/#website\"},\"primaryImageOfPage\":{\"@id\":\"https:\\\/\\\/encompaniastj.org\\\/pt-pt\\\/caminhemos-juntos-senhor-e-alia2\\\/#primaryimage\"},\"image\":{\"@id\":\"https:\\\/\\\/encompaniastj.org\\\/pt-pt\\\/caminhemos-juntos-senhor-e-alia2\\\/#primaryimage\"},\"thumbnailUrl\":\"https:\\\/\\\/encompaniastj.org\\\/wp-content\\\/uploads\\\/2025\\\/05\\\/20241013_121945-1-scaled-1.jpg\",\"datePublished\":\"2024-10-24T06:39:37+00:00\",\"dateModified\":\"2025-07-07T14:26:10+00:00\",\"breadcrumb\":{\"@id\":\"https:\\\/\\\/encompaniastj.org\\\/pt-pt\\\/caminhemos-juntos-senhor-e-alia2\\\/#breadcrumb\"},\"inLanguage\":\"pt-PT\",\"potentialAction\":[{\"@type\":\"ReadAction\",\"target\":[\"https:\\\/\\\/encompaniastj.org\\\/pt-pt\\\/caminhemos-juntos-senhor-e-alia2\\\/\"]}]},{\"@type\":\"ImageObject\",\"inLanguage\":\"pt-PT\",\"@id\":\"https:\\\/\\\/encompaniastj.org\\\/pt-pt\\\/caminhemos-juntos-senhor-e-alia2\\\/#primaryimage\",\"url\":\"https:\\\/\\\/encompaniastj.org\\\/wp-content\\\/uploads\\\/2025\\\/05\\\/20241013_121945-1-scaled-1.jpg\",\"contentUrl\":\"https:\\\/\\\/encompaniastj.org\\\/wp-content\\\/uploads\\\/2025\\\/05\\\/20241013_121945-1-scaled-1.jpg\",\"width\":2560,\"height\":1920},{\"@type\":\"BreadcrumbList\",\"@id\":\"https:\\\/\\\/encompaniastj.org\\\/pt-pt\\\/caminhemos-juntos-senhor-e-alia2\\\/#breadcrumb\",\"itemListElement\":[{\"@type\":\"ListItem\",\"position\":1,\"name\":\"Portada\",\"item\":\"https:\\\/\\\/encompaniastj.org\\\/pt-pt\\\/\"},{\"@type\":\"ListItem\",\"position\":2,\"name\":\"\u201cCaminhemos juntos, Senhor\u201c e Alia2\u201d\"}]},{\"@type\":\"WebSite\",\"@id\":\"https:\\\/\\\/encompaniastj.org\\\/pt-pt\\\/#website\",\"url\":\"https:\\\/\\\/encompaniastj.org\\\/pt-pt\\\/\",\"name\":\"En Compa\u00f1\u00eda STJ\",\"description\":\"Bolet\u00edn de la Compa\u00f1\u00eda de Santa Teresa de Jes\u00fas\",\"publisher\":{\"@id\":\"https:\\\/\\\/encompaniastj.org\\\/pt-pt\\\/#organization\"},\"potentialAction\":[{\"@type\":\"SearchAction\",\"target\":{\"@type\":\"EntryPoint\",\"urlTemplate\":\"https:\\\/\\\/encompaniastj.org\\\/pt-pt\\\/?s={search_term_string}\"},\"query-input\":{\"@type\":\"PropertyValueSpecification\",\"valueRequired\":true,\"valueName\":\"search_term_string\"}}],\"inLanguage\":\"pt-PT\"},{\"@type\":\"Organization\",\"@id\":\"https:\\\/\\\/encompaniastj.org\\\/pt-pt\\\/#organization\",\"name\":\"Compa\u00f1\u00eda de Santa Teresa de Jes\u00fas\",\"url\":\"https:\\\/\\\/encompaniastj.org\\\/pt-pt\\\/\",\"logo\":{\"@type\":\"ImageObject\",\"inLanguage\":\"pt-PT\",\"@id\":\"https:\\\/\\\/encompaniastj.org\\\/pt-pt\\\/#\\\/schema\\\/logo\\\/image\\\/\",\"url\":\"https:\\\/\\\/encompaniastj.org\\\/wp-content\\\/uploads\\\/2025\\\/04\\\/logo_provincias02-1-3.png\",\"contentUrl\":\"https:\\\/\\\/encompaniastj.org\\\/wp-content\\\/uploads\\\/2025\\\/04\\\/logo_provincias02-1-3.png\",\"width\":2368,\"height\":825,\"caption\":\"Compa\u00f1\u00eda de Santa Teresa de Jes\u00fas\"},\"image\":{\"@id\":\"https:\\\/\\\/encompaniastj.org\\\/pt-pt\\\/#\\\/schema\\\/logo\\\/image\\\/\"}},{\"@type\":\"Person\",\"@id\":\"https:\\\/\\\/encompaniastj.org\\\/pt-pt\\\/#\\\/schema\\\/person\\\/520e7ecc314793d40091993c2a02b651\",\"name\":\"admin\",\"image\":{\"@type\":\"ImageObject\",\"inLanguage\":\"pt-PT\",\"@id\":\"https:\\\/\\\/secure.gravatar.com\\\/avatar\\\/948b492cce32b586ac2db0eaa926ee87024f7afe218d73b397ea5ddfc5f43ea1?s=96&d=mm&r=g\",\"url\":\"https:\\\/\\\/secure.gravatar.com\\\/avatar\\\/948b492cce32b586ac2db0eaa926ee87024f7afe218d73b397ea5ddfc5f43ea1?s=96&d=mm&r=g\",\"contentUrl\":\"https:\\\/\\\/secure.gravatar.com\\\/avatar\\\/948b492cce32b586ac2db0eaa926ee87024f7afe218d73b397ea5ddfc5f43ea1?s=96&d=mm&r=g\",\"caption\":\"admin\"},\"sameAs\":[\"https:\\\/\\\/encompaniastj.org\"],\"url\":\"https:\\\/\\\/encompaniastj.org\\\/pt-pt\\\/author\\\/sjdigital\\\/\"}]}<\/script>\n<!-- \/ Yoast SEO plugin. -->","yoast_head_json":{"title":"\u201cCaminhemos juntos, Senhor\u201c e Alia2\u201d - En Compa\u00f1\u00eda STJ","robots":{"index":"index","follow":"follow","max-snippet":"max-snippet:-1","max-image-preview":"max-image-preview:large","max-video-preview":"max-video-preview:-1"},"canonical":"https:\/\/encompaniastj.org\/pt-pt\/caminhemos-juntos-senhor-e-alia2\/","og_locale":"pt_PT","og_type":"article","og_title":"\u201cCaminhemos juntos, Senhor\u201c e Alia2\u201d - En Compa\u00f1\u00eda STJ","og_description":"\u201cCaminhemos juntos, Senhor\u201d, disse Santa Teresa e Alia2, \u00e9 o lema deste curso, nada melhor que melhor define o encontro das Irm\u00e3s com parte da Fam\u00edlia Teresiana no Col\u00e9gio Enrique [&hellip;]","og_url":"https:\/\/encompaniastj.org\/pt-pt\/caminhemos-juntos-senhor-e-alia2\/","og_site_name":"En Compa\u00f1\u00eda STJ","article_published_time":"2024-10-24T06:39:37+00:00","article_modified_time":"2025-07-07T14:26:10+00:00","og_image":[{"width":2560,"height":1920,"url":"https:\/\/encompaniastj.org\/wp-content\/uploads\/2025\/05\/20241013_121945-1-scaled-1.jpg","type":"image\/jpeg"}],"author":"admin","twitter_card":"summary_large_image","twitter_misc":{"Escrito por":"admin","Tempo estimado de leitura":"3 minutos"},"schema":{"@context":"https:\/\/schema.org","@graph":[{"@type":"Article","@id":"https:\/\/encompaniastj.org\/pt-pt\/caminhemos-juntos-senhor-e-alia2\/#article","isPartOf":{"@id":"https:\/\/encompaniastj.org\/pt-pt\/caminhemos-juntos-senhor-e-alia2\/"},"author":{"name":"admin","@id":"https:\/\/encompaniastj.org\/pt-pt\/#\/schema\/person\/520e7ecc314793d40091993c2a02b651"},"headline":"\u201cCaminhemos juntos, Senhor\u201c e Alia2\u201d","datePublished":"2024-10-24T06:39:37+00:00","dateModified":"2025-07-07T14:26:10+00:00","mainEntityOfPage":{"@id":"https:\/\/encompaniastj.org\/pt-pt\/caminhemos-juntos-senhor-e-alia2\/"},"wordCount":424,"commentCount":0,"publisher":{"@id":"https:\/\/encompaniastj.org\/pt-pt\/#organization"},"image":{"@id":"https:\/\/encompaniastj.org\/pt-pt\/caminhemos-juntos-senhor-e-alia2\/#primaryimage"},"thumbnailUrl":"https:\/\/encompaniastj.org\/wp-content\/uploads\/2025\/05\/20241013_121945-1-scaled-1.jpg","articleSection":["STJ","STJ pt"],"inLanguage":"pt-PT","potentialAction":[{"@type":"CommentAction","name":"Comment","target":["https:\/\/encompaniastj.org\/pt-pt\/caminhemos-juntos-senhor-e-alia2\/#respond"]}]},{"@type":"WebPage","@id":"https:\/\/encompaniastj.org\/pt-pt\/caminhemos-juntos-senhor-e-alia2\/","url":"https:\/\/encompaniastj.org\/pt-pt\/caminhemos-juntos-senhor-e-alia2\/","name":"\u201cCaminhemos juntos, Senhor\u201c e Alia2\u201d - En Compa\u00f1\u00eda STJ","isPartOf":{"@id":"https:\/\/encompaniastj.org\/pt-pt\/#website"},"primaryImageOfPage":{"@id":"https:\/\/encompaniastj.org\/pt-pt\/caminhemos-juntos-senhor-e-alia2\/#primaryimage"},"image":{"@id":"https:\/\/encompaniastj.org\/pt-pt\/caminhemos-juntos-senhor-e-alia2\/#primaryimage"},"thumbnailUrl":"https:\/\/encompaniastj.org\/wp-content\/uploads\/2025\/05\/20241013_121945-1-scaled-1.jpg","datePublished":"2024-10-24T06:39:37+00:00","dateModified":"2025-07-07T14:26:10+00:00","breadcrumb":{"@id":"https:\/\/encompaniastj.org\/pt-pt\/caminhemos-juntos-senhor-e-alia2\/#breadcrumb"},"inLanguage":"pt-PT","potentialAction":[{"@type":"ReadAction","target":["https:\/\/encompaniastj.org\/pt-pt\/caminhemos-juntos-senhor-e-alia2\/"]}]},{"@type":"ImageObject","inLanguage":"pt-PT","@id":"https:\/\/encompaniastj.org\/pt-pt\/caminhemos-juntos-senhor-e-alia2\/#primaryimage","url":"https:\/\/encompaniastj.org\/wp-content\/uploads\/2025\/05\/20241013_121945-1-scaled-1.jpg","contentUrl":"https:\/\/encompaniastj.org\/wp-content\/uploads\/2025\/05\/20241013_121945-1-scaled-1.jpg","width":2560,"height":1920},{"@type":"BreadcrumbList","@id":"https:\/\/encompaniastj.org\/pt-pt\/caminhemos-juntos-senhor-e-alia2\/#breadcrumb","itemListElement":[{"@type":"ListItem","position":1,"name":"Portada","item":"https:\/\/encompaniastj.org\/pt-pt\/"},{"@type":"ListItem","position":2,"name":"\u201cCaminhemos juntos, Senhor\u201c e Alia2\u201d"}]},{"@type":"WebSite","@id":"https:\/\/encompaniastj.org\/pt-pt\/#website","url":"https:\/\/encompaniastj.org\/pt-pt\/","name":"En Compa\u00f1\u00eda STJ","description":"Bolet\u00edn de la Compa\u00f1\u00eda de Santa Teresa de Jes\u00fas","publisher":{"@id":"https:\/\/encompaniastj.org\/pt-pt\/#organization"},"potentialAction":[{"@type":"SearchAction","target":{"@type":"EntryPoint","urlTemplate":"https:\/\/encompaniastj.org\/pt-pt\/?s={search_term_string}"},"query-input":{"@type":"PropertyValueSpecification","valueRequired":true,"valueName":"search_term_string"}}],"inLanguage":"pt-PT"},{"@type":"Organization","@id":"https:\/\/encompaniastj.org\/pt-pt\/#organization","name":"Compa\u00f1\u00eda de Santa Teresa de Jes\u00fas","url":"https:\/\/encompaniastj.org\/pt-pt\/","logo":{"@type":"ImageObject","inLanguage":"pt-PT","@id":"https:\/\/encompaniastj.org\/pt-pt\/#\/schema\/logo\/image\/","url":"https:\/\/encompaniastj.org\/wp-content\/uploads\/2025\/04\/logo_provincias02-1-3.png","contentUrl":"https:\/\/encompaniastj.org\/wp-content\/uploads\/2025\/04\/logo_provincias02-1-3.png","width":2368,"height":825,"caption":"Compa\u00f1\u00eda de Santa Teresa de Jes\u00fas"},"image":{"@id":"https:\/\/encompaniastj.org\/pt-pt\/#\/schema\/logo\/image\/"}},{"@type":"Person","@id":"https:\/\/encompaniastj.org\/pt-pt\/#\/schema\/person\/520e7ecc314793d40091993c2a02b651","name":"admin","image":{"@type":"ImageObject","inLanguage":"pt-PT","@id":"https:\/\/secure.gravatar.com\/avatar\/948b492cce32b586ac2db0eaa926ee87024f7afe218d73b397ea5ddfc5f43ea1?s=96&d=mm&r=g","url":"https:\/\/secure.gravatar.com\/avatar\/948b492cce32b586ac2db0eaa926ee87024f7afe218d73b397ea5ddfc5f43ea1?s=96&d=mm&r=g","contentUrl":"https:\/\/secure.gravatar.com\/avatar\/948b492cce32b586ac2db0eaa926ee87024f7afe218d73b397ea5ddfc5f43ea1?s=96&d=mm&r=g","caption":"admin"},"sameAs":["https:\/\/encompaniastj.org"],"url":"https:\/\/encompaniastj.org\/pt-pt\/author\/sjdigital\/"}]}},"_links":{"self":[{"href":"https:\/\/encompaniastj.org\/pt-pt\/wp-json\/wp\/v2\/posts\/12331","targetHints":{"allow":["GET"]}}],"collection":[{"href":"https:\/\/encompaniastj.org\/pt-pt\/wp-json\/wp\/v2\/posts"}],"about":[{"href":"https:\/\/encompaniastj.org\/pt-pt\/wp-json\/wp\/v2\/types\/post"}],"author":[{"embeddable":true,"href":"https:\/\/encompaniastj.org\/pt-pt\/wp-json\/wp\/v2\/users\/1"}],"replies":[{"embeddable":true,"href":"https:\/\/encompaniastj.org\/pt-pt\/wp-json\/wp\/v2\/comments?post=12331"}],"version-history":[{"count":1,"href":"https:\/\/encompaniastj.org\/pt-pt\/wp-json\/wp\/v2\/posts\/12331\/revisions"}],"predecessor-version":[{"id":12332,"href":"https:\/\/encompaniastj.org\/pt-pt\/wp-json\/wp\/v2\/posts\/12331\/revisions\/12332"}],"wp:featuredmedia":[{"embeddable":true,"href":"https:\/\/encompaniastj.org\/pt-pt\/wp-json\/wp\/v2\/media\/8843"}],"wp:attachment":[{"href":"https:\/\/encompaniastj.org\/pt-pt\/wp-json\/wp\/v2\/media?parent=12331"}],"wp:term":[{"taxonomy":"category","embeddable":true,"href":"https:\/\/encompaniastj.org\/pt-pt\/wp-json\/wp\/v2\/categories?post=12331"},{"taxonomy":"post_tag","embeddable":true,"href":"https:\/\/encompaniastj.org\/pt-pt\/wp-json\/wp\/v2\/tags?post=12331"}],"curies":[{"name":"wp","href":"https:\/\/api.w.org\/{rel}","templated":true}]}}