{"id":12327,"date":"2024-10-24T08:21:23","date_gmt":"2024-10-24T06:21:23","guid":{"rendered":"https:\/\/encompaniastj.org\/13713\/"},"modified":"2025-07-07T16:26:10","modified_gmt":"2025-07-07T14:26:10","slug":"13713","status":"publish","type":"post","link":"https:\/\/encompaniastj.org\/pt-pt\/13713\/","title":{"rendered":"Teresa de Jesus e Maria companheiras de viagem"},"content":{"rendered":"<p>Depois de tantas formas diferentes de celebrar a festa de Santa Teresa ao longo da minha vida, este ano, inesperadamente, encontrei-me a celebrar a sua festa em \u00c1vila, a sua cidade natal, num dia especial que lhe foi dedicado.<\/p>\n<p>No final da celebra\u00e7\u00e3o, a experi\u00eancia que mais me chamou a aten\u00e7\u00e3o, como algo que n\u00e3o tinha vivido antes, foi o encontro de Maria e Teresa de Jesus. Esse encontro recordou-me a import\u00e2ncia de ir ao encontro de outras pessoas e a import\u00e2ncia do acompanhamento. Nas primeiras horas da manh\u00e3, ao chegar \u00e0 catedral de \u00c1vila, encontrei a imagem das duas presentes durante a celebra\u00e7\u00e3o eucar\u00edstica em sua honra, presidida pelo arcebispo Bernardino Auza, n\u00fancio apost\u00f3lico em Espanha, e concelebrada pelo bispo de \u00c1vila, Jos\u00e9 Rico Garc\u00eda, e muitos sacerdotes.<\/p>\n<p>Foi uma celebra\u00e7\u00e3o solene, na qual gostaria de destacar a participa\u00e7\u00e3o de pessoas de muitas partes do mundo que vieram em peregrina\u00e7\u00e3o a \u00c1vila para celebrar esta festa. Pude sentir, com grande alegria, que Teresa \u00e9 uma figura universal e que a sua vida continua a inspirar pessoas de diferentes idades e culturas. Teresa, com a sua profunda experi\u00eancia espiritual, motiva-nos e conduz-nos a Deus!<\/p>\n<p>\u00c0 Eucaristia seguiu-se a prociss\u00e3o com as duas imagens que, ap\u00f3s o seu percurso, terminou em casa de Santa Teresa, onde permaneceram durante todo o dia at\u00e9 \u00e0 noite, altura em que a imagem de Maria foi levada de volta para a Catedral. Foi marcante e at\u00e9 comovente ver a imagem de Teresa a despedir-se \u00e0 porta de sua casa. Naquele momento de despedida, imaginei como teria sido fecundo o encontro destas duas mulheres cheias de Deus. E lembrei-me de como, um dia, Maria tamb\u00e9m partiu apressadamente para visitar a sua prima Isabel. Nesta ocasi\u00e3o especial, ela veio visitar Teresa no dia da sua festa.<\/p>\n<p>Antes de separar as duas imagens, record\u00e1mos o momento em que Teresa procurou Maria e a escolheu como sua m\u00e3e e companheira.\u00a0 Ela mesma nos diz: \u201cLembro-me que quando a minha m\u00e3e morreu, eu tinha doze anos, era um pouco mais nova. Quando comecei a compreender o que tinha perdido, dirigi-me a uma imagem de Nossa Senhora e implorei-lhe, com muitas l\u00e1grimas, que fosse minha m\u00e3e. Parece-me que, apesar de ter sido feito com simplicidade, valeu a pena para mim, porque encontrei muito claramente esta Virgem soberana logo que a confiei a mim e, no fim, ela voltou-me para si\u201d (Vida 1, 7).<\/p>\n<p>Crescer e amadurecer tem muito a ver com as pessoas que escolhemos deliberadamente para nos acompanharem no caminho da vida.\u00a0 Teresa de Jesus, num dos seus momentos mais dif\u00edceis, escolheu Maria e esta escolha teve um efeito t\u00e3o ben\u00e9fico que tenho a certeza que mais tarde p\u00f4de reconhecer com gratid\u00e3o, tal como Santo Henrique: \u201cSempre encontrei em Maria uma M\u00e3e\u201d. Que sejamos uma boa companhia para aqueles que nos encontram.\u00a0 Que sejam encontros que deixem rastos de amor por onde passarmos, como Jesus.\u00a0 (Beatriz Herrera, stj)<\/p>\n<p><img loading=\"lazy\" decoding=\"async\" class=\"aligncenter wp-image-13711 size-large\" src=\"https:\/\/encompaniastj.org\/wp-content\/uploads\/2025\/05\/20241015_104846-1-scaled-1.jpg\" alt=\"\" width=\"1024\" height=\"608\" \/><\/p>\n","protected":false},"excerpt":{"rendered":"<p>Depois de tantas formas diferentes de celebrar a festa de Santa Teresa ao longo da minha vida, este ano, inesperadamente, encontrei-me a celebrar a sua festa em \u00c1vila, a sua [&hellip;]<\/p>\n","protected":false},"author":1,"featured_media":8839,"comment_status":"open","ping_status":"open","sticky":false,"template":"","format":"standard","meta":{"_acf_changed":false,"footnotes":""},"categories":[61,62,68],"tags":[],"class_list":["post-12327","post","type-post","status-publish","format-standard","has-post-thumbnail","hentry","category-noticias","category-otras","category-outras"],"acf":[],"yoast_head":"<!-- This site is optimized with the Yoast SEO plugin v27.5 - https:\/\/yoast.com\/product\/yoast-seo-wordpress\/ -->\n<title>Teresa de Jesus e Maria companheiras de viagem - En Compa\u00f1\u00eda STJ<\/title>\n<meta name=\"robots\" content=\"index, follow, max-snippet:-1, max-image-preview:large, max-video-preview:-1\" \/>\n<link rel=\"canonical\" href=\"https:\/\/encompaniastj.org\/pt-pt\/13713\/\" \/>\n<meta property=\"og:locale\" content=\"pt_PT\" \/>\n<meta property=\"og:type\" content=\"article\" \/>\n<meta property=\"og:title\" content=\"Teresa de Jesus e Maria companheiras de viagem - En Compa\u00f1\u00eda STJ\" \/>\n<meta property=\"og:description\" content=\"Depois de tantas formas diferentes de celebrar a festa de Santa Teresa ao longo da minha vida, este ano, inesperadamente, encontrei-me a celebrar a sua festa em \u00c1vila, a sua [&hellip;]\" \/>\n<meta property=\"og:url\" content=\"https:\/\/encompaniastj.org\/pt-pt\/13713\/\" \/>\n<meta property=\"og:site_name\" content=\"En Compa\u00f1\u00eda STJ\" \/>\n<meta property=\"article:published_time\" content=\"2024-10-24T06:21:23+00:00\" \/>\n<meta property=\"article:modified_time\" content=\"2025-07-07T14:26:10+00:00\" \/>\n<meta property=\"og:image\" content=\"https:\/\/encompaniastj.org\/wp-content\/uploads\/2025\/05\/20241015_131820-scaled-1.jpg\" \/>\n\t<meta property=\"og:image:width\" content=\"2560\" \/>\n\t<meta property=\"og:image:height\" content=\"1605\" \/>\n\t<meta property=\"og:image:type\" content=\"image\/jpeg\" \/>\n<meta name=\"author\" content=\"admin\" \/>\n<meta name=\"twitter:card\" content=\"summary_large_image\" \/>\n<meta name=\"twitter:label1\" content=\"Escrito por\" \/>\n\t<meta name=\"twitter:data1\" content=\"admin\" \/>\n\t<meta name=\"twitter:label2\" content=\"Tempo estimado de leitura\" \/>\n\t<meta name=\"twitter:data2\" content=\"3 minutos\" \/>\n<script type=\"application\/ld+json\" class=\"yoast-schema-graph\">{\"@context\":\"https:\\\/\\\/schema.org\",\"@graph\":[{\"@type\":\"Article\",\"@id\":\"https:\\\/\\\/encompaniastj.org\\\/pt-pt\\\/13713\\\/#article\",\"isPartOf\":{\"@id\":\"https:\\\/\\\/encompaniastj.org\\\/pt-pt\\\/13713\\\/\"},\"author\":{\"name\":\"admin\",\"@id\":\"https:\\\/\\\/encompaniastj.org\\\/pt-pt\\\/#\\\/schema\\\/person\\\/520e7ecc314793d40091993c2a02b651\"},\"headline\":\"Teresa de Jesus e Maria companheiras de viagem\",\"datePublished\":\"2024-10-24T06:21:23+00:00\",\"dateModified\":\"2025-07-07T14:26:10+00:00\",\"mainEntityOfPage\":{\"@id\":\"https:\\\/\\\/encompaniastj.org\\\/pt-pt\\\/13713\\\/\"},\"wordCount\":519,\"commentCount\":0,\"publisher\":{\"@id\":\"https:\\\/\\\/encompaniastj.org\\\/pt-pt\\\/#organization\"},\"image\":{\"@id\":\"https:\\\/\\\/encompaniastj.org\\\/pt-pt\\\/13713\\\/#primaryimage\"},\"thumbnailUrl\":\"https:\\\/\\\/encompaniastj.org\\\/wp-content\\\/uploads\\\/2025\\\/05\\\/20241015_131820-scaled-1.jpg\",\"articleSection\":[\"Noticias\",\"Otras\",\"Outras\"],\"inLanguage\":\"pt-PT\",\"potentialAction\":[{\"@type\":\"CommentAction\",\"name\":\"Comment\",\"target\":[\"https:\\\/\\\/encompaniastj.org\\\/pt-pt\\\/13713\\\/#respond\"]}]},{\"@type\":\"WebPage\",\"@id\":\"https:\\\/\\\/encompaniastj.org\\\/pt-pt\\\/13713\\\/\",\"url\":\"https:\\\/\\\/encompaniastj.org\\\/pt-pt\\\/13713\\\/\",\"name\":\"Teresa de Jesus e Maria companheiras de viagem - En Compa\u00f1\u00eda STJ\",\"isPartOf\":{\"@id\":\"https:\\\/\\\/encompaniastj.org\\\/pt-pt\\\/#website\"},\"primaryImageOfPage\":{\"@id\":\"https:\\\/\\\/encompaniastj.org\\\/pt-pt\\\/13713\\\/#primaryimage\"},\"image\":{\"@id\":\"https:\\\/\\\/encompaniastj.org\\\/pt-pt\\\/13713\\\/#primaryimage\"},\"thumbnailUrl\":\"https:\\\/\\\/encompaniastj.org\\\/wp-content\\\/uploads\\\/2025\\\/05\\\/20241015_131820-scaled-1.jpg\",\"datePublished\":\"2024-10-24T06:21:23+00:00\",\"dateModified\":\"2025-07-07T14:26:10+00:00\",\"breadcrumb\":{\"@id\":\"https:\\\/\\\/encompaniastj.org\\\/pt-pt\\\/13713\\\/#breadcrumb\"},\"inLanguage\":\"pt-PT\",\"potentialAction\":[{\"@type\":\"ReadAction\",\"target\":[\"https:\\\/\\\/encompaniastj.org\\\/pt-pt\\\/13713\\\/\"]}]},{\"@type\":\"ImageObject\",\"inLanguage\":\"pt-PT\",\"@id\":\"https:\\\/\\\/encompaniastj.org\\\/pt-pt\\\/13713\\\/#primaryimage\",\"url\":\"https:\\\/\\\/encompaniastj.org\\\/wp-content\\\/uploads\\\/2025\\\/05\\\/20241015_131820-scaled-1.jpg\",\"contentUrl\":\"https:\\\/\\\/encompaniastj.org\\\/wp-content\\\/uploads\\\/2025\\\/05\\\/20241015_131820-scaled-1.jpg\",\"width\":2560,\"height\":1605},{\"@type\":\"BreadcrumbList\",\"@id\":\"https:\\\/\\\/encompaniastj.org\\\/pt-pt\\\/13713\\\/#breadcrumb\",\"itemListElement\":[{\"@type\":\"ListItem\",\"position\":1,\"name\":\"Portada\",\"item\":\"https:\\\/\\\/encompaniastj.org\\\/pt-pt\\\/\"},{\"@type\":\"ListItem\",\"position\":2,\"name\":\"Teresa de Jesus e Maria companheiras de viagem\"}]},{\"@type\":\"WebSite\",\"@id\":\"https:\\\/\\\/encompaniastj.org\\\/pt-pt\\\/#website\",\"url\":\"https:\\\/\\\/encompaniastj.org\\\/pt-pt\\\/\",\"name\":\"En Compa\u00f1\u00eda STJ\",\"description\":\"Bolet\u00edn de la Compa\u00f1\u00eda de Santa Teresa de Jes\u00fas\",\"publisher\":{\"@id\":\"https:\\\/\\\/encompaniastj.org\\\/pt-pt\\\/#organization\"},\"potentialAction\":[{\"@type\":\"SearchAction\",\"target\":{\"@type\":\"EntryPoint\",\"urlTemplate\":\"https:\\\/\\\/encompaniastj.org\\\/pt-pt\\\/?s={search_term_string}\"},\"query-input\":{\"@type\":\"PropertyValueSpecification\",\"valueRequired\":true,\"valueName\":\"search_term_string\"}}],\"inLanguage\":\"pt-PT\"},{\"@type\":\"Organization\",\"@id\":\"https:\\\/\\\/encompaniastj.org\\\/pt-pt\\\/#organization\",\"name\":\"Compa\u00f1\u00eda de Santa Teresa de Jes\u00fas\",\"url\":\"https:\\\/\\\/encompaniastj.org\\\/pt-pt\\\/\",\"logo\":{\"@type\":\"ImageObject\",\"inLanguage\":\"pt-PT\",\"@id\":\"https:\\\/\\\/encompaniastj.org\\\/pt-pt\\\/#\\\/schema\\\/logo\\\/image\\\/\",\"url\":\"https:\\\/\\\/encompaniastj.org\\\/wp-content\\\/uploads\\\/2025\\\/04\\\/logo_provincias02-1-3.png\",\"contentUrl\":\"https:\\\/\\\/encompaniastj.org\\\/wp-content\\\/uploads\\\/2025\\\/04\\\/logo_provincias02-1-3.png\",\"width\":2368,\"height\":825,\"caption\":\"Compa\u00f1\u00eda de Santa Teresa de Jes\u00fas\"},\"image\":{\"@id\":\"https:\\\/\\\/encompaniastj.org\\\/pt-pt\\\/#\\\/schema\\\/logo\\\/image\\\/\"}},{\"@type\":\"Person\",\"@id\":\"https:\\\/\\\/encompaniastj.org\\\/pt-pt\\\/#\\\/schema\\\/person\\\/520e7ecc314793d40091993c2a02b651\",\"name\":\"admin\",\"image\":{\"@type\":\"ImageObject\",\"inLanguage\":\"pt-PT\",\"@id\":\"https:\\\/\\\/secure.gravatar.com\\\/avatar\\\/948b492cce32b586ac2db0eaa926ee87024f7afe218d73b397ea5ddfc5f43ea1?s=96&d=mm&r=g\",\"url\":\"https:\\\/\\\/secure.gravatar.com\\\/avatar\\\/948b492cce32b586ac2db0eaa926ee87024f7afe218d73b397ea5ddfc5f43ea1?s=96&d=mm&r=g\",\"contentUrl\":\"https:\\\/\\\/secure.gravatar.com\\\/avatar\\\/948b492cce32b586ac2db0eaa926ee87024f7afe218d73b397ea5ddfc5f43ea1?s=96&d=mm&r=g\",\"caption\":\"admin\"},\"sameAs\":[\"https:\\\/\\\/encompaniastj.org\"],\"url\":\"https:\\\/\\\/encompaniastj.org\\\/pt-pt\\\/author\\\/sjdigital\\\/\"}]}<\/script>\n<!-- \/ Yoast SEO plugin. -->","yoast_head_json":{"title":"Teresa de Jesus e Maria companheiras de viagem - En Compa\u00f1\u00eda STJ","robots":{"index":"index","follow":"follow","max-snippet":"max-snippet:-1","max-image-preview":"max-image-preview:large","max-video-preview":"max-video-preview:-1"},"canonical":"https:\/\/encompaniastj.org\/pt-pt\/13713\/","og_locale":"pt_PT","og_type":"article","og_title":"Teresa de Jesus e Maria companheiras de viagem - En Compa\u00f1\u00eda STJ","og_description":"Depois de tantas formas diferentes de celebrar a festa de Santa Teresa ao longo da minha vida, este ano, inesperadamente, encontrei-me a celebrar a sua festa em \u00c1vila, a sua [&hellip;]","og_url":"https:\/\/encompaniastj.org\/pt-pt\/13713\/","og_site_name":"En Compa\u00f1\u00eda STJ","article_published_time":"2024-10-24T06:21:23+00:00","article_modified_time":"2025-07-07T14:26:10+00:00","og_image":[{"width":2560,"height":1605,"url":"https:\/\/encompaniastj.org\/wp-content\/uploads\/2025\/05\/20241015_131820-scaled-1.jpg","type":"image\/jpeg"}],"author":"admin","twitter_card":"summary_large_image","twitter_misc":{"Escrito por":"admin","Tempo estimado de leitura":"3 minutos"},"schema":{"@context":"https:\/\/schema.org","@graph":[{"@type":"Article","@id":"https:\/\/encompaniastj.org\/pt-pt\/13713\/#article","isPartOf":{"@id":"https:\/\/encompaniastj.org\/pt-pt\/13713\/"},"author":{"name":"admin","@id":"https:\/\/encompaniastj.org\/pt-pt\/#\/schema\/person\/520e7ecc314793d40091993c2a02b651"},"headline":"Teresa de Jesus e Maria companheiras de viagem","datePublished":"2024-10-24T06:21:23+00:00","dateModified":"2025-07-07T14:26:10+00:00","mainEntityOfPage":{"@id":"https:\/\/encompaniastj.org\/pt-pt\/13713\/"},"wordCount":519,"commentCount":0,"publisher":{"@id":"https:\/\/encompaniastj.org\/pt-pt\/#organization"},"image":{"@id":"https:\/\/encompaniastj.org\/pt-pt\/13713\/#primaryimage"},"thumbnailUrl":"https:\/\/encompaniastj.org\/wp-content\/uploads\/2025\/05\/20241015_131820-scaled-1.jpg","articleSection":["Noticias","Otras","Outras"],"inLanguage":"pt-PT","potentialAction":[{"@type":"CommentAction","name":"Comment","target":["https:\/\/encompaniastj.org\/pt-pt\/13713\/#respond"]}]},{"@type":"WebPage","@id":"https:\/\/encompaniastj.org\/pt-pt\/13713\/","url":"https:\/\/encompaniastj.org\/pt-pt\/13713\/","name":"Teresa de Jesus e Maria companheiras de viagem - En Compa\u00f1\u00eda STJ","isPartOf":{"@id":"https:\/\/encompaniastj.org\/pt-pt\/#website"},"primaryImageOfPage":{"@id":"https:\/\/encompaniastj.org\/pt-pt\/13713\/#primaryimage"},"image":{"@id":"https:\/\/encompaniastj.org\/pt-pt\/13713\/#primaryimage"},"thumbnailUrl":"https:\/\/encompaniastj.org\/wp-content\/uploads\/2025\/05\/20241015_131820-scaled-1.jpg","datePublished":"2024-10-24T06:21:23+00:00","dateModified":"2025-07-07T14:26:10+00:00","breadcrumb":{"@id":"https:\/\/encompaniastj.org\/pt-pt\/13713\/#breadcrumb"},"inLanguage":"pt-PT","potentialAction":[{"@type":"ReadAction","target":["https:\/\/encompaniastj.org\/pt-pt\/13713\/"]}]},{"@type":"ImageObject","inLanguage":"pt-PT","@id":"https:\/\/encompaniastj.org\/pt-pt\/13713\/#primaryimage","url":"https:\/\/encompaniastj.org\/wp-content\/uploads\/2025\/05\/20241015_131820-scaled-1.jpg","contentUrl":"https:\/\/encompaniastj.org\/wp-content\/uploads\/2025\/05\/20241015_131820-scaled-1.jpg","width":2560,"height":1605},{"@type":"BreadcrumbList","@id":"https:\/\/encompaniastj.org\/pt-pt\/13713\/#breadcrumb","itemListElement":[{"@type":"ListItem","position":1,"name":"Portada","item":"https:\/\/encompaniastj.org\/pt-pt\/"},{"@type":"ListItem","position":2,"name":"Teresa de Jesus e Maria companheiras de viagem"}]},{"@type":"WebSite","@id":"https:\/\/encompaniastj.org\/pt-pt\/#website","url":"https:\/\/encompaniastj.org\/pt-pt\/","name":"En Compa\u00f1\u00eda STJ","description":"Bolet\u00edn de la Compa\u00f1\u00eda de Santa Teresa de Jes\u00fas","publisher":{"@id":"https:\/\/encompaniastj.org\/pt-pt\/#organization"},"potentialAction":[{"@type":"SearchAction","target":{"@type":"EntryPoint","urlTemplate":"https:\/\/encompaniastj.org\/pt-pt\/?s={search_term_string}"},"query-input":{"@type":"PropertyValueSpecification","valueRequired":true,"valueName":"search_term_string"}}],"inLanguage":"pt-PT"},{"@type":"Organization","@id":"https:\/\/encompaniastj.org\/pt-pt\/#organization","name":"Compa\u00f1\u00eda de Santa Teresa de Jes\u00fas","url":"https:\/\/encompaniastj.org\/pt-pt\/","logo":{"@type":"ImageObject","inLanguage":"pt-PT","@id":"https:\/\/encompaniastj.org\/pt-pt\/#\/schema\/logo\/image\/","url":"https:\/\/encompaniastj.org\/wp-content\/uploads\/2025\/04\/logo_provincias02-1-3.png","contentUrl":"https:\/\/encompaniastj.org\/wp-content\/uploads\/2025\/04\/logo_provincias02-1-3.png","width":2368,"height":825,"caption":"Compa\u00f1\u00eda de Santa Teresa de Jes\u00fas"},"image":{"@id":"https:\/\/encompaniastj.org\/pt-pt\/#\/schema\/logo\/image\/"}},{"@type":"Person","@id":"https:\/\/encompaniastj.org\/pt-pt\/#\/schema\/person\/520e7ecc314793d40091993c2a02b651","name":"admin","image":{"@type":"ImageObject","inLanguage":"pt-PT","@id":"https:\/\/secure.gravatar.com\/avatar\/948b492cce32b586ac2db0eaa926ee87024f7afe218d73b397ea5ddfc5f43ea1?s=96&d=mm&r=g","url":"https:\/\/secure.gravatar.com\/avatar\/948b492cce32b586ac2db0eaa926ee87024f7afe218d73b397ea5ddfc5f43ea1?s=96&d=mm&r=g","contentUrl":"https:\/\/secure.gravatar.com\/avatar\/948b492cce32b586ac2db0eaa926ee87024f7afe218d73b397ea5ddfc5f43ea1?s=96&d=mm&r=g","caption":"admin"},"sameAs":["https:\/\/encompaniastj.org"],"url":"https:\/\/encompaniastj.org\/pt-pt\/author\/sjdigital\/"}]}},"_links":{"self":[{"href":"https:\/\/encompaniastj.org\/pt-pt\/wp-json\/wp\/v2\/posts\/12327","targetHints":{"allow":["GET"]}}],"collection":[{"href":"https:\/\/encompaniastj.org\/pt-pt\/wp-json\/wp\/v2\/posts"}],"about":[{"href":"https:\/\/encompaniastj.org\/pt-pt\/wp-json\/wp\/v2\/types\/post"}],"author":[{"embeddable":true,"href":"https:\/\/encompaniastj.org\/pt-pt\/wp-json\/wp\/v2\/users\/1"}],"replies":[{"embeddable":true,"href":"https:\/\/encompaniastj.org\/pt-pt\/wp-json\/wp\/v2\/comments?post=12327"}],"version-history":[{"count":1,"href":"https:\/\/encompaniastj.org\/pt-pt\/wp-json\/wp\/v2\/posts\/12327\/revisions"}],"predecessor-version":[{"id":12328,"href":"https:\/\/encompaniastj.org\/pt-pt\/wp-json\/wp\/v2\/posts\/12327\/revisions\/12328"}],"wp:featuredmedia":[{"embeddable":true,"href":"https:\/\/encompaniastj.org\/pt-pt\/wp-json\/wp\/v2\/media\/8839"}],"wp:attachment":[{"href":"https:\/\/encompaniastj.org\/pt-pt\/wp-json\/wp\/v2\/media?parent=12327"}],"wp:term":[{"taxonomy":"category","embeddable":true,"href":"https:\/\/encompaniastj.org\/pt-pt\/wp-json\/wp\/v2\/categories?post=12327"},{"taxonomy":"post_tag","embeddable":true,"href":"https:\/\/encompaniastj.org\/pt-pt\/wp-json\/wp\/v2\/tags?post=12327"}],"curies":[{"name":"wp","href":"https:\/\/api.w.org\/{rel}","templated":true}]}}