{"id":12319,"date":"2024-10-24T07:59:06","date_gmt":"2024-10-24T05:59:06","guid":{"rendered":"https:\/\/encompaniastj.org\/abrindo-caminhos-em-san-cristobal-fundo-casa-comum\/"},"modified":"2025-07-07T16:26:07","modified_gmt":"2025-07-07T14:26:07","slug":"abrindo-caminhos-em-san-cristobal-fundo-casa-comum","status":"publish","type":"post","link":"https:\/\/encompaniastj.org\/pt-pt\/abrindo-caminhos-em-san-cristobal-fundo-casa-comum\/","title":{"rendered":"Abrindo caminhos em San Crist\u00f3bal (Fundo casa comum)"},"content":{"rendered":"<p>Desde a nossa chegada a San Crist\u00f3bal, a comunidade tem estado muito envolvida nos projetos socioeducativos do bairro, colaborando com a par\u00f3quia e tamb\u00e9m em associa\u00e7\u00f5es como Educa\u00e7\u00e3o, Cultura e Solidariedade (ECyS) que \u00e9 apoiada, em grande parte, pela Institui\u00e7\u00e3o Teresiana, e na qual participamos atualmente de uma forma mais ativa como s\u00f3cias desta.<\/p>\n<p>Em di\u00e1logo com pessoas da Dire\u00e7\u00e3o e Junta de ECyS, foi-se estudando, com muita ilus\u00e3o e envolvimento, a possibilidade de oferecer os m\u00f3dulos formativos destinados \u00e0 obten\u00e7\u00e3o de certificados de profissionalidade com os quais se pode favorecer o enraizamento por forma\u00e7\u00e3o, esperan\u00e7a de um futuro melhor para muitas pessoas que chegam ao bairro em situa\u00e7\u00e3o desprotegida e sem quase possibilidade de acesso ao mundo do trabalho. A comunidade apresentou um projeto para ser subsidiado com o Fundo &#8220;Casa Comum&#8221;, que foi aprovado.<\/p>\n<p>Pusemos m\u00e3os \u00e0 obra num projeto partilhado que esperamos que em janeiro de 2025 seja uma realidade.<\/p>\n<p>Como estamos tecendo este sonho?<\/p>\n<p>O CEYS tem ensinado Educa\u00e7\u00e3o Secund\u00e1ria para adultos h\u00e1 anos, o que favorece a obten\u00e7\u00e3o da autoriza\u00e7\u00e3o do ensino para obter os certificados.<\/p>\n<p>Atualmente est\u00e3o quase definidos os m\u00f3dulos que oferecer\u00edamos e todos os requisitos necess\u00e1rios.\u00a0 As instala\u00e7\u00f5es da associa\u00e7\u00e3o n\u00e3o t\u00eam espa\u00e7o suficiente, e \u00e9 a par\u00f3quia que ofereceu uma instala\u00e7\u00e3o que conta com as medidas, com acesso independente e que seria \u00f3timo para dar as aulas. Est\u00e1 a ser elaborado o acordo de colabora\u00e7\u00e3o para a assinatura com o Arcebispado de Madrid. Tamb\u00e9m foi dialogado com o presidente da Junta Municipal do Distrito para futuras subven\u00e7\u00f5es e colabora\u00e7\u00f5es.<\/p>\n<p>Acreditamos que a comunidade, e atrav\u00e9s da nossa Prov\u00edncia, est\u00e1 envolvida em todo este processo, n\u00e3o s\u00f3 desde o projeto aprovado e que ajudar\u00e1 economicamente no in\u00edcio, mas tamb\u00e9m apoiando o projeto com conversa\u00e7\u00f5es, pesquisas, ajudas, etc., que esperamos d\u00eam fruto.<\/p>\n<p>Agradecemos muito por fazer parte de uma REDE de entidades e pessoas que buscam &#8220;um lugar melhor&#8221; para os nossos irm\u00e3os e irm\u00e3s.<\/p>\n<p>Vos iremos contando!<\/p>\n<p><img loading=\"lazy\" decoding=\"async\" class=\"aligncenter wp-image-13687 size-large\" src=\"https:\/\/encompaniastj.org\/wp-content\/uploads\/2025\/05\/Calle-Benimamet-San-Cristobal-Angeles_1939316056_4567487_1300x731.jpg\" alt=\"\" width=\"1024\" height=\"576\" \/><\/p>\n<p><img loading=\"lazy\" decoding=\"async\" class=\"aligncenter wp-image-13689 size-large\" src=\"https:\/\/encompaniastj.org\/wp-content\/uploads\/2025\/05\/Madrid_-_Villaverde_Iglesia_de_Nuestra_Senora_de_los_Desamparados_02.jpg\" alt=\"\" width=\"1024\" height=\"768\" \/><\/p>\n","protected":false},"excerpt":{"rendered":"<p>Desde a nossa chegada a San Crist\u00f3bal, a comunidade tem estado muito envolvida nos projetos socioeducativos do bairro, colaborando com a par\u00f3quia e tamb\u00e9m em associa\u00e7\u00f5es como Educa\u00e7\u00e3o, Cultura e [&hellip;]<\/p>\n","protected":false},"author":1,"featured_media":8836,"comment_status":"open","ping_status":"open","sticky":false,"template":"","format":"standard","meta":{"_acf_changed":false,"footnotes":""},"categories":[61,80,78],"tags":[],"class_list":["post-12319","post","type-post","status-publish","format-standard","has-post-thumbnail","hentry","category-noticias","category-paroquial-eclesial","category-parroquial-eclesial"],"acf":[],"yoast_head":"<!-- This site is optimized with the Yoast SEO plugin v27.5 - https:\/\/yoast.com\/product\/yoast-seo-wordpress\/ -->\n<title>Abrindo caminhos em San Crist\u00f3bal (Fundo casa comum) - En Compa\u00f1\u00eda STJ<\/title>\n<meta name=\"robots\" content=\"index, follow, max-snippet:-1, max-image-preview:large, max-video-preview:-1\" \/>\n<link rel=\"canonical\" href=\"https:\/\/encompaniastj.org\/pt-pt\/abrindo-caminhos-em-san-cristobal-fundo-casa-comum\/\" \/>\n<meta property=\"og:locale\" content=\"pt_PT\" \/>\n<meta property=\"og:type\" content=\"article\" \/>\n<meta property=\"og:title\" content=\"Abrindo caminhos em San Crist\u00f3bal (Fundo casa comum) - En Compa\u00f1\u00eda STJ\" \/>\n<meta property=\"og:description\" content=\"Desde a nossa chegada a San Crist\u00f3bal, a comunidade tem estado muito envolvida nos projetos socioeducativos do bairro, colaborando com a par\u00f3quia e tamb\u00e9m em associa\u00e7\u00f5es como Educa\u00e7\u00e3o, Cultura e [&hellip;]\" \/>\n<meta property=\"og:url\" content=\"https:\/\/encompaniastj.org\/pt-pt\/abrindo-caminhos-em-san-cristobal-fundo-casa-comum\/\" \/>\n<meta property=\"og:site_name\" content=\"En Compa\u00f1\u00eda STJ\" \/>\n<meta property=\"article:published_time\" content=\"2024-10-24T05:59:06+00:00\" \/>\n<meta property=\"article:modified_time\" content=\"2025-07-07T14:26:07+00:00\" \/>\n<meta property=\"og:image\" content=\"https:\/\/encompaniastj.org\/wp-content\/uploads\/2025\/05\/san-cristobal.jpg\" \/>\n\t<meta property=\"og:image:width\" content=\"1200\" \/>\n\t<meta property=\"og:image:height\" content=\"1600\" \/>\n\t<meta property=\"og:image:type\" content=\"image\/jpeg\" \/>\n<meta name=\"author\" content=\"admin\" \/>\n<meta name=\"twitter:card\" content=\"summary_large_image\" \/>\n<meta name=\"twitter:label1\" content=\"Escrito por\" \/>\n\t<meta name=\"twitter:data1\" content=\"admin\" \/>\n\t<meta name=\"twitter:label2\" content=\"Tempo estimado de leitura\" \/>\n\t<meta name=\"twitter:data2\" content=\"3 minutos\" \/>\n<script type=\"application\/ld+json\" class=\"yoast-schema-graph\">{\"@context\":\"https:\\\/\\\/schema.org\",\"@graph\":[{\"@type\":\"Article\",\"@id\":\"https:\\\/\\\/encompaniastj.org\\\/pt-pt\\\/abrindo-caminhos-em-san-cristobal-fundo-casa-comum\\\/#article\",\"isPartOf\":{\"@id\":\"https:\\\/\\\/encompaniastj.org\\\/pt-pt\\\/abrindo-caminhos-em-san-cristobal-fundo-casa-comum\\\/\"},\"author\":{\"name\":\"admin\",\"@id\":\"https:\\\/\\\/encompaniastj.org\\\/pt-pt\\\/#\\\/schema\\\/person\\\/520e7ecc314793d40091993c2a02b651\"},\"headline\":\"Abrindo caminhos em San Crist\u00f3bal (Fundo casa comum)\",\"datePublished\":\"2024-10-24T05:59:06+00:00\",\"dateModified\":\"2025-07-07T14:26:07+00:00\",\"mainEntityOfPage\":{\"@id\":\"https:\\\/\\\/encompaniastj.org\\\/pt-pt\\\/abrindo-caminhos-em-san-cristobal-fundo-casa-comum\\\/\"},\"wordCount\":373,\"commentCount\":0,\"publisher\":{\"@id\":\"https:\\\/\\\/encompaniastj.org\\\/pt-pt\\\/#organization\"},\"image\":{\"@id\":\"https:\\\/\\\/encompaniastj.org\\\/pt-pt\\\/abrindo-caminhos-em-san-cristobal-fundo-casa-comum\\\/#primaryimage\"},\"thumbnailUrl\":\"https:\\\/\\\/encompaniastj.org\\\/wp-content\\\/uploads\\\/2025\\\/05\\\/san-cristobal.jpg\",\"articleSection\":[\"Noticias\",\"Paroquial - eclesial\",\"Parroquial - Eclesial\"],\"inLanguage\":\"pt-PT\",\"potentialAction\":[{\"@type\":\"CommentAction\",\"name\":\"Comment\",\"target\":[\"https:\\\/\\\/encompaniastj.org\\\/pt-pt\\\/abrindo-caminhos-em-san-cristobal-fundo-casa-comum\\\/#respond\"]}]},{\"@type\":\"WebPage\",\"@id\":\"https:\\\/\\\/encompaniastj.org\\\/pt-pt\\\/abrindo-caminhos-em-san-cristobal-fundo-casa-comum\\\/\",\"url\":\"https:\\\/\\\/encompaniastj.org\\\/pt-pt\\\/abrindo-caminhos-em-san-cristobal-fundo-casa-comum\\\/\",\"name\":\"Abrindo caminhos em San Crist\u00f3bal (Fundo casa comum) - En Compa\u00f1\u00eda STJ\",\"isPartOf\":{\"@id\":\"https:\\\/\\\/encompaniastj.org\\\/pt-pt\\\/#website\"},\"primaryImageOfPage\":{\"@id\":\"https:\\\/\\\/encompaniastj.org\\\/pt-pt\\\/abrindo-caminhos-em-san-cristobal-fundo-casa-comum\\\/#primaryimage\"},\"image\":{\"@id\":\"https:\\\/\\\/encompaniastj.org\\\/pt-pt\\\/abrindo-caminhos-em-san-cristobal-fundo-casa-comum\\\/#primaryimage\"},\"thumbnailUrl\":\"https:\\\/\\\/encompaniastj.org\\\/wp-content\\\/uploads\\\/2025\\\/05\\\/san-cristobal.jpg\",\"datePublished\":\"2024-10-24T05:59:06+00:00\",\"dateModified\":\"2025-07-07T14:26:07+00:00\",\"breadcrumb\":{\"@id\":\"https:\\\/\\\/encompaniastj.org\\\/pt-pt\\\/abrindo-caminhos-em-san-cristobal-fundo-casa-comum\\\/#breadcrumb\"},\"inLanguage\":\"pt-PT\",\"potentialAction\":[{\"@type\":\"ReadAction\",\"target\":[\"https:\\\/\\\/encompaniastj.org\\\/pt-pt\\\/abrindo-caminhos-em-san-cristobal-fundo-casa-comum\\\/\"]}]},{\"@type\":\"ImageObject\",\"inLanguage\":\"pt-PT\",\"@id\":\"https:\\\/\\\/encompaniastj.org\\\/pt-pt\\\/abrindo-caminhos-em-san-cristobal-fundo-casa-comum\\\/#primaryimage\",\"url\":\"https:\\\/\\\/encompaniastj.org\\\/wp-content\\\/uploads\\\/2025\\\/05\\\/san-cristobal.jpg\",\"contentUrl\":\"https:\\\/\\\/encompaniastj.org\\\/wp-content\\\/uploads\\\/2025\\\/05\\\/san-cristobal.jpg\",\"width\":1200,\"height\":1600},{\"@type\":\"BreadcrumbList\",\"@id\":\"https:\\\/\\\/encompaniastj.org\\\/pt-pt\\\/abrindo-caminhos-em-san-cristobal-fundo-casa-comum\\\/#breadcrumb\",\"itemListElement\":[{\"@type\":\"ListItem\",\"position\":1,\"name\":\"Portada\",\"item\":\"https:\\\/\\\/encompaniastj.org\\\/pt-pt\\\/\"},{\"@type\":\"ListItem\",\"position\":2,\"name\":\"Abrindo caminhos em San Crist\u00f3bal (Fundo casa comum)\"}]},{\"@type\":\"WebSite\",\"@id\":\"https:\\\/\\\/encompaniastj.org\\\/pt-pt\\\/#website\",\"url\":\"https:\\\/\\\/encompaniastj.org\\\/pt-pt\\\/\",\"name\":\"En Compa\u00f1\u00eda STJ\",\"description\":\"Bolet\u00edn de la Compa\u00f1\u00eda de Santa Teresa de Jes\u00fas\",\"publisher\":{\"@id\":\"https:\\\/\\\/encompaniastj.org\\\/pt-pt\\\/#organization\"},\"potentialAction\":[{\"@type\":\"SearchAction\",\"target\":{\"@type\":\"EntryPoint\",\"urlTemplate\":\"https:\\\/\\\/encompaniastj.org\\\/pt-pt\\\/?s={search_term_string}\"},\"query-input\":{\"@type\":\"PropertyValueSpecification\",\"valueRequired\":true,\"valueName\":\"search_term_string\"}}],\"inLanguage\":\"pt-PT\"},{\"@type\":\"Organization\",\"@id\":\"https:\\\/\\\/encompaniastj.org\\\/pt-pt\\\/#organization\",\"name\":\"Compa\u00f1\u00eda de Santa Teresa de Jes\u00fas\",\"url\":\"https:\\\/\\\/encompaniastj.org\\\/pt-pt\\\/\",\"logo\":{\"@type\":\"ImageObject\",\"inLanguage\":\"pt-PT\",\"@id\":\"https:\\\/\\\/encompaniastj.org\\\/pt-pt\\\/#\\\/schema\\\/logo\\\/image\\\/\",\"url\":\"https:\\\/\\\/encompaniastj.org\\\/wp-content\\\/uploads\\\/2025\\\/04\\\/logo_provincias02-1-3.png\",\"contentUrl\":\"https:\\\/\\\/encompaniastj.org\\\/wp-content\\\/uploads\\\/2025\\\/04\\\/logo_provincias02-1-3.png\",\"width\":2368,\"height\":825,\"caption\":\"Compa\u00f1\u00eda de Santa Teresa de Jes\u00fas\"},\"image\":{\"@id\":\"https:\\\/\\\/encompaniastj.org\\\/pt-pt\\\/#\\\/schema\\\/logo\\\/image\\\/\"}},{\"@type\":\"Person\",\"@id\":\"https:\\\/\\\/encompaniastj.org\\\/pt-pt\\\/#\\\/schema\\\/person\\\/520e7ecc314793d40091993c2a02b651\",\"name\":\"admin\",\"image\":{\"@type\":\"ImageObject\",\"inLanguage\":\"pt-PT\",\"@id\":\"https:\\\/\\\/secure.gravatar.com\\\/avatar\\\/948b492cce32b586ac2db0eaa926ee87024f7afe218d73b397ea5ddfc5f43ea1?s=96&d=mm&r=g\",\"url\":\"https:\\\/\\\/secure.gravatar.com\\\/avatar\\\/948b492cce32b586ac2db0eaa926ee87024f7afe218d73b397ea5ddfc5f43ea1?s=96&d=mm&r=g\",\"contentUrl\":\"https:\\\/\\\/secure.gravatar.com\\\/avatar\\\/948b492cce32b586ac2db0eaa926ee87024f7afe218d73b397ea5ddfc5f43ea1?s=96&d=mm&r=g\",\"caption\":\"admin\"},\"sameAs\":[\"https:\\\/\\\/encompaniastj.org\"],\"url\":\"https:\\\/\\\/encompaniastj.org\\\/pt-pt\\\/author\\\/sjdigital\\\/\"}]}<\/script>\n<!-- \/ Yoast SEO plugin. -->","yoast_head_json":{"title":"Abrindo caminhos em San Crist\u00f3bal (Fundo casa comum) - En Compa\u00f1\u00eda STJ","robots":{"index":"index","follow":"follow","max-snippet":"max-snippet:-1","max-image-preview":"max-image-preview:large","max-video-preview":"max-video-preview:-1"},"canonical":"https:\/\/encompaniastj.org\/pt-pt\/abrindo-caminhos-em-san-cristobal-fundo-casa-comum\/","og_locale":"pt_PT","og_type":"article","og_title":"Abrindo caminhos em San Crist\u00f3bal (Fundo casa comum) - En Compa\u00f1\u00eda STJ","og_description":"Desde a nossa chegada a San Crist\u00f3bal, a comunidade tem estado muito envolvida nos projetos socioeducativos do bairro, colaborando com a par\u00f3quia e tamb\u00e9m em associa\u00e7\u00f5es como Educa\u00e7\u00e3o, Cultura e [&hellip;]","og_url":"https:\/\/encompaniastj.org\/pt-pt\/abrindo-caminhos-em-san-cristobal-fundo-casa-comum\/","og_site_name":"En Compa\u00f1\u00eda STJ","article_published_time":"2024-10-24T05:59:06+00:00","article_modified_time":"2025-07-07T14:26:07+00:00","og_image":[{"width":1200,"height":1600,"url":"https:\/\/encompaniastj.org\/wp-content\/uploads\/2025\/05\/san-cristobal.jpg","type":"image\/jpeg"}],"author":"admin","twitter_card":"summary_large_image","twitter_misc":{"Escrito por":"admin","Tempo estimado de leitura":"3 minutos"},"schema":{"@context":"https:\/\/schema.org","@graph":[{"@type":"Article","@id":"https:\/\/encompaniastj.org\/pt-pt\/abrindo-caminhos-em-san-cristobal-fundo-casa-comum\/#article","isPartOf":{"@id":"https:\/\/encompaniastj.org\/pt-pt\/abrindo-caminhos-em-san-cristobal-fundo-casa-comum\/"},"author":{"name":"admin","@id":"https:\/\/encompaniastj.org\/pt-pt\/#\/schema\/person\/520e7ecc314793d40091993c2a02b651"},"headline":"Abrindo caminhos em San Crist\u00f3bal (Fundo casa comum)","datePublished":"2024-10-24T05:59:06+00:00","dateModified":"2025-07-07T14:26:07+00:00","mainEntityOfPage":{"@id":"https:\/\/encompaniastj.org\/pt-pt\/abrindo-caminhos-em-san-cristobal-fundo-casa-comum\/"},"wordCount":373,"commentCount":0,"publisher":{"@id":"https:\/\/encompaniastj.org\/pt-pt\/#organization"},"image":{"@id":"https:\/\/encompaniastj.org\/pt-pt\/abrindo-caminhos-em-san-cristobal-fundo-casa-comum\/#primaryimage"},"thumbnailUrl":"https:\/\/encompaniastj.org\/wp-content\/uploads\/2025\/05\/san-cristobal.jpg","articleSection":["Noticias","Paroquial - eclesial","Parroquial - Eclesial"],"inLanguage":"pt-PT","potentialAction":[{"@type":"CommentAction","name":"Comment","target":["https:\/\/encompaniastj.org\/pt-pt\/abrindo-caminhos-em-san-cristobal-fundo-casa-comum\/#respond"]}]},{"@type":"WebPage","@id":"https:\/\/encompaniastj.org\/pt-pt\/abrindo-caminhos-em-san-cristobal-fundo-casa-comum\/","url":"https:\/\/encompaniastj.org\/pt-pt\/abrindo-caminhos-em-san-cristobal-fundo-casa-comum\/","name":"Abrindo caminhos em San Crist\u00f3bal (Fundo casa comum) - En Compa\u00f1\u00eda STJ","isPartOf":{"@id":"https:\/\/encompaniastj.org\/pt-pt\/#website"},"primaryImageOfPage":{"@id":"https:\/\/encompaniastj.org\/pt-pt\/abrindo-caminhos-em-san-cristobal-fundo-casa-comum\/#primaryimage"},"image":{"@id":"https:\/\/encompaniastj.org\/pt-pt\/abrindo-caminhos-em-san-cristobal-fundo-casa-comum\/#primaryimage"},"thumbnailUrl":"https:\/\/encompaniastj.org\/wp-content\/uploads\/2025\/05\/san-cristobal.jpg","datePublished":"2024-10-24T05:59:06+00:00","dateModified":"2025-07-07T14:26:07+00:00","breadcrumb":{"@id":"https:\/\/encompaniastj.org\/pt-pt\/abrindo-caminhos-em-san-cristobal-fundo-casa-comum\/#breadcrumb"},"inLanguage":"pt-PT","potentialAction":[{"@type":"ReadAction","target":["https:\/\/encompaniastj.org\/pt-pt\/abrindo-caminhos-em-san-cristobal-fundo-casa-comum\/"]}]},{"@type":"ImageObject","inLanguage":"pt-PT","@id":"https:\/\/encompaniastj.org\/pt-pt\/abrindo-caminhos-em-san-cristobal-fundo-casa-comum\/#primaryimage","url":"https:\/\/encompaniastj.org\/wp-content\/uploads\/2025\/05\/san-cristobal.jpg","contentUrl":"https:\/\/encompaniastj.org\/wp-content\/uploads\/2025\/05\/san-cristobal.jpg","width":1200,"height":1600},{"@type":"BreadcrumbList","@id":"https:\/\/encompaniastj.org\/pt-pt\/abrindo-caminhos-em-san-cristobal-fundo-casa-comum\/#breadcrumb","itemListElement":[{"@type":"ListItem","position":1,"name":"Portada","item":"https:\/\/encompaniastj.org\/pt-pt\/"},{"@type":"ListItem","position":2,"name":"Abrindo caminhos em San Crist\u00f3bal (Fundo casa comum)"}]},{"@type":"WebSite","@id":"https:\/\/encompaniastj.org\/pt-pt\/#website","url":"https:\/\/encompaniastj.org\/pt-pt\/","name":"En Compa\u00f1\u00eda STJ","description":"Bolet\u00edn de la Compa\u00f1\u00eda de Santa Teresa de Jes\u00fas","publisher":{"@id":"https:\/\/encompaniastj.org\/pt-pt\/#organization"},"potentialAction":[{"@type":"SearchAction","target":{"@type":"EntryPoint","urlTemplate":"https:\/\/encompaniastj.org\/pt-pt\/?s={search_term_string}"},"query-input":{"@type":"PropertyValueSpecification","valueRequired":true,"valueName":"search_term_string"}}],"inLanguage":"pt-PT"},{"@type":"Organization","@id":"https:\/\/encompaniastj.org\/pt-pt\/#organization","name":"Compa\u00f1\u00eda de Santa Teresa de Jes\u00fas","url":"https:\/\/encompaniastj.org\/pt-pt\/","logo":{"@type":"ImageObject","inLanguage":"pt-PT","@id":"https:\/\/encompaniastj.org\/pt-pt\/#\/schema\/logo\/image\/","url":"https:\/\/encompaniastj.org\/wp-content\/uploads\/2025\/04\/logo_provincias02-1-3.png","contentUrl":"https:\/\/encompaniastj.org\/wp-content\/uploads\/2025\/04\/logo_provincias02-1-3.png","width":2368,"height":825,"caption":"Compa\u00f1\u00eda de Santa Teresa de Jes\u00fas"},"image":{"@id":"https:\/\/encompaniastj.org\/pt-pt\/#\/schema\/logo\/image\/"}},{"@type":"Person","@id":"https:\/\/encompaniastj.org\/pt-pt\/#\/schema\/person\/520e7ecc314793d40091993c2a02b651","name":"admin","image":{"@type":"ImageObject","inLanguage":"pt-PT","@id":"https:\/\/secure.gravatar.com\/avatar\/948b492cce32b586ac2db0eaa926ee87024f7afe218d73b397ea5ddfc5f43ea1?s=96&d=mm&r=g","url":"https:\/\/secure.gravatar.com\/avatar\/948b492cce32b586ac2db0eaa926ee87024f7afe218d73b397ea5ddfc5f43ea1?s=96&d=mm&r=g","contentUrl":"https:\/\/secure.gravatar.com\/avatar\/948b492cce32b586ac2db0eaa926ee87024f7afe218d73b397ea5ddfc5f43ea1?s=96&d=mm&r=g","caption":"admin"},"sameAs":["https:\/\/encompaniastj.org"],"url":"https:\/\/encompaniastj.org\/pt-pt\/author\/sjdigital\/"}]}},"_links":{"self":[{"href":"https:\/\/encompaniastj.org\/pt-pt\/wp-json\/wp\/v2\/posts\/12319","targetHints":{"allow":["GET"]}}],"collection":[{"href":"https:\/\/encompaniastj.org\/pt-pt\/wp-json\/wp\/v2\/posts"}],"about":[{"href":"https:\/\/encompaniastj.org\/pt-pt\/wp-json\/wp\/v2\/types\/post"}],"author":[{"embeddable":true,"href":"https:\/\/encompaniastj.org\/pt-pt\/wp-json\/wp\/v2\/users\/1"}],"replies":[{"embeddable":true,"href":"https:\/\/encompaniastj.org\/pt-pt\/wp-json\/wp\/v2\/comments?post=12319"}],"version-history":[{"count":1,"href":"https:\/\/encompaniastj.org\/pt-pt\/wp-json\/wp\/v2\/posts\/12319\/revisions"}],"predecessor-version":[{"id":12320,"href":"https:\/\/encompaniastj.org\/pt-pt\/wp-json\/wp\/v2\/posts\/12319\/revisions\/12320"}],"wp:featuredmedia":[{"embeddable":true,"href":"https:\/\/encompaniastj.org\/pt-pt\/wp-json\/wp\/v2\/media\/8836"}],"wp:attachment":[{"href":"https:\/\/encompaniastj.org\/pt-pt\/wp-json\/wp\/v2\/media?parent=12319"}],"wp:term":[{"taxonomy":"category","embeddable":true,"href":"https:\/\/encompaniastj.org\/pt-pt\/wp-json\/wp\/v2\/categories?post=12319"},{"taxonomy":"post_tag","embeddable":true,"href":"https:\/\/encompaniastj.org\/pt-pt\/wp-json\/wp\/v2\/tags?post=12319"}],"curies":[{"name":"wp","href":"https:\/\/api.w.org\/{rel}","templated":true}]}}