{"id":12301,"date":"2024-10-23T07:12:11","date_gmt":"2024-10-23T05:12:11","guid":{"rendered":"https:\/\/encompaniastj.org\/isabel-barbero-sanchez-12-de-outubro-de-2024-avila-residencia\/"},"modified":"2025-07-07T16:26:05","modified_gmt":"2025-07-07T14:26:05","slug":"isabel-barbero-sanchez-12-de-outubro-de-2024-avila-residencia","status":"publish","type":"post","link":"https:\/\/encompaniastj.org\/pt-pt\/isabel-barbero-sanchez-12-de-outubro-de-2024-avila-residencia\/","title":{"rendered":"Isabel Barbero S\u00e1nchez. 12 de outubro de 2024 (Salamanca Resid\u00eancia)"},"content":{"rendered":"<p><em>\u201cOh chama de amor viva, que ternamente feres [\u2026] acaba j\u00e1 se<\/em><\/p>\n<p><em>queres; rompe a tela deste doce encontro\u201d<\/em><\/p>\n<p><em>\u201cQue bem sei eu a Fonte que mana e corre, embora seja noite\u201d<\/em><\/p>\n<p><em>\u00a0<\/em>Hoje, 12 de outubro, dia de Nossa Senhora do Pilar, a nossa irm\u00e3 Isabel j\u00e1 goza da <em>\u00c1gua dessa Fonte que mana e corre at\u00e9 \u00e0 vida eterna<\/em>, e se rasgou definitivamente a tela que impedia o abra\u00e7o definitivamente do Pai. Junto a Maria, a M\u00e3e, a S\u00e3o Jo\u00e3o da Cruz, do qual era ass\u00eddua leitora e muito devota, goza j\u00e1 desse amor que ganhou com a morte e nela a vida resplandece para sempre.<\/p>\n<p>A sua morte r\u00e1pida e sem tempo para que os m\u00e9dicos pudessem fazer algo, surpreendeu-nos esta manh\u00e3. Embora estivesse muito delicada de sa\u00fade e v\u00edssemos como se ia deteriorando paulatinamente, nada fazia prever um desenlace t\u00e3o r\u00e1pido.<\/p>\n<p>Nasceu em Herv\u00e1s h\u00e1 93 anos, uma linda terra na prov\u00edncia de C\u00e1ceres.<\/p>\n<p>Depois dos primeiros anos vividos em Tortosa e Barcelona-Diagonal, foi destinada a P\u00e1dua, onde fez os votos perp\u00e9tuos.<\/p>\n<p>Regressou a Espanha e esteve em Huelva, onde fez o curso de Educadora de Inf\u00e2ncia. Viveu depois em Mora, Due\u00f1as, Valladolid, \u00c1vila e em Salamanca desde o ano 2013. Depois de se aposentar seguiu trabalhando com empenho e dedica\u00e7\u00e3o noutras atividades na comunidade de \u00c1vila e depois em Salamanca, na rouparia, sendo incans\u00e1vel e minuciosa nas tarefas que realizava.<\/p>\n<p>Era servi\u00e7al, trabalhadora e boa comunicadora. Foi sempre fiel \u00e0 amizade das pessoas com quem se tinha relacionado e atenta aos acontecimentos da sua fam\u00edlia; com a \u00fanica irm\u00e3 que ainda est\u00e1 viva e com alguns sobrinhos, que os amava muito, tinha uma rela\u00e7\u00e3o afetuosa e pr\u00f3xima. Sempre foi agradecida e generosa com quantos conviveram com ela.<\/p>\n<p>Nesta sua \u00faltima doen\u00e7a, custava-lhe aceitar as suas limita\u00e7\u00f5es, sobretudo a perda da vis\u00e3o de um olho provocada por uma queda, uns anos atr\u00e1s, mas mostrava-se paciente e agradecida. Foi um duro caminho, mas a gra\u00e7a de Deus p\u00f4de mais que as suas resist\u00eancias e, finalmente, acolheu com paz a sua grave situa\u00e7\u00e3o deixando-se cuidar e, agradecendo a presen\u00e7a e o servi\u00e7o que lhe prestavam. Assim chega Isabel \u00e0 meta da sua vida \u201cmodelada pelo Senhor\u201d, pacificada e agradecida.<\/p>\n<p>Desejamos que esteja j\u00e1 a gozar da presen\u00e7a d\u2019 Aquele a quem consagrou a sua vida muitos anos. Damos gra\u00e7as a Deus pelo dom da sua vida, da sua entrega na Companhia ao longo de 71 anos e pelo dom da fraternidade.<\/p>\n","protected":false},"excerpt":{"rendered":"<p>\u201cOh chama de amor viva, que ternamente feres [\u2026] acaba j\u00e1 se queres; rompe a tela deste doce encontro\u201d \u201cQue bem sei eu a Fonte que mana e corre, embora [&hellip;]<\/p>\n","protected":false},"author":1,"featured_media":8830,"comment_status":"open","ping_status":"open","sticky":false,"template":"","format":"standard","meta":{"_acf_changed":false,"footnotes":""},"categories":[69],"tags":[],"class_list":["post-12301","post","type-post","status-publish","format-standard","has-post-thumbnail","hentry","category-falecimentos"],"acf":[],"yoast_head":"<!-- This site is optimized with the Yoast SEO plugin v27.5 - https:\/\/yoast.com\/product\/yoast-seo-wordpress\/ -->\n<title>Isabel Barbero S\u00e1nchez. 12 de outubro de 2024 (Salamanca Resid\u00eancia) - En Compa\u00f1\u00eda STJ<\/title>\n<meta name=\"robots\" content=\"index, follow, max-snippet:-1, max-image-preview:large, max-video-preview:-1\" \/>\n<link rel=\"canonical\" href=\"https:\/\/encompaniastj.org\/pt-pt\/isabel-barbero-sanchez-12-de-outubro-de-2024-avila-residencia\/\" \/>\n<meta property=\"og:locale\" content=\"pt_PT\" \/>\n<meta property=\"og:type\" content=\"article\" \/>\n<meta property=\"og:title\" content=\"Isabel Barbero S\u00e1nchez. 12 de outubro de 2024 (Salamanca Resid\u00eancia) - En Compa\u00f1\u00eda STJ\" \/>\n<meta property=\"og:description\" content=\"\u201cOh chama de amor viva, que ternamente feres [\u2026] acaba j\u00e1 se queres; rompe a tela deste doce encontro\u201d \u201cQue bem sei eu a Fonte que mana e corre, embora [&hellip;]\" \/>\n<meta property=\"og:url\" content=\"https:\/\/encompaniastj.org\/pt-pt\/isabel-barbero-sanchez-12-de-outubro-de-2024-avila-residencia\/\" \/>\n<meta property=\"og:site_name\" content=\"En Compa\u00f1\u00eda STJ\" \/>\n<meta property=\"article:published_time\" content=\"2024-10-23T05:12:11+00:00\" \/>\n<meta property=\"article:modified_time\" content=\"2025-07-07T14:26:05+00:00\" \/>\n<meta property=\"og:image\" content=\"https:\/\/encompaniastj.org\/wp-content\/uploads\/2025\/05\/istockphoto-864907344-612x612-1.jpg\" \/>\n\t<meta property=\"og:image:width\" content=\"612\" \/>\n\t<meta property=\"og:image:height\" content=\"377\" \/>\n\t<meta property=\"og:image:type\" content=\"image\/jpeg\" \/>\n<meta name=\"author\" content=\"admin\" \/>\n<meta name=\"twitter:card\" content=\"summary_large_image\" \/>\n<meta name=\"twitter:label1\" content=\"Escrito por\" \/>\n\t<meta name=\"twitter:data1\" content=\"admin\" \/>\n\t<meta name=\"twitter:label2\" content=\"Tempo estimado de leitura\" \/>\n\t<meta name=\"twitter:data2\" content=\"3 minutos\" \/>\n<script type=\"application\/ld+json\" class=\"yoast-schema-graph\">{\"@context\":\"https:\\\/\\\/schema.org\",\"@graph\":[{\"@type\":\"Article\",\"@id\":\"https:\\\/\\\/encompaniastj.org\\\/pt-pt\\\/isabel-barbero-sanchez-12-de-outubro-de-2024-avila-residencia\\\/#article\",\"isPartOf\":{\"@id\":\"https:\\\/\\\/encompaniastj.org\\\/pt-pt\\\/isabel-barbero-sanchez-12-de-outubro-de-2024-avila-residencia\\\/\"},\"author\":{\"name\":\"admin\",\"@id\":\"https:\\\/\\\/encompaniastj.org\\\/pt-pt\\\/#\\\/schema\\\/person\\\/520e7ecc314793d40091993c2a02b651\"},\"headline\":\"Isabel Barbero S\u00e1nchez. 12 de outubro de 2024 (Salamanca Resid\u00eancia)\",\"datePublished\":\"2024-10-23T05:12:11+00:00\",\"dateModified\":\"2025-07-07T14:26:05+00:00\",\"mainEntityOfPage\":{\"@id\":\"https:\\\/\\\/encompaniastj.org\\\/pt-pt\\\/isabel-barbero-sanchez-12-de-outubro-de-2024-avila-residencia\\\/\"},\"wordCount\":450,\"commentCount\":0,\"publisher\":{\"@id\":\"https:\\\/\\\/encompaniastj.org\\\/pt-pt\\\/#organization\"},\"image\":{\"@id\":\"https:\\\/\\\/encompaniastj.org\\\/pt-pt\\\/isabel-barbero-sanchez-12-de-outubro-de-2024-avila-residencia\\\/#primaryimage\"},\"thumbnailUrl\":\"https:\\\/\\\/encompaniastj.org\\\/wp-content\\\/uploads\\\/2025\\\/05\\\/istockphoto-864907344-612x612-1.jpg\",\"articleSection\":[\"Falecimentos\"],\"inLanguage\":\"pt-PT\",\"potentialAction\":[{\"@type\":\"CommentAction\",\"name\":\"Comment\",\"target\":[\"https:\\\/\\\/encompaniastj.org\\\/pt-pt\\\/isabel-barbero-sanchez-12-de-outubro-de-2024-avila-residencia\\\/#respond\"]}]},{\"@type\":\"WebPage\",\"@id\":\"https:\\\/\\\/encompaniastj.org\\\/pt-pt\\\/isabel-barbero-sanchez-12-de-outubro-de-2024-avila-residencia\\\/\",\"url\":\"https:\\\/\\\/encompaniastj.org\\\/pt-pt\\\/isabel-barbero-sanchez-12-de-outubro-de-2024-avila-residencia\\\/\",\"name\":\"Isabel Barbero S\u00e1nchez. 12 de outubro de 2024 (Salamanca Resid\u00eancia) - En Compa\u00f1\u00eda STJ\",\"isPartOf\":{\"@id\":\"https:\\\/\\\/encompaniastj.org\\\/pt-pt\\\/#website\"},\"primaryImageOfPage\":{\"@id\":\"https:\\\/\\\/encompaniastj.org\\\/pt-pt\\\/isabel-barbero-sanchez-12-de-outubro-de-2024-avila-residencia\\\/#primaryimage\"},\"image\":{\"@id\":\"https:\\\/\\\/encompaniastj.org\\\/pt-pt\\\/isabel-barbero-sanchez-12-de-outubro-de-2024-avila-residencia\\\/#primaryimage\"},\"thumbnailUrl\":\"https:\\\/\\\/encompaniastj.org\\\/wp-content\\\/uploads\\\/2025\\\/05\\\/istockphoto-864907344-612x612-1.jpg\",\"datePublished\":\"2024-10-23T05:12:11+00:00\",\"dateModified\":\"2025-07-07T14:26:05+00:00\",\"breadcrumb\":{\"@id\":\"https:\\\/\\\/encompaniastj.org\\\/pt-pt\\\/isabel-barbero-sanchez-12-de-outubro-de-2024-avila-residencia\\\/#breadcrumb\"},\"inLanguage\":\"pt-PT\",\"potentialAction\":[{\"@type\":\"ReadAction\",\"target\":[\"https:\\\/\\\/encompaniastj.org\\\/pt-pt\\\/isabel-barbero-sanchez-12-de-outubro-de-2024-avila-residencia\\\/\"]}]},{\"@type\":\"ImageObject\",\"inLanguage\":\"pt-PT\",\"@id\":\"https:\\\/\\\/encompaniastj.org\\\/pt-pt\\\/isabel-barbero-sanchez-12-de-outubro-de-2024-avila-residencia\\\/#primaryimage\",\"url\":\"https:\\\/\\\/encompaniastj.org\\\/wp-content\\\/uploads\\\/2025\\\/05\\\/istockphoto-864907344-612x612-1.jpg\",\"contentUrl\":\"https:\\\/\\\/encompaniastj.org\\\/wp-content\\\/uploads\\\/2025\\\/05\\\/istockphoto-864907344-612x612-1.jpg\",\"width\":612,\"height\":377},{\"@type\":\"BreadcrumbList\",\"@id\":\"https:\\\/\\\/encompaniastj.org\\\/pt-pt\\\/isabel-barbero-sanchez-12-de-outubro-de-2024-avila-residencia\\\/#breadcrumb\",\"itemListElement\":[{\"@type\":\"ListItem\",\"position\":1,\"name\":\"Portada\",\"item\":\"https:\\\/\\\/encompaniastj.org\\\/pt-pt\\\/\"},{\"@type\":\"ListItem\",\"position\":2,\"name\":\"Isabel Barbero S\u00e1nchez. 12 de outubro de 2024 (Salamanca Resid\u00eancia)\"}]},{\"@type\":\"WebSite\",\"@id\":\"https:\\\/\\\/encompaniastj.org\\\/pt-pt\\\/#website\",\"url\":\"https:\\\/\\\/encompaniastj.org\\\/pt-pt\\\/\",\"name\":\"En Compa\u00f1\u00eda STJ\",\"description\":\"Bolet\u00edn de la Compa\u00f1\u00eda de Santa Teresa de Jes\u00fas\",\"publisher\":{\"@id\":\"https:\\\/\\\/encompaniastj.org\\\/pt-pt\\\/#organization\"},\"potentialAction\":[{\"@type\":\"SearchAction\",\"target\":{\"@type\":\"EntryPoint\",\"urlTemplate\":\"https:\\\/\\\/encompaniastj.org\\\/pt-pt\\\/?s={search_term_string}\"},\"query-input\":{\"@type\":\"PropertyValueSpecification\",\"valueRequired\":true,\"valueName\":\"search_term_string\"}}],\"inLanguage\":\"pt-PT\"},{\"@type\":\"Organization\",\"@id\":\"https:\\\/\\\/encompaniastj.org\\\/pt-pt\\\/#organization\",\"name\":\"Compa\u00f1\u00eda de Santa Teresa de Jes\u00fas\",\"url\":\"https:\\\/\\\/encompaniastj.org\\\/pt-pt\\\/\",\"logo\":{\"@type\":\"ImageObject\",\"inLanguage\":\"pt-PT\",\"@id\":\"https:\\\/\\\/encompaniastj.org\\\/pt-pt\\\/#\\\/schema\\\/logo\\\/image\\\/\",\"url\":\"https:\\\/\\\/encompaniastj.org\\\/wp-content\\\/uploads\\\/2025\\\/04\\\/logo_provincias02-1-3.png\",\"contentUrl\":\"https:\\\/\\\/encompaniastj.org\\\/wp-content\\\/uploads\\\/2025\\\/04\\\/logo_provincias02-1-3.png\",\"width\":2368,\"height\":825,\"caption\":\"Compa\u00f1\u00eda de Santa Teresa de Jes\u00fas\"},\"image\":{\"@id\":\"https:\\\/\\\/encompaniastj.org\\\/pt-pt\\\/#\\\/schema\\\/logo\\\/image\\\/\"}},{\"@type\":\"Person\",\"@id\":\"https:\\\/\\\/encompaniastj.org\\\/pt-pt\\\/#\\\/schema\\\/person\\\/520e7ecc314793d40091993c2a02b651\",\"name\":\"admin\",\"image\":{\"@type\":\"ImageObject\",\"inLanguage\":\"pt-PT\",\"@id\":\"https:\\\/\\\/secure.gravatar.com\\\/avatar\\\/948b492cce32b586ac2db0eaa926ee87024f7afe218d73b397ea5ddfc5f43ea1?s=96&d=mm&r=g\",\"url\":\"https:\\\/\\\/secure.gravatar.com\\\/avatar\\\/948b492cce32b586ac2db0eaa926ee87024f7afe218d73b397ea5ddfc5f43ea1?s=96&d=mm&r=g\",\"contentUrl\":\"https:\\\/\\\/secure.gravatar.com\\\/avatar\\\/948b492cce32b586ac2db0eaa926ee87024f7afe218d73b397ea5ddfc5f43ea1?s=96&d=mm&r=g\",\"caption\":\"admin\"},\"sameAs\":[\"https:\\\/\\\/encompaniastj.org\"],\"url\":\"https:\\\/\\\/encompaniastj.org\\\/pt-pt\\\/author\\\/sjdigital\\\/\"}]}<\/script>\n<!-- \/ Yoast SEO plugin. -->","yoast_head_json":{"title":"Isabel Barbero S\u00e1nchez. 12 de outubro de 2024 (Salamanca Resid\u00eancia) - En Compa\u00f1\u00eda STJ","robots":{"index":"index","follow":"follow","max-snippet":"max-snippet:-1","max-image-preview":"max-image-preview:large","max-video-preview":"max-video-preview:-1"},"canonical":"https:\/\/encompaniastj.org\/pt-pt\/isabel-barbero-sanchez-12-de-outubro-de-2024-avila-residencia\/","og_locale":"pt_PT","og_type":"article","og_title":"Isabel Barbero S\u00e1nchez. 12 de outubro de 2024 (Salamanca Resid\u00eancia) - En Compa\u00f1\u00eda STJ","og_description":"\u201cOh chama de amor viva, que ternamente feres [\u2026] acaba j\u00e1 se queres; rompe a tela deste doce encontro\u201d \u201cQue bem sei eu a Fonte que mana e corre, embora [&hellip;]","og_url":"https:\/\/encompaniastj.org\/pt-pt\/isabel-barbero-sanchez-12-de-outubro-de-2024-avila-residencia\/","og_site_name":"En Compa\u00f1\u00eda STJ","article_published_time":"2024-10-23T05:12:11+00:00","article_modified_time":"2025-07-07T14:26:05+00:00","og_image":[{"width":612,"height":377,"url":"https:\/\/encompaniastj.org\/wp-content\/uploads\/2025\/05\/istockphoto-864907344-612x612-1.jpg","type":"image\/jpeg"}],"author":"admin","twitter_card":"summary_large_image","twitter_misc":{"Escrito por":"admin","Tempo estimado de leitura":"3 minutos"},"schema":{"@context":"https:\/\/schema.org","@graph":[{"@type":"Article","@id":"https:\/\/encompaniastj.org\/pt-pt\/isabel-barbero-sanchez-12-de-outubro-de-2024-avila-residencia\/#article","isPartOf":{"@id":"https:\/\/encompaniastj.org\/pt-pt\/isabel-barbero-sanchez-12-de-outubro-de-2024-avila-residencia\/"},"author":{"name":"admin","@id":"https:\/\/encompaniastj.org\/pt-pt\/#\/schema\/person\/520e7ecc314793d40091993c2a02b651"},"headline":"Isabel Barbero S\u00e1nchez. 12 de outubro de 2024 (Salamanca Resid\u00eancia)","datePublished":"2024-10-23T05:12:11+00:00","dateModified":"2025-07-07T14:26:05+00:00","mainEntityOfPage":{"@id":"https:\/\/encompaniastj.org\/pt-pt\/isabel-barbero-sanchez-12-de-outubro-de-2024-avila-residencia\/"},"wordCount":450,"commentCount":0,"publisher":{"@id":"https:\/\/encompaniastj.org\/pt-pt\/#organization"},"image":{"@id":"https:\/\/encompaniastj.org\/pt-pt\/isabel-barbero-sanchez-12-de-outubro-de-2024-avila-residencia\/#primaryimage"},"thumbnailUrl":"https:\/\/encompaniastj.org\/wp-content\/uploads\/2025\/05\/istockphoto-864907344-612x612-1.jpg","articleSection":["Falecimentos"],"inLanguage":"pt-PT","potentialAction":[{"@type":"CommentAction","name":"Comment","target":["https:\/\/encompaniastj.org\/pt-pt\/isabel-barbero-sanchez-12-de-outubro-de-2024-avila-residencia\/#respond"]}]},{"@type":"WebPage","@id":"https:\/\/encompaniastj.org\/pt-pt\/isabel-barbero-sanchez-12-de-outubro-de-2024-avila-residencia\/","url":"https:\/\/encompaniastj.org\/pt-pt\/isabel-barbero-sanchez-12-de-outubro-de-2024-avila-residencia\/","name":"Isabel Barbero S\u00e1nchez. 12 de outubro de 2024 (Salamanca Resid\u00eancia) - En Compa\u00f1\u00eda STJ","isPartOf":{"@id":"https:\/\/encompaniastj.org\/pt-pt\/#website"},"primaryImageOfPage":{"@id":"https:\/\/encompaniastj.org\/pt-pt\/isabel-barbero-sanchez-12-de-outubro-de-2024-avila-residencia\/#primaryimage"},"image":{"@id":"https:\/\/encompaniastj.org\/pt-pt\/isabel-barbero-sanchez-12-de-outubro-de-2024-avila-residencia\/#primaryimage"},"thumbnailUrl":"https:\/\/encompaniastj.org\/wp-content\/uploads\/2025\/05\/istockphoto-864907344-612x612-1.jpg","datePublished":"2024-10-23T05:12:11+00:00","dateModified":"2025-07-07T14:26:05+00:00","breadcrumb":{"@id":"https:\/\/encompaniastj.org\/pt-pt\/isabel-barbero-sanchez-12-de-outubro-de-2024-avila-residencia\/#breadcrumb"},"inLanguage":"pt-PT","potentialAction":[{"@type":"ReadAction","target":["https:\/\/encompaniastj.org\/pt-pt\/isabel-barbero-sanchez-12-de-outubro-de-2024-avila-residencia\/"]}]},{"@type":"ImageObject","inLanguage":"pt-PT","@id":"https:\/\/encompaniastj.org\/pt-pt\/isabel-barbero-sanchez-12-de-outubro-de-2024-avila-residencia\/#primaryimage","url":"https:\/\/encompaniastj.org\/wp-content\/uploads\/2025\/05\/istockphoto-864907344-612x612-1.jpg","contentUrl":"https:\/\/encompaniastj.org\/wp-content\/uploads\/2025\/05\/istockphoto-864907344-612x612-1.jpg","width":612,"height":377},{"@type":"BreadcrumbList","@id":"https:\/\/encompaniastj.org\/pt-pt\/isabel-barbero-sanchez-12-de-outubro-de-2024-avila-residencia\/#breadcrumb","itemListElement":[{"@type":"ListItem","position":1,"name":"Portada","item":"https:\/\/encompaniastj.org\/pt-pt\/"},{"@type":"ListItem","position":2,"name":"Isabel Barbero S\u00e1nchez. 12 de outubro de 2024 (Salamanca Resid\u00eancia)"}]},{"@type":"WebSite","@id":"https:\/\/encompaniastj.org\/pt-pt\/#website","url":"https:\/\/encompaniastj.org\/pt-pt\/","name":"En Compa\u00f1\u00eda STJ","description":"Bolet\u00edn de la Compa\u00f1\u00eda de Santa Teresa de Jes\u00fas","publisher":{"@id":"https:\/\/encompaniastj.org\/pt-pt\/#organization"},"potentialAction":[{"@type":"SearchAction","target":{"@type":"EntryPoint","urlTemplate":"https:\/\/encompaniastj.org\/pt-pt\/?s={search_term_string}"},"query-input":{"@type":"PropertyValueSpecification","valueRequired":true,"valueName":"search_term_string"}}],"inLanguage":"pt-PT"},{"@type":"Organization","@id":"https:\/\/encompaniastj.org\/pt-pt\/#organization","name":"Compa\u00f1\u00eda de Santa Teresa de Jes\u00fas","url":"https:\/\/encompaniastj.org\/pt-pt\/","logo":{"@type":"ImageObject","inLanguage":"pt-PT","@id":"https:\/\/encompaniastj.org\/pt-pt\/#\/schema\/logo\/image\/","url":"https:\/\/encompaniastj.org\/wp-content\/uploads\/2025\/04\/logo_provincias02-1-3.png","contentUrl":"https:\/\/encompaniastj.org\/wp-content\/uploads\/2025\/04\/logo_provincias02-1-3.png","width":2368,"height":825,"caption":"Compa\u00f1\u00eda de Santa Teresa de Jes\u00fas"},"image":{"@id":"https:\/\/encompaniastj.org\/pt-pt\/#\/schema\/logo\/image\/"}},{"@type":"Person","@id":"https:\/\/encompaniastj.org\/pt-pt\/#\/schema\/person\/520e7ecc314793d40091993c2a02b651","name":"admin","image":{"@type":"ImageObject","inLanguage":"pt-PT","@id":"https:\/\/secure.gravatar.com\/avatar\/948b492cce32b586ac2db0eaa926ee87024f7afe218d73b397ea5ddfc5f43ea1?s=96&d=mm&r=g","url":"https:\/\/secure.gravatar.com\/avatar\/948b492cce32b586ac2db0eaa926ee87024f7afe218d73b397ea5ddfc5f43ea1?s=96&d=mm&r=g","contentUrl":"https:\/\/secure.gravatar.com\/avatar\/948b492cce32b586ac2db0eaa926ee87024f7afe218d73b397ea5ddfc5f43ea1?s=96&d=mm&r=g","caption":"admin"},"sameAs":["https:\/\/encompaniastj.org"],"url":"https:\/\/encompaniastj.org\/pt-pt\/author\/sjdigital\/"}]}},"_links":{"self":[{"href":"https:\/\/encompaniastj.org\/pt-pt\/wp-json\/wp\/v2\/posts\/12301","targetHints":{"allow":["GET"]}}],"collection":[{"href":"https:\/\/encompaniastj.org\/pt-pt\/wp-json\/wp\/v2\/posts"}],"about":[{"href":"https:\/\/encompaniastj.org\/pt-pt\/wp-json\/wp\/v2\/types\/post"}],"author":[{"embeddable":true,"href":"https:\/\/encompaniastj.org\/pt-pt\/wp-json\/wp\/v2\/users\/1"}],"replies":[{"embeddable":true,"href":"https:\/\/encompaniastj.org\/pt-pt\/wp-json\/wp\/v2\/comments?post=12301"}],"version-history":[{"count":1,"href":"https:\/\/encompaniastj.org\/pt-pt\/wp-json\/wp\/v2\/posts\/12301\/revisions"}],"predecessor-version":[{"id":12302,"href":"https:\/\/encompaniastj.org\/pt-pt\/wp-json\/wp\/v2\/posts\/12301\/revisions\/12302"}],"wp:featuredmedia":[{"embeddable":true,"href":"https:\/\/encompaniastj.org\/pt-pt\/wp-json\/wp\/v2\/media\/8830"}],"wp:attachment":[{"href":"https:\/\/encompaniastj.org\/pt-pt\/wp-json\/wp\/v2\/media?parent=12301"}],"wp:term":[{"taxonomy":"category","embeddable":true,"href":"https:\/\/encompaniastj.org\/pt-pt\/wp-json\/wp\/v2\/categories?post=12301"},{"taxonomy":"post_tag","embeddable":true,"href":"https:\/\/encompaniastj.org\/pt-pt\/wp-json\/wp\/v2\/tags?post=12301"}],"curies":[{"name":"wp","href":"https:\/\/api.w.org\/{rel}","templated":true}]}}