{"id":12299,"date":"2024-10-22T20:07:18","date_gmt":"2024-10-22T18:07:18","guid":{"rendered":"https:\/\/encompaniastj.org\/encontro-da-familia-teresiana-da-cataluna\/"},"modified":"2025-07-07T16:26:01","modified_gmt":"2025-07-07T14:26:01","slug":"encontro-da-familia-teresiana-da-cataluna","status":"publish","type":"post","link":"https:\/\/encompaniastj.org\/pt-pt\/encontro-da-familia-teresiana-da-cataluna\/","title":{"rendered":"Encontro da Fam\u00edlia Teresiana da Catalu\u00f1a"},"content":{"rendered":"<p>No s\u00e1bado, 28 de setembro, reunimo-nos na Casa de Espiritualidade de Jesus (Tortosa), um bom grupo de leigos e irm\u00e3s da Fam\u00edlia Teresiana da Catalunha.<\/p>\n<p>grupo de leigos e irm\u00e3s da Fam\u00edlia Teresiana da Catalunha.<\/p>\n<p>Todos nos sentimos chamados pela equipa provincial para, juntos, continuarmos a avan\u00e7ar na reflex\u00e3o sobre como dinamizar e fazer crescer a Fam\u00edlia Teresiana da Catalunha.<\/p>\n<p>A equipa provincial convidou-nos a continuar a refletir sobre como dinamizar e fazer crescer a nossa Fam\u00edlia Teresiana, seguindo as orienta\u00e7\u00f5es do Cap\u00edtulo Provincial.<\/p>\n<p>Cap\u00edtulo Provincial.<\/p>\n<p>Na sala de trabalho encontr\u00e1mos muitos s\u00edmbolos que nos convidavam a: \u201cser luz e transmitir luz no nosso mundo\u201d.<\/p>\n<p>Foi o que pedimos no momento de ora\u00e7\u00e3o com que inici\u00e1mos o encontro.<\/p>\n<p>A manh\u00e3 foi intensa mas vivida com muita alegria, bom ambiente e trabalho s\u00e9rio, tudo envolto num ambiente familiar e festivo.<\/p>\n<p>Um ambiente familiar e festivo. Sentimo-nos como uma \u201cfam\u00edlia em busca\u201d.<\/p>\n\n","protected":false},"excerpt":{"rendered":"<p>No s\u00e1bado, 28 de setembro, reunimo-nos na Casa de Espiritualidade de Jesus (Tortosa), um bom grupo de leigos e irm\u00e3s da Fam\u00edlia Teresiana da Catalunha. grupo de leigos e irm\u00e3s [&hellip;]<\/p>\n","protected":false},"author":1,"featured_media":8828,"comment_status":"open","ping_status":"open","sticky":false,"template":"","format":"standard","meta":{"_acf_changed":false,"footnotes":""},"categories":[61,68],"tags":[],"class_list":["post-12299","post","type-post","status-publish","format-standard","has-post-thumbnail","hentry","category-noticias","category-outras"],"acf":[],"yoast_head":"<!-- This site is optimized with the Yoast SEO plugin v27.5 - https:\/\/yoast.com\/product\/yoast-seo-wordpress\/ -->\n<title>Encontro da Fam\u00edlia Teresiana da Catalu\u00f1a - En Compa\u00f1\u00eda STJ<\/title>\n<meta name=\"robots\" content=\"index, follow, max-snippet:-1, max-image-preview:large, max-video-preview:-1\" \/>\n<link rel=\"canonical\" href=\"https:\/\/encompaniastj.org\/pt-pt\/encontro-da-familia-teresiana-da-cataluna\/\" \/>\n<meta property=\"og:locale\" content=\"pt_PT\" \/>\n<meta property=\"og:type\" content=\"article\" \/>\n<meta property=\"og:title\" content=\"Encontro da Fam\u00edlia Teresiana da Catalu\u00f1a - En Compa\u00f1\u00eda STJ\" \/>\n<meta property=\"og:description\" content=\"No s\u00e1bado, 28 de setembro, reunimo-nos na Casa de Espiritualidade de Jesus (Tortosa), um bom grupo de leigos e irm\u00e3s da Fam\u00edlia Teresiana da Catalunha. grupo de leigos e irm\u00e3s [&hellip;]\" \/>\n<meta property=\"og:url\" content=\"https:\/\/encompaniastj.org\/pt-pt\/encontro-da-familia-teresiana-da-cataluna\/\" \/>\n<meta property=\"og:site_name\" content=\"En Compa\u00f1\u00eda STJ\" \/>\n<meta property=\"article:published_time\" content=\"2024-10-22T18:07:18+00:00\" \/>\n<meta property=\"article:modified_time\" content=\"2025-07-07T14:26:01+00:00\" \/>\n<meta property=\"og:image\" content=\"https:\/\/encompaniastj.org\/wp-content\/uploads\/2025\/05\/Cat1.jpg\" \/>\n\t<meta property=\"og:image:width\" content=\"606\" \/>\n\t<meta property=\"og:image:height\" content=\"376\" \/>\n\t<meta property=\"og:image:type\" content=\"image\/jpeg\" \/>\n<meta name=\"author\" content=\"admin\" \/>\n<meta name=\"twitter:card\" content=\"summary_large_image\" \/>\n<meta name=\"twitter:label1\" content=\"Escrito por\" \/>\n\t<meta name=\"twitter:data1\" content=\"admin\" \/>\n\t<meta name=\"twitter:label2\" content=\"Tempo estimado de leitura\" \/>\n\t<meta name=\"twitter:data2\" content=\"1 minuto\" \/>\n<script type=\"application\/ld+json\" class=\"yoast-schema-graph\">{\"@context\":\"https:\\\/\\\/schema.org\",\"@graph\":[{\"@type\":\"Article\",\"@id\":\"https:\\\/\\\/encompaniastj.org\\\/pt-pt\\\/encontro-da-familia-teresiana-da-cataluna\\\/#article\",\"isPartOf\":{\"@id\":\"https:\\\/\\\/encompaniastj.org\\\/pt-pt\\\/encontro-da-familia-teresiana-da-cataluna\\\/\"},\"author\":{\"name\":\"admin\",\"@id\":\"https:\\\/\\\/encompaniastj.org\\\/pt-pt\\\/#\\\/schema\\\/person\\\/520e7ecc314793d40091993c2a02b651\"},\"headline\":\"Encontro da Fam\u00edlia Teresiana da Catalu\u00f1a\",\"datePublished\":\"2024-10-22T18:07:18+00:00\",\"dateModified\":\"2025-07-07T14:26:01+00:00\",\"mainEntityOfPage\":{\"@id\":\"https:\\\/\\\/encompaniastj.org\\\/pt-pt\\\/encontro-da-familia-teresiana-da-cataluna\\\/\"},\"wordCount\":196,\"commentCount\":0,\"publisher\":{\"@id\":\"https:\\\/\\\/encompaniastj.org\\\/pt-pt\\\/#organization\"},\"image\":{\"@id\":\"https:\\\/\\\/encompaniastj.org\\\/pt-pt\\\/encontro-da-familia-teresiana-da-cataluna\\\/#primaryimage\"},\"thumbnailUrl\":\"https:\\\/\\\/encompaniastj.org\\\/wp-content\\\/uploads\\\/2025\\\/05\\\/Cat1.jpg\",\"articleSection\":[\"Noticias\",\"Outras\"],\"inLanguage\":\"pt-PT\",\"potentialAction\":[{\"@type\":\"CommentAction\",\"name\":\"Comment\",\"target\":[\"https:\\\/\\\/encompaniastj.org\\\/pt-pt\\\/encontro-da-familia-teresiana-da-cataluna\\\/#respond\"]}]},{\"@type\":\"WebPage\",\"@id\":\"https:\\\/\\\/encompaniastj.org\\\/pt-pt\\\/encontro-da-familia-teresiana-da-cataluna\\\/\",\"url\":\"https:\\\/\\\/encompaniastj.org\\\/pt-pt\\\/encontro-da-familia-teresiana-da-cataluna\\\/\",\"name\":\"Encontro da Fam\u00edlia Teresiana da Catalu\u00f1a - En Compa\u00f1\u00eda STJ\",\"isPartOf\":{\"@id\":\"https:\\\/\\\/encompaniastj.org\\\/pt-pt\\\/#website\"},\"primaryImageOfPage\":{\"@id\":\"https:\\\/\\\/encompaniastj.org\\\/pt-pt\\\/encontro-da-familia-teresiana-da-cataluna\\\/#primaryimage\"},\"image\":{\"@id\":\"https:\\\/\\\/encompaniastj.org\\\/pt-pt\\\/encontro-da-familia-teresiana-da-cataluna\\\/#primaryimage\"},\"thumbnailUrl\":\"https:\\\/\\\/encompaniastj.org\\\/wp-content\\\/uploads\\\/2025\\\/05\\\/Cat1.jpg\",\"datePublished\":\"2024-10-22T18:07:18+00:00\",\"dateModified\":\"2025-07-07T14:26:01+00:00\",\"breadcrumb\":{\"@id\":\"https:\\\/\\\/encompaniastj.org\\\/pt-pt\\\/encontro-da-familia-teresiana-da-cataluna\\\/#breadcrumb\"},\"inLanguage\":\"pt-PT\",\"potentialAction\":[{\"@type\":\"ReadAction\",\"target\":[\"https:\\\/\\\/encompaniastj.org\\\/pt-pt\\\/encontro-da-familia-teresiana-da-cataluna\\\/\"]}]},{\"@type\":\"ImageObject\",\"inLanguage\":\"pt-PT\",\"@id\":\"https:\\\/\\\/encompaniastj.org\\\/pt-pt\\\/encontro-da-familia-teresiana-da-cataluna\\\/#primaryimage\",\"url\":\"https:\\\/\\\/encompaniastj.org\\\/wp-content\\\/uploads\\\/2025\\\/05\\\/Cat1.jpg\",\"contentUrl\":\"https:\\\/\\\/encompaniastj.org\\\/wp-content\\\/uploads\\\/2025\\\/05\\\/Cat1.jpg\",\"width\":606,\"height\":376},{\"@type\":\"BreadcrumbList\",\"@id\":\"https:\\\/\\\/encompaniastj.org\\\/pt-pt\\\/encontro-da-familia-teresiana-da-cataluna\\\/#breadcrumb\",\"itemListElement\":[{\"@type\":\"ListItem\",\"position\":1,\"name\":\"Portada\",\"item\":\"https:\\\/\\\/encompaniastj.org\\\/pt-pt\\\/\"},{\"@type\":\"ListItem\",\"position\":2,\"name\":\"Encontro da Fam\u00edlia Teresiana da Catalu\u00f1a\"}]},{\"@type\":\"WebSite\",\"@id\":\"https:\\\/\\\/encompaniastj.org\\\/pt-pt\\\/#website\",\"url\":\"https:\\\/\\\/encompaniastj.org\\\/pt-pt\\\/\",\"name\":\"En Compa\u00f1\u00eda STJ\",\"description\":\"Bolet\u00edn de la Compa\u00f1\u00eda de Santa Teresa de Jes\u00fas\",\"publisher\":{\"@id\":\"https:\\\/\\\/encompaniastj.org\\\/pt-pt\\\/#organization\"},\"potentialAction\":[{\"@type\":\"SearchAction\",\"target\":{\"@type\":\"EntryPoint\",\"urlTemplate\":\"https:\\\/\\\/encompaniastj.org\\\/pt-pt\\\/?s={search_term_string}\"},\"query-input\":{\"@type\":\"PropertyValueSpecification\",\"valueRequired\":true,\"valueName\":\"search_term_string\"}}],\"inLanguage\":\"pt-PT\"},{\"@type\":\"Organization\",\"@id\":\"https:\\\/\\\/encompaniastj.org\\\/pt-pt\\\/#organization\",\"name\":\"Compa\u00f1\u00eda de Santa Teresa de Jes\u00fas\",\"url\":\"https:\\\/\\\/encompaniastj.org\\\/pt-pt\\\/\",\"logo\":{\"@type\":\"ImageObject\",\"inLanguage\":\"pt-PT\",\"@id\":\"https:\\\/\\\/encompaniastj.org\\\/pt-pt\\\/#\\\/schema\\\/logo\\\/image\\\/\",\"url\":\"https:\\\/\\\/encompaniastj.org\\\/wp-content\\\/uploads\\\/2025\\\/04\\\/logo_provincias02-1-3.png\",\"contentUrl\":\"https:\\\/\\\/encompaniastj.org\\\/wp-content\\\/uploads\\\/2025\\\/04\\\/logo_provincias02-1-3.png\",\"width\":2368,\"height\":825,\"caption\":\"Compa\u00f1\u00eda de Santa Teresa de Jes\u00fas\"},\"image\":{\"@id\":\"https:\\\/\\\/encompaniastj.org\\\/pt-pt\\\/#\\\/schema\\\/logo\\\/image\\\/\"}},{\"@type\":\"Person\",\"@id\":\"https:\\\/\\\/encompaniastj.org\\\/pt-pt\\\/#\\\/schema\\\/person\\\/520e7ecc314793d40091993c2a02b651\",\"name\":\"admin\",\"image\":{\"@type\":\"ImageObject\",\"inLanguage\":\"pt-PT\",\"@id\":\"https:\\\/\\\/secure.gravatar.com\\\/avatar\\\/948b492cce32b586ac2db0eaa926ee87024f7afe218d73b397ea5ddfc5f43ea1?s=96&d=mm&r=g\",\"url\":\"https:\\\/\\\/secure.gravatar.com\\\/avatar\\\/948b492cce32b586ac2db0eaa926ee87024f7afe218d73b397ea5ddfc5f43ea1?s=96&d=mm&r=g\",\"contentUrl\":\"https:\\\/\\\/secure.gravatar.com\\\/avatar\\\/948b492cce32b586ac2db0eaa926ee87024f7afe218d73b397ea5ddfc5f43ea1?s=96&d=mm&r=g\",\"caption\":\"admin\"},\"sameAs\":[\"https:\\\/\\\/encompaniastj.org\"],\"url\":\"https:\\\/\\\/encompaniastj.org\\\/pt-pt\\\/author\\\/sjdigital\\\/\"}]}<\/script>\n<!-- \/ Yoast SEO plugin. -->","yoast_head_json":{"title":"Encontro da Fam\u00edlia Teresiana da Catalu\u00f1a - En Compa\u00f1\u00eda STJ","robots":{"index":"index","follow":"follow","max-snippet":"max-snippet:-1","max-image-preview":"max-image-preview:large","max-video-preview":"max-video-preview:-1"},"canonical":"https:\/\/encompaniastj.org\/pt-pt\/encontro-da-familia-teresiana-da-cataluna\/","og_locale":"pt_PT","og_type":"article","og_title":"Encontro da Fam\u00edlia Teresiana da Catalu\u00f1a - En Compa\u00f1\u00eda STJ","og_description":"No s\u00e1bado, 28 de setembro, reunimo-nos na Casa de Espiritualidade de Jesus (Tortosa), um bom grupo de leigos e irm\u00e3s da Fam\u00edlia Teresiana da Catalunha. grupo de leigos e irm\u00e3s [&hellip;]","og_url":"https:\/\/encompaniastj.org\/pt-pt\/encontro-da-familia-teresiana-da-cataluna\/","og_site_name":"En Compa\u00f1\u00eda STJ","article_published_time":"2024-10-22T18:07:18+00:00","article_modified_time":"2025-07-07T14:26:01+00:00","og_image":[{"width":606,"height":376,"url":"https:\/\/encompaniastj.org\/wp-content\/uploads\/2025\/05\/Cat1.jpg","type":"image\/jpeg"}],"author":"admin","twitter_card":"summary_large_image","twitter_misc":{"Escrito por":"admin","Tempo estimado de leitura":"1 minuto"},"schema":{"@context":"https:\/\/schema.org","@graph":[{"@type":"Article","@id":"https:\/\/encompaniastj.org\/pt-pt\/encontro-da-familia-teresiana-da-cataluna\/#article","isPartOf":{"@id":"https:\/\/encompaniastj.org\/pt-pt\/encontro-da-familia-teresiana-da-cataluna\/"},"author":{"name":"admin","@id":"https:\/\/encompaniastj.org\/pt-pt\/#\/schema\/person\/520e7ecc314793d40091993c2a02b651"},"headline":"Encontro da Fam\u00edlia Teresiana da Catalu\u00f1a","datePublished":"2024-10-22T18:07:18+00:00","dateModified":"2025-07-07T14:26:01+00:00","mainEntityOfPage":{"@id":"https:\/\/encompaniastj.org\/pt-pt\/encontro-da-familia-teresiana-da-cataluna\/"},"wordCount":196,"commentCount":0,"publisher":{"@id":"https:\/\/encompaniastj.org\/pt-pt\/#organization"},"image":{"@id":"https:\/\/encompaniastj.org\/pt-pt\/encontro-da-familia-teresiana-da-cataluna\/#primaryimage"},"thumbnailUrl":"https:\/\/encompaniastj.org\/wp-content\/uploads\/2025\/05\/Cat1.jpg","articleSection":["Noticias","Outras"],"inLanguage":"pt-PT","potentialAction":[{"@type":"CommentAction","name":"Comment","target":["https:\/\/encompaniastj.org\/pt-pt\/encontro-da-familia-teresiana-da-cataluna\/#respond"]}]},{"@type":"WebPage","@id":"https:\/\/encompaniastj.org\/pt-pt\/encontro-da-familia-teresiana-da-cataluna\/","url":"https:\/\/encompaniastj.org\/pt-pt\/encontro-da-familia-teresiana-da-cataluna\/","name":"Encontro da Fam\u00edlia Teresiana da Catalu\u00f1a - En Compa\u00f1\u00eda STJ","isPartOf":{"@id":"https:\/\/encompaniastj.org\/pt-pt\/#website"},"primaryImageOfPage":{"@id":"https:\/\/encompaniastj.org\/pt-pt\/encontro-da-familia-teresiana-da-cataluna\/#primaryimage"},"image":{"@id":"https:\/\/encompaniastj.org\/pt-pt\/encontro-da-familia-teresiana-da-cataluna\/#primaryimage"},"thumbnailUrl":"https:\/\/encompaniastj.org\/wp-content\/uploads\/2025\/05\/Cat1.jpg","datePublished":"2024-10-22T18:07:18+00:00","dateModified":"2025-07-07T14:26:01+00:00","breadcrumb":{"@id":"https:\/\/encompaniastj.org\/pt-pt\/encontro-da-familia-teresiana-da-cataluna\/#breadcrumb"},"inLanguage":"pt-PT","potentialAction":[{"@type":"ReadAction","target":["https:\/\/encompaniastj.org\/pt-pt\/encontro-da-familia-teresiana-da-cataluna\/"]}]},{"@type":"ImageObject","inLanguage":"pt-PT","@id":"https:\/\/encompaniastj.org\/pt-pt\/encontro-da-familia-teresiana-da-cataluna\/#primaryimage","url":"https:\/\/encompaniastj.org\/wp-content\/uploads\/2025\/05\/Cat1.jpg","contentUrl":"https:\/\/encompaniastj.org\/wp-content\/uploads\/2025\/05\/Cat1.jpg","width":606,"height":376},{"@type":"BreadcrumbList","@id":"https:\/\/encompaniastj.org\/pt-pt\/encontro-da-familia-teresiana-da-cataluna\/#breadcrumb","itemListElement":[{"@type":"ListItem","position":1,"name":"Portada","item":"https:\/\/encompaniastj.org\/pt-pt\/"},{"@type":"ListItem","position":2,"name":"Encontro da Fam\u00edlia Teresiana da Catalu\u00f1a"}]},{"@type":"WebSite","@id":"https:\/\/encompaniastj.org\/pt-pt\/#website","url":"https:\/\/encompaniastj.org\/pt-pt\/","name":"En Compa\u00f1\u00eda STJ","description":"Bolet\u00edn de la Compa\u00f1\u00eda de Santa Teresa de Jes\u00fas","publisher":{"@id":"https:\/\/encompaniastj.org\/pt-pt\/#organization"},"potentialAction":[{"@type":"SearchAction","target":{"@type":"EntryPoint","urlTemplate":"https:\/\/encompaniastj.org\/pt-pt\/?s={search_term_string}"},"query-input":{"@type":"PropertyValueSpecification","valueRequired":true,"valueName":"search_term_string"}}],"inLanguage":"pt-PT"},{"@type":"Organization","@id":"https:\/\/encompaniastj.org\/pt-pt\/#organization","name":"Compa\u00f1\u00eda de Santa Teresa de Jes\u00fas","url":"https:\/\/encompaniastj.org\/pt-pt\/","logo":{"@type":"ImageObject","inLanguage":"pt-PT","@id":"https:\/\/encompaniastj.org\/pt-pt\/#\/schema\/logo\/image\/","url":"https:\/\/encompaniastj.org\/wp-content\/uploads\/2025\/04\/logo_provincias02-1-3.png","contentUrl":"https:\/\/encompaniastj.org\/wp-content\/uploads\/2025\/04\/logo_provincias02-1-3.png","width":2368,"height":825,"caption":"Compa\u00f1\u00eda de Santa Teresa de Jes\u00fas"},"image":{"@id":"https:\/\/encompaniastj.org\/pt-pt\/#\/schema\/logo\/image\/"}},{"@type":"Person","@id":"https:\/\/encompaniastj.org\/pt-pt\/#\/schema\/person\/520e7ecc314793d40091993c2a02b651","name":"admin","image":{"@type":"ImageObject","inLanguage":"pt-PT","@id":"https:\/\/secure.gravatar.com\/avatar\/948b492cce32b586ac2db0eaa926ee87024f7afe218d73b397ea5ddfc5f43ea1?s=96&d=mm&r=g","url":"https:\/\/secure.gravatar.com\/avatar\/948b492cce32b586ac2db0eaa926ee87024f7afe218d73b397ea5ddfc5f43ea1?s=96&d=mm&r=g","contentUrl":"https:\/\/secure.gravatar.com\/avatar\/948b492cce32b586ac2db0eaa926ee87024f7afe218d73b397ea5ddfc5f43ea1?s=96&d=mm&r=g","caption":"admin"},"sameAs":["https:\/\/encompaniastj.org"],"url":"https:\/\/encompaniastj.org\/pt-pt\/author\/sjdigital\/"}]}},"_links":{"self":[{"href":"https:\/\/encompaniastj.org\/pt-pt\/wp-json\/wp\/v2\/posts\/12299","targetHints":{"allow":["GET"]}}],"collection":[{"href":"https:\/\/encompaniastj.org\/pt-pt\/wp-json\/wp\/v2\/posts"}],"about":[{"href":"https:\/\/encompaniastj.org\/pt-pt\/wp-json\/wp\/v2\/types\/post"}],"author":[{"embeddable":true,"href":"https:\/\/encompaniastj.org\/pt-pt\/wp-json\/wp\/v2\/users\/1"}],"replies":[{"embeddable":true,"href":"https:\/\/encompaniastj.org\/pt-pt\/wp-json\/wp\/v2\/comments?post=12299"}],"version-history":[{"count":1,"href":"https:\/\/encompaniastj.org\/pt-pt\/wp-json\/wp\/v2\/posts\/12299\/revisions"}],"predecessor-version":[{"id":12300,"href":"https:\/\/encompaniastj.org\/pt-pt\/wp-json\/wp\/v2\/posts\/12299\/revisions\/12300"}],"wp:featuredmedia":[{"embeddable":true,"href":"https:\/\/encompaniastj.org\/pt-pt\/wp-json\/wp\/v2\/media\/8828"}],"wp:attachment":[{"href":"https:\/\/encompaniastj.org\/pt-pt\/wp-json\/wp\/v2\/media?parent=12299"}],"wp:term":[{"taxonomy":"category","embeddable":true,"href":"https:\/\/encompaniastj.org\/pt-pt\/wp-json\/wp\/v2\/categories?post=12299"},{"taxonomy":"post_tag","embeddable":true,"href":"https:\/\/encompaniastj.org\/pt-pt\/wp-json\/wp\/v2\/tags?post=12299"}],"curies":[{"name":"wp","href":"https:\/\/api.w.org\/{rel}","templated":true}]}}