{"id":12289,"date":"2024-10-22T19:42:31","date_gmt":"2024-10-22T17:42:31","guid":{"rendered":"https:\/\/encompaniastj.org\/se-teresa-voltasse-hoje-a-madrid-san-cristobal\/"},"modified":"2025-07-07T16:26:00","modified_gmt":"2025-07-07T14:26:00","slug":"se-teresa-voltasse-hoje-a-madrid-san-cristobal","status":"publish","type":"post","link":"https:\/\/encompaniastj.org\/pt-pt\/se-teresa-voltasse-hoje-a-madrid-san-cristobal\/","title":{"rendered":"Se Teresa voltasse hoje a Madrid-San Crist\u00f3bal"},"content":{"rendered":"<p>Se Teresa voltasse, estamos seguras que se teria alegrado por encontrar-nos um grupo de teresianas de Poveda, e de Oss\u00f3 celebrando na nossa casa de Madrid - San Crist\u00f3bal a sua festa, pois ela \u00e9 nossa amiga comum. Vieram \u00e0 nossa comunidade Tusta, Geles, Ana (vivem no mesmo bairro) e Meri e Pilar que tamb\u00e9m s\u00e3o amigas.<\/p>\n<p>Foram algo mais de duas horas, mas deram muito de si. Num primeiro momento, olhamos para Teresa e como ela sabia estabelecer redes e contactos com muitas pessoas para que o projeto Teresiano pudesse ir adiante. Hoje falamos de sinodalidade, de &#8220;aliados&#8221;, de miss\u00e3o partilhada&#8230;<\/p>\n<p>Mas \u00e9 muito bonito ver que ela viveu de uma forma t\u00e3o natural e espont\u00e2nea porque tinha claro o que Deus lhe havia pedido e sozinha n\u00e3o podia lev\u00e1-lo por diante; contou com as\u00a0 suas monjas, amigos e amigas, fam\u00edlia, com mulheres de diferentes condi\u00e7\u00f5es, homens de igreja, aristocratas e comerciantes, pedreiros, transportadores e tantas pessoas desconhecidas.<\/p>\n<p>Novamente Teresa nos acompanha e vai \u00e0 frente. Nas nossas partilhas, e depois de ouvir a m\u00fasica do musical &#8220;Si volviera&#8221;, perguntamo-nos o que faria Teresa hoje, no nosso bairro, nos nossos contextos, na nossa Igreja, no nosso mundo. Soaram palavras como coragem, verdade, paz, ast\u00facia, magnanimidade, colaboradores&#8230;<\/p>\n<p>E como de alguma forma Teresa estava connosco, temos a certeza que tamb\u00e9m apreciou o simples, mas, rico jantar que partilhamos. Continuamos dialogando, houve risos, sonhos e a certeza de que voltaremos a encontrar-nos para seguir em frente e caminar JUNTAS com o sonho teresiano: que todas as pessoas descubram o Deus que nos habita e nos faz iguais vivamos onde vivamos, sejamos de onde sejamos, rezemos como rezemos&#8230; Aqui, em San Crist\u00f3bal, Teresa andaria feliz.<\/p>\n<p>Obrigada a Tusta, Geles, Ana, Meri e Pilar por virem \u00e0 nossa casa e celebrar connosco Ana, Aquilina, Margarita e Gema a nossa amiga comum: Teresa de JESUS.<\/p>\n\n","protected":false},"excerpt":{"rendered":"<p>Se Teresa voltasse, estamos seguras que se teria alegrado por encontrar-nos um grupo de teresianas de Poveda, e de Oss\u00f3 celebrando na nossa casa de Madrid - San Crist\u00f3bal a [&hellip;]<\/p>\n","protected":false},"author":1,"featured_media":8825,"comment_status":"open","ping_status":"open","sticky":false,"template":"","format":"standard","meta":{"_acf_changed":false,"footnotes":""},"categories":[61,68],"tags":[],"class_list":["post-12289","post","type-post","status-publish","format-standard","has-post-thumbnail","hentry","category-noticias","category-outras"],"acf":[],"yoast_head":"<!-- This site is optimized with the Yoast SEO plugin v27.5 - https:\/\/yoast.com\/product\/yoast-seo-wordpress\/ -->\n<title>Se Teresa voltasse hoje a Madrid-San Crist\u00f3bal - En Compa\u00f1\u00eda STJ<\/title>\n<meta name=\"robots\" content=\"index, follow, max-snippet:-1, max-image-preview:large, max-video-preview:-1\" \/>\n<link rel=\"canonical\" href=\"https:\/\/encompaniastj.org\/pt-pt\/se-teresa-voltasse-hoje-a-madrid-san-cristobal\/\" \/>\n<meta property=\"og:locale\" content=\"pt_PT\" \/>\n<meta property=\"og:type\" content=\"article\" \/>\n<meta property=\"og:title\" content=\"Se Teresa voltasse hoje a Madrid-San Crist\u00f3bal - En Compa\u00f1\u00eda STJ\" \/>\n<meta property=\"og:description\" content=\"Se Teresa voltasse, estamos seguras que se teria alegrado por encontrar-nos um grupo de teresianas de Poveda, e de Oss\u00f3 celebrando na nossa casa de Madrid - San Crist\u00f3bal a [&hellip;]\" \/>\n<meta property=\"og:url\" content=\"https:\/\/encompaniastj.org\/pt-pt\/se-teresa-voltasse-hoje-a-madrid-san-cristobal\/\" \/>\n<meta property=\"og:site_name\" content=\"En Compa\u00f1\u00eda STJ\" \/>\n<meta property=\"article:published_time\" content=\"2024-10-22T17:42:31+00:00\" \/>\n<meta property=\"article:modified_time\" content=\"2025-07-07T14:26:00+00:00\" \/>\n<meta property=\"og:image\" content=\"https:\/\/encompaniastj.org\/wp-content\/uploads\/2025\/05\/Teresianas-de-Osso-y-Poveda-San-Cristobal.jpg\" \/>\n\t<meta property=\"og:image:width\" content=\"700\" \/>\n\t<meta property=\"og:image:height\" content=\"378\" \/>\n\t<meta property=\"og:image:type\" content=\"image\/jpeg\" \/>\n<meta name=\"author\" content=\"admin\" \/>\n<meta name=\"twitter:card\" content=\"summary_large_image\" \/>\n<meta name=\"twitter:label1\" content=\"Escrito por\" \/>\n\t<meta name=\"twitter:data1\" content=\"admin\" \/>\n\t<meta name=\"twitter:label2\" content=\"Tempo estimado de leitura\" \/>\n\t<meta name=\"twitter:data2\" content=\"2 minutos\" \/>\n<script type=\"application\/ld+json\" class=\"yoast-schema-graph\">{\"@context\":\"https:\\\/\\\/schema.org\",\"@graph\":[{\"@type\":\"Article\",\"@id\":\"https:\\\/\\\/encompaniastj.org\\\/pt-pt\\\/se-teresa-voltasse-hoje-a-madrid-san-cristobal\\\/#article\",\"isPartOf\":{\"@id\":\"https:\\\/\\\/encompaniastj.org\\\/pt-pt\\\/se-teresa-voltasse-hoje-a-madrid-san-cristobal\\\/\"},\"author\":{\"name\":\"admin\",\"@id\":\"https:\\\/\\\/encompaniastj.org\\\/pt-pt\\\/#\\\/schema\\\/person\\\/520e7ecc314793d40091993c2a02b651\"},\"headline\":\"Se Teresa voltasse hoje a Madrid-San Crist\u00f3bal\",\"datePublished\":\"2024-10-22T17:42:31+00:00\",\"dateModified\":\"2025-07-07T14:26:00+00:00\",\"mainEntityOfPage\":{\"@id\":\"https:\\\/\\\/encompaniastj.org\\\/pt-pt\\\/se-teresa-voltasse-hoje-a-madrid-san-cristobal\\\/\"},\"wordCount\":392,\"commentCount\":0,\"publisher\":{\"@id\":\"https:\\\/\\\/encompaniastj.org\\\/pt-pt\\\/#organization\"},\"image\":{\"@id\":\"https:\\\/\\\/encompaniastj.org\\\/pt-pt\\\/se-teresa-voltasse-hoje-a-madrid-san-cristobal\\\/#primaryimage\"},\"thumbnailUrl\":\"https:\\\/\\\/encompaniastj.org\\\/wp-content\\\/uploads\\\/2025\\\/05\\\/Teresianas-de-Osso-y-Poveda-San-Cristobal.jpg\",\"articleSection\":[\"Noticias\",\"Outras\"],\"inLanguage\":\"pt-PT\",\"potentialAction\":[{\"@type\":\"CommentAction\",\"name\":\"Comment\",\"target\":[\"https:\\\/\\\/encompaniastj.org\\\/pt-pt\\\/se-teresa-voltasse-hoje-a-madrid-san-cristobal\\\/#respond\"]}]},{\"@type\":\"WebPage\",\"@id\":\"https:\\\/\\\/encompaniastj.org\\\/pt-pt\\\/se-teresa-voltasse-hoje-a-madrid-san-cristobal\\\/\",\"url\":\"https:\\\/\\\/encompaniastj.org\\\/pt-pt\\\/se-teresa-voltasse-hoje-a-madrid-san-cristobal\\\/\",\"name\":\"Se Teresa voltasse hoje a Madrid-San Crist\u00f3bal - En Compa\u00f1\u00eda STJ\",\"isPartOf\":{\"@id\":\"https:\\\/\\\/encompaniastj.org\\\/pt-pt\\\/#website\"},\"primaryImageOfPage\":{\"@id\":\"https:\\\/\\\/encompaniastj.org\\\/pt-pt\\\/se-teresa-voltasse-hoje-a-madrid-san-cristobal\\\/#primaryimage\"},\"image\":{\"@id\":\"https:\\\/\\\/encompaniastj.org\\\/pt-pt\\\/se-teresa-voltasse-hoje-a-madrid-san-cristobal\\\/#primaryimage\"},\"thumbnailUrl\":\"https:\\\/\\\/encompaniastj.org\\\/wp-content\\\/uploads\\\/2025\\\/05\\\/Teresianas-de-Osso-y-Poveda-San-Cristobal.jpg\",\"datePublished\":\"2024-10-22T17:42:31+00:00\",\"dateModified\":\"2025-07-07T14:26:00+00:00\",\"breadcrumb\":{\"@id\":\"https:\\\/\\\/encompaniastj.org\\\/pt-pt\\\/se-teresa-voltasse-hoje-a-madrid-san-cristobal\\\/#breadcrumb\"},\"inLanguage\":\"pt-PT\",\"potentialAction\":[{\"@type\":\"ReadAction\",\"target\":[\"https:\\\/\\\/encompaniastj.org\\\/pt-pt\\\/se-teresa-voltasse-hoje-a-madrid-san-cristobal\\\/\"]}]},{\"@type\":\"ImageObject\",\"inLanguage\":\"pt-PT\",\"@id\":\"https:\\\/\\\/encompaniastj.org\\\/pt-pt\\\/se-teresa-voltasse-hoje-a-madrid-san-cristobal\\\/#primaryimage\",\"url\":\"https:\\\/\\\/encompaniastj.org\\\/wp-content\\\/uploads\\\/2025\\\/05\\\/Teresianas-de-Osso-y-Poveda-San-Cristobal.jpg\",\"contentUrl\":\"https:\\\/\\\/encompaniastj.org\\\/wp-content\\\/uploads\\\/2025\\\/05\\\/Teresianas-de-Osso-y-Poveda-San-Cristobal.jpg\",\"width\":700,\"height\":378},{\"@type\":\"BreadcrumbList\",\"@id\":\"https:\\\/\\\/encompaniastj.org\\\/pt-pt\\\/se-teresa-voltasse-hoje-a-madrid-san-cristobal\\\/#breadcrumb\",\"itemListElement\":[{\"@type\":\"ListItem\",\"position\":1,\"name\":\"Portada\",\"item\":\"https:\\\/\\\/encompaniastj.org\\\/pt-pt\\\/\"},{\"@type\":\"ListItem\",\"position\":2,\"name\":\"Se Teresa voltasse hoje a Madrid-San Crist\u00f3bal\"}]},{\"@type\":\"WebSite\",\"@id\":\"https:\\\/\\\/encompaniastj.org\\\/pt-pt\\\/#website\",\"url\":\"https:\\\/\\\/encompaniastj.org\\\/pt-pt\\\/\",\"name\":\"En Compa\u00f1\u00eda STJ\",\"description\":\"Bolet\u00edn de la Compa\u00f1\u00eda de Santa Teresa de Jes\u00fas\",\"publisher\":{\"@id\":\"https:\\\/\\\/encompaniastj.org\\\/pt-pt\\\/#organization\"},\"potentialAction\":[{\"@type\":\"SearchAction\",\"target\":{\"@type\":\"EntryPoint\",\"urlTemplate\":\"https:\\\/\\\/encompaniastj.org\\\/pt-pt\\\/?s={search_term_string}\"},\"query-input\":{\"@type\":\"PropertyValueSpecification\",\"valueRequired\":true,\"valueName\":\"search_term_string\"}}],\"inLanguage\":\"pt-PT\"},{\"@type\":\"Organization\",\"@id\":\"https:\\\/\\\/encompaniastj.org\\\/pt-pt\\\/#organization\",\"name\":\"Compa\u00f1\u00eda de Santa Teresa de Jes\u00fas\",\"url\":\"https:\\\/\\\/encompaniastj.org\\\/pt-pt\\\/\",\"logo\":{\"@type\":\"ImageObject\",\"inLanguage\":\"pt-PT\",\"@id\":\"https:\\\/\\\/encompaniastj.org\\\/pt-pt\\\/#\\\/schema\\\/logo\\\/image\\\/\",\"url\":\"https:\\\/\\\/encompaniastj.org\\\/wp-content\\\/uploads\\\/2025\\\/04\\\/logo_provincias02-1-3.png\",\"contentUrl\":\"https:\\\/\\\/encompaniastj.org\\\/wp-content\\\/uploads\\\/2025\\\/04\\\/logo_provincias02-1-3.png\",\"width\":2368,\"height\":825,\"caption\":\"Compa\u00f1\u00eda de Santa Teresa de Jes\u00fas\"},\"image\":{\"@id\":\"https:\\\/\\\/encompaniastj.org\\\/pt-pt\\\/#\\\/schema\\\/logo\\\/image\\\/\"}},{\"@type\":\"Person\",\"@id\":\"https:\\\/\\\/encompaniastj.org\\\/pt-pt\\\/#\\\/schema\\\/person\\\/520e7ecc314793d40091993c2a02b651\",\"name\":\"admin\",\"image\":{\"@type\":\"ImageObject\",\"inLanguage\":\"pt-PT\",\"@id\":\"https:\\\/\\\/secure.gravatar.com\\\/avatar\\\/948b492cce32b586ac2db0eaa926ee87024f7afe218d73b397ea5ddfc5f43ea1?s=96&d=mm&r=g\",\"url\":\"https:\\\/\\\/secure.gravatar.com\\\/avatar\\\/948b492cce32b586ac2db0eaa926ee87024f7afe218d73b397ea5ddfc5f43ea1?s=96&d=mm&r=g\",\"contentUrl\":\"https:\\\/\\\/secure.gravatar.com\\\/avatar\\\/948b492cce32b586ac2db0eaa926ee87024f7afe218d73b397ea5ddfc5f43ea1?s=96&d=mm&r=g\",\"caption\":\"admin\"},\"sameAs\":[\"https:\\\/\\\/encompaniastj.org\"],\"url\":\"https:\\\/\\\/encompaniastj.org\\\/pt-pt\\\/author\\\/sjdigital\\\/\"}]}<\/script>\n<!-- \/ Yoast SEO plugin. -->","yoast_head_json":{"title":"Se Teresa voltasse hoje a Madrid-San Crist\u00f3bal - En Compa\u00f1\u00eda STJ","robots":{"index":"index","follow":"follow","max-snippet":"max-snippet:-1","max-image-preview":"max-image-preview:large","max-video-preview":"max-video-preview:-1"},"canonical":"https:\/\/encompaniastj.org\/pt-pt\/se-teresa-voltasse-hoje-a-madrid-san-cristobal\/","og_locale":"pt_PT","og_type":"article","og_title":"Se Teresa voltasse hoje a Madrid-San Crist\u00f3bal - En Compa\u00f1\u00eda STJ","og_description":"Se Teresa voltasse, estamos seguras que se teria alegrado por encontrar-nos um grupo de teresianas de Poveda, e de Oss\u00f3 celebrando na nossa casa de Madrid - San Crist\u00f3bal a [&hellip;]","og_url":"https:\/\/encompaniastj.org\/pt-pt\/se-teresa-voltasse-hoje-a-madrid-san-cristobal\/","og_site_name":"En Compa\u00f1\u00eda STJ","article_published_time":"2024-10-22T17:42:31+00:00","article_modified_time":"2025-07-07T14:26:00+00:00","og_image":[{"width":700,"height":378,"url":"https:\/\/encompaniastj.org\/wp-content\/uploads\/2025\/05\/Teresianas-de-Osso-y-Poveda-San-Cristobal.jpg","type":"image\/jpeg"}],"author":"admin","twitter_card":"summary_large_image","twitter_misc":{"Escrito por":"admin","Tempo estimado de leitura":"2 minutos"},"schema":{"@context":"https:\/\/schema.org","@graph":[{"@type":"Article","@id":"https:\/\/encompaniastj.org\/pt-pt\/se-teresa-voltasse-hoje-a-madrid-san-cristobal\/#article","isPartOf":{"@id":"https:\/\/encompaniastj.org\/pt-pt\/se-teresa-voltasse-hoje-a-madrid-san-cristobal\/"},"author":{"name":"admin","@id":"https:\/\/encompaniastj.org\/pt-pt\/#\/schema\/person\/520e7ecc314793d40091993c2a02b651"},"headline":"Se Teresa voltasse hoje a Madrid-San Crist\u00f3bal","datePublished":"2024-10-22T17:42:31+00:00","dateModified":"2025-07-07T14:26:00+00:00","mainEntityOfPage":{"@id":"https:\/\/encompaniastj.org\/pt-pt\/se-teresa-voltasse-hoje-a-madrid-san-cristobal\/"},"wordCount":392,"commentCount":0,"publisher":{"@id":"https:\/\/encompaniastj.org\/pt-pt\/#organization"},"image":{"@id":"https:\/\/encompaniastj.org\/pt-pt\/se-teresa-voltasse-hoje-a-madrid-san-cristobal\/#primaryimage"},"thumbnailUrl":"https:\/\/encompaniastj.org\/wp-content\/uploads\/2025\/05\/Teresianas-de-Osso-y-Poveda-San-Cristobal.jpg","articleSection":["Noticias","Outras"],"inLanguage":"pt-PT","potentialAction":[{"@type":"CommentAction","name":"Comment","target":["https:\/\/encompaniastj.org\/pt-pt\/se-teresa-voltasse-hoje-a-madrid-san-cristobal\/#respond"]}]},{"@type":"WebPage","@id":"https:\/\/encompaniastj.org\/pt-pt\/se-teresa-voltasse-hoje-a-madrid-san-cristobal\/","url":"https:\/\/encompaniastj.org\/pt-pt\/se-teresa-voltasse-hoje-a-madrid-san-cristobal\/","name":"Se Teresa voltasse hoje a Madrid-San Crist\u00f3bal - En Compa\u00f1\u00eda STJ","isPartOf":{"@id":"https:\/\/encompaniastj.org\/pt-pt\/#website"},"primaryImageOfPage":{"@id":"https:\/\/encompaniastj.org\/pt-pt\/se-teresa-voltasse-hoje-a-madrid-san-cristobal\/#primaryimage"},"image":{"@id":"https:\/\/encompaniastj.org\/pt-pt\/se-teresa-voltasse-hoje-a-madrid-san-cristobal\/#primaryimage"},"thumbnailUrl":"https:\/\/encompaniastj.org\/wp-content\/uploads\/2025\/05\/Teresianas-de-Osso-y-Poveda-San-Cristobal.jpg","datePublished":"2024-10-22T17:42:31+00:00","dateModified":"2025-07-07T14:26:00+00:00","breadcrumb":{"@id":"https:\/\/encompaniastj.org\/pt-pt\/se-teresa-voltasse-hoje-a-madrid-san-cristobal\/#breadcrumb"},"inLanguage":"pt-PT","potentialAction":[{"@type":"ReadAction","target":["https:\/\/encompaniastj.org\/pt-pt\/se-teresa-voltasse-hoje-a-madrid-san-cristobal\/"]}]},{"@type":"ImageObject","inLanguage":"pt-PT","@id":"https:\/\/encompaniastj.org\/pt-pt\/se-teresa-voltasse-hoje-a-madrid-san-cristobal\/#primaryimage","url":"https:\/\/encompaniastj.org\/wp-content\/uploads\/2025\/05\/Teresianas-de-Osso-y-Poveda-San-Cristobal.jpg","contentUrl":"https:\/\/encompaniastj.org\/wp-content\/uploads\/2025\/05\/Teresianas-de-Osso-y-Poveda-San-Cristobal.jpg","width":700,"height":378},{"@type":"BreadcrumbList","@id":"https:\/\/encompaniastj.org\/pt-pt\/se-teresa-voltasse-hoje-a-madrid-san-cristobal\/#breadcrumb","itemListElement":[{"@type":"ListItem","position":1,"name":"Portada","item":"https:\/\/encompaniastj.org\/pt-pt\/"},{"@type":"ListItem","position":2,"name":"Se Teresa voltasse hoje a Madrid-San Crist\u00f3bal"}]},{"@type":"WebSite","@id":"https:\/\/encompaniastj.org\/pt-pt\/#website","url":"https:\/\/encompaniastj.org\/pt-pt\/","name":"En Compa\u00f1\u00eda STJ","description":"Bolet\u00edn de la Compa\u00f1\u00eda de Santa Teresa de Jes\u00fas","publisher":{"@id":"https:\/\/encompaniastj.org\/pt-pt\/#organization"},"potentialAction":[{"@type":"SearchAction","target":{"@type":"EntryPoint","urlTemplate":"https:\/\/encompaniastj.org\/pt-pt\/?s={search_term_string}"},"query-input":{"@type":"PropertyValueSpecification","valueRequired":true,"valueName":"search_term_string"}}],"inLanguage":"pt-PT"},{"@type":"Organization","@id":"https:\/\/encompaniastj.org\/pt-pt\/#organization","name":"Compa\u00f1\u00eda de Santa Teresa de Jes\u00fas","url":"https:\/\/encompaniastj.org\/pt-pt\/","logo":{"@type":"ImageObject","inLanguage":"pt-PT","@id":"https:\/\/encompaniastj.org\/pt-pt\/#\/schema\/logo\/image\/","url":"https:\/\/encompaniastj.org\/wp-content\/uploads\/2025\/04\/logo_provincias02-1-3.png","contentUrl":"https:\/\/encompaniastj.org\/wp-content\/uploads\/2025\/04\/logo_provincias02-1-3.png","width":2368,"height":825,"caption":"Compa\u00f1\u00eda de Santa Teresa de Jes\u00fas"},"image":{"@id":"https:\/\/encompaniastj.org\/pt-pt\/#\/schema\/logo\/image\/"}},{"@type":"Person","@id":"https:\/\/encompaniastj.org\/pt-pt\/#\/schema\/person\/520e7ecc314793d40091993c2a02b651","name":"admin","image":{"@type":"ImageObject","inLanguage":"pt-PT","@id":"https:\/\/secure.gravatar.com\/avatar\/948b492cce32b586ac2db0eaa926ee87024f7afe218d73b397ea5ddfc5f43ea1?s=96&d=mm&r=g","url":"https:\/\/secure.gravatar.com\/avatar\/948b492cce32b586ac2db0eaa926ee87024f7afe218d73b397ea5ddfc5f43ea1?s=96&d=mm&r=g","contentUrl":"https:\/\/secure.gravatar.com\/avatar\/948b492cce32b586ac2db0eaa926ee87024f7afe218d73b397ea5ddfc5f43ea1?s=96&d=mm&r=g","caption":"admin"},"sameAs":["https:\/\/encompaniastj.org"],"url":"https:\/\/encompaniastj.org\/pt-pt\/author\/sjdigital\/"}]}},"_links":{"self":[{"href":"https:\/\/encompaniastj.org\/pt-pt\/wp-json\/wp\/v2\/posts\/12289","targetHints":{"allow":["GET"]}}],"collection":[{"href":"https:\/\/encompaniastj.org\/pt-pt\/wp-json\/wp\/v2\/posts"}],"about":[{"href":"https:\/\/encompaniastj.org\/pt-pt\/wp-json\/wp\/v2\/types\/post"}],"author":[{"embeddable":true,"href":"https:\/\/encompaniastj.org\/pt-pt\/wp-json\/wp\/v2\/users\/1"}],"replies":[{"embeddable":true,"href":"https:\/\/encompaniastj.org\/pt-pt\/wp-json\/wp\/v2\/comments?post=12289"}],"version-history":[{"count":1,"href":"https:\/\/encompaniastj.org\/pt-pt\/wp-json\/wp\/v2\/posts\/12289\/revisions"}],"predecessor-version":[{"id":12290,"href":"https:\/\/encompaniastj.org\/pt-pt\/wp-json\/wp\/v2\/posts\/12289\/revisions\/12290"}],"wp:featuredmedia":[{"embeddable":true,"href":"https:\/\/encompaniastj.org\/pt-pt\/wp-json\/wp\/v2\/media\/8825"}],"wp:attachment":[{"href":"https:\/\/encompaniastj.org\/pt-pt\/wp-json\/wp\/v2\/media?parent=12289"}],"wp:term":[{"taxonomy":"category","embeddable":true,"href":"https:\/\/encompaniastj.org\/pt-pt\/wp-json\/wp\/v2\/categories?post=12289"},{"taxonomy":"post_tag","embeddable":true,"href":"https:\/\/encompaniastj.org\/pt-pt\/wp-json\/wp\/v2\/tags?post=12289"}],"curies":[{"name":"wp","href":"https:\/\/api.w.org\/{rel}","templated":true}]}}