{"id":12277,"date":"2024-10-22T18:05:57","date_gmt":"2024-10-22T16:05:57","guid":{"rendered":"https:\/\/encompaniastj.org\/jubileu-de-ouro-de-sagrario-gomez-na-comunidade-de-huelva\/"},"modified":"2025-07-07T16:25:50","modified_gmt":"2025-07-07T14:25:50","slug":"jubileu-de-ouro-de-sagrario-gomez-na-comunidade-de-huelva","status":"publish","type":"post","link":"https:\/\/encompaniastj.org\/pt-pt\/jubileu-de-ouro-de-sagrario-gomez-na-comunidade-de-huelva\/","title":{"rendered":"Jubileu de Ouro de Sagrario G\u00f3mez na comunidade de Huelva"},"content":{"rendered":"<p>No dia 13 de outubro, Sagrario celebrou o seu Jubileu de Ouro na Companhia de Jesus. 50 anos a viver com o Senhor, a fazer a experi\u00eancia de que \u00e9 Ele que nos segue para nos impedir de cair; 50 anos a aprender a conhec\u00ea-Lo e a am\u00e1-Lo&#8230; \u00e9 muito para agradecer.<\/p>\n<p>Cerca de 60 pessoas reuniram-se com o Sagrario para a \u201ca\u00e7\u00e3o de gra\u00e7as\u201d. A celebra\u00e7\u00e3o esteve a cargo do nosso capel\u00e3o, um agostiniano que sabe valorizar o interc\u00e2mbio de interesses e amizades que se produz com 50 anos de consagra\u00e7\u00e3o ao Senhor. Foi uma eucaristia bonita e comovente, na qual Sagrario expressou sua a\u00e7\u00e3o de gra\u00e7as pessoal.<\/p>\n<p>E depois, num simples \u201cpicoteo\u201d, e sempre acompanhada pelas nossas irm\u00e3s de P\u00e9rez Cubillas e Sevilha, Sagrario p\u00f4de receber o carinho do seu grupo da MTA e de muitos outros amigos e conhecidos da Fam\u00edlia Teresiana desta terra de Huelva.<\/p>\n<p>Partilhamos convosco algumas palavras da sua a\u00e7\u00e3o de gra\u00e7as:<\/p>\n<p>Obrigada a todos v\u00f3s que estais aqui a agradecer-me a fidelidade de Deus na minha vida. Obrigado Fam\u00edlia Teresiana por tudo o que partilh\u00e1mos nestes anos em que Deus me deu o dom de viver nesta terra de Huelva.<\/p>\n<p>Obrigada \u00e0s minhas Irm\u00e3s Teresianas, especialmente \u00e0s da minha comunidade atual e das comunidades da Andaluzia e a todas aquelas com quem convivi durante estes 50 anos, que foram muitos. Irm\u00e3s de \u00c1vila, de Madrid, de Las Palmas, de Valladolid, da Bol\u00edvia, de Ciudad Rodrigo e de Huelva.\u00a0 Obrigada por tudo o que significaram na minha vida.\u00a0A vida comunit\u00e1ria \u00e9 uma escola para moldar o nosso car\u00e1cter e ser capaz de concretizar o amor e o servi\u00e7o nos pequenos detalhes da vida quotidiana.\u00a0Obrigada porque entre estas luzes e sombras estamos a construir o Reino em comunidade.<\/p>\n<p>Obrigada \u00e0 minha fam\u00edlia que amo com toda a minha alma&#8230; Estas s\u00f3lidas ra\u00edzes familiares favoreceram a experi\u00eancia de Deus e Ele encarregou-se de colocar media\u00e7\u00f5es no meu caminho&#8230; que me ajudaram a descobrir a grande alegria de poder dar a minha vida a Deus na Companhia de Santa Teresa de Jesus. Posso dizer com emo\u00e7\u00e3o e verdade: \u201cDeus deu-me irm\u00e3s, um dom para a minha fraqueza\u201d.<\/p>\n<p>E obrigada, Deus, pelo teu amor eterno, pelo teu amor fiel, pela tua paci\u00eancia para comigo&#8230;. Obrigada porque me sustentaste apesar dos meus trope\u00e7os e das minhas quedas. Muitas vezes rezei diante de V\u00f3s este desejo de Teresa de Jesus: \u201cQue este eu morra e viva no meu Outro que \u00e9 mais do que eu e para mim melhor do que eu, para que eu O sirva. Que Ele viva e me d\u00ea a vida, que Ele reine e que eu seja sua cativa, porque a minha alma n\u00e3o quer outra liberdade\u201d.<\/p>\n<p>Fa\u00e7o minhas algumas palavras de Pedro Casald\u00e1liga: \u201cNo fim do caminho <strong>dir-me-\u00e3o:<\/strong> - Viveste, amaste? E <strong>eu<\/strong>, sem dizer nada,\u00a0a<strong>brirei o meu\u00a0<\/strong><strong>cora\u00e7\u00e3o cheio de nom<\/strong><strong>es<\/strong>\u201d.<\/p>\n\n","protected":false},"excerpt":{"rendered":"<p>No dia 13 de outubro, Sagrario celebrou o seu Jubileu de Ouro na Companhia de Jesus. 50 anos a viver com o Senhor, a fazer a experi\u00eancia de que \u00e9 [&hellip;]<\/p>\n","protected":false},"author":1,"featured_media":8810,"comment_status":"open","ping_status":"open","sticky":false,"template":"","format":"standard","meta":{"_acf_changed":false,"footnotes":""},"categories":[61,68],"tags":[],"class_list":["post-12277","post","type-post","status-publish","format-standard","has-post-thumbnail","hentry","category-noticias","category-outras"],"acf":[],"yoast_head":"<!-- This site is optimized with the Yoast SEO plugin v27.5 - https:\/\/yoast.com\/product\/yoast-seo-wordpress\/ -->\n<title>Jubileu de Ouro de Sagrario G\u00f3mez na comunidade de Huelva - En Compa\u00f1\u00eda STJ<\/title>\n<meta name=\"robots\" content=\"index, follow, max-snippet:-1, max-image-preview:large, max-video-preview:-1\" \/>\n<link rel=\"canonical\" href=\"https:\/\/encompaniastj.org\/pt-pt\/jubileu-de-ouro-de-sagrario-gomez-na-comunidade-de-huelva\/\" \/>\n<meta property=\"og:locale\" content=\"pt_PT\" \/>\n<meta property=\"og:type\" content=\"article\" \/>\n<meta property=\"og:title\" content=\"Jubileu de Ouro de Sagrario G\u00f3mez na comunidade de Huelva - En Compa\u00f1\u00eda STJ\" \/>\n<meta property=\"og:description\" content=\"No dia 13 de outubro, Sagrario celebrou o seu Jubileu de Ouro na Companhia de Jesus. 50 anos a viver com o Senhor, a fazer a experi\u00eancia de que \u00e9 [&hellip;]\" \/>\n<meta property=\"og:url\" content=\"https:\/\/encompaniastj.org\/pt-pt\/jubileu-de-ouro-de-sagrario-gomez-na-comunidade-de-huelva\/\" \/>\n<meta property=\"og:site_name\" content=\"En Compa\u00f1\u00eda STJ\" \/>\n<meta property=\"article:published_time\" content=\"2024-10-22T16:05:57+00:00\" \/>\n<meta property=\"article:modified_time\" content=\"2025-07-07T14:25:50+00:00\" \/>\n<meta property=\"og:image\" content=\"https:\/\/encompaniastj.org\/wp-content\/uploads\/2025\/05\/Sagrario-centro.jpg\" \/>\n\t<meta property=\"og:image:width\" content=\"500\" \/>\n\t<meta property=\"og:image:height\" content=\"225\" \/>\n\t<meta property=\"og:image:type\" content=\"image\/jpeg\" \/>\n<meta name=\"author\" content=\"admin\" \/>\n<meta name=\"twitter:card\" content=\"summary_large_image\" \/>\n<meta name=\"twitter:label1\" content=\"Escrito por\" \/>\n\t<meta name=\"twitter:data1\" content=\"admin\" \/>\n\t<meta name=\"twitter:label2\" content=\"Tempo estimado de leitura\" \/>\n\t<meta name=\"twitter:data2\" content=\"3 minutos\" \/>\n<script type=\"application\/ld+json\" class=\"yoast-schema-graph\">{\"@context\":\"https:\\\/\\\/schema.org\",\"@graph\":[{\"@type\":\"Article\",\"@id\":\"https:\\\/\\\/encompaniastj.org\\\/pt-pt\\\/jubileu-de-ouro-de-sagrario-gomez-na-comunidade-de-huelva\\\/#article\",\"isPartOf\":{\"@id\":\"https:\\\/\\\/encompaniastj.org\\\/pt-pt\\\/jubileu-de-ouro-de-sagrario-gomez-na-comunidade-de-huelva\\\/\"},\"author\":{\"name\":\"admin\",\"@id\":\"https:\\\/\\\/encompaniastj.org\\\/pt-pt\\\/#\\\/schema\\\/person\\\/520e7ecc314793d40091993c2a02b651\"},\"headline\":\"Jubileu de Ouro de Sagrario G\u00f3mez na comunidade de Huelva\",\"datePublished\":\"2024-10-22T16:05:57+00:00\",\"dateModified\":\"2025-07-07T14:25:50+00:00\",\"mainEntityOfPage\":{\"@id\":\"https:\\\/\\\/encompaniastj.org\\\/pt-pt\\\/jubileu-de-ouro-de-sagrario-gomez-na-comunidade-de-huelva\\\/\"},\"wordCount\":614,\"commentCount\":0,\"publisher\":{\"@id\":\"https:\\\/\\\/encompaniastj.org\\\/pt-pt\\\/#organization\"},\"image\":{\"@id\":\"https:\\\/\\\/encompaniastj.org\\\/pt-pt\\\/jubileu-de-ouro-de-sagrario-gomez-na-comunidade-de-huelva\\\/#primaryimage\"},\"thumbnailUrl\":\"https:\\\/\\\/encompaniastj.org\\\/wp-content\\\/uploads\\\/2025\\\/05\\\/Sagrario-centro.jpg\",\"articleSection\":[\"Noticias\",\"Outras\"],\"inLanguage\":\"pt-PT\",\"potentialAction\":[{\"@type\":\"CommentAction\",\"name\":\"Comment\",\"target\":[\"https:\\\/\\\/encompaniastj.org\\\/pt-pt\\\/jubileu-de-ouro-de-sagrario-gomez-na-comunidade-de-huelva\\\/#respond\"]}]},{\"@type\":\"WebPage\",\"@id\":\"https:\\\/\\\/encompaniastj.org\\\/pt-pt\\\/jubileu-de-ouro-de-sagrario-gomez-na-comunidade-de-huelva\\\/\",\"url\":\"https:\\\/\\\/encompaniastj.org\\\/pt-pt\\\/jubileu-de-ouro-de-sagrario-gomez-na-comunidade-de-huelva\\\/\",\"name\":\"Jubileu de Ouro de Sagrario G\u00f3mez na comunidade de Huelva - En Compa\u00f1\u00eda STJ\",\"isPartOf\":{\"@id\":\"https:\\\/\\\/encompaniastj.org\\\/pt-pt\\\/#website\"},\"primaryImageOfPage\":{\"@id\":\"https:\\\/\\\/encompaniastj.org\\\/pt-pt\\\/jubileu-de-ouro-de-sagrario-gomez-na-comunidade-de-huelva\\\/#primaryimage\"},\"image\":{\"@id\":\"https:\\\/\\\/encompaniastj.org\\\/pt-pt\\\/jubileu-de-ouro-de-sagrario-gomez-na-comunidade-de-huelva\\\/#primaryimage\"},\"thumbnailUrl\":\"https:\\\/\\\/encompaniastj.org\\\/wp-content\\\/uploads\\\/2025\\\/05\\\/Sagrario-centro.jpg\",\"datePublished\":\"2024-10-22T16:05:57+00:00\",\"dateModified\":\"2025-07-07T14:25:50+00:00\",\"breadcrumb\":{\"@id\":\"https:\\\/\\\/encompaniastj.org\\\/pt-pt\\\/jubileu-de-ouro-de-sagrario-gomez-na-comunidade-de-huelva\\\/#breadcrumb\"},\"inLanguage\":\"pt-PT\",\"potentialAction\":[{\"@type\":\"ReadAction\",\"target\":[\"https:\\\/\\\/encompaniastj.org\\\/pt-pt\\\/jubileu-de-ouro-de-sagrario-gomez-na-comunidade-de-huelva\\\/\"]}]},{\"@type\":\"ImageObject\",\"inLanguage\":\"pt-PT\",\"@id\":\"https:\\\/\\\/encompaniastj.org\\\/pt-pt\\\/jubileu-de-ouro-de-sagrario-gomez-na-comunidade-de-huelva\\\/#primaryimage\",\"url\":\"https:\\\/\\\/encompaniastj.org\\\/wp-content\\\/uploads\\\/2025\\\/05\\\/Sagrario-centro.jpg\",\"contentUrl\":\"https:\\\/\\\/encompaniastj.org\\\/wp-content\\\/uploads\\\/2025\\\/05\\\/Sagrario-centro.jpg\",\"width\":500,\"height\":225},{\"@type\":\"BreadcrumbList\",\"@id\":\"https:\\\/\\\/encompaniastj.org\\\/pt-pt\\\/jubileu-de-ouro-de-sagrario-gomez-na-comunidade-de-huelva\\\/#breadcrumb\",\"itemListElement\":[{\"@type\":\"ListItem\",\"position\":1,\"name\":\"Portada\",\"item\":\"https:\\\/\\\/encompaniastj.org\\\/pt-pt\\\/\"},{\"@type\":\"ListItem\",\"position\":2,\"name\":\"Jubileu de Ouro de Sagrario G\u00f3mez na comunidade de Huelva\"}]},{\"@type\":\"WebSite\",\"@id\":\"https:\\\/\\\/encompaniastj.org\\\/pt-pt\\\/#website\",\"url\":\"https:\\\/\\\/encompaniastj.org\\\/pt-pt\\\/\",\"name\":\"En Compa\u00f1\u00eda STJ\",\"description\":\"Bolet\u00edn de la Compa\u00f1\u00eda de Santa Teresa de Jes\u00fas\",\"publisher\":{\"@id\":\"https:\\\/\\\/encompaniastj.org\\\/pt-pt\\\/#organization\"},\"potentialAction\":[{\"@type\":\"SearchAction\",\"target\":{\"@type\":\"EntryPoint\",\"urlTemplate\":\"https:\\\/\\\/encompaniastj.org\\\/pt-pt\\\/?s={search_term_string}\"},\"query-input\":{\"@type\":\"PropertyValueSpecification\",\"valueRequired\":true,\"valueName\":\"search_term_string\"}}],\"inLanguage\":\"pt-PT\"},{\"@type\":\"Organization\",\"@id\":\"https:\\\/\\\/encompaniastj.org\\\/pt-pt\\\/#organization\",\"name\":\"Compa\u00f1\u00eda de Santa Teresa de Jes\u00fas\",\"url\":\"https:\\\/\\\/encompaniastj.org\\\/pt-pt\\\/\",\"logo\":{\"@type\":\"ImageObject\",\"inLanguage\":\"pt-PT\",\"@id\":\"https:\\\/\\\/encompaniastj.org\\\/pt-pt\\\/#\\\/schema\\\/logo\\\/image\\\/\",\"url\":\"https:\\\/\\\/encompaniastj.org\\\/wp-content\\\/uploads\\\/2025\\\/04\\\/logo_provincias02-1-3.png\",\"contentUrl\":\"https:\\\/\\\/encompaniastj.org\\\/wp-content\\\/uploads\\\/2025\\\/04\\\/logo_provincias02-1-3.png\",\"width\":2368,\"height\":825,\"caption\":\"Compa\u00f1\u00eda de Santa Teresa de Jes\u00fas\"},\"image\":{\"@id\":\"https:\\\/\\\/encompaniastj.org\\\/pt-pt\\\/#\\\/schema\\\/logo\\\/image\\\/\"}},{\"@type\":\"Person\",\"@id\":\"https:\\\/\\\/encompaniastj.org\\\/pt-pt\\\/#\\\/schema\\\/person\\\/520e7ecc314793d40091993c2a02b651\",\"name\":\"admin\",\"image\":{\"@type\":\"ImageObject\",\"inLanguage\":\"pt-PT\",\"@id\":\"https:\\\/\\\/secure.gravatar.com\\\/avatar\\\/948b492cce32b586ac2db0eaa926ee87024f7afe218d73b397ea5ddfc5f43ea1?s=96&d=mm&r=g\",\"url\":\"https:\\\/\\\/secure.gravatar.com\\\/avatar\\\/948b492cce32b586ac2db0eaa926ee87024f7afe218d73b397ea5ddfc5f43ea1?s=96&d=mm&r=g\",\"contentUrl\":\"https:\\\/\\\/secure.gravatar.com\\\/avatar\\\/948b492cce32b586ac2db0eaa926ee87024f7afe218d73b397ea5ddfc5f43ea1?s=96&d=mm&r=g\",\"caption\":\"admin\"},\"sameAs\":[\"https:\\\/\\\/encompaniastj.org\"],\"url\":\"https:\\\/\\\/encompaniastj.org\\\/pt-pt\\\/author\\\/sjdigital\\\/\"}]}<\/script>\n<!-- \/ Yoast SEO plugin. -->","yoast_head_json":{"title":"Jubileu de Ouro de Sagrario G\u00f3mez na comunidade de Huelva - En Compa\u00f1\u00eda STJ","robots":{"index":"index","follow":"follow","max-snippet":"max-snippet:-1","max-image-preview":"max-image-preview:large","max-video-preview":"max-video-preview:-1"},"canonical":"https:\/\/encompaniastj.org\/pt-pt\/jubileu-de-ouro-de-sagrario-gomez-na-comunidade-de-huelva\/","og_locale":"pt_PT","og_type":"article","og_title":"Jubileu de Ouro de Sagrario G\u00f3mez na comunidade de Huelva - En Compa\u00f1\u00eda STJ","og_description":"No dia 13 de outubro, Sagrario celebrou o seu Jubileu de Ouro na Companhia de Jesus. 50 anos a viver com o Senhor, a fazer a experi\u00eancia de que \u00e9 [&hellip;]","og_url":"https:\/\/encompaniastj.org\/pt-pt\/jubileu-de-ouro-de-sagrario-gomez-na-comunidade-de-huelva\/","og_site_name":"En Compa\u00f1\u00eda STJ","article_published_time":"2024-10-22T16:05:57+00:00","article_modified_time":"2025-07-07T14:25:50+00:00","og_image":[{"width":500,"height":225,"url":"https:\/\/encompaniastj.org\/wp-content\/uploads\/2025\/05\/Sagrario-centro.jpg","type":"image\/jpeg"}],"author":"admin","twitter_card":"summary_large_image","twitter_misc":{"Escrito por":"admin","Tempo estimado de leitura":"3 minutos"},"schema":{"@context":"https:\/\/schema.org","@graph":[{"@type":"Article","@id":"https:\/\/encompaniastj.org\/pt-pt\/jubileu-de-ouro-de-sagrario-gomez-na-comunidade-de-huelva\/#article","isPartOf":{"@id":"https:\/\/encompaniastj.org\/pt-pt\/jubileu-de-ouro-de-sagrario-gomez-na-comunidade-de-huelva\/"},"author":{"name":"admin","@id":"https:\/\/encompaniastj.org\/pt-pt\/#\/schema\/person\/520e7ecc314793d40091993c2a02b651"},"headline":"Jubileu de Ouro de Sagrario G\u00f3mez na comunidade de Huelva","datePublished":"2024-10-22T16:05:57+00:00","dateModified":"2025-07-07T14:25:50+00:00","mainEntityOfPage":{"@id":"https:\/\/encompaniastj.org\/pt-pt\/jubileu-de-ouro-de-sagrario-gomez-na-comunidade-de-huelva\/"},"wordCount":614,"commentCount":0,"publisher":{"@id":"https:\/\/encompaniastj.org\/pt-pt\/#organization"},"image":{"@id":"https:\/\/encompaniastj.org\/pt-pt\/jubileu-de-ouro-de-sagrario-gomez-na-comunidade-de-huelva\/#primaryimage"},"thumbnailUrl":"https:\/\/encompaniastj.org\/wp-content\/uploads\/2025\/05\/Sagrario-centro.jpg","articleSection":["Noticias","Outras"],"inLanguage":"pt-PT","potentialAction":[{"@type":"CommentAction","name":"Comment","target":["https:\/\/encompaniastj.org\/pt-pt\/jubileu-de-ouro-de-sagrario-gomez-na-comunidade-de-huelva\/#respond"]}]},{"@type":"WebPage","@id":"https:\/\/encompaniastj.org\/pt-pt\/jubileu-de-ouro-de-sagrario-gomez-na-comunidade-de-huelva\/","url":"https:\/\/encompaniastj.org\/pt-pt\/jubileu-de-ouro-de-sagrario-gomez-na-comunidade-de-huelva\/","name":"Jubileu de Ouro de Sagrario G\u00f3mez na comunidade de Huelva - En Compa\u00f1\u00eda STJ","isPartOf":{"@id":"https:\/\/encompaniastj.org\/pt-pt\/#website"},"primaryImageOfPage":{"@id":"https:\/\/encompaniastj.org\/pt-pt\/jubileu-de-ouro-de-sagrario-gomez-na-comunidade-de-huelva\/#primaryimage"},"image":{"@id":"https:\/\/encompaniastj.org\/pt-pt\/jubileu-de-ouro-de-sagrario-gomez-na-comunidade-de-huelva\/#primaryimage"},"thumbnailUrl":"https:\/\/encompaniastj.org\/wp-content\/uploads\/2025\/05\/Sagrario-centro.jpg","datePublished":"2024-10-22T16:05:57+00:00","dateModified":"2025-07-07T14:25:50+00:00","breadcrumb":{"@id":"https:\/\/encompaniastj.org\/pt-pt\/jubileu-de-ouro-de-sagrario-gomez-na-comunidade-de-huelva\/#breadcrumb"},"inLanguage":"pt-PT","potentialAction":[{"@type":"ReadAction","target":["https:\/\/encompaniastj.org\/pt-pt\/jubileu-de-ouro-de-sagrario-gomez-na-comunidade-de-huelva\/"]}]},{"@type":"ImageObject","inLanguage":"pt-PT","@id":"https:\/\/encompaniastj.org\/pt-pt\/jubileu-de-ouro-de-sagrario-gomez-na-comunidade-de-huelva\/#primaryimage","url":"https:\/\/encompaniastj.org\/wp-content\/uploads\/2025\/05\/Sagrario-centro.jpg","contentUrl":"https:\/\/encompaniastj.org\/wp-content\/uploads\/2025\/05\/Sagrario-centro.jpg","width":500,"height":225},{"@type":"BreadcrumbList","@id":"https:\/\/encompaniastj.org\/pt-pt\/jubileu-de-ouro-de-sagrario-gomez-na-comunidade-de-huelva\/#breadcrumb","itemListElement":[{"@type":"ListItem","position":1,"name":"Portada","item":"https:\/\/encompaniastj.org\/pt-pt\/"},{"@type":"ListItem","position":2,"name":"Jubileu de Ouro de Sagrario G\u00f3mez na comunidade de Huelva"}]},{"@type":"WebSite","@id":"https:\/\/encompaniastj.org\/pt-pt\/#website","url":"https:\/\/encompaniastj.org\/pt-pt\/","name":"En Compa\u00f1\u00eda STJ","description":"Bolet\u00edn de la Compa\u00f1\u00eda de Santa Teresa de Jes\u00fas","publisher":{"@id":"https:\/\/encompaniastj.org\/pt-pt\/#organization"},"potentialAction":[{"@type":"SearchAction","target":{"@type":"EntryPoint","urlTemplate":"https:\/\/encompaniastj.org\/pt-pt\/?s={search_term_string}"},"query-input":{"@type":"PropertyValueSpecification","valueRequired":true,"valueName":"search_term_string"}}],"inLanguage":"pt-PT"},{"@type":"Organization","@id":"https:\/\/encompaniastj.org\/pt-pt\/#organization","name":"Compa\u00f1\u00eda de Santa Teresa de Jes\u00fas","url":"https:\/\/encompaniastj.org\/pt-pt\/","logo":{"@type":"ImageObject","inLanguage":"pt-PT","@id":"https:\/\/encompaniastj.org\/pt-pt\/#\/schema\/logo\/image\/","url":"https:\/\/encompaniastj.org\/wp-content\/uploads\/2025\/04\/logo_provincias02-1-3.png","contentUrl":"https:\/\/encompaniastj.org\/wp-content\/uploads\/2025\/04\/logo_provincias02-1-3.png","width":2368,"height":825,"caption":"Compa\u00f1\u00eda de Santa Teresa de Jes\u00fas"},"image":{"@id":"https:\/\/encompaniastj.org\/pt-pt\/#\/schema\/logo\/image\/"}},{"@type":"Person","@id":"https:\/\/encompaniastj.org\/pt-pt\/#\/schema\/person\/520e7ecc314793d40091993c2a02b651","name":"admin","image":{"@type":"ImageObject","inLanguage":"pt-PT","@id":"https:\/\/secure.gravatar.com\/avatar\/948b492cce32b586ac2db0eaa926ee87024f7afe218d73b397ea5ddfc5f43ea1?s=96&d=mm&r=g","url":"https:\/\/secure.gravatar.com\/avatar\/948b492cce32b586ac2db0eaa926ee87024f7afe218d73b397ea5ddfc5f43ea1?s=96&d=mm&r=g","contentUrl":"https:\/\/secure.gravatar.com\/avatar\/948b492cce32b586ac2db0eaa926ee87024f7afe218d73b397ea5ddfc5f43ea1?s=96&d=mm&r=g","caption":"admin"},"sameAs":["https:\/\/encompaniastj.org"],"url":"https:\/\/encompaniastj.org\/pt-pt\/author\/sjdigital\/"}]}},"_links":{"self":[{"href":"https:\/\/encompaniastj.org\/pt-pt\/wp-json\/wp\/v2\/posts\/12277","targetHints":{"allow":["GET"]}}],"collection":[{"href":"https:\/\/encompaniastj.org\/pt-pt\/wp-json\/wp\/v2\/posts"}],"about":[{"href":"https:\/\/encompaniastj.org\/pt-pt\/wp-json\/wp\/v2\/types\/post"}],"author":[{"embeddable":true,"href":"https:\/\/encompaniastj.org\/pt-pt\/wp-json\/wp\/v2\/users\/1"}],"replies":[{"embeddable":true,"href":"https:\/\/encompaniastj.org\/pt-pt\/wp-json\/wp\/v2\/comments?post=12277"}],"version-history":[{"count":1,"href":"https:\/\/encompaniastj.org\/pt-pt\/wp-json\/wp\/v2\/posts\/12277\/revisions"}],"predecessor-version":[{"id":12278,"href":"https:\/\/encompaniastj.org\/pt-pt\/wp-json\/wp\/v2\/posts\/12277\/revisions\/12278"}],"wp:featuredmedia":[{"embeddable":true,"href":"https:\/\/encompaniastj.org\/pt-pt\/wp-json\/wp\/v2\/media\/8810"}],"wp:attachment":[{"href":"https:\/\/encompaniastj.org\/pt-pt\/wp-json\/wp\/v2\/media?parent=12277"}],"wp:term":[{"taxonomy":"category","embeddable":true,"href":"https:\/\/encompaniastj.org\/pt-pt\/wp-json\/wp\/v2\/categories?post=12277"},{"taxonomy":"post_tag","embeddable":true,"href":"https:\/\/encompaniastj.org\/pt-pt\/wp-json\/wp\/v2\/tags?post=12277"}],"curies":[{"name":"wp","href":"https:\/\/api.w.org\/{rel}","templated":true}]}}