{"id":12269,"date":"2024-10-10T10:11:19","date_gmt":"2024-10-10T08:11:19","guid":{"rendered":"https:\/\/encompaniastj.org\/cidalia-da-soledade-amaral-8-de-outubro-de-2024-avila-residencia\/"},"modified":"2025-07-07T16:25:49","modified_gmt":"2025-07-07T14:25:49","slug":"cidalia-da-soledade-amaral-8-de-outubro-de-2024-avila-residencia","status":"publish","type":"post","link":"https:\/\/encompaniastj.org\/pt-pt\/cidalia-da-soledade-amaral-8-de-outubro-de-2024-avila-residencia\/","title":{"rendered":"Cidalia da Soledade Amaral. 8 de outubro de 2024 (\u00c1vila Resid\u00eancia)"},"content":{"rendered":"<p>Na manh\u00e3 do dia 8 de outubro de 2024, faleceu a nossa irm\u00e3 Cid\u00e1lia Amaral na comunidade de \u00c1vila Residencia. Tinha 90 anos e o seu corpo vinha sofrendo a deteriora\u00e7\u00e3o t\u00edpica de uma vida longa e de algumas doen\u00e7as cr\u00f3nicas.<\/p>\n<p>Cid\u00e1lia nasceu na P\u00f3voa de Penedero, localidade da diocese de Lamego, em Portugal. Ingressou na Companhia no noviciado de Braga em 1955 e, depois dos primeiros votos em 1958, foi destinada a Lisboa. Mais tarde viveu em algumas casas em Angola, mas a maior parte da sua vida foi passada em Espanha, em diferentes comunidades: Salamanca, onde fez a profiss\u00e3o perp\u00e9tua, em Madrid - Casa Provincial, e chegou a \u00c1vila - Resid\u00eancia no ver\u00e3o de 2021 em para serem melhor atendidos na enfermaria.<br \/>\nTemos muito boas recorda\u00e7\u00f5es da Cid\u00e1lia: uma irm\u00e3 simples, silenciosa, dedicada, tamb\u00e9m interessada em tudo o que se passava no mundo e sempre informada. De grande e profunda piedade, dirigia a sua ora\u00e7\u00e3o sobretudo a Maria e espalhava a sua devo\u00e7\u00e3o por onde passava.<\/p>\n<p>Era uma excelente cozinheira, embora tamb\u00e9m soubesse vestir-se e mascarar-se, mas a sua verdadeira paix\u00e3o era a jardinagem. Adorava plantas e conseguia fazer com que todas voltassem \u00e0 vida nas suas m\u00e3os, sempre cheias de cortes e queimaduras. Foi f\u00e1cil encontr\u00e1-la a regar, a podar, a arranjar canteiros, nos canteiros da Casa Provincial.<\/p>\n<p>O carinho carinhoso da Cid\u00e1lia pela Senhora de F\u00e1tima e o seu apego \u00e0 ora\u00e7\u00e3o do ter\u00e7o sempre nos fez muito bem. Estamos certos de que foi Maria quem intercedeu junto de Jesus para a levar consigo logo no dia seguinte \u00e0 festa da Virgem do Ros\u00e1rio.<\/p>\n<p>Na \u00faltima fase da sua vida, fomos feridos por esta doen\u00e7a que a manteve mais calada e expectante, atenta a cada movimento nosso. O seu olhar falou-nos da necessidade de descansar no colo de Deus e de Maria, por isso, no meio da dor que a sua despedida nos causa, nos alegramos, porque agora ele goza de uma paz ilimitada para sempre.<\/p>\n","protected":false},"excerpt":{"rendered":"<p>Na manh\u00e3 do dia 8 de outubro de 2024, faleceu a nossa irm\u00e3 Cid\u00e1lia Amaral na comunidade de \u00c1vila Residencia. Tinha 90 anos e o seu corpo vinha sofrendo a [&hellip;]<\/p>\n","protected":false},"author":1,"featured_media":8805,"comment_status":"open","ping_status":"open","sticky":false,"template":"","format":"standard","meta":{"_acf_changed":false,"footnotes":""},"categories":[69],"tags":[],"class_list":["post-12269","post","type-post","status-publish","format-standard","has-post-thumbnail","hentry","category-falecimentos"],"acf":[],"yoast_head":"<!-- This site is optimized with the Yoast SEO plugin v27.5 - https:\/\/yoast.com\/product\/yoast-seo-wordpress\/ -->\n<title>Cidalia da Soledade Amaral. 8 de outubro de 2024 (\u00c1vila Resid\u00eancia) - En Compa\u00f1\u00eda STJ<\/title>\n<meta name=\"robots\" content=\"index, follow, max-snippet:-1, max-image-preview:large, max-video-preview:-1\" \/>\n<link rel=\"canonical\" href=\"https:\/\/encompaniastj.org\/pt-pt\/cidalia-da-soledade-amaral-8-de-outubro-de-2024-avila-residencia\/\" \/>\n<meta property=\"og:locale\" content=\"pt_PT\" \/>\n<meta property=\"og:type\" content=\"article\" \/>\n<meta property=\"og:title\" content=\"Cidalia da Soledade Amaral. 8 de outubro de 2024 (\u00c1vila Resid\u00eancia) - En Compa\u00f1\u00eda STJ\" \/>\n<meta property=\"og:description\" content=\"Na manh\u00e3 do dia 8 de outubro de 2024, faleceu a nossa irm\u00e3 Cid\u00e1lia Amaral na comunidade de \u00c1vila Residencia. Tinha 90 anos e o seu corpo vinha sofrendo a [&hellip;]\" \/>\n<meta property=\"og:url\" content=\"https:\/\/encompaniastj.org\/pt-pt\/cidalia-da-soledade-amaral-8-de-outubro-de-2024-avila-residencia\/\" \/>\n<meta property=\"og:site_name\" content=\"En Compa\u00f1\u00eda STJ\" \/>\n<meta property=\"article:published_time\" content=\"2024-10-10T08:11:19+00:00\" \/>\n<meta property=\"article:modified_time\" content=\"2025-07-07T14:25:49+00:00\" \/>\n<meta property=\"og:image\" content=\"https:\/\/encompaniastj.org\/wp-content\/uploads\/2025\/05\/istockphoto-482509187-612x612-1.jpg\" \/>\n\t<meta property=\"og:image:width\" content=\"612\" \/>\n\t<meta property=\"og:image:height\" content=\"408\" \/>\n\t<meta property=\"og:image:type\" content=\"image\/jpeg\" \/>\n<meta name=\"author\" content=\"admin\" \/>\n<meta name=\"twitter:card\" content=\"summary_large_image\" \/>\n<meta name=\"twitter:label1\" content=\"Escrito por\" \/>\n\t<meta name=\"twitter:data1\" content=\"admin\" \/>\n\t<meta name=\"twitter:label2\" content=\"Tempo estimado de leitura\" \/>\n\t<meta name=\"twitter:data2\" content=\"2 minutos\" \/>\n<script type=\"application\/ld+json\" class=\"yoast-schema-graph\">{\"@context\":\"https:\\\/\\\/schema.org\",\"@graph\":[{\"@type\":\"Article\",\"@id\":\"https:\\\/\\\/encompaniastj.org\\\/pt-pt\\\/cidalia-da-soledade-amaral-8-de-outubro-de-2024-avila-residencia\\\/#article\",\"isPartOf\":{\"@id\":\"https:\\\/\\\/encompaniastj.org\\\/pt-pt\\\/cidalia-da-soledade-amaral-8-de-outubro-de-2024-avila-residencia\\\/\"},\"author\":{\"name\":\"admin\",\"@id\":\"https:\\\/\\\/encompaniastj.org\\\/pt-pt\\\/#\\\/schema\\\/person\\\/520e7ecc314793d40091993c2a02b651\"},\"headline\":\"Cidalia da Soledade Amaral. 8 de outubro de 2024 (\u00c1vila Resid\u00eancia)\",\"datePublished\":\"2024-10-10T08:11:19+00:00\",\"dateModified\":\"2025-07-07T14:25:49+00:00\",\"mainEntityOfPage\":{\"@id\":\"https:\\\/\\\/encompaniastj.org\\\/pt-pt\\\/cidalia-da-soledade-amaral-8-de-outubro-de-2024-avila-residencia\\\/\"},\"wordCount\":358,\"commentCount\":0,\"publisher\":{\"@id\":\"https:\\\/\\\/encompaniastj.org\\\/pt-pt\\\/#organization\"},\"image\":{\"@id\":\"https:\\\/\\\/encompaniastj.org\\\/pt-pt\\\/cidalia-da-soledade-amaral-8-de-outubro-de-2024-avila-residencia\\\/#primaryimage\"},\"thumbnailUrl\":\"https:\\\/\\\/encompaniastj.org\\\/wp-content\\\/uploads\\\/2025\\\/05\\\/istockphoto-482509187-612x612-1.jpg\",\"articleSection\":[\"Falecimentos\"],\"inLanguage\":\"pt-PT\",\"potentialAction\":[{\"@type\":\"CommentAction\",\"name\":\"Comment\",\"target\":[\"https:\\\/\\\/encompaniastj.org\\\/pt-pt\\\/cidalia-da-soledade-amaral-8-de-outubro-de-2024-avila-residencia\\\/#respond\"]}]},{\"@type\":\"WebPage\",\"@id\":\"https:\\\/\\\/encompaniastj.org\\\/pt-pt\\\/cidalia-da-soledade-amaral-8-de-outubro-de-2024-avila-residencia\\\/\",\"url\":\"https:\\\/\\\/encompaniastj.org\\\/pt-pt\\\/cidalia-da-soledade-amaral-8-de-outubro-de-2024-avila-residencia\\\/\",\"name\":\"Cidalia da Soledade Amaral. 8 de outubro de 2024 (\u00c1vila Resid\u00eancia) - En Compa\u00f1\u00eda STJ\",\"isPartOf\":{\"@id\":\"https:\\\/\\\/encompaniastj.org\\\/pt-pt\\\/#website\"},\"primaryImageOfPage\":{\"@id\":\"https:\\\/\\\/encompaniastj.org\\\/pt-pt\\\/cidalia-da-soledade-amaral-8-de-outubro-de-2024-avila-residencia\\\/#primaryimage\"},\"image\":{\"@id\":\"https:\\\/\\\/encompaniastj.org\\\/pt-pt\\\/cidalia-da-soledade-amaral-8-de-outubro-de-2024-avila-residencia\\\/#primaryimage\"},\"thumbnailUrl\":\"https:\\\/\\\/encompaniastj.org\\\/wp-content\\\/uploads\\\/2025\\\/05\\\/istockphoto-482509187-612x612-1.jpg\",\"datePublished\":\"2024-10-10T08:11:19+00:00\",\"dateModified\":\"2025-07-07T14:25:49+00:00\",\"breadcrumb\":{\"@id\":\"https:\\\/\\\/encompaniastj.org\\\/pt-pt\\\/cidalia-da-soledade-amaral-8-de-outubro-de-2024-avila-residencia\\\/#breadcrumb\"},\"inLanguage\":\"pt-PT\",\"potentialAction\":[{\"@type\":\"ReadAction\",\"target\":[\"https:\\\/\\\/encompaniastj.org\\\/pt-pt\\\/cidalia-da-soledade-amaral-8-de-outubro-de-2024-avila-residencia\\\/\"]}]},{\"@type\":\"ImageObject\",\"inLanguage\":\"pt-PT\",\"@id\":\"https:\\\/\\\/encompaniastj.org\\\/pt-pt\\\/cidalia-da-soledade-amaral-8-de-outubro-de-2024-avila-residencia\\\/#primaryimage\",\"url\":\"https:\\\/\\\/encompaniastj.org\\\/wp-content\\\/uploads\\\/2025\\\/05\\\/istockphoto-482509187-612x612-1.jpg\",\"contentUrl\":\"https:\\\/\\\/encompaniastj.org\\\/wp-content\\\/uploads\\\/2025\\\/05\\\/istockphoto-482509187-612x612-1.jpg\",\"width\":612,\"height\":408},{\"@type\":\"BreadcrumbList\",\"@id\":\"https:\\\/\\\/encompaniastj.org\\\/pt-pt\\\/cidalia-da-soledade-amaral-8-de-outubro-de-2024-avila-residencia\\\/#breadcrumb\",\"itemListElement\":[{\"@type\":\"ListItem\",\"position\":1,\"name\":\"Portada\",\"item\":\"https:\\\/\\\/encompaniastj.org\\\/pt-pt\\\/\"},{\"@type\":\"ListItem\",\"position\":2,\"name\":\"Cidalia da Soledade Amaral. 8 de outubro de 2024 (\u00c1vila Resid\u00eancia)\"}]},{\"@type\":\"WebSite\",\"@id\":\"https:\\\/\\\/encompaniastj.org\\\/pt-pt\\\/#website\",\"url\":\"https:\\\/\\\/encompaniastj.org\\\/pt-pt\\\/\",\"name\":\"En Compa\u00f1\u00eda STJ\",\"description\":\"Bolet\u00edn de la Compa\u00f1\u00eda de Santa Teresa de Jes\u00fas\",\"publisher\":{\"@id\":\"https:\\\/\\\/encompaniastj.org\\\/pt-pt\\\/#organization\"},\"potentialAction\":[{\"@type\":\"SearchAction\",\"target\":{\"@type\":\"EntryPoint\",\"urlTemplate\":\"https:\\\/\\\/encompaniastj.org\\\/pt-pt\\\/?s={search_term_string}\"},\"query-input\":{\"@type\":\"PropertyValueSpecification\",\"valueRequired\":true,\"valueName\":\"search_term_string\"}}],\"inLanguage\":\"pt-PT\"},{\"@type\":\"Organization\",\"@id\":\"https:\\\/\\\/encompaniastj.org\\\/pt-pt\\\/#organization\",\"name\":\"Compa\u00f1\u00eda de Santa Teresa de Jes\u00fas\",\"url\":\"https:\\\/\\\/encompaniastj.org\\\/pt-pt\\\/\",\"logo\":{\"@type\":\"ImageObject\",\"inLanguage\":\"pt-PT\",\"@id\":\"https:\\\/\\\/encompaniastj.org\\\/pt-pt\\\/#\\\/schema\\\/logo\\\/image\\\/\",\"url\":\"https:\\\/\\\/encompaniastj.org\\\/wp-content\\\/uploads\\\/2025\\\/04\\\/logo_provincias02-1-3.png\",\"contentUrl\":\"https:\\\/\\\/encompaniastj.org\\\/wp-content\\\/uploads\\\/2025\\\/04\\\/logo_provincias02-1-3.png\",\"width\":2368,\"height\":825,\"caption\":\"Compa\u00f1\u00eda de Santa Teresa de Jes\u00fas\"},\"image\":{\"@id\":\"https:\\\/\\\/encompaniastj.org\\\/pt-pt\\\/#\\\/schema\\\/logo\\\/image\\\/\"}},{\"@type\":\"Person\",\"@id\":\"https:\\\/\\\/encompaniastj.org\\\/pt-pt\\\/#\\\/schema\\\/person\\\/520e7ecc314793d40091993c2a02b651\",\"name\":\"admin\",\"image\":{\"@type\":\"ImageObject\",\"inLanguage\":\"pt-PT\",\"@id\":\"https:\\\/\\\/secure.gravatar.com\\\/avatar\\\/948b492cce32b586ac2db0eaa926ee87024f7afe218d73b397ea5ddfc5f43ea1?s=96&d=mm&r=g\",\"url\":\"https:\\\/\\\/secure.gravatar.com\\\/avatar\\\/948b492cce32b586ac2db0eaa926ee87024f7afe218d73b397ea5ddfc5f43ea1?s=96&d=mm&r=g\",\"contentUrl\":\"https:\\\/\\\/secure.gravatar.com\\\/avatar\\\/948b492cce32b586ac2db0eaa926ee87024f7afe218d73b397ea5ddfc5f43ea1?s=96&d=mm&r=g\",\"caption\":\"admin\"},\"sameAs\":[\"https:\\\/\\\/encompaniastj.org\"],\"url\":\"https:\\\/\\\/encompaniastj.org\\\/pt-pt\\\/author\\\/sjdigital\\\/\"}]}<\/script>\n<!-- \/ Yoast SEO plugin. -->","yoast_head_json":{"title":"Cidalia da Soledade Amaral. 8 de outubro de 2024 (\u00c1vila Resid\u00eancia) - En Compa\u00f1\u00eda STJ","robots":{"index":"index","follow":"follow","max-snippet":"max-snippet:-1","max-image-preview":"max-image-preview:large","max-video-preview":"max-video-preview:-1"},"canonical":"https:\/\/encompaniastj.org\/pt-pt\/cidalia-da-soledade-amaral-8-de-outubro-de-2024-avila-residencia\/","og_locale":"pt_PT","og_type":"article","og_title":"Cidalia da Soledade Amaral. 8 de outubro de 2024 (\u00c1vila Resid\u00eancia) - En Compa\u00f1\u00eda STJ","og_description":"Na manh\u00e3 do dia 8 de outubro de 2024, faleceu a nossa irm\u00e3 Cid\u00e1lia Amaral na comunidade de \u00c1vila Residencia. Tinha 90 anos e o seu corpo vinha sofrendo a [&hellip;]","og_url":"https:\/\/encompaniastj.org\/pt-pt\/cidalia-da-soledade-amaral-8-de-outubro-de-2024-avila-residencia\/","og_site_name":"En Compa\u00f1\u00eda STJ","article_published_time":"2024-10-10T08:11:19+00:00","article_modified_time":"2025-07-07T14:25:49+00:00","og_image":[{"width":612,"height":408,"url":"https:\/\/encompaniastj.org\/wp-content\/uploads\/2025\/05\/istockphoto-482509187-612x612-1.jpg","type":"image\/jpeg"}],"author":"admin","twitter_card":"summary_large_image","twitter_misc":{"Escrito por":"admin","Tempo estimado de leitura":"2 minutos"},"schema":{"@context":"https:\/\/schema.org","@graph":[{"@type":"Article","@id":"https:\/\/encompaniastj.org\/pt-pt\/cidalia-da-soledade-amaral-8-de-outubro-de-2024-avila-residencia\/#article","isPartOf":{"@id":"https:\/\/encompaniastj.org\/pt-pt\/cidalia-da-soledade-amaral-8-de-outubro-de-2024-avila-residencia\/"},"author":{"name":"admin","@id":"https:\/\/encompaniastj.org\/pt-pt\/#\/schema\/person\/520e7ecc314793d40091993c2a02b651"},"headline":"Cidalia da Soledade Amaral. 8 de outubro de 2024 (\u00c1vila Resid\u00eancia)","datePublished":"2024-10-10T08:11:19+00:00","dateModified":"2025-07-07T14:25:49+00:00","mainEntityOfPage":{"@id":"https:\/\/encompaniastj.org\/pt-pt\/cidalia-da-soledade-amaral-8-de-outubro-de-2024-avila-residencia\/"},"wordCount":358,"commentCount":0,"publisher":{"@id":"https:\/\/encompaniastj.org\/pt-pt\/#organization"},"image":{"@id":"https:\/\/encompaniastj.org\/pt-pt\/cidalia-da-soledade-amaral-8-de-outubro-de-2024-avila-residencia\/#primaryimage"},"thumbnailUrl":"https:\/\/encompaniastj.org\/wp-content\/uploads\/2025\/05\/istockphoto-482509187-612x612-1.jpg","articleSection":["Falecimentos"],"inLanguage":"pt-PT","potentialAction":[{"@type":"CommentAction","name":"Comment","target":["https:\/\/encompaniastj.org\/pt-pt\/cidalia-da-soledade-amaral-8-de-outubro-de-2024-avila-residencia\/#respond"]}]},{"@type":"WebPage","@id":"https:\/\/encompaniastj.org\/pt-pt\/cidalia-da-soledade-amaral-8-de-outubro-de-2024-avila-residencia\/","url":"https:\/\/encompaniastj.org\/pt-pt\/cidalia-da-soledade-amaral-8-de-outubro-de-2024-avila-residencia\/","name":"Cidalia da Soledade Amaral. 8 de outubro de 2024 (\u00c1vila Resid\u00eancia) - En Compa\u00f1\u00eda STJ","isPartOf":{"@id":"https:\/\/encompaniastj.org\/pt-pt\/#website"},"primaryImageOfPage":{"@id":"https:\/\/encompaniastj.org\/pt-pt\/cidalia-da-soledade-amaral-8-de-outubro-de-2024-avila-residencia\/#primaryimage"},"image":{"@id":"https:\/\/encompaniastj.org\/pt-pt\/cidalia-da-soledade-amaral-8-de-outubro-de-2024-avila-residencia\/#primaryimage"},"thumbnailUrl":"https:\/\/encompaniastj.org\/wp-content\/uploads\/2025\/05\/istockphoto-482509187-612x612-1.jpg","datePublished":"2024-10-10T08:11:19+00:00","dateModified":"2025-07-07T14:25:49+00:00","breadcrumb":{"@id":"https:\/\/encompaniastj.org\/pt-pt\/cidalia-da-soledade-amaral-8-de-outubro-de-2024-avila-residencia\/#breadcrumb"},"inLanguage":"pt-PT","potentialAction":[{"@type":"ReadAction","target":["https:\/\/encompaniastj.org\/pt-pt\/cidalia-da-soledade-amaral-8-de-outubro-de-2024-avila-residencia\/"]}]},{"@type":"ImageObject","inLanguage":"pt-PT","@id":"https:\/\/encompaniastj.org\/pt-pt\/cidalia-da-soledade-amaral-8-de-outubro-de-2024-avila-residencia\/#primaryimage","url":"https:\/\/encompaniastj.org\/wp-content\/uploads\/2025\/05\/istockphoto-482509187-612x612-1.jpg","contentUrl":"https:\/\/encompaniastj.org\/wp-content\/uploads\/2025\/05\/istockphoto-482509187-612x612-1.jpg","width":612,"height":408},{"@type":"BreadcrumbList","@id":"https:\/\/encompaniastj.org\/pt-pt\/cidalia-da-soledade-amaral-8-de-outubro-de-2024-avila-residencia\/#breadcrumb","itemListElement":[{"@type":"ListItem","position":1,"name":"Portada","item":"https:\/\/encompaniastj.org\/pt-pt\/"},{"@type":"ListItem","position":2,"name":"Cidalia da Soledade Amaral. 8 de outubro de 2024 (\u00c1vila Resid\u00eancia)"}]},{"@type":"WebSite","@id":"https:\/\/encompaniastj.org\/pt-pt\/#website","url":"https:\/\/encompaniastj.org\/pt-pt\/","name":"En Compa\u00f1\u00eda STJ","description":"Bolet\u00edn de la Compa\u00f1\u00eda de Santa Teresa de Jes\u00fas","publisher":{"@id":"https:\/\/encompaniastj.org\/pt-pt\/#organization"},"potentialAction":[{"@type":"SearchAction","target":{"@type":"EntryPoint","urlTemplate":"https:\/\/encompaniastj.org\/pt-pt\/?s={search_term_string}"},"query-input":{"@type":"PropertyValueSpecification","valueRequired":true,"valueName":"search_term_string"}}],"inLanguage":"pt-PT"},{"@type":"Organization","@id":"https:\/\/encompaniastj.org\/pt-pt\/#organization","name":"Compa\u00f1\u00eda de Santa Teresa de Jes\u00fas","url":"https:\/\/encompaniastj.org\/pt-pt\/","logo":{"@type":"ImageObject","inLanguage":"pt-PT","@id":"https:\/\/encompaniastj.org\/pt-pt\/#\/schema\/logo\/image\/","url":"https:\/\/encompaniastj.org\/wp-content\/uploads\/2025\/04\/logo_provincias02-1-3.png","contentUrl":"https:\/\/encompaniastj.org\/wp-content\/uploads\/2025\/04\/logo_provincias02-1-3.png","width":2368,"height":825,"caption":"Compa\u00f1\u00eda de Santa Teresa de Jes\u00fas"},"image":{"@id":"https:\/\/encompaniastj.org\/pt-pt\/#\/schema\/logo\/image\/"}},{"@type":"Person","@id":"https:\/\/encompaniastj.org\/pt-pt\/#\/schema\/person\/520e7ecc314793d40091993c2a02b651","name":"admin","image":{"@type":"ImageObject","inLanguage":"pt-PT","@id":"https:\/\/secure.gravatar.com\/avatar\/948b492cce32b586ac2db0eaa926ee87024f7afe218d73b397ea5ddfc5f43ea1?s=96&d=mm&r=g","url":"https:\/\/secure.gravatar.com\/avatar\/948b492cce32b586ac2db0eaa926ee87024f7afe218d73b397ea5ddfc5f43ea1?s=96&d=mm&r=g","contentUrl":"https:\/\/secure.gravatar.com\/avatar\/948b492cce32b586ac2db0eaa926ee87024f7afe218d73b397ea5ddfc5f43ea1?s=96&d=mm&r=g","caption":"admin"},"sameAs":["https:\/\/encompaniastj.org"],"url":"https:\/\/encompaniastj.org\/pt-pt\/author\/sjdigital\/"}]}},"_links":{"self":[{"href":"https:\/\/encompaniastj.org\/pt-pt\/wp-json\/wp\/v2\/posts\/12269","targetHints":{"allow":["GET"]}}],"collection":[{"href":"https:\/\/encompaniastj.org\/pt-pt\/wp-json\/wp\/v2\/posts"}],"about":[{"href":"https:\/\/encompaniastj.org\/pt-pt\/wp-json\/wp\/v2\/types\/post"}],"author":[{"embeddable":true,"href":"https:\/\/encompaniastj.org\/pt-pt\/wp-json\/wp\/v2\/users\/1"}],"replies":[{"embeddable":true,"href":"https:\/\/encompaniastj.org\/pt-pt\/wp-json\/wp\/v2\/comments?post=12269"}],"version-history":[{"count":1,"href":"https:\/\/encompaniastj.org\/pt-pt\/wp-json\/wp\/v2\/posts\/12269\/revisions"}],"predecessor-version":[{"id":12270,"href":"https:\/\/encompaniastj.org\/pt-pt\/wp-json\/wp\/v2\/posts\/12269\/revisions\/12270"}],"wp:featuredmedia":[{"embeddable":true,"href":"https:\/\/encompaniastj.org\/pt-pt\/wp-json\/wp\/v2\/media\/8805"}],"wp:attachment":[{"href":"https:\/\/encompaniastj.org\/pt-pt\/wp-json\/wp\/v2\/media?parent=12269"}],"wp:term":[{"taxonomy":"category","embeddable":true,"href":"https:\/\/encompaniastj.org\/pt-pt\/wp-json\/wp\/v2\/categories?post=12269"},{"taxonomy":"post_tag","embeddable":true,"href":"https:\/\/encompaniastj.org\/pt-pt\/wp-json\/wp\/v2\/tags?post=12269"}],"curies":[{"name":"wp","href":"https:\/\/api.w.org\/{rel}","templated":true}]}}