{"id":12263,"date":"2024-10-09T06:19:16","date_gmt":"2024-10-09T04:19:16","guid":{"rendered":"https:\/\/encompaniastj.org\/abertura-do-ano-pastoral\/"},"modified":"2025-07-07T16:25:49","modified_gmt":"2025-07-07T14:25:49","slug":"abertura-do-ano-pastoral","status":"publish","type":"post","link":"https:\/\/encompaniastj.org\/pt-pt\/abertura-do-ano-pastoral\/","title":{"rendered":"Abertura do Ano Pastoral"},"content":{"rendered":"<p>Por ocasi\u00e3o da abertura do ano pastoral na Diocese de Pamplona e Tudela, na sequ\u00eancia do convite do Bispo de Pamplona e Tudela, o convite do Bispo D. Florencio Rosell\u00f3 a todos os membros da Diocese, particip\u00e1mos neste v\u00e1rias irm\u00e3s de ambas as comunidades de Pamplona, Echavacoiz e Ermitaga\u00f1a participaram nesta jornada.<\/p>\n<p>Este encontro foi sonhado pelo nosso Bispo como um tempo para todos n\u00f3s, \u00e9 o \u201cnosso tempo\u201d, \u00e9 o \u201cvosso tempo\u201d. O vosso tempo\u201d. \u00c9 o \u201ctempo do sacerdote\u201d, \u201co tempo dos di\u00e1conos\u201d, \u201co tempo dos seminaristas\u201d, \u201co tempo da Vida Consagrada\u201d, \u2018o tempo dos leigos\u2019, porque juntos formamos a Igreja Diocesana. Igreja Diocesana.<\/p>\n<p>Ap\u00f3s o encontro e a sauda\u00e7\u00e3o dos participantes, a palestra \u201cExiste um final feliz? centrada na esperan\u00e7a, proferida pelo Sr. Diego Blanco, investigador cultural, argumentista e produtor televisivo, escritor, entre muitas outras. O Sr. Blanco \u00e9 um escritor, entre outras m\u00faltiplas fun\u00e7\u00f5es que desempenha. \u00c9 importante referir que \u00e9 especialista em contos de fadas, especialmente os de Tolkien, e com eles desenvolveu a sua apresenta\u00e7\u00e3o, divertida, instrutiva e motivadora. Houve um trabalho de grupo, cujo principal objetivo era reunir e partilhar experi\u00eancias. e conviv\u00eancia de todos os participantes, com uma partilha que enriqueceu o tema entre todos os participantes. todos.<\/p>\n<p>No final, o bispo falou do percurso pastoral e da diocese com que sonha. Entre os seus sonhos, que desenvolveu com amplitude e clareza, com um olhar pr\u00f3ximo, preocupado e pastoral, a comunh\u00e3o diocesana, os sacerdotes, as voca\u00e7\u00f5es sacerdotais, os leigos e os movimentos crist\u00e3os, a transmiss\u00e3o da f\u00e9 e os crist\u00e3os, a transmiss\u00e3o da f\u00e9, o trabalho do s\u00ednodo, os pobres da diocese, o Jubileu da Esperan\u00e7a e o Jubileu da Esperan\u00e7a, a vida diocesana em movimento.<\/p>\n<p>Termin\u00e1mos partilhando uma refei\u00e7\u00e3o informal, \u00e0 base de pinchos, de p\u00e9, muito bem preparada pelos respons\u00e1veis, porque o mais importante muito bem preparado pelos respons\u00e1veis, porque o mais importante deste dia era encontrarmo-nos, conhecermo-nos, motivarmo-nos e participarmos em tudo, motivarmo-nos mutuamente e participarmos em todos os trabalhos da Diocese como parte da resposta ao apelo sinodal de todo o povo da Diocese. ao apelo sinodal de toda a Igreja.<\/p>\n<p><img loading=\"lazy\" decoding=\"async\" class=\"aligncenter wp-image-13506 size-large\" src=\"https:\/\/encompaniastj.org\/wp-content\/uploads\/2025\/05\/Grupo.jpg\" alt=\"\" width=\"1024\" height=\"577\" \/><\/p>\n<p>&nbsp;<\/p>\n","protected":false},"excerpt":{"rendered":"<p>Por ocasi\u00e3o da abertura do ano pastoral na Diocese de Pamplona e Tudela, na sequ\u00eancia do convite do Bispo de Pamplona e Tudela, o convite do Bispo D. Florencio Rosell\u00f3 [&hellip;]<\/p>\n","protected":false},"author":1,"featured_media":8802,"comment_status":"open","ping_status":"open","sticky":false,"template":"","format":"standard","meta":{"_acf_changed":false,"footnotes":""},"categories":[61,80,78],"tags":[],"class_list":["post-12263","post","type-post","status-publish","format-standard","has-post-thumbnail","hentry","category-noticias","category-paroquial-eclesial","category-parroquial-eclesial"],"acf":[],"yoast_head":"<!-- This site is optimized with the Yoast SEO plugin v27.5 - https:\/\/yoast.com\/product\/yoast-seo-wordpress\/ -->\n<title>Abertura do Ano Pastoral - En Compa\u00f1\u00eda STJ<\/title>\n<meta name=\"robots\" content=\"index, follow, max-snippet:-1, max-image-preview:large, max-video-preview:-1\" \/>\n<link rel=\"canonical\" href=\"https:\/\/encompaniastj.org\/pt-pt\/abertura-do-ano-pastoral\/\" \/>\n<meta property=\"og:locale\" content=\"pt_PT\" \/>\n<meta property=\"og:type\" content=\"article\" \/>\n<meta property=\"og:title\" content=\"Abertura do Ano Pastoral - En Compa\u00f1\u00eda STJ\" \/>\n<meta property=\"og:description\" content=\"Por ocasi\u00e3o da abertura do ano pastoral na Diocese de Pamplona e Tudela, na sequ\u00eancia do convite do Bispo de Pamplona e Tudela, o convite do Bispo D. Florencio Rosell\u00f3 [&hellip;]\" \/>\n<meta property=\"og:url\" content=\"https:\/\/encompaniastj.org\/pt-pt\/abertura-do-ano-pastoral\/\" \/>\n<meta property=\"og:site_name\" content=\"En Compa\u00f1\u00eda STJ\" \/>\n<meta property=\"article:published_time\" content=\"2024-10-09T04:19:16+00:00\" \/>\n<meta property=\"article:modified_time\" content=\"2025-07-07T14:25:49+00:00\" \/>\n<meta property=\"og:image\" content=\"https:\/\/encompaniastj.org\/wp-content\/uploads\/2025\/05\/Sr.-Obispo.jpg\" \/>\n\t<meta property=\"og:image:width\" content=\"888\" \/>\n\t<meta property=\"og:image:height\" content=\"681\" \/>\n\t<meta property=\"og:image:type\" content=\"image\/jpeg\" \/>\n<meta name=\"author\" content=\"admin\" \/>\n<meta name=\"twitter:card\" content=\"summary_large_image\" \/>\n<meta name=\"twitter:label1\" content=\"Escrito por\" \/>\n\t<meta name=\"twitter:data1\" content=\"admin\" \/>\n\t<meta name=\"twitter:label2\" content=\"Tempo estimado de leitura\" \/>\n\t<meta name=\"twitter:data2\" content=\"3 minutos\" \/>\n<script type=\"application\/ld+json\" class=\"yoast-schema-graph\">{\"@context\":\"https:\\\/\\\/schema.org\",\"@graph\":[{\"@type\":\"Article\",\"@id\":\"https:\\\/\\\/encompaniastj.org\\\/pt-pt\\\/abertura-do-ano-pastoral\\\/#article\",\"isPartOf\":{\"@id\":\"https:\\\/\\\/encompaniastj.org\\\/pt-pt\\\/abertura-do-ano-pastoral\\\/\"},\"author\":{\"name\":\"admin\",\"@id\":\"https:\\\/\\\/encompaniastj.org\\\/pt-pt\\\/#\\\/schema\\\/person\\\/520e7ecc314793d40091993c2a02b651\"},\"headline\":\"Abertura do Ano Pastoral\",\"datePublished\":\"2024-10-09T04:19:16+00:00\",\"dateModified\":\"2025-07-07T14:25:49+00:00\",\"mainEntityOfPage\":{\"@id\":\"https:\\\/\\\/encompaniastj.org\\\/pt-pt\\\/abertura-do-ano-pastoral\\\/\"},\"wordCount\":381,\"commentCount\":0,\"publisher\":{\"@id\":\"https:\\\/\\\/encompaniastj.org\\\/pt-pt\\\/#organization\"},\"image\":{\"@id\":\"https:\\\/\\\/encompaniastj.org\\\/pt-pt\\\/abertura-do-ano-pastoral\\\/#primaryimage\"},\"thumbnailUrl\":\"https:\\\/\\\/encompaniastj.org\\\/wp-content\\\/uploads\\\/2025\\\/05\\\/Sr.-Obispo.jpg\",\"articleSection\":[\"Noticias\",\"Paroquial - eclesial\",\"Parroquial - Eclesial\"],\"inLanguage\":\"pt-PT\",\"potentialAction\":[{\"@type\":\"CommentAction\",\"name\":\"Comment\",\"target\":[\"https:\\\/\\\/encompaniastj.org\\\/pt-pt\\\/abertura-do-ano-pastoral\\\/#respond\"]}]},{\"@type\":\"WebPage\",\"@id\":\"https:\\\/\\\/encompaniastj.org\\\/pt-pt\\\/abertura-do-ano-pastoral\\\/\",\"url\":\"https:\\\/\\\/encompaniastj.org\\\/pt-pt\\\/abertura-do-ano-pastoral\\\/\",\"name\":\"Abertura do Ano Pastoral - En Compa\u00f1\u00eda STJ\",\"isPartOf\":{\"@id\":\"https:\\\/\\\/encompaniastj.org\\\/pt-pt\\\/#website\"},\"primaryImageOfPage\":{\"@id\":\"https:\\\/\\\/encompaniastj.org\\\/pt-pt\\\/abertura-do-ano-pastoral\\\/#primaryimage\"},\"image\":{\"@id\":\"https:\\\/\\\/encompaniastj.org\\\/pt-pt\\\/abertura-do-ano-pastoral\\\/#primaryimage\"},\"thumbnailUrl\":\"https:\\\/\\\/encompaniastj.org\\\/wp-content\\\/uploads\\\/2025\\\/05\\\/Sr.-Obispo.jpg\",\"datePublished\":\"2024-10-09T04:19:16+00:00\",\"dateModified\":\"2025-07-07T14:25:49+00:00\",\"breadcrumb\":{\"@id\":\"https:\\\/\\\/encompaniastj.org\\\/pt-pt\\\/abertura-do-ano-pastoral\\\/#breadcrumb\"},\"inLanguage\":\"pt-PT\",\"potentialAction\":[{\"@type\":\"ReadAction\",\"target\":[\"https:\\\/\\\/encompaniastj.org\\\/pt-pt\\\/abertura-do-ano-pastoral\\\/\"]}]},{\"@type\":\"ImageObject\",\"inLanguage\":\"pt-PT\",\"@id\":\"https:\\\/\\\/encompaniastj.org\\\/pt-pt\\\/abertura-do-ano-pastoral\\\/#primaryimage\",\"url\":\"https:\\\/\\\/encompaniastj.org\\\/wp-content\\\/uploads\\\/2025\\\/05\\\/Sr.-Obispo.jpg\",\"contentUrl\":\"https:\\\/\\\/encompaniastj.org\\\/wp-content\\\/uploads\\\/2025\\\/05\\\/Sr.-Obispo.jpg\",\"width\":888,\"height\":681},{\"@type\":\"BreadcrumbList\",\"@id\":\"https:\\\/\\\/encompaniastj.org\\\/pt-pt\\\/abertura-do-ano-pastoral\\\/#breadcrumb\",\"itemListElement\":[{\"@type\":\"ListItem\",\"position\":1,\"name\":\"Portada\",\"item\":\"https:\\\/\\\/encompaniastj.org\\\/pt-pt\\\/\"},{\"@type\":\"ListItem\",\"position\":2,\"name\":\"Abertura do Ano Pastoral\"}]},{\"@type\":\"WebSite\",\"@id\":\"https:\\\/\\\/encompaniastj.org\\\/pt-pt\\\/#website\",\"url\":\"https:\\\/\\\/encompaniastj.org\\\/pt-pt\\\/\",\"name\":\"En Compa\u00f1\u00eda STJ\",\"description\":\"Bolet\u00edn de la Compa\u00f1\u00eda de Santa Teresa de Jes\u00fas\",\"publisher\":{\"@id\":\"https:\\\/\\\/encompaniastj.org\\\/pt-pt\\\/#organization\"},\"potentialAction\":[{\"@type\":\"SearchAction\",\"target\":{\"@type\":\"EntryPoint\",\"urlTemplate\":\"https:\\\/\\\/encompaniastj.org\\\/pt-pt\\\/?s={search_term_string}\"},\"query-input\":{\"@type\":\"PropertyValueSpecification\",\"valueRequired\":true,\"valueName\":\"search_term_string\"}}],\"inLanguage\":\"pt-PT\"},{\"@type\":\"Organization\",\"@id\":\"https:\\\/\\\/encompaniastj.org\\\/pt-pt\\\/#organization\",\"name\":\"Compa\u00f1\u00eda de Santa Teresa de Jes\u00fas\",\"url\":\"https:\\\/\\\/encompaniastj.org\\\/pt-pt\\\/\",\"logo\":{\"@type\":\"ImageObject\",\"inLanguage\":\"pt-PT\",\"@id\":\"https:\\\/\\\/encompaniastj.org\\\/pt-pt\\\/#\\\/schema\\\/logo\\\/image\\\/\",\"url\":\"https:\\\/\\\/encompaniastj.org\\\/wp-content\\\/uploads\\\/2025\\\/04\\\/logo_provincias02-1-3.png\",\"contentUrl\":\"https:\\\/\\\/encompaniastj.org\\\/wp-content\\\/uploads\\\/2025\\\/04\\\/logo_provincias02-1-3.png\",\"width\":2368,\"height\":825,\"caption\":\"Compa\u00f1\u00eda de Santa Teresa de Jes\u00fas\"},\"image\":{\"@id\":\"https:\\\/\\\/encompaniastj.org\\\/pt-pt\\\/#\\\/schema\\\/logo\\\/image\\\/\"}},{\"@type\":\"Person\",\"@id\":\"https:\\\/\\\/encompaniastj.org\\\/pt-pt\\\/#\\\/schema\\\/person\\\/520e7ecc314793d40091993c2a02b651\",\"name\":\"admin\",\"image\":{\"@type\":\"ImageObject\",\"inLanguage\":\"pt-PT\",\"@id\":\"https:\\\/\\\/secure.gravatar.com\\\/avatar\\\/948b492cce32b586ac2db0eaa926ee87024f7afe218d73b397ea5ddfc5f43ea1?s=96&d=mm&r=g\",\"url\":\"https:\\\/\\\/secure.gravatar.com\\\/avatar\\\/948b492cce32b586ac2db0eaa926ee87024f7afe218d73b397ea5ddfc5f43ea1?s=96&d=mm&r=g\",\"contentUrl\":\"https:\\\/\\\/secure.gravatar.com\\\/avatar\\\/948b492cce32b586ac2db0eaa926ee87024f7afe218d73b397ea5ddfc5f43ea1?s=96&d=mm&r=g\",\"caption\":\"admin\"},\"sameAs\":[\"https:\\\/\\\/encompaniastj.org\"],\"url\":\"https:\\\/\\\/encompaniastj.org\\\/pt-pt\\\/author\\\/sjdigital\\\/\"}]}<\/script>\n<!-- \/ Yoast SEO plugin. -->","yoast_head_json":{"title":"Abertura do Ano Pastoral - En Compa\u00f1\u00eda STJ","robots":{"index":"index","follow":"follow","max-snippet":"max-snippet:-1","max-image-preview":"max-image-preview:large","max-video-preview":"max-video-preview:-1"},"canonical":"https:\/\/encompaniastj.org\/pt-pt\/abertura-do-ano-pastoral\/","og_locale":"pt_PT","og_type":"article","og_title":"Abertura do Ano Pastoral - En Compa\u00f1\u00eda STJ","og_description":"Por ocasi\u00e3o da abertura do ano pastoral na Diocese de Pamplona e Tudela, na sequ\u00eancia do convite do Bispo de Pamplona e Tudela, o convite do Bispo D. Florencio Rosell\u00f3 [&hellip;]","og_url":"https:\/\/encompaniastj.org\/pt-pt\/abertura-do-ano-pastoral\/","og_site_name":"En Compa\u00f1\u00eda STJ","article_published_time":"2024-10-09T04:19:16+00:00","article_modified_time":"2025-07-07T14:25:49+00:00","og_image":[{"width":888,"height":681,"url":"https:\/\/encompaniastj.org\/wp-content\/uploads\/2025\/05\/Sr.-Obispo.jpg","type":"image\/jpeg"}],"author":"admin","twitter_card":"summary_large_image","twitter_misc":{"Escrito por":"admin","Tempo estimado de leitura":"3 minutos"},"schema":{"@context":"https:\/\/schema.org","@graph":[{"@type":"Article","@id":"https:\/\/encompaniastj.org\/pt-pt\/abertura-do-ano-pastoral\/#article","isPartOf":{"@id":"https:\/\/encompaniastj.org\/pt-pt\/abertura-do-ano-pastoral\/"},"author":{"name":"admin","@id":"https:\/\/encompaniastj.org\/pt-pt\/#\/schema\/person\/520e7ecc314793d40091993c2a02b651"},"headline":"Abertura do Ano Pastoral","datePublished":"2024-10-09T04:19:16+00:00","dateModified":"2025-07-07T14:25:49+00:00","mainEntityOfPage":{"@id":"https:\/\/encompaniastj.org\/pt-pt\/abertura-do-ano-pastoral\/"},"wordCount":381,"commentCount":0,"publisher":{"@id":"https:\/\/encompaniastj.org\/pt-pt\/#organization"},"image":{"@id":"https:\/\/encompaniastj.org\/pt-pt\/abertura-do-ano-pastoral\/#primaryimage"},"thumbnailUrl":"https:\/\/encompaniastj.org\/wp-content\/uploads\/2025\/05\/Sr.-Obispo.jpg","articleSection":["Noticias","Paroquial - eclesial","Parroquial - Eclesial"],"inLanguage":"pt-PT","potentialAction":[{"@type":"CommentAction","name":"Comment","target":["https:\/\/encompaniastj.org\/pt-pt\/abertura-do-ano-pastoral\/#respond"]}]},{"@type":"WebPage","@id":"https:\/\/encompaniastj.org\/pt-pt\/abertura-do-ano-pastoral\/","url":"https:\/\/encompaniastj.org\/pt-pt\/abertura-do-ano-pastoral\/","name":"Abertura do Ano Pastoral - En Compa\u00f1\u00eda STJ","isPartOf":{"@id":"https:\/\/encompaniastj.org\/pt-pt\/#website"},"primaryImageOfPage":{"@id":"https:\/\/encompaniastj.org\/pt-pt\/abertura-do-ano-pastoral\/#primaryimage"},"image":{"@id":"https:\/\/encompaniastj.org\/pt-pt\/abertura-do-ano-pastoral\/#primaryimage"},"thumbnailUrl":"https:\/\/encompaniastj.org\/wp-content\/uploads\/2025\/05\/Sr.-Obispo.jpg","datePublished":"2024-10-09T04:19:16+00:00","dateModified":"2025-07-07T14:25:49+00:00","breadcrumb":{"@id":"https:\/\/encompaniastj.org\/pt-pt\/abertura-do-ano-pastoral\/#breadcrumb"},"inLanguage":"pt-PT","potentialAction":[{"@type":"ReadAction","target":["https:\/\/encompaniastj.org\/pt-pt\/abertura-do-ano-pastoral\/"]}]},{"@type":"ImageObject","inLanguage":"pt-PT","@id":"https:\/\/encompaniastj.org\/pt-pt\/abertura-do-ano-pastoral\/#primaryimage","url":"https:\/\/encompaniastj.org\/wp-content\/uploads\/2025\/05\/Sr.-Obispo.jpg","contentUrl":"https:\/\/encompaniastj.org\/wp-content\/uploads\/2025\/05\/Sr.-Obispo.jpg","width":888,"height":681},{"@type":"BreadcrumbList","@id":"https:\/\/encompaniastj.org\/pt-pt\/abertura-do-ano-pastoral\/#breadcrumb","itemListElement":[{"@type":"ListItem","position":1,"name":"Portada","item":"https:\/\/encompaniastj.org\/pt-pt\/"},{"@type":"ListItem","position":2,"name":"Abertura do Ano Pastoral"}]},{"@type":"WebSite","@id":"https:\/\/encompaniastj.org\/pt-pt\/#website","url":"https:\/\/encompaniastj.org\/pt-pt\/","name":"En Compa\u00f1\u00eda STJ","description":"Bolet\u00edn de la Compa\u00f1\u00eda de Santa Teresa de Jes\u00fas","publisher":{"@id":"https:\/\/encompaniastj.org\/pt-pt\/#organization"},"potentialAction":[{"@type":"SearchAction","target":{"@type":"EntryPoint","urlTemplate":"https:\/\/encompaniastj.org\/pt-pt\/?s={search_term_string}"},"query-input":{"@type":"PropertyValueSpecification","valueRequired":true,"valueName":"search_term_string"}}],"inLanguage":"pt-PT"},{"@type":"Organization","@id":"https:\/\/encompaniastj.org\/pt-pt\/#organization","name":"Compa\u00f1\u00eda de Santa Teresa de Jes\u00fas","url":"https:\/\/encompaniastj.org\/pt-pt\/","logo":{"@type":"ImageObject","inLanguage":"pt-PT","@id":"https:\/\/encompaniastj.org\/pt-pt\/#\/schema\/logo\/image\/","url":"https:\/\/encompaniastj.org\/wp-content\/uploads\/2025\/04\/logo_provincias02-1-3.png","contentUrl":"https:\/\/encompaniastj.org\/wp-content\/uploads\/2025\/04\/logo_provincias02-1-3.png","width":2368,"height":825,"caption":"Compa\u00f1\u00eda de Santa Teresa de Jes\u00fas"},"image":{"@id":"https:\/\/encompaniastj.org\/pt-pt\/#\/schema\/logo\/image\/"}},{"@type":"Person","@id":"https:\/\/encompaniastj.org\/pt-pt\/#\/schema\/person\/520e7ecc314793d40091993c2a02b651","name":"admin","image":{"@type":"ImageObject","inLanguage":"pt-PT","@id":"https:\/\/secure.gravatar.com\/avatar\/948b492cce32b586ac2db0eaa926ee87024f7afe218d73b397ea5ddfc5f43ea1?s=96&d=mm&r=g","url":"https:\/\/secure.gravatar.com\/avatar\/948b492cce32b586ac2db0eaa926ee87024f7afe218d73b397ea5ddfc5f43ea1?s=96&d=mm&r=g","contentUrl":"https:\/\/secure.gravatar.com\/avatar\/948b492cce32b586ac2db0eaa926ee87024f7afe218d73b397ea5ddfc5f43ea1?s=96&d=mm&r=g","caption":"admin"},"sameAs":["https:\/\/encompaniastj.org"],"url":"https:\/\/encompaniastj.org\/pt-pt\/author\/sjdigital\/"}]}},"_links":{"self":[{"href":"https:\/\/encompaniastj.org\/pt-pt\/wp-json\/wp\/v2\/posts\/12263","targetHints":{"allow":["GET"]}}],"collection":[{"href":"https:\/\/encompaniastj.org\/pt-pt\/wp-json\/wp\/v2\/posts"}],"about":[{"href":"https:\/\/encompaniastj.org\/pt-pt\/wp-json\/wp\/v2\/types\/post"}],"author":[{"embeddable":true,"href":"https:\/\/encompaniastj.org\/pt-pt\/wp-json\/wp\/v2\/users\/1"}],"replies":[{"embeddable":true,"href":"https:\/\/encompaniastj.org\/pt-pt\/wp-json\/wp\/v2\/comments?post=12263"}],"version-history":[{"count":1,"href":"https:\/\/encompaniastj.org\/pt-pt\/wp-json\/wp\/v2\/posts\/12263\/revisions"}],"predecessor-version":[{"id":12264,"href":"https:\/\/encompaniastj.org\/pt-pt\/wp-json\/wp\/v2\/posts\/12263\/revisions\/12264"}],"wp:featuredmedia":[{"embeddable":true,"href":"https:\/\/encompaniastj.org\/pt-pt\/wp-json\/wp\/v2\/media\/8802"}],"wp:attachment":[{"href":"https:\/\/encompaniastj.org\/pt-pt\/wp-json\/wp\/v2\/media?parent=12263"}],"wp:term":[{"taxonomy":"category","embeddable":true,"href":"https:\/\/encompaniastj.org\/pt-pt\/wp-json\/wp\/v2\/categories?post=12263"},{"taxonomy":"post_tag","embeddable":true,"href":"https:\/\/encompaniastj.org\/pt-pt\/wp-json\/wp\/v2\/tags?post=12263"}],"curies":[{"name":"wp","href":"https:\/\/api.w.org\/{rel}","templated":true}]}}