{"id":12251,"date":"2024-10-03T06:24:07","date_gmt":"2024-10-03T04:24:07","guid":{"rendered":"https:\/\/encompaniastj.org\/em-homenagem-a-virgem-de-la-antigua\/"},"modified":"2025-07-07T16:25:43","modified_gmt":"2025-07-07T14:25:43","slug":"em-homenagem-a-virgem-de-la-antigua","status":"publish","type":"post","link":"https:\/\/encompaniastj.org\/pt-pt\/em-homenagem-a-virgem-de-la-antigua\/","title":{"rendered":"Em homenagem \u00e0 Virgem de la Antigua"},"content":{"rendered":"<p>Na v\u00e9spera da festa da Natividade da Virgem, a 7 de setembro de 2024, Mora concorda que Maria ser\u00e1 a protagonista da \u201cPreferia\u201d, como se diz no programa das festas mouriscas em honra do Cristo de la Vera Cruz, a sua Feira, que durar\u00e1 uma semana inteira, cheia de actividades religiosas, culturais, l\u00fadicas e recreativas - teatro, exposi\u00e7\u00f5es, bailes&#8230; - Em muitas delas, as irm\u00e3s participam e festejam, como filhas do povo.<\/p>\n<p>Gostaria de destacar a homenagem a Nossa Senhora de La Antigua, durante os nove dias de novena e peregrina\u00e7\u00e3o \u00e0 sua ermida na montanha pr\u00f3xima, vis\u00edvel da plan\u00edcie da aldeia. A devo\u00e7\u00e3o dos seus filhos esteve presente ao longo dos dias que lhe foram dedicados. Muitas irm\u00e3s subiram para estar com \u201ca m\u00e3e\u201d, para rezar diante da sua imagem, para rezar o ter\u00e7o e para participar na eucaristia di\u00e1ria, onde nos junt\u00e1mos e nos sentimos felizes por celebrar e desfrutar com o seu povo.<\/p>\n<p>No dia 7, uma enchente de cora\u00e7\u00f5es cantou ao ritmo de guitarras, tambores, dan\u00e7as&#8230; Depois de v\u00e1rios grupos folcl\u00f3ricos, uma irm\u00e3 com um pequeno grupo de crian\u00e7as da escola, na oferta floral a Maria, apresentou um centro de flores em nome da comunidade teresiana e da escola, um pormenor que nos une aos 40 grupos&#8230; que se apresentam para a honrar e adornar nesta data.<\/p>\n<p>No domingo, dia 8, junt\u00e1mo-nos \u00e0 celebra\u00e7\u00e3o da festa de Nossa Senhora, na colina, com todos os Morachos, na celebra\u00e7\u00e3o da Eucaristia. Termin\u00e1mos com um canto emocionado do hino \u00e0 Virgem.<\/p>\n<p>\u201c&#8230; Hoje Mora sa\u00fada-vos como sua M\u00e3e,<\/p>\n<p>M\u00e3e adorada&#8230;, n\u00e3o te esque\u00e7as desta cidade que tanto te ama\u201d.<\/p>\n<p>Estes pormenores falam dessas brasas que permanecem na hist\u00f3ria de Mora. Somos, como diz uma can\u00e7\u00e3o \u201cAmigos fortes\u201d, parte da LUZ, chamados a iluminar e a tornar-nos presentes, SOMOS.<\/p>\n<p><img loading=\"lazy\" decoding=\"async\" class=\"aligncenter wp-image-13422 size-large\" src=\"https:\/\/encompaniastj.org\/wp-content\/uploads\/2025\/05\/imagen2-2.jpg\" alt=\"\" width=\"692\" height=\"1024\" \/><\/p>\n<p><img loading=\"lazy\" decoding=\"async\" class=\"aligncenter wp-image-13424 size-large\" src=\"https:\/\/encompaniastj.org\/wp-content\/uploads\/2025\/05\/notica3.jpg\" alt=\"\" width=\"1024\" height=\"576\" \/><\/p>\n","protected":false},"excerpt":{"rendered":"<p>Na v\u00e9spera da festa da Natividade da Virgem, a 7 de setembro de 2024, Mora concorda que Maria ser\u00e1 a protagonista da \u201cPreferia\u201d, como se diz no programa das festas [&hellip;]<\/p>\n","protected":false},"author":1,"featured_media":8794,"comment_status":"open","ping_status":"open","sticky":false,"template":"","format":"standard","meta":{"_acf_changed":false,"footnotes":""},"categories":[61,62,68],"tags":[],"class_list":["post-12251","post","type-post","status-publish","format-standard","has-post-thumbnail","hentry","category-noticias","category-otras","category-outras"],"acf":[],"yoast_head":"<!-- This site is optimized with the Yoast SEO plugin v27.5 - https:\/\/yoast.com\/product\/yoast-seo-wordpress\/ -->\n<title>Em homenagem \u00e0 Virgem de la Antigua - En Compa\u00f1\u00eda STJ<\/title>\n<meta name=\"robots\" content=\"index, follow, max-snippet:-1, max-image-preview:large, max-video-preview:-1\" \/>\n<link rel=\"canonical\" href=\"https:\/\/encompaniastj.org\/pt-pt\/em-homenagem-a-virgem-de-la-antigua\/\" \/>\n<meta property=\"og:locale\" content=\"pt_PT\" \/>\n<meta property=\"og:type\" content=\"article\" \/>\n<meta property=\"og:title\" content=\"Em homenagem \u00e0 Virgem de la Antigua - En Compa\u00f1\u00eda STJ\" \/>\n<meta property=\"og:description\" content=\"Na v\u00e9spera da festa da Natividade da Virgem, a 7 de setembro de 2024, Mora concorda que Maria ser\u00e1 a protagonista da \u201cPreferia\u201d, como se diz no programa das festas [&hellip;]\" \/>\n<meta property=\"og:url\" content=\"https:\/\/encompaniastj.org\/pt-pt\/em-homenagem-a-virgem-de-la-antigua\/\" \/>\n<meta property=\"og:site_name\" content=\"En Compa\u00f1\u00eda STJ\" \/>\n<meta property=\"article:published_time\" content=\"2024-10-03T04:24:07+00:00\" \/>\n<meta property=\"article:modified_time\" content=\"2025-07-07T14:25:43+00:00\" \/>\n<meta property=\"og:image\" content=\"https:\/\/encompaniastj.org\/wp-content\/uploads\/2025\/05\/imagen1-scaled-1.jpg\" \/>\n\t<meta property=\"og:image:width\" content=\"1461\" \/>\n\t<meta property=\"og:image:height\" content=\"2560\" \/>\n\t<meta property=\"og:image:type\" content=\"image\/jpeg\" \/>\n<meta name=\"author\" content=\"admin\" \/>\n<meta name=\"twitter:card\" content=\"summary_large_image\" \/>\n<meta name=\"twitter:label1\" content=\"Escrito por\" \/>\n\t<meta name=\"twitter:data1\" content=\"admin\" \/>\n\t<meta name=\"twitter:label2\" content=\"Tempo estimado de leitura\" \/>\n\t<meta name=\"twitter:data2\" content=\"2 minutos\" \/>\n<script type=\"application\/ld+json\" class=\"yoast-schema-graph\">{\"@context\":\"https:\\\/\\\/schema.org\",\"@graph\":[{\"@type\":\"Article\",\"@id\":\"https:\\\/\\\/encompaniastj.org\\\/pt-pt\\\/em-homenagem-a-virgem-de-la-antigua\\\/#article\",\"isPartOf\":{\"@id\":\"https:\\\/\\\/encompaniastj.org\\\/pt-pt\\\/em-homenagem-a-virgem-de-la-antigua\\\/\"},\"author\":{\"name\":\"admin\",\"@id\":\"https:\\\/\\\/encompaniastj.org\\\/pt-pt\\\/#\\\/schema\\\/person\\\/520e7ecc314793d40091993c2a02b651\"},\"headline\":\"Em homenagem \u00e0 Virgem de la Antigua\",\"datePublished\":\"2024-10-03T04:24:07+00:00\",\"dateModified\":\"2025-07-07T14:25:43+00:00\",\"mainEntityOfPage\":{\"@id\":\"https:\\\/\\\/encompaniastj.org\\\/pt-pt\\\/em-homenagem-a-virgem-de-la-antigua\\\/\"},\"wordCount\":326,\"commentCount\":0,\"publisher\":{\"@id\":\"https:\\\/\\\/encompaniastj.org\\\/pt-pt\\\/#organization\"},\"image\":{\"@id\":\"https:\\\/\\\/encompaniastj.org\\\/pt-pt\\\/em-homenagem-a-virgem-de-la-antigua\\\/#primaryimage\"},\"thumbnailUrl\":\"https:\\\/\\\/encompaniastj.org\\\/wp-content\\\/uploads\\\/2025\\\/05\\\/imagen1-scaled-1.jpg\",\"articleSection\":[\"Noticias\",\"Otras\",\"Outras\"],\"inLanguage\":\"pt-PT\",\"potentialAction\":[{\"@type\":\"CommentAction\",\"name\":\"Comment\",\"target\":[\"https:\\\/\\\/encompaniastj.org\\\/pt-pt\\\/em-homenagem-a-virgem-de-la-antigua\\\/#respond\"]}]},{\"@type\":\"WebPage\",\"@id\":\"https:\\\/\\\/encompaniastj.org\\\/pt-pt\\\/em-homenagem-a-virgem-de-la-antigua\\\/\",\"url\":\"https:\\\/\\\/encompaniastj.org\\\/pt-pt\\\/em-homenagem-a-virgem-de-la-antigua\\\/\",\"name\":\"Em homenagem \u00e0 Virgem de la Antigua - En Compa\u00f1\u00eda STJ\",\"isPartOf\":{\"@id\":\"https:\\\/\\\/encompaniastj.org\\\/pt-pt\\\/#website\"},\"primaryImageOfPage\":{\"@id\":\"https:\\\/\\\/encompaniastj.org\\\/pt-pt\\\/em-homenagem-a-virgem-de-la-antigua\\\/#primaryimage\"},\"image\":{\"@id\":\"https:\\\/\\\/encompaniastj.org\\\/pt-pt\\\/em-homenagem-a-virgem-de-la-antigua\\\/#primaryimage\"},\"thumbnailUrl\":\"https:\\\/\\\/encompaniastj.org\\\/wp-content\\\/uploads\\\/2025\\\/05\\\/imagen1-scaled-1.jpg\",\"datePublished\":\"2024-10-03T04:24:07+00:00\",\"dateModified\":\"2025-07-07T14:25:43+00:00\",\"breadcrumb\":{\"@id\":\"https:\\\/\\\/encompaniastj.org\\\/pt-pt\\\/em-homenagem-a-virgem-de-la-antigua\\\/#breadcrumb\"},\"inLanguage\":\"pt-PT\",\"potentialAction\":[{\"@type\":\"ReadAction\",\"target\":[\"https:\\\/\\\/encompaniastj.org\\\/pt-pt\\\/em-homenagem-a-virgem-de-la-antigua\\\/\"]}]},{\"@type\":\"ImageObject\",\"inLanguage\":\"pt-PT\",\"@id\":\"https:\\\/\\\/encompaniastj.org\\\/pt-pt\\\/em-homenagem-a-virgem-de-la-antigua\\\/#primaryimage\",\"url\":\"https:\\\/\\\/encompaniastj.org\\\/wp-content\\\/uploads\\\/2025\\\/05\\\/imagen1-scaled-1.jpg\",\"contentUrl\":\"https:\\\/\\\/encompaniastj.org\\\/wp-content\\\/uploads\\\/2025\\\/05\\\/imagen1-scaled-1.jpg\",\"width\":1461,\"height\":2560},{\"@type\":\"BreadcrumbList\",\"@id\":\"https:\\\/\\\/encompaniastj.org\\\/pt-pt\\\/em-homenagem-a-virgem-de-la-antigua\\\/#breadcrumb\",\"itemListElement\":[{\"@type\":\"ListItem\",\"position\":1,\"name\":\"Portada\",\"item\":\"https:\\\/\\\/encompaniastj.org\\\/pt-pt\\\/\"},{\"@type\":\"ListItem\",\"position\":2,\"name\":\"Em homenagem \u00e0 Virgem de la Antigua\"}]},{\"@type\":\"WebSite\",\"@id\":\"https:\\\/\\\/encompaniastj.org\\\/pt-pt\\\/#website\",\"url\":\"https:\\\/\\\/encompaniastj.org\\\/pt-pt\\\/\",\"name\":\"En Compa\u00f1\u00eda STJ\",\"description\":\"Bolet\u00edn de la Compa\u00f1\u00eda de Santa Teresa de Jes\u00fas\",\"publisher\":{\"@id\":\"https:\\\/\\\/encompaniastj.org\\\/pt-pt\\\/#organization\"},\"potentialAction\":[{\"@type\":\"SearchAction\",\"target\":{\"@type\":\"EntryPoint\",\"urlTemplate\":\"https:\\\/\\\/encompaniastj.org\\\/pt-pt\\\/?s={search_term_string}\"},\"query-input\":{\"@type\":\"PropertyValueSpecification\",\"valueRequired\":true,\"valueName\":\"search_term_string\"}}],\"inLanguage\":\"pt-PT\"},{\"@type\":\"Organization\",\"@id\":\"https:\\\/\\\/encompaniastj.org\\\/pt-pt\\\/#organization\",\"name\":\"Compa\u00f1\u00eda de Santa Teresa de Jes\u00fas\",\"url\":\"https:\\\/\\\/encompaniastj.org\\\/pt-pt\\\/\",\"logo\":{\"@type\":\"ImageObject\",\"inLanguage\":\"pt-PT\",\"@id\":\"https:\\\/\\\/encompaniastj.org\\\/pt-pt\\\/#\\\/schema\\\/logo\\\/image\\\/\",\"url\":\"https:\\\/\\\/encompaniastj.org\\\/wp-content\\\/uploads\\\/2025\\\/04\\\/logo_provincias02-1-3.png\",\"contentUrl\":\"https:\\\/\\\/encompaniastj.org\\\/wp-content\\\/uploads\\\/2025\\\/04\\\/logo_provincias02-1-3.png\",\"width\":2368,\"height\":825,\"caption\":\"Compa\u00f1\u00eda de Santa Teresa de Jes\u00fas\"},\"image\":{\"@id\":\"https:\\\/\\\/encompaniastj.org\\\/pt-pt\\\/#\\\/schema\\\/logo\\\/image\\\/\"}},{\"@type\":\"Person\",\"@id\":\"https:\\\/\\\/encompaniastj.org\\\/pt-pt\\\/#\\\/schema\\\/person\\\/520e7ecc314793d40091993c2a02b651\",\"name\":\"admin\",\"image\":{\"@type\":\"ImageObject\",\"inLanguage\":\"pt-PT\",\"@id\":\"https:\\\/\\\/secure.gravatar.com\\\/avatar\\\/948b492cce32b586ac2db0eaa926ee87024f7afe218d73b397ea5ddfc5f43ea1?s=96&d=mm&r=g\",\"url\":\"https:\\\/\\\/secure.gravatar.com\\\/avatar\\\/948b492cce32b586ac2db0eaa926ee87024f7afe218d73b397ea5ddfc5f43ea1?s=96&d=mm&r=g\",\"contentUrl\":\"https:\\\/\\\/secure.gravatar.com\\\/avatar\\\/948b492cce32b586ac2db0eaa926ee87024f7afe218d73b397ea5ddfc5f43ea1?s=96&d=mm&r=g\",\"caption\":\"admin\"},\"sameAs\":[\"https:\\\/\\\/encompaniastj.org\"],\"url\":\"https:\\\/\\\/encompaniastj.org\\\/pt-pt\\\/author\\\/sjdigital\\\/\"}]}<\/script>\n<!-- \/ Yoast SEO plugin. -->","yoast_head_json":{"title":"Em homenagem \u00e0 Virgem de la Antigua - En Compa\u00f1\u00eda STJ","robots":{"index":"index","follow":"follow","max-snippet":"max-snippet:-1","max-image-preview":"max-image-preview:large","max-video-preview":"max-video-preview:-1"},"canonical":"https:\/\/encompaniastj.org\/pt-pt\/em-homenagem-a-virgem-de-la-antigua\/","og_locale":"pt_PT","og_type":"article","og_title":"Em homenagem \u00e0 Virgem de la Antigua - En Compa\u00f1\u00eda STJ","og_description":"Na v\u00e9spera da festa da Natividade da Virgem, a 7 de setembro de 2024, Mora concorda que Maria ser\u00e1 a protagonista da \u201cPreferia\u201d, como se diz no programa das festas [&hellip;]","og_url":"https:\/\/encompaniastj.org\/pt-pt\/em-homenagem-a-virgem-de-la-antigua\/","og_site_name":"En Compa\u00f1\u00eda STJ","article_published_time":"2024-10-03T04:24:07+00:00","article_modified_time":"2025-07-07T14:25:43+00:00","og_image":[{"width":1461,"height":2560,"url":"https:\/\/encompaniastj.org\/wp-content\/uploads\/2025\/05\/imagen1-scaled-1.jpg","type":"image\/jpeg"}],"author":"admin","twitter_card":"summary_large_image","twitter_misc":{"Escrito por":"admin","Tempo estimado de leitura":"2 minutos"},"schema":{"@context":"https:\/\/schema.org","@graph":[{"@type":"Article","@id":"https:\/\/encompaniastj.org\/pt-pt\/em-homenagem-a-virgem-de-la-antigua\/#article","isPartOf":{"@id":"https:\/\/encompaniastj.org\/pt-pt\/em-homenagem-a-virgem-de-la-antigua\/"},"author":{"name":"admin","@id":"https:\/\/encompaniastj.org\/pt-pt\/#\/schema\/person\/520e7ecc314793d40091993c2a02b651"},"headline":"Em homenagem \u00e0 Virgem de la Antigua","datePublished":"2024-10-03T04:24:07+00:00","dateModified":"2025-07-07T14:25:43+00:00","mainEntityOfPage":{"@id":"https:\/\/encompaniastj.org\/pt-pt\/em-homenagem-a-virgem-de-la-antigua\/"},"wordCount":326,"commentCount":0,"publisher":{"@id":"https:\/\/encompaniastj.org\/pt-pt\/#organization"},"image":{"@id":"https:\/\/encompaniastj.org\/pt-pt\/em-homenagem-a-virgem-de-la-antigua\/#primaryimage"},"thumbnailUrl":"https:\/\/encompaniastj.org\/wp-content\/uploads\/2025\/05\/imagen1-scaled-1.jpg","articleSection":["Noticias","Otras","Outras"],"inLanguage":"pt-PT","potentialAction":[{"@type":"CommentAction","name":"Comment","target":["https:\/\/encompaniastj.org\/pt-pt\/em-homenagem-a-virgem-de-la-antigua\/#respond"]}]},{"@type":"WebPage","@id":"https:\/\/encompaniastj.org\/pt-pt\/em-homenagem-a-virgem-de-la-antigua\/","url":"https:\/\/encompaniastj.org\/pt-pt\/em-homenagem-a-virgem-de-la-antigua\/","name":"Em homenagem \u00e0 Virgem de la Antigua - En Compa\u00f1\u00eda STJ","isPartOf":{"@id":"https:\/\/encompaniastj.org\/pt-pt\/#website"},"primaryImageOfPage":{"@id":"https:\/\/encompaniastj.org\/pt-pt\/em-homenagem-a-virgem-de-la-antigua\/#primaryimage"},"image":{"@id":"https:\/\/encompaniastj.org\/pt-pt\/em-homenagem-a-virgem-de-la-antigua\/#primaryimage"},"thumbnailUrl":"https:\/\/encompaniastj.org\/wp-content\/uploads\/2025\/05\/imagen1-scaled-1.jpg","datePublished":"2024-10-03T04:24:07+00:00","dateModified":"2025-07-07T14:25:43+00:00","breadcrumb":{"@id":"https:\/\/encompaniastj.org\/pt-pt\/em-homenagem-a-virgem-de-la-antigua\/#breadcrumb"},"inLanguage":"pt-PT","potentialAction":[{"@type":"ReadAction","target":["https:\/\/encompaniastj.org\/pt-pt\/em-homenagem-a-virgem-de-la-antigua\/"]}]},{"@type":"ImageObject","inLanguage":"pt-PT","@id":"https:\/\/encompaniastj.org\/pt-pt\/em-homenagem-a-virgem-de-la-antigua\/#primaryimage","url":"https:\/\/encompaniastj.org\/wp-content\/uploads\/2025\/05\/imagen1-scaled-1.jpg","contentUrl":"https:\/\/encompaniastj.org\/wp-content\/uploads\/2025\/05\/imagen1-scaled-1.jpg","width":1461,"height":2560},{"@type":"BreadcrumbList","@id":"https:\/\/encompaniastj.org\/pt-pt\/em-homenagem-a-virgem-de-la-antigua\/#breadcrumb","itemListElement":[{"@type":"ListItem","position":1,"name":"Portada","item":"https:\/\/encompaniastj.org\/pt-pt\/"},{"@type":"ListItem","position":2,"name":"Em homenagem \u00e0 Virgem de la Antigua"}]},{"@type":"WebSite","@id":"https:\/\/encompaniastj.org\/pt-pt\/#website","url":"https:\/\/encompaniastj.org\/pt-pt\/","name":"En Compa\u00f1\u00eda STJ","description":"Bolet\u00edn de la Compa\u00f1\u00eda de Santa Teresa de Jes\u00fas","publisher":{"@id":"https:\/\/encompaniastj.org\/pt-pt\/#organization"},"potentialAction":[{"@type":"SearchAction","target":{"@type":"EntryPoint","urlTemplate":"https:\/\/encompaniastj.org\/pt-pt\/?s={search_term_string}"},"query-input":{"@type":"PropertyValueSpecification","valueRequired":true,"valueName":"search_term_string"}}],"inLanguage":"pt-PT"},{"@type":"Organization","@id":"https:\/\/encompaniastj.org\/pt-pt\/#organization","name":"Compa\u00f1\u00eda de Santa Teresa de Jes\u00fas","url":"https:\/\/encompaniastj.org\/pt-pt\/","logo":{"@type":"ImageObject","inLanguage":"pt-PT","@id":"https:\/\/encompaniastj.org\/pt-pt\/#\/schema\/logo\/image\/","url":"https:\/\/encompaniastj.org\/wp-content\/uploads\/2025\/04\/logo_provincias02-1-3.png","contentUrl":"https:\/\/encompaniastj.org\/wp-content\/uploads\/2025\/04\/logo_provincias02-1-3.png","width":2368,"height":825,"caption":"Compa\u00f1\u00eda de Santa Teresa de Jes\u00fas"},"image":{"@id":"https:\/\/encompaniastj.org\/pt-pt\/#\/schema\/logo\/image\/"}},{"@type":"Person","@id":"https:\/\/encompaniastj.org\/pt-pt\/#\/schema\/person\/520e7ecc314793d40091993c2a02b651","name":"admin","image":{"@type":"ImageObject","inLanguage":"pt-PT","@id":"https:\/\/secure.gravatar.com\/avatar\/948b492cce32b586ac2db0eaa926ee87024f7afe218d73b397ea5ddfc5f43ea1?s=96&d=mm&r=g","url":"https:\/\/secure.gravatar.com\/avatar\/948b492cce32b586ac2db0eaa926ee87024f7afe218d73b397ea5ddfc5f43ea1?s=96&d=mm&r=g","contentUrl":"https:\/\/secure.gravatar.com\/avatar\/948b492cce32b586ac2db0eaa926ee87024f7afe218d73b397ea5ddfc5f43ea1?s=96&d=mm&r=g","caption":"admin"},"sameAs":["https:\/\/encompaniastj.org"],"url":"https:\/\/encompaniastj.org\/pt-pt\/author\/sjdigital\/"}]}},"_links":{"self":[{"href":"https:\/\/encompaniastj.org\/pt-pt\/wp-json\/wp\/v2\/posts\/12251","targetHints":{"allow":["GET"]}}],"collection":[{"href":"https:\/\/encompaniastj.org\/pt-pt\/wp-json\/wp\/v2\/posts"}],"about":[{"href":"https:\/\/encompaniastj.org\/pt-pt\/wp-json\/wp\/v2\/types\/post"}],"author":[{"embeddable":true,"href":"https:\/\/encompaniastj.org\/pt-pt\/wp-json\/wp\/v2\/users\/1"}],"replies":[{"embeddable":true,"href":"https:\/\/encompaniastj.org\/pt-pt\/wp-json\/wp\/v2\/comments?post=12251"}],"version-history":[{"count":1,"href":"https:\/\/encompaniastj.org\/pt-pt\/wp-json\/wp\/v2\/posts\/12251\/revisions"}],"predecessor-version":[{"id":12252,"href":"https:\/\/encompaniastj.org\/pt-pt\/wp-json\/wp\/v2\/posts\/12251\/revisions\/12252"}],"wp:featuredmedia":[{"embeddable":true,"href":"https:\/\/encompaniastj.org\/pt-pt\/wp-json\/wp\/v2\/media\/8794"}],"wp:attachment":[{"href":"https:\/\/encompaniastj.org\/pt-pt\/wp-json\/wp\/v2\/media?parent=12251"}],"wp:term":[{"taxonomy":"category","embeddable":true,"href":"https:\/\/encompaniastj.org\/pt-pt\/wp-json\/wp\/v2\/categories?post=12251"},{"taxonomy":"post_tag","embeddable":true,"href":"https:\/\/encompaniastj.org\/pt-pt\/wp-json\/wp\/v2\/tags?post=12251"}],"curies":[{"name":"wp","href":"https:\/\/api.w.org\/{rel}","templated":true}]}}