{"id":12201,"date":"2024-08-16T15:05:23","date_gmt":"2024-08-16T13:05:23","guid":{"rendered":"https:\/\/encompaniastj.org\/descanso-em-avila-para-as-irmas-com-mais-de-setenta-anos-de-idade-de-27-de-julho-a-7-de-agosto\/"},"modified":"2025-07-07T16:25:36","modified_gmt":"2025-07-07T14:25:36","slug":"descanso-em-avila-para-as-irmas-com-mais-de-setenta-anos-de-idade-de-27-de-julho-a-7-de-agosto","status":"publish","type":"post","link":"https:\/\/encompaniastj.org\/pt-pt\/descanso-em-avila-para-as-irmas-com-mais-de-setenta-anos-de-idade-de-27-de-julho-a-7-de-agosto\/","title":{"rendered":"Descanso em \u00c1vila para as irm\u00e3s com mais de setenta anos de idade de 27 de julho a 7 de agosto."},"content":{"rendered":"<p>Tornou-se habitual as irm\u00e3s com mais de setenta anos encontrarem-se em \u00c1vila para descansar, conversar, rir, ler&#8230; No final destes dias, s\u00e3o estas as palavras que ressoam:<\/p>\n<p>Senti-me livre, descansada, acompanhada.<\/p>\n<p>Desfrutei dos passeios por \u00c1vila e pelos lugares teresianos.<\/p>\n<p>Agrade\u00e7o os momentos de sil\u00eancio e contempla\u00e7\u00e3o no jardim.<\/p>\n<p>Ri-me muito recordando as aventuras e desventuras de quando \u00e9ramos jovens nestes mundos de Deus: Bol\u00edvia, Nicar\u00e1gua, Mieres&#8230;.<\/p>\n<p>&#8230; E, claro, n\u00e3o podemos esquecer as compras na feira da ladra de \u00c1vila.<\/p>\n<p>Os jogos ol\u00edmpicos e o cinema tamb\u00e9m nos mantiveram atentos at\u00e9 ao limite.<\/p>\n<p>Acompanhar as irm\u00e3s da Resid\u00eancia nestes momentos de dor, pela morte de Trini e Rafaela, renova o nosso sentido de companheirismo.<\/p>\n<p>Foi um grande descanso, um tempo para caminhar, para ler, para rir&#8230;.<\/p>\n<p>&#8230;E at\u00e9 ao pr\u00f3ximo ano.<\/p>\n<p>&nbsp;<\/p>\n<p>Da esquerda para a direita:<\/p>\n<p>M\u00aa Teresa Sim\u00f3, M\u00aa Dolores Duque, M\u00aa Luisa Fern\u00e1ndez, Consuelo Fern\u00e1ndez, Rosa Mart\u00edn,\u00a0Raquel, M\u00aa Teresa Torres, M\u00aa Carmen Marciel, Pilar Garc\u00eda.<\/p>\n","protected":false},"excerpt":{"rendered":"<p>Tornou-se habitual as irm\u00e3s com mais de setenta anos encontrarem-se em \u00c1vila para descansar, conversar, rir, ler&#8230; No final destes dias, s\u00e3o estas as palavras que ressoam: Senti-me livre, descansada, [&hellip;]<\/p>\n","protected":false},"author":1,"featured_media":8774,"comment_status":"open","ping_status":"open","sticky":false,"template":"","format":"standard","meta":{"_acf_changed":false,"footnotes":""},"categories":[81],"tags":[],"class_list":["post-12201","post","type-post","status-publish","format-standard","has-post-thumbnail","hentry","category-stj-pt"],"acf":[],"yoast_head":"<!-- This site is optimized with the Yoast SEO plugin v27.5 - https:\/\/yoast.com\/product\/yoast-seo-wordpress\/ -->\n<title>Descanso em \u00c1vila para as irm\u00e3s com mais de setenta anos de idade de 27 de julho a 7 de agosto. - En Compa\u00f1\u00eda STJ<\/title>\n<meta name=\"robots\" content=\"index, follow, max-snippet:-1, max-image-preview:large, max-video-preview:-1\" \/>\n<link rel=\"canonical\" href=\"https:\/\/encompaniastj.org\/pt-pt\/descanso-em-avila-para-as-irmas-com-mais-de-setenta-anos-de-idade-de-27-de-julho-a-7-de-agosto\/\" \/>\n<meta property=\"og:locale\" content=\"pt_PT\" \/>\n<meta property=\"og:type\" content=\"article\" \/>\n<meta property=\"og:title\" content=\"Descanso em \u00c1vila para as irm\u00e3s com mais de setenta anos de idade de 27 de julho a 7 de agosto. - En Compa\u00f1\u00eda STJ\" \/>\n<meta property=\"og:description\" content=\"Tornou-se habitual as irm\u00e3s com mais de setenta anos encontrarem-se em \u00c1vila para descansar, conversar, rir, ler&#8230; No final destes dias, s\u00e3o estas as palavras que ressoam: Senti-me livre, descansada, [&hellip;]\" \/>\n<meta property=\"og:url\" content=\"https:\/\/encompaniastj.org\/pt-pt\/descanso-em-avila-para-as-irmas-com-mais-de-setenta-anos-de-idade-de-27-de-julho-a-7-de-agosto\/\" \/>\n<meta property=\"og:site_name\" content=\"En Compa\u00f1\u00eda STJ\" \/>\n<meta property=\"article:published_time\" content=\"2024-08-16T13:05:23+00:00\" \/>\n<meta property=\"article:modified_time\" content=\"2025-07-07T14:25:36+00:00\" \/>\n<meta property=\"og:image\" content=\"https:\/\/encompaniastj.org\/wp-content\/uploads\/2025\/05\/foto-boletin.jpg\" \/>\n\t<meta property=\"og:image:width\" content=\"600\" \/>\n\t<meta property=\"og:image:height\" content=\"600\" \/>\n\t<meta property=\"og:image:type\" content=\"image\/jpeg\" \/>\n<meta name=\"author\" content=\"admin\" \/>\n<meta name=\"twitter:card\" content=\"summary_large_image\" \/>\n<meta name=\"twitter:label1\" content=\"Escrito por\" \/>\n\t<meta name=\"twitter:data1\" content=\"admin\" \/>\n\t<meta name=\"twitter:label2\" content=\"Tempo estimado de leitura\" \/>\n\t<meta name=\"twitter:data2\" content=\"1 minuto\" \/>\n<script type=\"application\/ld+json\" class=\"yoast-schema-graph\">{\"@context\":\"https:\\\/\\\/schema.org\",\"@graph\":[{\"@type\":\"Article\",\"@id\":\"https:\\\/\\\/encompaniastj.org\\\/pt-pt\\\/descanso-em-avila-para-as-irmas-com-mais-de-setenta-anos-de-idade-de-27-de-julho-a-7-de-agosto\\\/#article\",\"isPartOf\":{\"@id\":\"https:\\\/\\\/encompaniastj.org\\\/pt-pt\\\/descanso-em-avila-para-as-irmas-com-mais-de-setenta-anos-de-idade-de-27-de-julho-a-7-de-agosto\\\/\"},\"author\":{\"name\":\"admin\",\"@id\":\"https:\\\/\\\/encompaniastj.org\\\/pt-pt\\\/#\\\/schema\\\/person\\\/520e7ecc314793d40091993c2a02b651\"},\"headline\":\"Descanso em \u00c1vila para as irm\u00e3s com mais de setenta anos de idade de 27 de julho a 7 de agosto.\",\"datePublished\":\"2024-08-16T13:05:23+00:00\",\"dateModified\":\"2025-07-07T14:25:36+00:00\",\"mainEntityOfPage\":{\"@id\":\"https:\\\/\\\/encompaniastj.org\\\/pt-pt\\\/descanso-em-avila-para-as-irmas-com-mais-de-setenta-anos-de-idade-de-27-de-julho-a-7-de-agosto\\\/\"},\"wordCount\":196,\"commentCount\":0,\"publisher\":{\"@id\":\"https:\\\/\\\/encompaniastj.org\\\/pt-pt\\\/#organization\"},\"image\":{\"@id\":\"https:\\\/\\\/encompaniastj.org\\\/pt-pt\\\/descanso-em-avila-para-as-irmas-com-mais-de-setenta-anos-de-idade-de-27-de-julho-a-7-de-agosto\\\/#primaryimage\"},\"thumbnailUrl\":\"https:\\\/\\\/encompaniastj.org\\\/wp-content\\\/uploads\\\/2025\\\/05\\\/foto-boletin.jpg\",\"articleSection\":[\"STJ pt\"],\"inLanguage\":\"pt-PT\",\"potentialAction\":[{\"@type\":\"CommentAction\",\"name\":\"Comment\",\"target\":[\"https:\\\/\\\/encompaniastj.org\\\/pt-pt\\\/descanso-em-avila-para-as-irmas-com-mais-de-setenta-anos-de-idade-de-27-de-julho-a-7-de-agosto\\\/#respond\"]}]},{\"@type\":\"WebPage\",\"@id\":\"https:\\\/\\\/encompaniastj.org\\\/pt-pt\\\/descanso-em-avila-para-as-irmas-com-mais-de-setenta-anos-de-idade-de-27-de-julho-a-7-de-agosto\\\/\",\"url\":\"https:\\\/\\\/encompaniastj.org\\\/pt-pt\\\/descanso-em-avila-para-as-irmas-com-mais-de-setenta-anos-de-idade-de-27-de-julho-a-7-de-agosto\\\/\",\"name\":\"Descanso em \u00c1vila para as irm\u00e3s com mais de setenta anos de idade de 27 de julho a 7 de agosto. - En Compa\u00f1\u00eda STJ\",\"isPartOf\":{\"@id\":\"https:\\\/\\\/encompaniastj.org\\\/pt-pt\\\/#website\"},\"primaryImageOfPage\":{\"@id\":\"https:\\\/\\\/encompaniastj.org\\\/pt-pt\\\/descanso-em-avila-para-as-irmas-com-mais-de-setenta-anos-de-idade-de-27-de-julho-a-7-de-agosto\\\/#primaryimage\"},\"image\":{\"@id\":\"https:\\\/\\\/encompaniastj.org\\\/pt-pt\\\/descanso-em-avila-para-as-irmas-com-mais-de-setenta-anos-de-idade-de-27-de-julho-a-7-de-agosto\\\/#primaryimage\"},\"thumbnailUrl\":\"https:\\\/\\\/encompaniastj.org\\\/wp-content\\\/uploads\\\/2025\\\/05\\\/foto-boletin.jpg\",\"datePublished\":\"2024-08-16T13:05:23+00:00\",\"dateModified\":\"2025-07-07T14:25:36+00:00\",\"breadcrumb\":{\"@id\":\"https:\\\/\\\/encompaniastj.org\\\/pt-pt\\\/descanso-em-avila-para-as-irmas-com-mais-de-setenta-anos-de-idade-de-27-de-julho-a-7-de-agosto\\\/#breadcrumb\"},\"inLanguage\":\"pt-PT\",\"potentialAction\":[{\"@type\":\"ReadAction\",\"target\":[\"https:\\\/\\\/encompaniastj.org\\\/pt-pt\\\/descanso-em-avila-para-as-irmas-com-mais-de-setenta-anos-de-idade-de-27-de-julho-a-7-de-agosto\\\/\"]}]},{\"@type\":\"ImageObject\",\"inLanguage\":\"pt-PT\",\"@id\":\"https:\\\/\\\/encompaniastj.org\\\/pt-pt\\\/descanso-em-avila-para-as-irmas-com-mais-de-setenta-anos-de-idade-de-27-de-julho-a-7-de-agosto\\\/#primaryimage\",\"url\":\"https:\\\/\\\/encompaniastj.org\\\/wp-content\\\/uploads\\\/2025\\\/05\\\/foto-boletin.jpg\",\"contentUrl\":\"https:\\\/\\\/encompaniastj.org\\\/wp-content\\\/uploads\\\/2025\\\/05\\\/foto-boletin.jpg\",\"width\":600,\"height\":600},{\"@type\":\"BreadcrumbList\",\"@id\":\"https:\\\/\\\/encompaniastj.org\\\/pt-pt\\\/descanso-em-avila-para-as-irmas-com-mais-de-setenta-anos-de-idade-de-27-de-julho-a-7-de-agosto\\\/#breadcrumb\",\"itemListElement\":[{\"@type\":\"ListItem\",\"position\":1,\"name\":\"Portada\",\"item\":\"https:\\\/\\\/encompaniastj.org\\\/pt-pt\\\/\"},{\"@type\":\"ListItem\",\"position\":2,\"name\":\"Descanso em \u00c1vila para as irm\u00e3s com mais de setenta anos de idade de 27 de julho a 7 de agosto.\"}]},{\"@type\":\"WebSite\",\"@id\":\"https:\\\/\\\/encompaniastj.org\\\/pt-pt\\\/#website\",\"url\":\"https:\\\/\\\/encompaniastj.org\\\/pt-pt\\\/\",\"name\":\"En Compa\u00f1\u00eda STJ\",\"description\":\"Bolet\u00edn de la Compa\u00f1\u00eda de Santa Teresa de Jes\u00fas\",\"publisher\":{\"@id\":\"https:\\\/\\\/encompaniastj.org\\\/pt-pt\\\/#organization\"},\"potentialAction\":[{\"@type\":\"SearchAction\",\"target\":{\"@type\":\"EntryPoint\",\"urlTemplate\":\"https:\\\/\\\/encompaniastj.org\\\/pt-pt\\\/?s={search_term_string}\"},\"query-input\":{\"@type\":\"PropertyValueSpecification\",\"valueRequired\":true,\"valueName\":\"search_term_string\"}}],\"inLanguage\":\"pt-PT\"},{\"@type\":\"Organization\",\"@id\":\"https:\\\/\\\/encompaniastj.org\\\/pt-pt\\\/#organization\",\"name\":\"Compa\u00f1\u00eda de Santa Teresa de Jes\u00fas\",\"url\":\"https:\\\/\\\/encompaniastj.org\\\/pt-pt\\\/\",\"logo\":{\"@type\":\"ImageObject\",\"inLanguage\":\"pt-PT\",\"@id\":\"https:\\\/\\\/encompaniastj.org\\\/pt-pt\\\/#\\\/schema\\\/logo\\\/image\\\/\",\"url\":\"https:\\\/\\\/encompaniastj.org\\\/wp-content\\\/uploads\\\/2025\\\/04\\\/logo_provincias02-1-3.png\",\"contentUrl\":\"https:\\\/\\\/encompaniastj.org\\\/wp-content\\\/uploads\\\/2025\\\/04\\\/logo_provincias02-1-3.png\",\"width\":2368,\"height\":825,\"caption\":\"Compa\u00f1\u00eda de Santa Teresa de Jes\u00fas\"},\"image\":{\"@id\":\"https:\\\/\\\/encompaniastj.org\\\/pt-pt\\\/#\\\/schema\\\/logo\\\/image\\\/\"}},{\"@type\":\"Person\",\"@id\":\"https:\\\/\\\/encompaniastj.org\\\/pt-pt\\\/#\\\/schema\\\/person\\\/520e7ecc314793d40091993c2a02b651\",\"name\":\"admin\",\"image\":{\"@type\":\"ImageObject\",\"inLanguage\":\"pt-PT\",\"@id\":\"https:\\\/\\\/secure.gravatar.com\\\/avatar\\\/948b492cce32b586ac2db0eaa926ee87024f7afe218d73b397ea5ddfc5f43ea1?s=96&d=mm&r=g\",\"url\":\"https:\\\/\\\/secure.gravatar.com\\\/avatar\\\/948b492cce32b586ac2db0eaa926ee87024f7afe218d73b397ea5ddfc5f43ea1?s=96&d=mm&r=g\",\"contentUrl\":\"https:\\\/\\\/secure.gravatar.com\\\/avatar\\\/948b492cce32b586ac2db0eaa926ee87024f7afe218d73b397ea5ddfc5f43ea1?s=96&d=mm&r=g\",\"caption\":\"admin\"},\"sameAs\":[\"https:\\\/\\\/encompaniastj.org\"],\"url\":\"https:\\\/\\\/encompaniastj.org\\\/pt-pt\\\/author\\\/sjdigital\\\/\"}]}<\/script>\n<!-- \/ Yoast SEO plugin. -->","yoast_head_json":{"title":"Descanso em \u00c1vila para as irm\u00e3s com mais de setenta anos de idade de 27 de julho a 7 de agosto. - En Compa\u00f1\u00eda STJ","robots":{"index":"index","follow":"follow","max-snippet":"max-snippet:-1","max-image-preview":"max-image-preview:large","max-video-preview":"max-video-preview:-1"},"canonical":"https:\/\/encompaniastj.org\/pt-pt\/descanso-em-avila-para-as-irmas-com-mais-de-setenta-anos-de-idade-de-27-de-julho-a-7-de-agosto\/","og_locale":"pt_PT","og_type":"article","og_title":"Descanso em \u00c1vila para as irm\u00e3s com mais de setenta anos de idade de 27 de julho a 7 de agosto. - En Compa\u00f1\u00eda STJ","og_description":"Tornou-se habitual as irm\u00e3s com mais de setenta anos encontrarem-se em \u00c1vila para descansar, conversar, rir, ler&#8230; No final destes dias, s\u00e3o estas as palavras que ressoam: Senti-me livre, descansada, [&hellip;]","og_url":"https:\/\/encompaniastj.org\/pt-pt\/descanso-em-avila-para-as-irmas-com-mais-de-setenta-anos-de-idade-de-27-de-julho-a-7-de-agosto\/","og_site_name":"En Compa\u00f1\u00eda STJ","article_published_time":"2024-08-16T13:05:23+00:00","article_modified_time":"2025-07-07T14:25:36+00:00","og_image":[{"width":600,"height":600,"url":"https:\/\/encompaniastj.org\/wp-content\/uploads\/2025\/05\/foto-boletin.jpg","type":"image\/jpeg"}],"author":"admin","twitter_card":"summary_large_image","twitter_misc":{"Escrito por":"admin","Tempo estimado de leitura":"1 minuto"},"schema":{"@context":"https:\/\/schema.org","@graph":[{"@type":"Article","@id":"https:\/\/encompaniastj.org\/pt-pt\/descanso-em-avila-para-as-irmas-com-mais-de-setenta-anos-de-idade-de-27-de-julho-a-7-de-agosto\/#article","isPartOf":{"@id":"https:\/\/encompaniastj.org\/pt-pt\/descanso-em-avila-para-as-irmas-com-mais-de-setenta-anos-de-idade-de-27-de-julho-a-7-de-agosto\/"},"author":{"name":"admin","@id":"https:\/\/encompaniastj.org\/pt-pt\/#\/schema\/person\/520e7ecc314793d40091993c2a02b651"},"headline":"Descanso em \u00c1vila para as irm\u00e3s com mais de setenta anos de idade de 27 de julho a 7 de agosto.","datePublished":"2024-08-16T13:05:23+00:00","dateModified":"2025-07-07T14:25:36+00:00","mainEntityOfPage":{"@id":"https:\/\/encompaniastj.org\/pt-pt\/descanso-em-avila-para-as-irmas-com-mais-de-setenta-anos-de-idade-de-27-de-julho-a-7-de-agosto\/"},"wordCount":196,"commentCount":0,"publisher":{"@id":"https:\/\/encompaniastj.org\/pt-pt\/#organization"},"image":{"@id":"https:\/\/encompaniastj.org\/pt-pt\/descanso-em-avila-para-as-irmas-com-mais-de-setenta-anos-de-idade-de-27-de-julho-a-7-de-agosto\/#primaryimage"},"thumbnailUrl":"https:\/\/encompaniastj.org\/wp-content\/uploads\/2025\/05\/foto-boletin.jpg","articleSection":["STJ pt"],"inLanguage":"pt-PT","potentialAction":[{"@type":"CommentAction","name":"Comment","target":["https:\/\/encompaniastj.org\/pt-pt\/descanso-em-avila-para-as-irmas-com-mais-de-setenta-anos-de-idade-de-27-de-julho-a-7-de-agosto\/#respond"]}]},{"@type":"WebPage","@id":"https:\/\/encompaniastj.org\/pt-pt\/descanso-em-avila-para-as-irmas-com-mais-de-setenta-anos-de-idade-de-27-de-julho-a-7-de-agosto\/","url":"https:\/\/encompaniastj.org\/pt-pt\/descanso-em-avila-para-as-irmas-com-mais-de-setenta-anos-de-idade-de-27-de-julho-a-7-de-agosto\/","name":"Descanso em \u00c1vila para as irm\u00e3s com mais de setenta anos de idade de 27 de julho a 7 de agosto. - En Compa\u00f1\u00eda STJ","isPartOf":{"@id":"https:\/\/encompaniastj.org\/pt-pt\/#website"},"primaryImageOfPage":{"@id":"https:\/\/encompaniastj.org\/pt-pt\/descanso-em-avila-para-as-irmas-com-mais-de-setenta-anos-de-idade-de-27-de-julho-a-7-de-agosto\/#primaryimage"},"image":{"@id":"https:\/\/encompaniastj.org\/pt-pt\/descanso-em-avila-para-as-irmas-com-mais-de-setenta-anos-de-idade-de-27-de-julho-a-7-de-agosto\/#primaryimage"},"thumbnailUrl":"https:\/\/encompaniastj.org\/wp-content\/uploads\/2025\/05\/foto-boletin.jpg","datePublished":"2024-08-16T13:05:23+00:00","dateModified":"2025-07-07T14:25:36+00:00","breadcrumb":{"@id":"https:\/\/encompaniastj.org\/pt-pt\/descanso-em-avila-para-as-irmas-com-mais-de-setenta-anos-de-idade-de-27-de-julho-a-7-de-agosto\/#breadcrumb"},"inLanguage":"pt-PT","potentialAction":[{"@type":"ReadAction","target":["https:\/\/encompaniastj.org\/pt-pt\/descanso-em-avila-para-as-irmas-com-mais-de-setenta-anos-de-idade-de-27-de-julho-a-7-de-agosto\/"]}]},{"@type":"ImageObject","inLanguage":"pt-PT","@id":"https:\/\/encompaniastj.org\/pt-pt\/descanso-em-avila-para-as-irmas-com-mais-de-setenta-anos-de-idade-de-27-de-julho-a-7-de-agosto\/#primaryimage","url":"https:\/\/encompaniastj.org\/wp-content\/uploads\/2025\/05\/foto-boletin.jpg","contentUrl":"https:\/\/encompaniastj.org\/wp-content\/uploads\/2025\/05\/foto-boletin.jpg","width":600,"height":600},{"@type":"BreadcrumbList","@id":"https:\/\/encompaniastj.org\/pt-pt\/descanso-em-avila-para-as-irmas-com-mais-de-setenta-anos-de-idade-de-27-de-julho-a-7-de-agosto\/#breadcrumb","itemListElement":[{"@type":"ListItem","position":1,"name":"Portada","item":"https:\/\/encompaniastj.org\/pt-pt\/"},{"@type":"ListItem","position":2,"name":"Descanso em \u00c1vila para as irm\u00e3s com mais de setenta anos de idade de 27 de julho a 7 de agosto."}]},{"@type":"WebSite","@id":"https:\/\/encompaniastj.org\/pt-pt\/#website","url":"https:\/\/encompaniastj.org\/pt-pt\/","name":"En Compa\u00f1\u00eda STJ","description":"Bolet\u00edn de la Compa\u00f1\u00eda de Santa Teresa de Jes\u00fas","publisher":{"@id":"https:\/\/encompaniastj.org\/pt-pt\/#organization"},"potentialAction":[{"@type":"SearchAction","target":{"@type":"EntryPoint","urlTemplate":"https:\/\/encompaniastj.org\/pt-pt\/?s={search_term_string}"},"query-input":{"@type":"PropertyValueSpecification","valueRequired":true,"valueName":"search_term_string"}}],"inLanguage":"pt-PT"},{"@type":"Organization","@id":"https:\/\/encompaniastj.org\/pt-pt\/#organization","name":"Compa\u00f1\u00eda de Santa Teresa de Jes\u00fas","url":"https:\/\/encompaniastj.org\/pt-pt\/","logo":{"@type":"ImageObject","inLanguage":"pt-PT","@id":"https:\/\/encompaniastj.org\/pt-pt\/#\/schema\/logo\/image\/","url":"https:\/\/encompaniastj.org\/wp-content\/uploads\/2025\/04\/logo_provincias02-1-3.png","contentUrl":"https:\/\/encompaniastj.org\/wp-content\/uploads\/2025\/04\/logo_provincias02-1-3.png","width":2368,"height":825,"caption":"Compa\u00f1\u00eda de Santa Teresa de Jes\u00fas"},"image":{"@id":"https:\/\/encompaniastj.org\/pt-pt\/#\/schema\/logo\/image\/"}},{"@type":"Person","@id":"https:\/\/encompaniastj.org\/pt-pt\/#\/schema\/person\/520e7ecc314793d40091993c2a02b651","name":"admin","image":{"@type":"ImageObject","inLanguage":"pt-PT","@id":"https:\/\/secure.gravatar.com\/avatar\/948b492cce32b586ac2db0eaa926ee87024f7afe218d73b397ea5ddfc5f43ea1?s=96&d=mm&r=g","url":"https:\/\/secure.gravatar.com\/avatar\/948b492cce32b586ac2db0eaa926ee87024f7afe218d73b397ea5ddfc5f43ea1?s=96&d=mm&r=g","contentUrl":"https:\/\/secure.gravatar.com\/avatar\/948b492cce32b586ac2db0eaa926ee87024f7afe218d73b397ea5ddfc5f43ea1?s=96&d=mm&r=g","caption":"admin"},"sameAs":["https:\/\/encompaniastj.org"],"url":"https:\/\/encompaniastj.org\/pt-pt\/author\/sjdigital\/"}]}},"_links":{"self":[{"href":"https:\/\/encompaniastj.org\/pt-pt\/wp-json\/wp\/v2\/posts\/12201","targetHints":{"allow":["GET"]}}],"collection":[{"href":"https:\/\/encompaniastj.org\/pt-pt\/wp-json\/wp\/v2\/posts"}],"about":[{"href":"https:\/\/encompaniastj.org\/pt-pt\/wp-json\/wp\/v2\/types\/post"}],"author":[{"embeddable":true,"href":"https:\/\/encompaniastj.org\/pt-pt\/wp-json\/wp\/v2\/users\/1"}],"replies":[{"embeddable":true,"href":"https:\/\/encompaniastj.org\/pt-pt\/wp-json\/wp\/v2\/comments?post=12201"}],"version-history":[{"count":1,"href":"https:\/\/encompaniastj.org\/pt-pt\/wp-json\/wp\/v2\/posts\/12201\/revisions"}],"predecessor-version":[{"id":12202,"href":"https:\/\/encompaniastj.org\/pt-pt\/wp-json\/wp\/v2\/posts\/12201\/revisions\/12202"}],"wp:featuredmedia":[{"embeddable":true,"href":"https:\/\/encompaniastj.org\/pt-pt\/wp-json\/wp\/v2\/media\/8774"}],"wp:attachment":[{"href":"https:\/\/encompaniastj.org\/pt-pt\/wp-json\/wp\/v2\/media?parent=12201"}],"wp:term":[{"taxonomy":"category","embeddable":true,"href":"https:\/\/encompaniastj.org\/pt-pt\/wp-json\/wp\/v2\/categories?post=12201"},{"taxonomy":"post_tag","embeddable":true,"href":"https:\/\/encompaniastj.org\/pt-pt\/wp-json\/wp\/v2\/tags?post=12201"}],"curies":[{"name":"wp","href":"https:\/\/api.w.org\/{rel}","templated":true}]}}