{"id":12199,"date":"2024-08-16T14:50:00","date_gmt":"2024-08-16T12:50:00","guid":{"rendered":"https:\/\/encompaniastj.org\/nao-sabeis-que-assim-juntais-duas-coisas-tao-iniguais\/"},"modified":"2025-07-07T16:25:36","modified_gmt":"2025-07-07T14:25:36","slug":"nao-sabeis-que-assim-juntais-duas-coisas-tao-iniguais","status":"publish","type":"post","link":"https:\/\/encompaniastj.org\/pt-pt\/nao-sabeis-que-assim-juntais-duas-coisas-tao-iniguais\/","title":{"rendered":"\u201cN\u00e3o sabeis que assim juntais duas coisas t\u00e3o iniguais\u201d"},"content":{"rendered":"<p>Viqui Molins, stj<\/p>\n<p>F\u00e9rias for\u00e7adas. T\u00e3o for\u00e7adas que fui transportado de um s\u00edtio para outro, ao longo de longos corredores brancos e indefinidos, numa maca ou numa cadeira de rodas.<\/p>\n<p>T\u00e3o for\u00e7adas que fiquei totalmente dependente do pessoal de uma cl\u00ednica. Mas, finalmente, umas f\u00e9rias. Ou seja, uma fase em que n\u00e3o fa\u00e7o nenhuma das actividades que podia fazer at\u00e9 agora. Agora - com toda a honestidade, dado que a minha data de nascimento est\u00e1 cada vez mais distante, com todas as consequ\u00eancias que isso implica - o meu trabalho tornou-se muito limitado e posso come\u00e7ar a dizer com S\u00e3o Jo\u00e3o da Cruz - o outro louco do amor m\u00edstico - que \u201camar sozinho \u00e9 o meu exerc\u00edcio\u201d. Um exerc\u00edcio que, muitas vezes, evidencio distribuindo abra\u00e7os \u00e0queles que sentiram a sua falta nas travessias do deserto, nos barcos e nas ruas das grandes cidades - o abrigo dos indocumentados - desde h\u00e1 alguns anos. Agora, tornados meus \u201cnetos\u201d, e alegrando a minha velhice com a sua amizade juvenil, alegram-me e recordam-me que Deus me deu, ao longo da minha vida, o que eu precisava para tornar real esta frase preciosa de um dos versos mais simples mas mais belos de Santa Teresa, a minha santa, a minha companheira de viagem e o carisma da minha Congrega\u00e7\u00e3o: \u201c\u00d3 n\u00f3 que assim te reunes&#8230;\u201d.<\/p>\n<p>\u00c9 curioso e dif\u00edcil de exprimir: posso viver com for\u00e7a e interesse v\u00e1rias frentes actuais: a pol\u00edtica, enquanto se aguarda o regresso de Puigdem\u00f3n, a investidura de Illa&#8230;<\/p>\n<p>Das discuss\u00f5es de dois velhos nos EUA que anseiam pelo poder. Do descontentamento de algumas ditaduras actuais, da ang\u00fastia dos povos em guerra, das consequ\u00eancias das altera\u00e7\u00f5es clim\u00e1ticas, da alegria dos Jogos Ol\u00edmpicos que passo horas a ver no pequeno ecr\u00e3&#8230; Em suma, a resposta \u00e0 Gaudium et spes do Vaticano II de que \u201cnada do que \u00e9 humano \u00e9 estranho aos seguidores de Cristo\u201d.<\/p>\n<p>Mas, no meio de tudo isto, viver plenamente aquilo que d\u00e1 sentido \u00e0 vida e que Santa Teresa t\u00e3o bem definiu com esse \u201cn\u00f3\u201d que sabe unir duas coisas t\u00e3o desiguais como Deus e eu, Deus e as coisas que me rodeiam, Deus e a minha fraqueza, Deus e todos aqueles que gozam ou sofrem \u00e0 minha volta, e em quem O vejo?<\/p>\n<p>E, perdoem-me por esta p\u00e1gina de confid\u00eancias - amigos meus de v\u00e1rias publica\u00e7\u00f5es que amo. Penso que aqueles de n\u00f3s que vivem uma experi\u00eancia constante da a\u00e7\u00e3o de Deus na humanidade, nas nossas vidas, nos nossos acontecimentos, n\u00e3o seria mau que, de vez em quando, nos explic\u00e1ssemos comunicando assim a grandeza do Senhor - mas n\u00e3o a nossa, porque n\u00e3o h\u00e1 nenhuma - convencidos desta verdade maravilhosa que Teresa de Jesus dizia cheia de confian\u00e7a no Senhor:<\/p>\n<p>\u201c\u00d3 n\u00f3, que assim unes<\/p>\n<p>duas coisas t\u00e3o desiguais:<\/p>\n<p>N\u00e3o sei por que vos desatais,<\/p>\n<p>porque atais a for\u00e7a que dais<\/p>\n<p>para tomar os males por bem.<\/p>\n<p>Juntais aquele que n\u00e3o tem ser<\/p>\n<p>com o Ser que n\u00e3o tem fim,<\/p>\n<p>sem fim, v\u00f3s acabais,<\/p>\n<p>sem ter de amar, tu amas,<\/p>\n<p>tu engrandeces o nosso nada\u201d.<\/p>\n","protected":false},"excerpt":{"rendered":"<p>Viqui Molins, stj F\u00e9rias for\u00e7adas. T\u00e3o for\u00e7adas que fui transportado de um s\u00edtio para outro, ao longo de longos corredores brancos e indefinidos, numa maca ou numa cadeira de rodas. [&hellip;]<\/p>\n","protected":false},"author":1,"featured_media":8773,"comment_status":"open","ping_status":"open","sticky":false,"template":"","format":"standard","meta":{"_acf_changed":false,"footnotes":""},"categories":[79,81],"tags":[],"class_list":["post-12199","post","type-post","status-publish","format-standard","has-post-thumbnail","hentry","category-stj","category-stj-pt"],"acf":[],"yoast_head":"<!-- This site is optimized with the Yoast SEO plugin v27.5 - https:\/\/yoast.com\/product\/yoast-seo-wordpress\/ -->\n<title>\u201cN\u00e3o sabeis que assim juntais duas coisas t\u00e3o iniguais\u201d - En Compa\u00f1\u00eda STJ<\/title>\n<meta name=\"robots\" content=\"index, follow, max-snippet:-1, max-image-preview:large, max-video-preview:-1\" \/>\n<link rel=\"canonical\" href=\"https:\/\/encompaniastj.org\/pt-pt\/nao-sabeis-que-assim-juntais-duas-coisas-tao-iniguais\/\" \/>\n<meta property=\"og:locale\" content=\"pt_PT\" \/>\n<meta property=\"og:type\" content=\"article\" \/>\n<meta property=\"og:title\" content=\"\u201cN\u00e3o sabeis que assim juntais duas coisas t\u00e3o iniguais\u201d - En Compa\u00f1\u00eda STJ\" \/>\n<meta property=\"og:description\" content=\"Viqui Molins, stj F\u00e9rias for\u00e7adas. T\u00e3o for\u00e7adas que fui transportado de um s\u00edtio para outro, ao longo de longos corredores brancos e indefinidos, numa maca ou numa cadeira de rodas. [&hellip;]\" \/>\n<meta property=\"og:url\" content=\"https:\/\/encompaniastj.org\/pt-pt\/nao-sabeis-que-assim-juntais-duas-coisas-tao-iniguais\/\" \/>\n<meta property=\"og:site_name\" content=\"En Compa\u00f1\u00eda STJ\" \/>\n<meta property=\"article:published_time\" content=\"2024-08-16T12:50:00+00:00\" \/>\n<meta property=\"article:modified_time\" content=\"2025-07-07T14:25:36+00:00\" \/>\n<meta property=\"og:image\" content=\"https:\/\/encompaniastj.org\/wp-content\/uploads\/2025\/05\/cuerda.jpg\" \/>\n\t<meta property=\"og:image:width\" content=\"640\" \/>\n\t<meta property=\"og:image:height\" content=\"427\" \/>\n\t<meta property=\"og:image:type\" content=\"image\/jpeg\" \/>\n<meta name=\"author\" content=\"admin\" \/>\n<meta name=\"twitter:card\" content=\"summary_large_image\" \/>\n<meta name=\"twitter:label1\" content=\"Escrito por\" \/>\n\t<meta name=\"twitter:data1\" content=\"admin\" \/>\n\t<meta name=\"twitter:label2\" content=\"Tempo estimado de leitura\" \/>\n\t<meta name=\"twitter:data2\" content=\"3 minutos\" \/>\n<script type=\"application\/ld+json\" class=\"yoast-schema-graph\">{\"@context\":\"https:\\\/\\\/schema.org\",\"@graph\":[{\"@type\":\"Article\",\"@id\":\"https:\\\/\\\/encompaniastj.org\\\/pt-pt\\\/nao-sabeis-que-assim-juntais-duas-coisas-tao-iniguais\\\/#article\",\"isPartOf\":{\"@id\":\"https:\\\/\\\/encompaniastj.org\\\/pt-pt\\\/nao-sabeis-que-assim-juntais-duas-coisas-tao-iniguais\\\/\"},\"author\":{\"name\":\"admin\",\"@id\":\"https:\\\/\\\/encompaniastj.org\\\/pt-pt\\\/#\\\/schema\\\/person\\\/520e7ecc314793d40091993c2a02b651\"},\"headline\":\"\u201cN\u00e3o sabeis que assim juntais duas coisas t\u00e3o iniguais\u201d\",\"datePublished\":\"2024-08-16T12:50:00+00:00\",\"dateModified\":\"2025-07-07T14:25:36+00:00\",\"mainEntityOfPage\":{\"@id\":\"https:\\\/\\\/encompaniastj.org\\\/pt-pt\\\/nao-sabeis-que-assim-juntais-duas-coisas-tao-iniguais\\\/\"},\"wordCount\":563,\"commentCount\":0,\"publisher\":{\"@id\":\"https:\\\/\\\/encompaniastj.org\\\/pt-pt\\\/#organization\"},\"image\":{\"@id\":\"https:\\\/\\\/encompaniastj.org\\\/pt-pt\\\/nao-sabeis-que-assim-juntais-duas-coisas-tao-iniguais\\\/#primaryimage\"},\"thumbnailUrl\":\"https:\\\/\\\/encompaniastj.org\\\/wp-content\\\/uploads\\\/2025\\\/05\\\/cuerda.jpg\",\"articleSection\":[\"STJ\",\"STJ pt\"],\"inLanguage\":\"pt-PT\",\"potentialAction\":[{\"@type\":\"CommentAction\",\"name\":\"Comment\",\"target\":[\"https:\\\/\\\/encompaniastj.org\\\/pt-pt\\\/nao-sabeis-que-assim-juntais-duas-coisas-tao-iniguais\\\/#respond\"]}]},{\"@type\":\"WebPage\",\"@id\":\"https:\\\/\\\/encompaniastj.org\\\/pt-pt\\\/nao-sabeis-que-assim-juntais-duas-coisas-tao-iniguais\\\/\",\"url\":\"https:\\\/\\\/encompaniastj.org\\\/pt-pt\\\/nao-sabeis-que-assim-juntais-duas-coisas-tao-iniguais\\\/\",\"name\":\"\u201cN\u00e3o sabeis que assim juntais duas coisas t\u00e3o iniguais\u201d - En Compa\u00f1\u00eda STJ\",\"isPartOf\":{\"@id\":\"https:\\\/\\\/encompaniastj.org\\\/pt-pt\\\/#website\"},\"primaryImageOfPage\":{\"@id\":\"https:\\\/\\\/encompaniastj.org\\\/pt-pt\\\/nao-sabeis-que-assim-juntais-duas-coisas-tao-iniguais\\\/#primaryimage\"},\"image\":{\"@id\":\"https:\\\/\\\/encompaniastj.org\\\/pt-pt\\\/nao-sabeis-que-assim-juntais-duas-coisas-tao-iniguais\\\/#primaryimage\"},\"thumbnailUrl\":\"https:\\\/\\\/encompaniastj.org\\\/wp-content\\\/uploads\\\/2025\\\/05\\\/cuerda.jpg\",\"datePublished\":\"2024-08-16T12:50:00+00:00\",\"dateModified\":\"2025-07-07T14:25:36+00:00\",\"breadcrumb\":{\"@id\":\"https:\\\/\\\/encompaniastj.org\\\/pt-pt\\\/nao-sabeis-que-assim-juntais-duas-coisas-tao-iniguais\\\/#breadcrumb\"},\"inLanguage\":\"pt-PT\",\"potentialAction\":[{\"@type\":\"ReadAction\",\"target\":[\"https:\\\/\\\/encompaniastj.org\\\/pt-pt\\\/nao-sabeis-que-assim-juntais-duas-coisas-tao-iniguais\\\/\"]}]},{\"@type\":\"ImageObject\",\"inLanguage\":\"pt-PT\",\"@id\":\"https:\\\/\\\/encompaniastj.org\\\/pt-pt\\\/nao-sabeis-que-assim-juntais-duas-coisas-tao-iniguais\\\/#primaryimage\",\"url\":\"https:\\\/\\\/encompaniastj.org\\\/wp-content\\\/uploads\\\/2025\\\/05\\\/cuerda.jpg\",\"contentUrl\":\"https:\\\/\\\/encompaniastj.org\\\/wp-content\\\/uploads\\\/2025\\\/05\\\/cuerda.jpg\",\"width\":640,\"height\":427},{\"@type\":\"BreadcrumbList\",\"@id\":\"https:\\\/\\\/encompaniastj.org\\\/pt-pt\\\/nao-sabeis-que-assim-juntais-duas-coisas-tao-iniguais\\\/#breadcrumb\",\"itemListElement\":[{\"@type\":\"ListItem\",\"position\":1,\"name\":\"Portada\",\"item\":\"https:\\\/\\\/encompaniastj.org\\\/pt-pt\\\/\"},{\"@type\":\"ListItem\",\"position\":2,\"name\":\"\u201cN\u00e3o sabeis que assim juntais duas coisas t\u00e3o iniguais\u201d\"}]},{\"@type\":\"WebSite\",\"@id\":\"https:\\\/\\\/encompaniastj.org\\\/pt-pt\\\/#website\",\"url\":\"https:\\\/\\\/encompaniastj.org\\\/pt-pt\\\/\",\"name\":\"En Compa\u00f1\u00eda STJ\",\"description\":\"Bolet\u00edn de la Compa\u00f1\u00eda de Santa Teresa de Jes\u00fas\",\"publisher\":{\"@id\":\"https:\\\/\\\/encompaniastj.org\\\/pt-pt\\\/#organization\"},\"potentialAction\":[{\"@type\":\"SearchAction\",\"target\":{\"@type\":\"EntryPoint\",\"urlTemplate\":\"https:\\\/\\\/encompaniastj.org\\\/pt-pt\\\/?s={search_term_string}\"},\"query-input\":{\"@type\":\"PropertyValueSpecification\",\"valueRequired\":true,\"valueName\":\"search_term_string\"}}],\"inLanguage\":\"pt-PT\"},{\"@type\":\"Organization\",\"@id\":\"https:\\\/\\\/encompaniastj.org\\\/pt-pt\\\/#organization\",\"name\":\"Compa\u00f1\u00eda de Santa Teresa de Jes\u00fas\",\"url\":\"https:\\\/\\\/encompaniastj.org\\\/pt-pt\\\/\",\"logo\":{\"@type\":\"ImageObject\",\"inLanguage\":\"pt-PT\",\"@id\":\"https:\\\/\\\/encompaniastj.org\\\/pt-pt\\\/#\\\/schema\\\/logo\\\/image\\\/\",\"url\":\"https:\\\/\\\/encompaniastj.org\\\/wp-content\\\/uploads\\\/2025\\\/04\\\/logo_provincias02-1-3.png\",\"contentUrl\":\"https:\\\/\\\/encompaniastj.org\\\/wp-content\\\/uploads\\\/2025\\\/04\\\/logo_provincias02-1-3.png\",\"width\":2368,\"height\":825,\"caption\":\"Compa\u00f1\u00eda de Santa Teresa de Jes\u00fas\"},\"image\":{\"@id\":\"https:\\\/\\\/encompaniastj.org\\\/pt-pt\\\/#\\\/schema\\\/logo\\\/image\\\/\"}},{\"@type\":\"Person\",\"@id\":\"https:\\\/\\\/encompaniastj.org\\\/pt-pt\\\/#\\\/schema\\\/person\\\/520e7ecc314793d40091993c2a02b651\",\"name\":\"admin\",\"image\":{\"@type\":\"ImageObject\",\"inLanguage\":\"pt-PT\",\"@id\":\"https:\\\/\\\/secure.gravatar.com\\\/avatar\\\/948b492cce32b586ac2db0eaa926ee87024f7afe218d73b397ea5ddfc5f43ea1?s=96&d=mm&r=g\",\"url\":\"https:\\\/\\\/secure.gravatar.com\\\/avatar\\\/948b492cce32b586ac2db0eaa926ee87024f7afe218d73b397ea5ddfc5f43ea1?s=96&d=mm&r=g\",\"contentUrl\":\"https:\\\/\\\/secure.gravatar.com\\\/avatar\\\/948b492cce32b586ac2db0eaa926ee87024f7afe218d73b397ea5ddfc5f43ea1?s=96&d=mm&r=g\",\"caption\":\"admin\"},\"sameAs\":[\"https:\\\/\\\/encompaniastj.org\"],\"url\":\"https:\\\/\\\/encompaniastj.org\\\/pt-pt\\\/author\\\/sjdigital\\\/\"}]}<\/script>\n<!-- \/ Yoast SEO plugin. -->","yoast_head_json":{"title":"\u201cN\u00e3o sabeis que assim juntais duas coisas t\u00e3o iniguais\u201d - En Compa\u00f1\u00eda STJ","robots":{"index":"index","follow":"follow","max-snippet":"max-snippet:-1","max-image-preview":"max-image-preview:large","max-video-preview":"max-video-preview:-1"},"canonical":"https:\/\/encompaniastj.org\/pt-pt\/nao-sabeis-que-assim-juntais-duas-coisas-tao-iniguais\/","og_locale":"pt_PT","og_type":"article","og_title":"\u201cN\u00e3o sabeis que assim juntais duas coisas t\u00e3o iniguais\u201d - En Compa\u00f1\u00eda STJ","og_description":"Viqui Molins, stj F\u00e9rias for\u00e7adas. T\u00e3o for\u00e7adas que fui transportado de um s\u00edtio para outro, ao longo de longos corredores brancos e indefinidos, numa maca ou numa cadeira de rodas. [&hellip;]","og_url":"https:\/\/encompaniastj.org\/pt-pt\/nao-sabeis-que-assim-juntais-duas-coisas-tao-iniguais\/","og_site_name":"En Compa\u00f1\u00eda STJ","article_published_time":"2024-08-16T12:50:00+00:00","article_modified_time":"2025-07-07T14:25:36+00:00","og_image":[{"width":640,"height":427,"url":"https:\/\/encompaniastj.org\/wp-content\/uploads\/2025\/05\/cuerda.jpg","type":"image\/jpeg"}],"author":"admin","twitter_card":"summary_large_image","twitter_misc":{"Escrito por":"admin","Tempo estimado de leitura":"3 minutos"},"schema":{"@context":"https:\/\/schema.org","@graph":[{"@type":"Article","@id":"https:\/\/encompaniastj.org\/pt-pt\/nao-sabeis-que-assim-juntais-duas-coisas-tao-iniguais\/#article","isPartOf":{"@id":"https:\/\/encompaniastj.org\/pt-pt\/nao-sabeis-que-assim-juntais-duas-coisas-tao-iniguais\/"},"author":{"name":"admin","@id":"https:\/\/encompaniastj.org\/pt-pt\/#\/schema\/person\/520e7ecc314793d40091993c2a02b651"},"headline":"\u201cN\u00e3o sabeis que assim juntais duas coisas t\u00e3o iniguais\u201d","datePublished":"2024-08-16T12:50:00+00:00","dateModified":"2025-07-07T14:25:36+00:00","mainEntityOfPage":{"@id":"https:\/\/encompaniastj.org\/pt-pt\/nao-sabeis-que-assim-juntais-duas-coisas-tao-iniguais\/"},"wordCount":563,"commentCount":0,"publisher":{"@id":"https:\/\/encompaniastj.org\/pt-pt\/#organization"},"image":{"@id":"https:\/\/encompaniastj.org\/pt-pt\/nao-sabeis-que-assim-juntais-duas-coisas-tao-iniguais\/#primaryimage"},"thumbnailUrl":"https:\/\/encompaniastj.org\/wp-content\/uploads\/2025\/05\/cuerda.jpg","articleSection":["STJ","STJ pt"],"inLanguage":"pt-PT","potentialAction":[{"@type":"CommentAction","name":"Comment","target":["https:\/\/encompaniastj.org\/pt-pt\/nao-sabeis-que-assim-juntais-duas-coisas-tao-iniguais\/#respond"]}]},{"@type":"WebPage","@id":"https:\/\/encompaniastj.org\/pt-pt\/nao-sabeis-que-assim-juntais-duas-coisas-tao-iniguais\/","url":"https:\/\/encompaniastj.org\/pt-pt\/nao-sabeis-que-assim-juntais-duas-coisas-tao-iniguais\/","name":"\u201cN\u00e3o sabeis que assim juntais duas coisas t\u00e3o iniguais\u201d - En Compa\u00f1\u00eda STJ","isPartOf":{"@id":"https:\/\/encompaniastj.org\/pt-pt\/#website"},"primaryImageOfPage":{"@id":"https:\/\/encompaniastj.org\/pt-pt\/nao-sabeis-que-assim-juntais-duas-coisas-tao-iniguais\/#primaryimage"},"image":{"@id":"https:\/\/encompaniastj.org\/pt-pt\/nao-sabeis-que-assim-juntais-duas-coisas-tao-iniguais\/#primaryimage"},"thumbnailUrl":"https:\/\/encompaniastj.org\/wp-content\/uploads\/2025\/05\/cuerda.jpg","datePublished":"2024-08-16T12:50:00+00:00","dateModified":"2025-07-07T14:25:36+00:00","breadcrumb":{"@id":"https:\/\/encompaniastj.org\/pt-pt\/nao-sabeis-que-assim-juntais-duas-coisas-tao-iniguais\/#breadcrumb"},"inLanguage":"pt-PT","potentialAction":[{"@type":"ReadAction","target":["https:\/\/encompaniastj.org\/pt-pt\/nao-sabeis-que-assim-juntais-duas-coisas-tao-iniguais\/"]}]},{"@type":"ImageObject","inLanguage":"pt-PT","@id":"https:\/\/encompaniastj.org\/pt-pt\/nao-sabeis-que-assim-juntais-duas-coisas-tao-iniguais\/#primaryimage","url":"https:\/\/encompaniastj.org\/wp-content\/uploads\/2025\/05\/cuerda.jpg","contentUrl":"https:\/\/encompaniastj.org\/wp-content\/uploads\/2025\/05\/cuerda.jpg","width":640,"height":427},{"@type":"BreadcrumbList","@id":"https:\/\/encompaniastj.org\/pt-pt\/nao-sabeis-que-assim-juntais-duas-coisas-tao-iniguais\/#breadcrumb","itemListElement":[{"@type":"ListItem","position":1,"name":"Portada","item":"https:\/\/encompaniastj.org\/pt-pt\/"},{"@type":"ListItem","position":2,"name":"\u201cN\u00e3o sabeis que assim juntais duas coisas t\u00e3o iniguais\u201d"}]},{"@type":"WebSite","@id":"https:\/\/encompaniastj.org\/pt-pt\/#website","url":"https:\/\/encompaniastj.org\/pt-pt\/","name":"En Compa\u00f1\u00eda STJ","description":"Bolet\u00edn de la Compa\u00f1\u00eda de Santa Teresa de Jes\u00fas","publisher":{"@id":"https:\/\/encompaniastj.org\/pt-pt\/#organization"},"potentialAction":[{"@type":"SearchAction","target":{"@type":"EntryPoint","urlTemplate":"https:\/\/encompaniastj.org\/pt-pt\/?s={search_term_string}"},"query-input":{"@type":"PropertyValueSpecification","valueRequired":true,"valueName":"search_term_string"}}],"inLanguage":"pt-PT"},{"@type":"Organization","@id":"https:\/\/encompaniastj.org\/pt-pt\/#organization","name":"Compa\u00f1\u00eda de Santa Teresa de Jes\u00fas","url":"https:\/\/encompaniastj.org\/pt-pt\/","logo":{"@type":"ImageObject","inLanguage":"pt-PT","@id":"https:\/\/encompaniastj.org\/pt-pt\/#\/schema\/logo\/image\/","url":"https:\/\/encompaniastj.org\/wp-content\/uploads\/2025\/04\/logo_provincias02-1-3.png","contentUrl":"https:\/\/encompaniastj.org\/wp-content\/uploads\/2025\/04\/logo_provincias02-1-3.png","width":2368,"height":825,"caption":"Compa\u00f1\u00eda de Santa Teresa de Jes\u00fas"},"image":{"@id":"https:\/\/encompaniastj.org\/pt-pt\/#\/schema\/logo\/image\/"}},{"@type":"Person","@id":"https:\/\/encompaniastj.org\/pt-pt\/#\/schema\/person\/520e7ecc314793d40091993c2a02b651","name":"admin","image":{"@type":"ImageObject","inLanguage":"pt-PT","@id":"https:\/\/secure.gravatar.com\/avatar\/948b492cce32b586ac2db0eaa926ee87024f7afe218d73b397ea5ddfc5f43ea1?s=96&d=mm&r=g","url":"https:\/\/secure.gravatar.com\/avatar\/948b492cce32b586ac2db0eaa926ee87024f7afe218d73b397ea5ddfc5f43ea1?s=96&d=mm&r=g","contentUrl":"https:\/\/secure.gravatar.com\/avatar\/948b492cce32b586ac2db0eaa926ee87024f7afe218d73b397ea5ddfc5f43ea1?s=96&d=mm&r=g","caption":"admin"},"sameAs":["https:\/\/encompaniastj.org"],"url":"https:\/\/encompaniastj.org\/pt-pt\/author\/sjdigital\/"}]}},"_links":{"self":[{"href":"https:\/\/encompaniastj.org\/pt-pt\/wp-json\/wp\/v2\/posts\/12199","targetHints":{"allow":["GET"]}}],"collection":[{"href":"https:\/\/encompaniastj.org\/pt-pt\/wp-json\/wp\/v2\/posts"}],"about":[{"href":"https:\/\/encompaniastj.org\/pt-pt\/wp-json\/wp\/v2\/types\/post"}],"author":[{"embeddable":true,"href":"https:\/\/encompaniastj.org\/pt-pt\/wp-json\/wp\/v2\/users\/1"}],"replies":[{"embeddable":true,"href":"https:\/\/encompaniastj.org\/pt-pt\/wp-json\/wp\/v2\/comments?post=12199"}],"version-history":[{"count":1,"href":"https:\/\/encompaniastj.org\/pt-pt\/wp-json\/wp\/v2\/posts\/12199\/revisions"}],"predecessor-version":[{"id":12200,"href":"https:\/\/encompaniastj.org\/pt-pt\/wp-json\/wp\/v2\/posts\/12199\/revisions\/12200"}],"wp:featuredmedia":[{"embeddable":true,"href":"https:\/\/encompaniastj.org\/pt-pt\/wp-json\/wp\/v2\/media\/8773"}],"wp:attachment":[{"href":"https:\/\/encompaniastj.org\/pt-pt\/wp-json\/wp\/v2\/media?parent=12199"}],"wp:term":[{"taxonomy":"category","embeddable":true,"href":"https:\/\/encompaniastj.org\/pt-pt\/wp-json\/wp\/v2\/categories?post=12199"},{"taxonomy":"post_tag","embeddable":true,"href":"https:\/\/encompaniastj.org\/pt-pt\/wp-json\/wp\/v2\/tags?post=12199"}],"curies":[{"name":"wp","href":"https:\/\/api.w.org\/{rel}","templated":true}]}}