{"id":12195,"date":"2024-08-05T08:12:39","date_gmt":"2024-08-05T06:12:39","guid":{"rendered":"https:\/\/encompaniastj.org\/voluntariado-teresiano-bellvitge-8-a-19-de-julho\/"},"modified":"2025-07-07T16:25:35","modified_gmt":"2025-07-07T14:25:35","slug":"voluntariado-teresiano-bellvitge-8-a-19-de-julho","status":"publish","type":"post","link":"https:\/\/encompaniastj.org\/pt-pt\/voluntariado-teresiano-bellvitge-8-a-19-de-julho\/","title":{"rendered":"Voluntariado Teresiano Bellvitge, 8 a 19 de Julho"},"content":{"rendered":"<p><strong>Atrav\u00e9s destas linhas queremos expressar o nosso agradecimento por esta oportunidade que nos foi dada para colaborar como volunt\u00e1rias no Casal d\u00b4estiu del Esclat de Bellvitge, Barcelona<\/strong>.<\/p>\n<p style=\"text-align: left;\"><em>Este voluntariado tem sido um tempo de conhecimento e reconhecimento. Gra\u00e7as a <\/em><em>essa experi\u00eancia, pude criar la\u00e7os muito bonitos com pessoas diferentes. Ter convivido <\/em><em>com as crian\u00e7as, e conhecer situa\u00e7\u00f5es pessoais de algumas delas, isso fez-me <\/em><em>reconhecer o qu\u00e3o sortuda eu sou e o que \u00e9 preciso hoje em dia, para esta bonita <\/em><em>voca\u00e7\u00e3o.\u00a0<\/em>Ayel\u00e9n (Aluna del Vedat de Torrent)<\/p>\n<p><em>Eu vivi uma experi\u00eancia inesquec\u00edvel onde conheci pessoas muito diferentes que n\u00e3o <\/em><em>vou esquecer. Conectei-me instantaneamente com o que nos propuseram. A inoc\u00eancia <\/em><em>das crian\u00e7as, t\u00e3o inocentes, t\u00e3o limpas fizeram-me lembrar a minha inf\u00e2ncia. Posso <\/em><em>dizer que adoraria repetir essa experi\u00eancia.\u00a0 <\/em>Kl\u00f6e (Aluna de Bellvitge)<\/p>\n<p><em>Para mim, esses 12 dias foram especiais, com muitos sabores na boca. Aprendi que s\u00f3 <\/em><em>crian\u00e7as de 3 anos me falavam da simplicidade das suas vidas, da facilidade que tinham <\/em><em>de perdoar, de querer. Fiquei cativado por suas diferentes culturas, personalidades, <\/em><em>simpatia, vontade de abra\u00e7ar&#8230; Gostei de conhecer essa realidade como ex-aluna <\/em><em>teresiana e agrade\u00e7o por tudo o vivido.\u00a0<\/em>Ana (antiga aluna de Mora de Toledo)<\/p>\n<p><em>O voluntariado teresiano foi uma experi\u00eancia agrad\u00e1vel. Eu me afei\u00e7oei \u00e0s crian\u00e7as e <\/em><em>tive dificuldade em deix\u00e1-las. Todos os dias me cansei mas estava satisfeita de fazer rir <\/em><em>e ter um dia divertido. Foram uns dias inesquec\u00edveis, um presente de f\u00e9rias. Eles me <\/em><em>deram sorrisos e novas aprendizagens que nunca esquecerei.\u00a0<\/em>Victoria (Par\u00f3quia do Pilar de Etxabakoitz, Pamplona)<\/p>\n<p><em>Estes dias eu tive bons e maus momentos, porque no come\u00e7o senti-me deslocada, mas <\/em><em>fui me envolvendo e pedindo ajuda aos respons\u00e1veis. Eles foram um exemplo para <\/em><em>mim. As crian\u00e7as s\u00e3o todos um amor e com uma vontade grande de se divertirem. <\/em><em>Cada um com a sua hist\u00f3ria. Fico com uma imagem que n\u00e3o vou esquecer um dos <\/em><em>momentos de descanso que eu pensei em ficar com as crian\u00e7as brincando de novo, Eu <\/em><em>senti-me muito feliz e percebi que Deus nos d\u00e1 alguns dons para que possamos coloc\u00e1-<\/em><em>los ao servi\u00e7o dos outros, e assim aconteceu comigo neste dia. Eu fiquei emocionada, <\/em><em>senti \u2013me sortuda ao ver o carinho com que me tratavam. Levei uma experi\u00eancia <\/em><em>bonita e acho que me marcou para sempre.\u00a0<\/em>Naiara (Parroquia del Pilar de Etxabakoitz, Pamplona)<\/p>\n<p style=\"text-align: left;\"><em>O voluntariado \u00e9 uma experi\u00eancia de aprendizagem.\u00a0Quando me ofereci para ajudar no voluntariado Teresiano em Bellvitge, n\u00e3o pensei que seria respons\u00e1vel pelo grupo de garotas que viveria comigo durante 12 dias. Eu vi nelas uma nova oportunidade de oferecer o que sou como teresiana. <\/em><em>Aprendi de novo que sou uma privilegiada e afortunada. \u00e0s vezes me preocupo com <\/em><em>coisas que n\u00e3o s\u00e3o\u00a0 importantes. Apercebemo-nos do valor das pequenas coisas. <\/em><em>Agrade\u00e7o de cora\u00e7\u00e3o por ter conhecido este pequeno canto da Companhia, onde h\u00e1 <\/em><em>alguns anos j\u00e1 irm\u00e3s e educadores fizeram imenso bem. <\/em><em>Tentei dar o que sou e oferecer a essas meninas n\u00e3o s\u00f3 momentos de voluntariado, <\/em><em>mas tamb\u00e9m de reflex\u00e3o e conviv\u00eancia, ora\u00e7\u00e3o e escuta.\u00a0<\/em>Ana Monserrat, stj<\/p>\n\n","protected":false},"excerpt":{"rendered":"<p>Atrav\u00e9s destas linhas queremos expressar o nosso agradecimento por esta oportunidade que nos foi dada para colaborar como volunt\u00e1rias no Casal d\u00b4estiu del Esclat de Bellvitge, Barcelona. Este voluntariado tem [&hellip;]<\/p>\n","protected":false},"author":1,"featured_media":8767,"comment_status":"open","ping_status":"open","sticky":false,"template":"","format":"standard","meta":{"_acf_changed":false,"footnotes":""},"categories":[61,64],"tags":[],"class_list":["post-12195","post","type-post","status-publish","format-standard","has-post-thumbnail","hentry","category-noticias","category-pjvt"],"acf":[],"yoast_head":"<!-- This site is optimized with the Yoast SEO plugin v27.5 - https:\/\/yoast.com\/product\/yoast-seo-wordpress\/ -->\n<title>Voluntariado Teresiano Bellvitge, 8 a 19 de Julho - En Compa\u00f1\u00eda STJ<\/title>\n<meta name=\"robots\" content=\"index, follow, max-snippet:-1, max-image-preview:large, max-video-preview:-1\" \/>\n<link rel=\"canonical\" href=\"https:\/\/encompaniastj.org\/pt-pt\/voluntariado-teresiano-bellvitge-8-a-19-de-julho\/\" \/>\n<meta property=\"og:locale\" content=\"pt_PT\" \/>\n<meta property=\"og:type\" content=\"article\" \/>\n<meta property=\"og:title\" content=\"Voluntariado Teresiano Bellvitge, 8 a 19 de Julho - En Compa\u00f1\u00eda STJ\" \/>\n<meta property=\"og:description\" content=\"Atrav\u00e9s destas linhas queremos expressar o nosso agradecimento por esta oportunidade que nos foi dada para colaborar como volunt\u00e1rias no Casal d\u00b4estiu del Esclat de Bellvitge, Barcelona. Este voluntariado tem [&hellip;]\" \/>\n<meta property=\"og:url\" content=\"https:\/\/encompaniastj.org\/pt-pt\/voluntariado-teresiano-bellvitge-8-a-19-de-julho\/\" \/>\n<meta property=\"og:site_name\" content=\"En Compa\u00f1\u00eda STJ\" \/>\n<meta property=\"article:published_time\" content=\"2024-08-05T06:12:39+00:00\" \/>\n<meta property=\"article:modified_time\" content=\"2025-07-07T14:25:35+00:00\" \/>\n<meta property=\"og:image\" content=\"https:\/\/encompaniastj.org\/wp-content\/uploads\/2025\/05\/columna.jpg\" \/>\n\t<meta property=\"og:image:width\" content=\"712\" \/>\n\t<meta property=\"og:image:height\" content=\"894\" \/>\n\t<meta property=\"og:image:type\" content=\"image\/jpeg\" \/>\n<meta name=\"author\" content=\"admin\" \/>\n<meta name=\"twitter:card\" content=\"summary_large_image\" \/>\n<meta name=\"twitter:label1\" content=\"Escrito por\" \/>\n\t<meta name=\"twitter:data1\" content=\"admin\" \/>\n\t<meta name=\"twitter:label2\" content=\"Tempo estimado de leitura\" \/>\n\t<meta name=\"twitter:data2\" content=\"3 minutos\" \/>\n<script type=\"application\/ld+json\" class=\"yoast-schema-graph\">{\"@context\":\"https:\\\/\\\/schema.org\",\"@graph\":[{\"@type\":\"Article\",\"@id\":\"https:\\\/\\\/encompaniastj.org\\\/pt-pt\\\/voluntariado-teresiano-bellvitge-8-a-19-de-julho\\\/#article\",\"isPartOf\":{\"@id\":\"https:\\\/\\\/encompaniastj.org\\\/pt-pt\\\/voluntariado-teresiano-bellvitge-8-a-19-de-julho\\\/\"},\"author\":{\"name\":\"admin\",\"@id\":\"https:\\\/\\\/encompaniastj.org\\\/pt-pt\\\/#\\\/schema\\\/person\\\/520e7ecc314793d40091993c2a02b651\"},\"headline\":\"Voluntariado Teresiano Bellvitge, 8 a 19 de Julho\",\"datePublished\":\"2024-08-05T06:12:39+00:00\",\"dateModified\":\"2025-07-07T14:25:35+00:00\",\"mainEntityOfPage\":{\"@id\":\"https:\\\/\\\/encompaniastj.org\\\/pt-pt\\\/voluntariado-teresiano-bellvitge-8-a-19-de-julho\\\/\"},\"wordCount\":651,\"commentCount\":0,\"publisher\":{\"@id\":\"https:\\\/\\\/encompaniastj.org\\\/pt-pt\\\/#organization\"},\"image\":{\"@id\":\"https:\\\/\\\/encompaniastj.org\\\/pt-pt\\\/voluntariado-teresiano-bellvitge-8-a-19-de-julho\\\/#primaryimage\"},\"thumbnailUrl\":\"https:\\\/\\\/encompaniastj.org\\\/wp-content\\\/uploads\\\/2025\\\/05\\\/columna.jpg\",\"articleSection\":[\"Noticias\",\"PJVT\"],\"inLanguage\":\"pt-PT\",\"potentialAction\":[{\"@type\":\"CommentAction\",\"name\":\"Comment\",\"target\":[\"https:\\\/\\\/encompaniastj.org\\\/pt-pt\\\/voluntariado-teresiano-bellvitge-8-a-19-de-julho\\\/#respond\"]}]},{\"@type\":\"WebPage\",\"@id\":\"https:\\\/\\\/encompaniastj.org\\\/pt-pt\\\/voluntariado-teresiano-bellvitge-8-a-19-de-julho\\\/\",\"url\":\"https:\\\/\\\/encompaniastj.org\\\/pt-pt\\\/voluntariado-teresiano-bellvitge-8-a-19-de-julho\\\/\",\"name\":\"Voluntariado Teresiano Bellvitge, 8 a 19 de Julho - En Compa\u00f1\u00eda STJ\",\"isPartOf\":{\"@id\":\"https:\\\/\\\/encompaniastj.org\\\/pt-pt\\\/#website\"},\"primaryImageOfPage\":{\"@id\":\"https:\\\/\\\/encompaniastj.org\\\/pt-pt\\\/voluntariado-teresiano-bellvitge-8-a-19-de-julho\\\/#primaryimage\"},\"image\":{\"@id\":\"https:\\\/\\\/encompaniastj.org\\\/pt-pt\\\/voluntariado-teresiano-bellvitge-8-a-19-de-julho\\\/#primaryimage\"},\"thumbnailUrl\":\"https:\\\/\\\/encompaniastj.org\\\/wp-content\\\/uploads\\\/2025\\\/05\\\/columna.jpg\",\"datePublished\":\"2024-08-05T06:12:39+00:00\",\"dateModified\":\"2025-07-07T14:25:35+00:00\",\"breadcrumb\":{\"@id\":\"https:\\\/\\\/encompaniastj.org\\\/pt-pt\\\/voluntariado-teresiano-bellvitge-8-a-19-de-julho\\\/#breadcrumb\"},\"inLanguage\":\"pt-PT\",\"potentialAction\":[{\"@type\":\"ReadAction\",\"target\":[\"https:\\\/\\\/encompaniastj.org\\\/pt-pt\\\/voluntariado-teresiano-bellvitge-8-a-19-de-julho\\\/\"]}]},{\"@type\":\"ImageObject\",\"inLanguage\":\"pt-PT\",\"@id\":\"https:\\\/\\\/encompaniastj.org\\\/pt-pt\\\/voluntariado-teresiano-bellvitge-8-a-19-de-julho\\\/#primaryimage\",\"url\":\"https:\\\/\\\/encompaniastj.org\\\/wp-content\\\/uploads\\\/2025\\\/05\\\/columna.jpg\",\"contentUrl\":\"https:\\\/\\\/encompaniastj.org\\\/wp-content\\\/uploads\\\/2025\\\/05\\\/columna.jpg\",\"width\":712,\"height\":894},{\"@type\":\"BreadcrumbList\",\"@id\":\"https:\\\/\\\/encompaniastj.org\\\/pt-pt\\\/voluntariado-teresiano-bellvitge-8-a-19-de-julho\\\/#breadcrumb\",\"itemListElement\":[{\"@type\":\"ListItem\",\"position\":1,\"name\":\"Portada\",\"item\":\"https:\\\/\\\/encompaniastj.org\\\/pt-pt\\\/\"},{\"@type\":\"ListItem\",\"position\":2,\"name\":\"Voluntariado Teresiano Bellvitge, 8 a 19 de Julho\"}]},{\"@type\":\"WebSite\",\"@id\":\"https:\\\/\\\/encompaniastj.org\\\/pt-pt\\\/#website\",\"url\":\"https:\\\/\\\/encompaniastj.org\\\/pt-pt\\\/\",\"name\":\"En Compa\u00f1\u00eda STJ\",\"description\":\"Bolet\u00edn de la Compa\u00f1\u00eda de Santa Teresa de Jes\u00fas\",\"publisher\":{\"@id\":\"https:\\\/\\\/encompaniastj.org\\\/pt-pt\\\/#organization\"},\"potentialAction\":[{\"@type\":\"SearchAction\",\"target\":{\"@type\":\"EntryPoint\",\"urlTemplate\":\"https:\\\/\\\/encompaniastj.org\\\/pt-pt\\\/?s={search_term_string}\"},\"query-input\":{\"@type\":\"PropertyValueSpecification\",\"valueRequired\":true,\"valueName\":\"search_term_string\"}}],\"inLanguage\":\"pt-PT\"},{\"@type\":\"Organization\",\"@id\":\"https:\\\/\\\/encompaniastj.org\\\/pt-pt\\\/#organization\",\"name\":\"Compa\u00f1\u00eda de Santa Teresa de Jes\u00fas\",\"url\":\"https:\\\/\\\/encompaniastj.org\\\/pt-pt\\\/\",\"logo\":{\"@type\":\"ImageObject\",\"inLanguage\":\"pt-PT\",\"@id\":\"https:\\\/\\\/encompaniastj.org\\\/pt-pt\\\/#\\\/schema\\\/logo\\\/image\\\/\",\"url\":\"https:\\\/\\\/encompaniastj.org\\\/wp-content\\\/uploads\\\/2025\\\/04\\\/logo_provincias02-1-3.png\",\"contentUrl\":\"https:\\\/\\\/encompaniastj.org\\\/wp-content\\\/uploads\\\/2025\\\/04\\\/logo_provincias02-1-3.png\",\"width\":2368,\"height\":825,\"caption\":\"Compa\u00f1\u00eda de Santa Teresa de Jes\u00fas\"},\"image\":{\"@id\":\"https:\\\/\\\/encompaniastj.org\\\/pt-pt\\\/#\\\/schema\\\/logo\\\/image\\\/\"}},{\"@type\":\"Person\",\"@id\":\"https:\\\/\\\/encompaniastj.org\\\/pt-pt\\\/#\\\/schema\\\/person\\\/520e7ecc314793d40091993c2a02b651\",\"name\":\"admin\",\"image\":{\"@type\":\"ImageObject\",\"inLanguage\":\"pt-PT\",\"@id\":\"https:\\\/\\\/secure.gravatar.com\\\/avatar\\\/948b492cce32b586ac2db0eaa926ee87024f7afe218d73b397ea5ddfc5f43ea1?s=96&d=mm&r=g\",\"url\":\"https:\\\/\\\/secure.gravatar.com\\\/avatar\\\/948b492cce32b586ac2db0eaa926ee87024f7afe218d73b397ea5ddfc5f43ea1?s=96&d=mm&r=g\",\"contentUrl\":\"https:\\\/\\\/secure.gravatar.com\\\/avatar\\\/948b492cce32b586ac2db0eaa926ee87024f7afe218d73b397ea5ddfc5f43ea1?s=96&d=mm&r=g\",\"caption\":\"admin\"},\"sameAs\":[\"https:\\\/\\\/encompaniastj.org\"],\"url\":\"https:\\\/\\\/encompaniastj.org\\\/pt-pt\\\/author\\\/sjdigital\\\/\"}]}<\/script>\n<!-- \/ Yoast SEO plugin. -->","yoast_head_json":{"title":"Voluntariado Teresiano Bellvitge, 8 a 19 de Julho - En Compa\u00f1\u00eda STJ","robots":{"index":"index","follow":"follow","max-snippet":"max-snippet:-1","max-image-preview":"max-image-preview:large","max-video-preview":"max-video-preview:-1"},"canonical":"https:\/\/encompaniastj.org\/pt-pt\/voluntariado-teresiano-bellvitge-8-a-19-de-julho\/","og_locale":"pt_PT","og_type":"article","og_title":"Voluntariado Teresiano Bellvitge, 8 a 19 de Julho - En Compa\u00f1\u00eda STJ","og_description":"Atrav\u00e9s destas linhas queremos expressar o nosso agradecimento por esta oportunidade que nos foi dada para colaborar como volunt\u00e1rias no Casal d\u00b4estiu del Esclat de Bellvitge, Barcelona. Este voluntariado tem [&hellip;]","og_url":"https:\/\/encompaniastj.org\/pt-pt\/voluntariado-teresiano-bellvitge-8-a-19-de-julho\/","og_site_name":"En Compa\u00f1\u00eda STJ","article_published_time":"2024-08-05T06:12:39+00:00","article_modified_time":"2025-07-07T14:25:35+00:00","og_image":[{"width":712,"height":894,"url":"https:\/\/encompaniastj.org\/wp-content\/uploads\/2025\/05\/columna.jpg","type":"image\/jpeg"}],"author":"admin","twitter_card":"summary_large_image","twitter_misc":{"Escrito por":"admin","Tempo estimado de leitura":"3 minutos"},"schema":{"@context":"https:\/\/schema.org","@graph":[{"@type":"Article","@id":"https:\/\/encompaniastj.org\/pt-pt\/voluntariado-teresiano-bellvitge-8-a-19-de-julho\/#article","isPartOf":{"@id":"https:\/\/encompaniastj.org\/pt-pt\/voluntariado-teresiano-bellvitge-8-a-19-de-julho\/"},"author":{"name":"admin","@id":"https:\/\/encompaniastj.org\/pt-pt\/#\/schema\/person\/520e7ecc314793d40091993c2a02b651"},"headline":"Voluntariado Teresiano Bellvitge, 8 a 19 de Julho","datePublished":"2024-08-05T06:12:39+00:00","dateModified":"2025-07-07T14:25:35+00:00","mainEntityOfPage":{"@id":"https:\/\/encompaniastj.org\/pt-pt\/voluntariado-teresiano-bellvitge-8-a-19-de-julho\/"},"wordCount":651,"commentCount":0,"publisher":{"@id":"https:\/\/encompaniastj.org\/pt-pt\/#organization"},"image":{"@id":"https:\/\/encompaniastj.org\/pt-pt\/voluntariado-teresiano-bellvitge-8-a-19-de-julho\/#primaryimage"},"thumbnailUrl":"https:\/\/encompaniastj.org\/wp-content\/uploads\/2025\/05\/columna.jpg","articleSection":["Noticias","PJVT"],"inLanguage":"pt-PT","potentialAction":[{"@type":"CommentAction","name":"Comment","target":["https:\/\/encompaniastj.org\/pt-pt\/voluntariado-teresiano-bellvitge-8-a-19-de-julho\/#respond"]}]},{"@type":"WebPage","@id":"https:\/\/encompaniastj.org\/pt-pt\/voluntariado-teresiano-bellvitge-8-a-19-de-julho\/","url":"https:\/\/encompaniastj.org\/pt-pt\/voluntariado-teresiano-bellvitge-8-a-19-de-julho\/","name":"Voluntariado Teresiano Bellvitge, 8 a 19 de Julho - En Compa\u00f1\u00eda STJ","isPartOf":{"@id":"https:\/\/encompaniastj.org\/pt-pt\/#website"},"primaryImageOfPage":{"@id":"https:\/\/encompaniastj.org\/pt-pt\/voluntariado-teresiano-bellvitge-8-a-19-de-julho\/#primaryimage"},"image":{"@id":"https:\/\/encompaniastj.org\/pt-pt\/voluntariado-teresiano-bellvitge-8-a-19-de-julho\/#primaryimage"},"thumbnailUrl":"https:\/\/encompaniastj.org\/wp-content\/uploads\/2025\/05\/columna.jpg","datePublished":"2024-08-05T06:12:39+00:00","dateModified":"2025-07-07T14:25:35+00:00","breadcrumb":{"@id":"https:\/\/encompaniastj.org\/pt-pt\/voluntariado-teresiano-bellvitge-8-a-19-de-julho\/#breadcrumb"},"inLanguage":"pt-PT","potentialAction":[{"@type":"ReadAction","target":["https:\/\/encompaniastj.org\/pt-pt\/voluntariado-teresiano-bellvitge-8-a-19-de-julho\/"]}]},{"@type":"ImageObject","inLanguage":"pt-PT","@id":"https:\/\/encompaniastj.org\/pt-pt\/voluntariado-teresiano-bellvitge-8-a-19-de-julho\/#primaryimage","url":"https:\/\/encompaniastj.org\/wp-content\/uploads\/2025\/05\/columna.jpg","contentUrl":"https:\/\/encompaniastj.org\/wp-content\/uploads\/2025\/05\/columna.jpg","width":712,"height":894},{"@type":"BreadcrumbList","@id":"https:\/\/encompaniastj.org\/pt-pt\/voluntariado-teresiano-bellvitge-8-a-19-de-julho\/#breadcrumb","itemListElement":[{"@type":"ListItem","position":1,"name":"Portada","item":"https:\/\/encompaniastj.org\/pt-pt\/"},{"@type":"ListItem","position":2,"name":"Voluntariado Teresiano Bellvitge, 8 a 19 de Julho"}]},{"@type":"WebSite","@id":"https:\/\/encompaniastj.org\/pt-pt\/#website","url":"https:\/\/encompaniastj.org\/pt-pt\/","name":"En Compa\u00f1\u00eda STJ","description":"Bolet\u00edn de la Compa\u00f1\u00eda de Santa Teresa de Jes\u00fas","publisher":{"@id":"https:\/\/encompaniastj.org\/pt-pt\/#organization"},"potentialAction":[{"@type":"SearchAction","target":{"@type":"EntryPoint","urlTemplate":"https:\/\/encompaniastj.org\/pt-pt\/?s={search_term_string}"},"query-input":{"@type":"PropertyValueSpecification","valueRequired":true,"valueName":"search_term_string"}}],"inLanguage":"pt-PT"},{"@type":"Organization","@id":"https:\/\/encompaniastj.org\/pt-pt\/#organization","name":"Compa\u00f1\u00eda de Santa Teresa de Jes\u00fas","url":"https:\/\/encompaniastj.org\/pt-pt\/","logo":{"@type":"ImageObject","inLanguage":"pt-PT","@id":"https:\/\/encompaniastj.org\/pt-pt\/#\/schema\/logo\/image\/","url":"https:\/\/encompaniastj.org\/wp-content\/uploads\/2025\/04\/logo_provincias02-1-3.png","contentUrl":"https:\/\/encompaniastj.org\/wp-content\/uploads\/2025\/04\/logo_provincias02-1-3.png","width":2368,"height":825,"caption":"Compa\u00f1\u00eda de Santa Teresa de Jes\u00fas"},"image":{"@id":"https:\/\/encompaniastj.org\/pt-pt\/#\/schema\/logo\/image\/"}},{"@type":"Person","@id":"https:\/\/encompaniastj.org\/pt-pt\/#\/schema\/person\/520e7ecc314793d40091993c2a02b651","name":"admin","image":{"@type":"ImageObject","inLanguage":"pt-PT","@id":"https:\/\/secure.gravatar.com\/avatar\/948b492cce32b586ac2db0eaa926ee87024f7afe218d73b397ea5ddfc5f43ea1?s=96&d=mm&r=g","url":"https:\/\/secure.gravatar.com\/avatar\/948b492cce32b586ac2db0eaa926ee87024f7afe218d73b397ea5ddfc5f43ea1?s=96&d=mm&r=g","contentUrl":"https:\/\/secure.gravatar.com\/avatar\/948b492cce32b586ac2db0eaa926ee87024f7afe218d73b397ea5ddfc5f43ea1?s=96&d=mm&r=g","caption":"admin"},"sameAs":["https:\/\/encompaniastj.org"],"url":"https:\/\/encompaniastj.org\/pt-pt\/author\/sjdigital\/"}]}},"_links":{"self":[{"href":"https:\/\/encompaniastj.org\/pt-pt\/wp-json\/wp\/v2\/posts\/12195","targetHints":{"allow":["GET"]}}],"collection":[{"href":"https:\/\/encompaniastj.org\/pt-pt\/wp-json\/wp\/v2\/posts"}],"about":[{"href":"https:\/\/encompaniastj.org\/pt-pt\/wp-json\/wp\/v2\/types\/post"}],"author":[{"embeddable":true,"href":"https:\/\/encompaniastj.org\/pt-pt\/wp-json\/wp\/v2\/users\/1"}],"replies":[{"embeddable":true,"href":"https:\/\/encompaniastj.org\/pt-pt\/wp-json\/wp\/v2\/comments?post=12195"}],"version-history":[{"count":1,"href":"https:\/\/encompaniastj.org\/pt-pt\/wp-json\/wp\/v2\/posts\/12195\/revisions"}],"predecessor-version":[{"id":12196,"href":"https:\/\/encompaniastj.org\/pt-pt\/wp-json\/wp\/v2\/posts\/12195\/revisions\/12196"}],"wp:featuredmedia":[{"embeddable":true,"href":"https:\/\/encompaniastj.org\/pt-pt\/wp-json\/wp\/v2\/media\/8767"}],"wp:attachment":[{"href":"https:\/\/encompaniastj.org\/pt-pt\/wp-json\/wp\/v2\/media?parent=12195"}],"wp:term":[{"taxonomy":"category","embeddable":true,"href":"https:\/\/encompaniastj.org\/pt-pt\/wp-json\/wp\/v2\/categories?post=12195"},{"taxonomy":"post_tag","embeddable":true,"href":"https:\/\/encompaniastj.org\/pt-pt\/wp-json\/wp\/v2\/tags?post=12195"}],"curies":[{"name":"wp","href":"https:\/\/api.w.org\/{rel}","templated":true}]}}