{"id":12164,"date":"2024-07-16T13:22:15","date_gmt":"2024-07-16T11:22:15","guid":{"rendered":"https:\/\/encompaniastj.org\/o-colegio-teresiano-de-gaudi-sera-avaliado-para-fazer-parte-do-patrimonio-da-humanidade\/"},"modified":"2025-07-07T16:25:27","modified_gmt":"2025-07-07T14:25:27","slug":"o-colegio-teresiano-de-gaudi-sera-avaliado-para-fazer-parte-do-patrimonio-da-humanidade","status":"publish","type":"post","link":"https:\/\/encompaniastj.org\/pt-pt\/o-colegio-teresiano-de-gaudi-sera-avaliado-para-fazer-parte-do-patrimonio-da-humanidade\/","title":{"rendered":"O Col\u00e9gio Teresiano de Gaud\u00ed ser\u00e1 avaliado para fazer parte do Patrim\u00f3nio da Humanidade"},"content":{"rendered":"<p>O Col\u00e9gio Teresiano de Barcelona \u00e9 um dos seis edif\u00edcios que a C\u00e1tedra Gaud\u00ed da Universidade Polit\u00e9cnica da Catalunha (UPC) avaliar\u00e1 para que fa\u00e7am parte de uma segunda amplia\u00e7\u00e3o do Patrim\u00f3nio da Humanidade.<\/p>\n<p>No dia 25 de junho passado, a Irm\u00e3 M\u00aa Asunci\u00f3n Dom\u00ednguez, em representa\u00e7\u00e3o da Prov\u00edncia Teresiana da Europa, participou no ato no qual seis entidades titulares* de edif\u00edcios desenhados por Antonio Gaud\u00ed assinaram na Torre Bellesguard (Barcelona) um protocolo de inten\u00e7\u00f5es para juntar esfor\u00e7os para que estas obras alcancem a declara\u00e7\u00e3o de Patrim\u00f3nio da Humanidade. Um reconhecimento da UNESCO \u00e0s cria\u00e7\u00f5es de Gaud\u00ed impulsionado em 1984, que recebeu um primeiro alargamento em 2005. Esta iniciativa busca que toda a obra constru\u00edda ao completo do arquiteto catal\u00e3o, de quem se comemora o centen\u00e1rio da sua morte em 2026, seja declarado Patrim\u00f3nio da Humanidade. O conjunto de obras que aspiram a receber esta declara\u00e7\u00e3o da UNESCO est\u00e1 formado pela Catedral-Bas\u00edlica de Santa Maria de Maiorca, a Torre Bellesguard Gaud\u00ed e o Col\u00e9gio Teresiano de Barcelona,\u00a0\u00a0 o Capricho de Gaud\u00ed de Comillas de Cantabria, o Museu Casa Botines Gaud\u00ed de Le\u00f3n e o Pal\u00e1cio Episcopal de Gaud\u00ed de Astorga.<\/p>\n<p>De acordo com o protocolo de inten\u00e7\u00f5es assinado pelas seis entidades, os avan\u00e7os em pesquisa, restaura\u00e7\u00e3o e melhoria nestes edif\u00edcios, desde 2005 at\u00e9 hoje, determinam que adquiriu a avalia\u00e7\u00e3o necess\u00e1ria para ser inscrito na Lista do Patrim\u00f3nio Mundial da UNESCO. Uma a\u00e7\u00e3o que toma o contexto da comemora\u00e7\u00e3o dos cem anos da morte de Antonio Gaud\u00ed em 2026. Para esta data, est\u00e1 previsto o in\u00edcio do programa do Centen\u00e1rio Gaud\u00ed 2026 com atividades relacionadas com o patrim\u00f3nio, a arte, a cultura e a educa\u00e7\u00e3o para reivindicar a obra de Antoni Gaud\u00ed, com especial \u00eanfase no conhecimento cient\u00edfico das contribui\u00e7\u00f5es de Gaud\u00ed. <strong>Em 2026, a Companhia de Santa Teresa de Jesus comemorar\u00e1 os seus 150 anos, os mesmos que uniram Henrique de Oss\u00f3 e Antonio Gaud\u00ed para plasmar no edificio do Col\u00e9gio das Teresianas o Castelo interior de Santa Teresa de Jesus.<\/strong><\/p>\n<p>A C\u00e1tedra Gaud\u00ed da UPC, dirigida pelo professor Galdric Santana, \u00e9 um centro de pesquisa e documenta\u00e7\u00e3o da Escola T\u00e9cnica Superior de Arquitetura de Barcelona (ETSAB) da Universitat Polit\u00e8cnica da Catalunha - BarcelonaTech (UPC) que tem como miss\u00e3o a conserva\u00e7\u00e3o, a difus\u00e3o e o estudo de um patrim\u00f3nio excepcional em torno de Antoni Gaud\u00ed e da arquitectura e do urbanismo dos s\u00e9culos XIX e XX. Galdric Santana \u00e9, simultaneamente comiss\u00e1rio do centen\u00e1rio de Gaud\u00ed em 2026, juntamente com N\u00faria Poch.<\/p>\n<p>* As seis entidades que assinaram o Protocolo s\u00e3o: Cabildo Catedral de Maiorca, a Companhia de Santa Teresa de Jesus, Mucmo Gesti\u00f3n, Funda\u00e7\u00e3o Obra Social de Castela e Le\u00e3o, a Diocese de Astorga e o Grupo Catalana Ocidente Ativos Imobili\u00e1rios.<\/p>\n<p><img loading=\"lazy\" decoding=\"async\" class=\"aligncenter wp-image-13168 size-large\" src=\"https:\/\/encompaniastj.org\/wp-content\/uploads\/2025\/05\/2-Protocolo-UNESCO-Bellesguard-25-6-24-68.jpg\" alt=\"\" width=\"1024\" height=\"683\" \/><\/p>\n<p><img loading=\"lazy\" decoding=\"async\" class=\"aligncenter wp-image-13170 size-large\" src=\"https:\/\/encompaniastj.org\/wp-content\/uploads\/2025\/05\/3-Protocolo-UNESCO-Bellesguard-25-6-24-99.jpg\" alt=\"\" width=\"1024\" height=\"683\" \/><\/p>\n<p><img loading=\"lazy\" decoding=\"async\" class=\"aligncenter wp-image-13172 size-large\" src=\"https:\/\/encompaniastj.org\/wp-content\/uploads\/2025\/05\/Protocolo-UNESCO-Bellesguard-25-6-24-20.jpg\" alt=\"\" width=\"1024\" height=\"683\" \/><\/p>\n","protected":false},"excerpt":{"rendered":"<p>O Col\u00e9gio Teresiano de Barcelona \u00e9 um dos seis edif\u00edcios que a C\u00e1tedra Gaud\u00ed da Universidade Polit\u00e9cnica da Catalunha (UPC) avaliar\u00e1 para que fa\u00e7am parte de uma segunda amplia\u00e7\u00e3o do [&hellip;]<\/p>\n","protected":false},"author":1,"featured_media":8747,"comment_status":"open","ping_status":"open","sticky":false,"template":"","format":"standard","meta":{"_acf_changed":false,"footnotes":""},"categories":[61,62,68],"tags":[],"class_list":["post-12164","post","type-post","status-publish","format-standard","has-post-thumbnail","hentry","category-noticias","category-otras","category-outras"],"acf":[],"yoast_head":"<!-- This site is optimized with the Yoast SEO plugin v27.5 - https:\/\/yoast.com\/product\/yoast-seo-wordpress\/ -->\n<title>O Col\u00e9gio Teresiano de Gaud\u00ed ser\u00e1 avaliado para fazer parte do Patrim\u00f3nio da Humanidade - En Compa\u00f1\u00eda STJ<\/title>\n<meta name=\"robots\" content=\"index, follow, max-snippet:-1, max-image-preview:large, max-video-preview:-1\" \/>\n<link rel=\"canonical\" href=\"https:\/\/encompaniastj.org\/pt-pt\/o-colegio-teresiano-de-gaudi-sera-avaliado-para-fazer-parte-do-patrimonio-da-humanidade\/\" \/>\n<meta property=\"og:locale\" content=\"pt_PT\" \/>\n<meta property=\"og:type\" content=\"article\" \/>\n<meta property=\"og:title\" content=\"O Col\u00e9gio Teresiano de Gaud\u00ed ser\u00e1 avaliado para fazer parte do Patrim\u00f3nio da Humanidade - En Compa\u00f1\u00eda STJ\" \/>\n<meta property=\"og:description\" content=\"O Col\u00e9gio Teresiano de Barcelona \u00e9 um dos seis edif\u00edcios que a C\u00e1tedra Gaud\u00ed da Universidade Polit\u00e9cnica da Catalunha (UPC) avaliar\u00e1 para que fa\u00e7am parte de uma segunda amplia\u00e7\u00e3o do [&hellip;]\" \/>\n<meta property=\"og:url\" content=\"https:\/\/encompaniastj.org\/pt-pt\/o-colegio-teresiano-de-gaudi-sera-avaliado-para-fazer-parte-do-patrimonio-da-humanidade\/\" \/>\n<meta property=\"og:site_name\" content=\"En Compa\u00f1\u00eda STJ\" \/>\n<meta property=\"article:published_time\" content=\"2024-07-16T11:22:15+00:00\" \/>\n<meta property=\"article:modified_time\" content=\"2025-07-07T14:25:27+00:00\" \/>\n<meta property=\"og:image\" content=\"https:\/\/encompaniastj.org\/wp-content\/uploads\/2025\/05\/1-Protocolo-UNESCO-Bellesguard-25-6-24-98-scaled-1.jpg\" \/>\n\t<meta property=\"og:image:width\" content=\"2560\" \/>\n\t<meta property=\"og:image:height\" content=\"1708\" \/>\n\t<meta property=\"og:image:type\" content=\"image\/jpeg\" \/>\n<meta name=\"author\" content=\"admin\" \/>\n<meta name=\"twitter:card\" content=\"summary_large_image\" \/>\n<meta name=\"twitter:label1\" content=\"Escrito por\" \/>\n\t<meta name=\"twitter:data1\" content=\"admin\" \/>\n\t<meta name=\"twitter:label2\" content=\"Tempo estimado de leitura\" \/>\n\t<meta name=\"twitter:data2\" content=\"3 minutos\" \/>\n<script type=\"application\/ld+json\" class=\"yoast-schema-graph\">{\"@context\":\"https:\\\/\\\/schema.org\",\"@graph\":[{\"@type\":\"Article\",\"@id\":\"https:\\\/\\\/encompaniastj.org\\\/pt-pt\\\/o-colegio-teresiano-de-gaudi-sera-avaliado-para-fazer-parte-do-patrimonio-da-humanidade\\\/#article\",\"isPartOf\":{\"@id\":\"https:\\\/\\\/encompaniastj.org\\\/pt-pt\\\/o-colegio-teresiano-de-gaudi-sera-avaliado-para-fazer-parte-do-patrimonio-da-humanidade\\\/\"},\"author\":{\"name\":\"admin\",\"@id\":\"https:\\\/\\\/encompaniastj.org\\\/pt-pt\\\/#\\\/schema\\\/person\\\/520e7ecc314793d40091993c2a02b651\"},\"headline\":\"O Col\u00e9gio Teresiano de Gaud\u00ed ser\u00e1 avaliado para fazer parte do Patrim\u00f3nio da Humanidade\",\"datePublished\":\"2024-07-16T11:22:15+00:00\",\"dateModified\":\"2025-07-07T14:25:27+00:00\",\"mainEntityOfPage\":{\"@id\":\"https:\\\/\\\/encompaniastj.org\\\/pt-pt\\\/o-colegio-teresiano-de-gaudi-sera-avaliado-para-fazer-parte-do-patrimonio-da-humanidade\\\/\"},\"wordCount\":511,\"commentCount\":0,\"publisher\":{\"@id\":\"https:\\\/\\\/encompaniastj.org\\\/pt-pt\\\/#organization\"},\"image\":{\"@id\":\"https:\\\/\\\/encompaniastj.org\\\/pt-pt\\\/o-colegio-teresiano-de-gaudi-sera-avaliado-para-fazer-parte-do-patrimonio-da-humanidade\\\/#primaryimage\"},\"thumbnailUrl\":\"https:\\\/\\\/encompaniastj.org\\\/wp-content\\\/uploads\\\/2025\\\/05\\\/1-Protocolo-UNESCO-Bellesguard-25-6-24-98-scaled-1.jpg\",\"articleSection\":[\"Noticias\",\"Otras\",\"Outras\"],\"inLanguage\":\"pt-PT\",\"potentialAction\":[{\"@type\":\"CommentAction\",\"name\":\"Comment\",\"target\":[\"https:\\\/\\\/encompaniastj.org\\\/pt-pt\\\/o-colegio-teresiano-de-gaudi-sera-avaliado-para-fazer-parte-do-patrimonio-da-humanidade\\\/#respond\"]}]},{\"@type\":\"WebPage\",\"@id\":\"https:\\\/\\\/encompaniastj.org\\\/pt-pt\\\/o-colegio-teresiano-de-gaudi-sera-avaliado-para-fazer-parte-do-patrimonio-da-humanidade\\\/\",\"url\":\"https:\\\/\\\/encompaniastj.org\\\/pt-pt\\\/o-colegio-teresiano-de-gaudi-sera-avaliado-para-fazer-parte-do-patrimonio-da-humanidade\\\/\",\"name\":\"O Col\u00e9gio Teresiano de Gaud\u00ed ser\u00e1 avaliado para fazer parte do Patrim\u00f3nio da Humanidade - En Compa\u00f1\u00eda STJ\",\"isPartOf\":{\"@id\":\"https:\\\/\\\/encompaniastj.org\\\/pt-pt\\\/#website\"},\"primaryImageOfPage\":{\"@id\":\"https:\\\/\\\/encompaniastj.org\\\/pt-pt\\\/o-colegio-teresiano-de-gaudi-sera-avaliado-para-fazer-parte-do-patrimonio-da-humanidade\\\/#primaryimage\"},\"image\":{\"@id\":\"https:\\\/\\\/encompaniastj.org\\\/pt-pt\\\/o-colegio-teresiano-de-gaudi-sera-avaliado-para-fazer-parte-do-patrimonio-da-humanidade\\\/#primaryimage\"},\"thumbnailUrl\":\"https:\\\/\\\/encompaniastj.org\\\/wp-content\\\/uploads\\\/2025\\\/05\\\/1-Protocolo-UNESCO-Bellesguard-25-6-24-98-scaled-1.jpg\",\"datePublished\":\"2024-07-16T11:22:15+00:00\",\"dateModified\":\"2025-07-07T14:25:27+00:00\",\"breadcrumb\":{\"@id\":\"https:\\\/\\\/encompaniastj.org\\\/pt-pt\\\/o-colegio-teresiano-de-gaudi-sera-avaliado-para-fazer-parte-do-patrimonio-da-humanidade\\\/#breadcrumb\"},\"inLanguage\":\"pt-PT\",\"potentialAction\":[{\"@type\":\"ReadAction\",\"target\":[\"https:\\\/\\\/encompaniastj.org\\\/pt-pt\\\/o-colegio-teresiano-de-gaudi-sera-avaliado-para-fazer-parte-do-patrimonio-da-humanidade\\\/\"]}]},{\"@type\":\"ImageObject\",\"inLanguage\":\"pt-PT\",\"@id\":\"https:\\\/\\\/encompaniastj.org\\\/pt-pt\\\/o-colegio-teresiano-de-gaudi-sera-avaliado-para-fazer-parte-do-patrimonio-da-humanidade\\\/#primaryimage\",\"url\":\"https:\\\/\\\/encompaniastj.org\\\/wp-content\\\/uploads\\\/2025\\\/05\\\/1-Protocolo-UNESCO-Bellesguard-25-6-24-98-scaled-1.jpg\",\"contentUrl\":\"https:\\\/\\\/encompaniastj.org\\\/wp-content\\\/uploads\\\/2025\\\/05\\\/1-Protocolo-UNESCO-Bellesguard-25-6-24-98-scaled-1.jpg\",\"width\":2560,\"height\":1708},{\"@type\":\"BreadcrumbList\",\"@id\":\"https:\\\/\\\/encompaniastj.org\\\/pt-pt\\\/o-colegio-teresiano-de-gaudi-sera-avaliado-para-fazer-parte-do-patrimonio-da-humanidade\\\/#breadcrumb\",\"itemListElement\":[{\"@type\":\"ListItem\",\"position\":1,\"name\":\"Portada\",\"item\":\"https:\\\/\\\/encompaniastj.org\\\/pt-pt\\\/\"},{\"@type\":\"ListItem\",\"position\":2,\"name\":\"O Col\u00e9gio Teresiano de Gaud\u00ed ser\u00e1 avaliado para fazer parte do Patrim\u00f3nio da Humanidade\"}]},{\"@type\":\"WebSite\",\"@id\":\"https:\\\/\\\/encompaniastj.org\\\/pt-pt\\\/#website\",\"url\":\"https:\\\/\\\/encompaniastj.org\\\/pt-pt\\\/\",\"name\":\"En Compa\u00f1\u00eda STJ\",\"description\":\"Bolet\u00edn de la Compa\u00f1\u00eda de Santa Teresa de Jes\u00fas\",\"publisher\":{\"@id\":\"https:\\\/\\\/encompaniastj.org\\\/pt-pt\\\/#organization\"},\"potentialAction\":[{\"@type\":\"SearchAction\",\"target\":{\"@type\":\"EntryPoint\",\"urlTemplate\":\"https:\\\/\\\/encompaniastj.org\\\/pt-pt\\\/?s={search_term_string}\"},\"query-input\":{\"@type\":\"PropertyValueSpecification\",\"valueRequired\":true,\"valueName\":\"search_term_string\"}}],\"inLanguage\":\"pt-PT\"},{\"@type\":\"Organization\",\"@id\":\"https:\\\/\\\/encompaniastj.org\\\/pt-pt\\\/#organization\",\"name\":\"Compa\u00f1\u00eda de Santa Teresa de Jes\u00fas\",\"url\":\"https:\\\/\\\/encompaniastj.org\\\/pt-pt\\\/\",\"logo\":{\"@type\":\"ImageObject\",\"inLanguage\":\"pt-PT\",\"@id\":\"https:\\\/\\\/encompaniastj.org\\\/pt-pt\\\/#\\\/schema\\\/logo\\\/image\\\/\",\"url\":\"https:\\\/\\\/encompaniastj.org\\\/wp-content\\\/uploads\\\/2025\\\/04\\\/logo_provincias02-1-3.png\",\"contentUrl\":\"https:\\\/\\\/encompaniastj.org\\\/wp-content\\\/uploads\\\/2025\\\/04\\\/logo_provincias02-1-3.png\",\"width\":2368,\"height\":825,\"caption\":\"Compa\u00f1\u00eda de Santa Teresa de Jes\u00fas\"},\"image\":{\"@id\":\"https:\\\/\\\/encompaniastj.org\\\/pt-pt\\\/#\\\/schema\\\/logo\\\/image\\\/\"}},{\"@type\":\"Person\",\"@id\":\"https:\\\/\\\/encompaniastj.org\\\/pt-pt\\\/#\\\/schema\\\/person\\\/520e7ecc314793d40091993c2a02b651\",\"name\":\"admin\",\"image\":{\"@type\":\"ImageObject\",\"inLanguage\":\"pt-PT\",\"@id\":\"https:\\\/\\\/secure.gravatar.com\\\/avatar\\\/948b492cce32b586ac2db0eaa926ee87024f7afe218d73b397ea5ddfc5f43ea1?s=96&d=mm&r=g\",\"url\":\"https:\\\/\\\/secure.gravatar.com\\\/avatar\\\/948b492cce32b586ac2db0eaa926ee87024f7afe218d73b397ea5ddfc5f43ea1?s=96&d=mm&r=g\",\"contentUrl\":\"https:\\\/\\\/secure.gravatar.com\\\/avatar\\\/948b492cce32b586ac2db0eaa926ee87024f7afe218d73b397ea5ddfc5f43ea1?s=96&d=mm&r=g\",\"caption\":\"admin\"},\"sameAs\":[\"https:\\\/\\\/encompaniastj.org\"],\"url\":\"https:\\\/\\\/encompaniastj.org\\\/pt-pt\\\/author\\\/sjdigital\\\/\"}]}<\/script>\n<!-- \/ Yoast SEO plugin. -->","yoast_head_json":{"title":"O Col\u00e9gio Teresiano de Gaud\u00ed ser\u00e1 avaliado para fazer parte do Patrim\u00f3nio da Humanidade - En Compa\u00f1\u00eda STJ","robots":{"index":"index","follow":"follow","max-snippet":"max-snippet:-1","max-image-preview":"max-image-preview:large","max-video-preview":"max-video-preview:-1"},"canonical":"https:\/\/encompaniastj.org\/pt-pt\/o-colegio-teresiano-de-gaudi-sera-avaliado-para-fazer-parte-do-patrimonio-da-humanidade\/","og_locale":"pt_PT","og_type":"article","og_title":"O Col\u00e9gio Teresiano de Gaud\u00ed ser\u00e1 avaliado para fazer parte do Patrim\u00f3nio da Humanidade - En Compa\u00f1\u00eda STJ","og_description":"O Col\u00e9gio Teresiano de Barcelona \u00e9 um dos seis edif\u00edcios que a C\u00e1tedra Gaud\u00ed da Universidade Polit\u00e9cnica da Catalunha (UPC) avaliar\u00e1 para que fa\u00e7am parte de uma segunda amplia\u00e7\u00e3o do [&hellip;]","og_url":"https:\/\/encompaniastj.org\/pt-pt\/o-colegio-teresiano-de-gaudi-sera-avaliado-para-fazer-parte-do-patrimonio-da-humanidade\/","og_site_name":"En Compa\u00f1\u00eda STJ","article_published_time":"2024-07-16T11:22:15+00:00","article_modified_time":"2025-07-07T14:25:27+00:00","og_image":[{"width":2560,"height":1708,"url":"https:\/\/encompaniastj.org\/wp-content\/uploads\/2025\/05\/1-Protocolo-UNESCO-Bellesguard-25-6-24-98-scaled-1.jpg","type":"image\/jpeg"}],"author":"admin","twitter_card":"summary_large_image","twitter_misc":{"Escrito por":"admin","Tempo estimado de leitura":"3 minutos"},"schema":{"@context":"https:\/\/schema.org","@graph":[{"@type":"Article","@id":"https:\/\/encompaniastj.org\/pt-pt\/o-colegio-teresiano-de-gaudi-sera-avaliado-para-fazer-parte-do-patrimonio-da-humanidade\/#article","isPartOf":{"@id":"https:\/\/encompaniastj.org\/pt-pt\/o-colegio-teresiano-de-gaudi-sera-avaliado-para-fazer-parte-do-patrimonio-da-humanidade\/"},"author":{"name":"admin","@id":"https:\/\/encompaniastj.org\/pt-pt\/#\/schema\/person\/520e7ecc314793d40091993c2a02b651"},"headline":"O Col\u00e9gio Teresiano de Gaud\u00ed ser\u00e1 avaliado para fazer parte do Patrim\u00f3nio da Humanidade","datePublished":"2024-07-16T11:22:15+00:00","dateModified":"2025-07-07T14:25:27+00:00","mainEntityOfPage":{"@id":"https:\/\/encompaniastj.org\/pt-pt\/o-colegio-teresiano-de-gaudi-sera-avaliado-para-fazer-parte-do-patrimonio-da-humanidade\/"},"wordCount":511,"commentCount":0,"publisher":{"@id":"https:\/\/encompaniastj.org\/pt-pt\/#organization"},"image":{"@id":"https:\/\/encompaniastj.org\/pt-pt\/o-colegio-teresiano-de-gaudi-sera-avaliado-para-fazer-parte-do-patrimonio-da-humanidade\/#primaryimage"},"thumbnailUrl":"https:\/\/encompaniastj.org\/wp-content\/uploads\/2025\/05\/1-Protocolo-UNESCO-Bellesguard-25-6-24-98-scaled-1.jpg","articleSection":["Noticias","Otras","Outras"],"inLanguage":"pt-PT","potentialAction":[{"@type":"CommentAction","name":"Comment","target":["https:\/\/encompaniastj.org\/pt-pt\/o-colegio-teresiano-de-gaudi-sera-avaliado-para-fazer-parte-do-patrimonio-da-humanidade\/#respond"]}]},{"@type":"WebPage","@id":"https:\/\/encompaniastj.org\/pt-pt\/o-colegio-teresiano-de-gaudi-sera-avaliado-para-fazer-parte-do-patrimonio-da-humanidade\/","url":"https:\/\/encompaniastj.org\/pt-pt\/o-colegio-teresiano-de-gaudi-sera-avaliado-para-fazer-parte-do-patrimonio-da-humanidade\/","name":"O Col\u00e9gio Teresiano de Gaud\u00ed ser\u00e1 avaliado para fazer parte do Patrim\u00f3nio da Humanidade - En Compa\u00f1\u00eda STJ","isPartOf":{"@id":"https:\/\/encompaniastj.org\/pt-pt\/#website"},"primaryImageOfPage":{"@id":"https:\/\/encompaniastj.org\/pt-pt\/o-colegio-teresiano-de-gaudi-sera-avaliado-para-fazer-parte-do-patrimonio-da-humanidade\/#primaryimage"},"image":{"@id":"https:\/\/encompaniastj.org\/pt-pt\/o-colegio-teresiano-de-gaudi-sera-avaliado-para-fazer-parte-do-patrimonio-da-humanidade\/#primaryimage"},"thumbnailUrl":"https:\/\/encompaniastj.org\/wp-content\/uploads\/2025\/05\/1-Protocolo-UNESCO-Bellesguard-25-6-24-98-scaled-1.jpg","datePublished":"2024-07-16T11:22:15+00:00","dateModified":"2025-07-07T14:25:27+00:00","breadcrumb":{"@id":"https:\/\/encompaniastj.org\/pt-pt\/o-colegio-teresiano-de-gaudi-sera-avaliado-para-fazer-parte-do-patrimonio-da-humanidade\/#breadcrumb"},"inLanguage":"pt-PT","potentialAction":[{"@type":"ReadAction","target":["https:\/\/encompaniastj.org\/pt-pt\/o-colegio-teresiano-de-gaudi-sera-avaliado-para-fazer-parte-do-patrimonio-da-humanidade\/"]}]},{"@type":"ImageObject","inLanguage":"pt-PT","@id":"https:\/\/encompaniastj.org\/pt-pt\/o-colegio-teresiano-de-gaudi-sera-avaliado-para-fazer-parte-do-patrimonio-da-humanidade\/#primaryimage","url":"https:\/\/encompaniastj.org\/wp-content\/uploads\/2025\/05\/1-Protocolo-UNESCO-Bellesguard-25-6-24-98-scaled-1.jpg","contentUrl":"https:\/\/encompaniastj.org\/wp-content\/uploads\/2025\/05\/1-Protocolo-UNESCO-Bellesguard-25-6-24-98-scaled-1.jpg","width":2560,"height":1708},{"@type":"BreadcrumbList","@id":"https:\/\/encompaniastj.org\/pt-pt\/o-colegio-teresiano-de-gaudi-sera-avaliado-para-fazer-parte-do-patrimonio-da-humanidade\/#breadcrumb","itemListElement":[{"@type":"ListItem","position":1,"name":"Portada","item":"https:\/\/encompaniastj.org\/pt-pt\/"},{"@type":"ListItem","position":2,"name":"O Col\u00e9gio Teresiano de Gaud\u00ed ser\u00e1 avaliado para fazer parte do Patrim\u00f3nio da Humanidade"}]},{"@type":"WebSite","@id":"https:\/\/encompaniastj.org\/pt-pt\/#website","url":"https:\/\/encompaniastj.org\/pt-pt\/","name":"En Compa\u00f1\u00eda STJ","description":"Bolet\u00edn de la Compa\u00f1\u00eda de Santa Teresa de Jes\u00fas","publisher":{"@id":"https:\/\/encompaniastj.org\/pt-pt\/#organization"},"potentialAction":[{"@type":"SearchAction","target":{"@type":"EntryPoint","urlTemplate":"https:\/\/encompaniastj.org\/pt-pt\/?s={search_term_string}"},"query-input":{"@type":"PropertyValueSpecification","valueRequired":true,"valueName":"search_term_string"}}],"inLanguage":"pt-PT"},{"@type":"Organization","@id":"https:\/\/encompaniastj.org\/pt-pt\/#organization","name":"Compa\u00f1\u00eda de Santa Teresa de Jes\u00fas","url":"https:\/\/encompaniastj.org\/pt-pt\/","logo":{"@type":"ImageObject","inLanguage":"pt-PT","@id":"https:\/\/encompaniastj.org\/pt-pt\/#\/schema\/logo\/image\/","url":"https:\/\/encompaniastj.org\/wp-content\/uploads\/2025\/04\/logo_provincias02-1-3.png","contentUrl":"https:\/\/encompaniastj.org\/wp-content\/uploads\/2025\/04\/logo_provincias02-1-3.png","width":2368,"height":825,"caption":"Compa\u00f1\u00eda de Santa Teresa de Jes\u00fas"},"image":{"@id":"https:\/\/encompaniastj.org\/pt-pt\/#\/schema\/logo\/image\/"}},{"@type":"Person","@id":"https:\/\/encompaniastj.org\/pt-pt\/#\/schema\/person\/520e7ecc314793d40091993c2a02b651","name":"admin","image":{"@type":"ImageObject","inLanguage":"pt-PT","@id":"https:\/\/secure.gravatar.com\/avatar\/948b492cce32b586ac2db0eaa926ee87024f7afe218d73b397ea5ddfc5f43ea1?s=96&d=mm&r=g","url":"https:\/\/secure.gravatar.com\/avatar\/948b492cce32b586ac2db0eaa926ee87024f7afe218d73b397ea5ddfc5f43ea1?s=96&d=mm&r=g","contentUrl":"https:\/\/secure.gravatar.com\/avatar\/948b492cce32b586ac2db0eaa926ee87024f7afe218d73b397ea5ddfc5f43ea1?s=96&d=mm&r=g","caption":"admin"},"sameAs":["https:\/\/encompaniastj.org"],"url":"https:\/\/encompaniastj.org\/pt-pt\/author\/sjdigital\/"}]}},"_links":{"self":[{"href":"https:\/\/encompaniastj.org\/pt-pt\/wp-json\/wp\/v2\/posts\/12164","targetHints":{"allow":["GET"]}}],"collection":[{"href":"https:\/\/encompaniastj.org\/pt-pt\/wp-json\/wp\/v2\/posts"}],"about":[{"href":"https:\/\/encompaniastj.org\/pt-pt\/wp-json\/wp\/v2\/types\/post"}],"author":[{"embeddable":true,"href":"https:\/\/encompaniastj.org\/pt-pt\/wp-json\/wp\/v2\/users\/1"}],"replies":[{"embeddable":true,"href":"https:\/\/encompaniastj.org\/pt-pt\/wp-json\/wp\/v2\/comments?post=12164"}],"version-history":[{"count":1,"href":"https:\/\/encompaniastj.org\/pt-pt\/wp-json\/wp\/v2\/posts\/12164\/revisions"}],"predecessor-version":[{"id":12165,"href":"https:\/\/encompaniastj.org\/pt-pt\/wp-json\/wp\/v2\/posts\/12164\/revisions\/12165"}],"wp:featuredmedia":[{"embeddable":true,"href":"https:\/\/encompaniastj.org\/pt-pt\/wp-json\/wp\/v2\/media\/8747"}],"wp:attachment":[{"href":"https:\/\/encompaniastj.org\/pt-pt\/wp-json\/wp\/v2\/media?parent=12164"}],"wp:term":[{"taxonomy":"category","embeddable":true,"href":"https:\/\/encompaniastj.org\/pt-pt\/wp-json\/wp\/v2\/categories?post=12164"},{"taxonomy":"post_tag","embeddable":true,"href":"https:\/\/encompaniastj.org\/pt-pt\/wp-json\/wp\/v2\/tags?post=12164"}],"curies":[{"name":"wp","href":"https:\/\/api.w.org\/{rel}","templated":true}]}}