{"id":12146,"date":"2024-07-03T09:45:09","date_gmt":"2024-07-03T07:45:09","guid":{"rendered":"https:\/\/encompaniastj.org\/juntos-andamos-no-senhor\/"},"modified":"2025-07-07T16:25:23","modified_gmt":"2025-07-07T14:25:23","slug":"juntos-andamos-no-senhor","status":"publish","type":"post","link":"https:\/\/encompaniastj.org\/pt-pt\/juntos-andamos-no-senhor\/","title":{"rendered":"Juntos andamos no Senhor"},"content":{"rendered":"<p><img loading=\"lazy\" decoding=\"async\" class=\"size-medium wp-image-13104 aligncenter\" src=\"https:\/\/encompaniastj.org\/wp-content\/uploads\/2025\/05\/imag.png\" alt=\"\" width=\"300\" height=\"66\" \/><\/p>\n<p>No fim de semana de 22-23 de junho, gente do MTA, <strong>&#8220;andamos juntos no Senhor&#8221;<\/strong> dirigiram-se at\u00e9 \u00c1vila, parando na estrada Burgohondo 25.<\/p>\n<p>Saindo de nossas vidas di\u00e1rias de Sevilla, Barcelona, Salamanca, Telde, Madrid, Huelva, Valladolid, M\u00e9xico, Tortosa.<\/p>\n<p><strong><em>Juntos<\/em><\/strong> com Ana C\u00e1mara, lemos de nossas vidas, tecendo e comentando, frases da vida de Santa Teresa (sempre atemporal), atrav\u00e9s do seu livro.<\/p>\n<p>Estes s\u00e3o dias de o\u00e1sis no deserto da pressa e tempos acelerados, que nos fazem desfrutar, buscando o nosso eu, tanto olhando a paisagem como olhando no espelho do cora\u00e7\u00e3o dos outros.<\/p>\n<p><strong><em>Juntos<\/em><\/strong> \u00e0 mesa nas refei\u00e7\u00f5es, risos, clara simpatia, falando e comentando como nos vai nas fam\u00edlias, trabalho, perguntando por umas e por outras&#8230;<\/p>\n<p>Ao cair da tarde de s\u00e1bado, <strong><em>caminhamos juntos<\/em><\/strong> em sil\u00eancio, em dire\u00e7\u00e3o \u00e0 Bas\u00edlica da Santa de \u00c1vila, pelas ruas \u00edngremes, (alguma caminhando com quatro rodas&#8230; e saltando com seus paralelep\u00edpedos), o bom tempo tamb\u00e9m nos acompanhou.<\/p>\n<p>Dentro da capela foi a bomba! Ouvi dizer que algum turista nos filmou com o celular. <strong>Juntos com o Senhor<\/strong>, oramos e cantamos o &#8220;Nada te perturbe&#8221; e depois&#8230;<\/p>\n<p><strong>junt\u00e1mo-nos<\/strong> mais entrela\u00e7ando as nossas m\u00e3os e os nossos cora\u00e7\u00f5es com o que t\u00ednhamos vivido, diante da imagem de Teresa, fizemos nossas as suas palavras, cantando o &#8220;Vivo sem viver em mim&#8221;.<\/p>\n<p>Agora nos nossos lugares de origem, sorriu e a foto de nossas m\u00e3os \u00e9 apenas um pequeno reflexo, n\u00e3o pode chegar a mais, do momentazo m\u00edstico! que s\u00f3 n\u00f3s, os que estivemos a\u00ed, vivemos e se podemos chegar a mais, a transcender a imagem e ver que<strong> juntos andamos no Senhor.<\/strong><\/p>\n<p>Ana Amo Valladolid<\/p>\n<p><img loading=\"lazy\" decoding=\"async\" class=\"aligncenter wp-image-13095 size-large\" src=\"https:\/\/encompaniastj.org\/wp-content\/uploads\/2025\/05\/IMAGEN5-1.jpg\" alt=\"\" width=\"1024\" height=\"412\" \/><\/p>\n<p><img loading=\"lazy\" decoding=\"async\" class=\"aligncenter wp-image-13091 size-large\" src=\"https:\/\/encompaniastj.org\/wp-content\/uploads\/2025\/05\/IMAGEN2.jpg\" alt=\"\" width=\"1024\" height=\"576\" \/><\/p>\n<p><img loading=\"lazy\" decoding=\"async\" class=\"aligncenter wp-image-13089 size-large\" src=\"https:\/\/encompaniastj.org\/wp-content\/uploads\/2025\/05\/IMAGEN-4.jpg\" alt=\"\" width=\"768\" height=\"1024\" \/><\/p>\n","protected":false},"excerpt":{"rendered":"<p>No fim de semana de 22-23 de junho, gente do MTA, &#8220;andamos juntos no Senhor&#8221; dirigiram-se at\u00e9 \u00c1vila, parando na estrada Burgohondo 25. Saindo de nossas vidas di\u00e1rias de Sevilla, [&hellip;]<\/p>\n","protected":false},"author":1,"featured_media":8730,"comment_status":"open","ping_status":"open","sticky":false,"template":"","format":"standard","meta":{"_acf_changed":false,"footnotes":""},"categories":[79,81],"tags":[],"class_list":["post-12146","post","type-post","status-publish","format-standard","has-post-thumbnail","hentry","category-stj","category-stj-pt"],"acf":[],"yoast_head":"<!-- This site is optimized with the Yoast SEO plugin v27.5 - https:\/\/yoast.com\/product\/yoast-seo-wordpress\/ -->\n<title>Juntos andamos no Senhor - En Compa\u00f1\u00eda STJ<\/title>\n<meta name=\"robots\" content=\"index, follow, max-snippet:-1, max-image-preview:large, max-video-preview:-1\" \/>\n<link rel=\"canonical\" href=\"https:\/\/encompaniastj.org\/pt-pt\/juntos-andamos-no-senhor\/\" \/>\n<meta property=\"og:locale\" content=\"pt_PT\" \/>\n<meta property=\"og:type\" content=\"article\" \/>\n<meta property=\"og:title\" content=\"Juntos andamos no Senhor - En Compa\u00f1\u00eda STJ\" \/>\n<meta property=\"og:description\" content=\"No fim de semana de 22-23 de junho, gente do MTA, &#8220;andamos juntos no Senhor&#8221; dirigiram-se at\u00e9 \u00c1vila, parando na estrada Burgohondo 25. Saindo de nossas vidas di\u00e1rias de Sevilla, [&hellip;]\" \/>\n<meta property=\"og:url\" content=\"https:\/\/encompaniastj.org\/pt-pt\/juntos-andamos-no-senhor\/\" \/>\n<meta property=\"og:site_name\" content=\"En Compa\u00f1\u00eda STJ\" \/>\n<meta property=\"article:published_time\" content=\"2024-07-03T07:45:09+00:00\" \/>\n<meta property=\"article:modified_time\" content=\"2025-07-07T14:25:23+00:00\" \/>\n<meta property=\"og:image\" content=\"https:\/\/encompaniastj.org\/wp-content\/uploads\/2025\/05\/juntos.jpg\" \/>\n\t<meta property=\"og:image:width\" content=\"381\" \/>\n\t<meta property=\"og:image:height\" content=\"338\" \/>\n\t<meta property=\"og:image:type\" content=\"image\/jpeg\" \/>\n<meta name=\"author\" content=\"admin\" \/>\n<meta name=\"twitter:card\" content=\"summary_large_image\" \/>\n<meta name=\"twitter:label1\" content=\"Escrito por\" \/>\n\t<meta name=\"twitter:data1\" content=\"admin\" \/>\n\t<meta name=\"twitter:label2\" content=\"Tempo estimado de leitura\" \/>\n\t<meta name=\"twitter:data2\" content=\"3 minutos\" \/>\n<script type=\"application\/ld+json\" class=\"yoast-schema-graph\">{\"@context\":\"https:\\\/\\\/schema.org\",\"@graph\":[{\"@type\":\"Article\",\"@id\":\"https:\\\/\\\/encompaniastj.org\\\/pt-pt\\\/juntos-andamos-no-senhor\\\/#article\",\"isPartOf\":{\"@id\":\"https:\\\/\\\/encompaniastj.org\\\/pt-pt\\\/juntos-andamos-no-senhor\\\/\"},\"author\":{\"name\":\"admin\",\"@id\":\"https:\\\/\\\/encompaniastj.org\\\/pt-pt\\\/#\\\/schema\\\/person\\\/520e7ecc314793d40091993c2a02b651\"},\"headline\":\"Juntos andamos no Senhor\",\"datePublished\":\"2024-07-03T07:45:09+00:00\",\"dateModified\":\"2025-07-07T14:25:23+00:00\",\"mainEntityOfPage\":{\"@id\":\"https:\\\/\\\/encompaniastj.org\\\/pt-pt\\\/juntos-andamos-no-senhor\\\/\"},\"wordCount\":292,\"commentCount\":0,\"publisher\":{\"@id\":\"https:\\\/\\\/encompaniastj.org\\\/pt-pt\\\/#organization\"},\"image\":{\"@id\":\"https:\\\/\\\/encompaniastj.org\\\/pt-pt\\\/juntos-andamos-no-senhor\\\/#primaryimage\"},\"thumbnailUrl\":\"https:\\\/\\\/encompaniastj.org\\\/wp-content\\\/uploads\\\/2025\\\/05\\\/juntos.jpg\",\"articleSection\":[\"STJ\",\"STJ pt\"],\"inLanguage\":\"pt-PT\",\"potentialAction\":[{\"@type\":\"CommentAction\",\"name\":\"Comment\",\"target\":[\"https:\\\/\\\/encompaniastj.org\\\/pt-pt\\\/juntos-andamos-no-senhor\\\/#respond\"]}]},{\"@type\":\"WebPage\",\"@id\":\"https:\\\/\\\/encompaniastj.org\\\/pt-pt\\\/juntos-andamos-no-senhor\\\/\",\"url\":\"https:\\\/\\\/encompaniastj.org\\\/pt-pt\\\/juntos-andamos-no-senhor\\\/\",\"name\":\"Juntos andamos no Senhor - En Compa\u00f1\u00eda STJ\",\"isPartOf\":{\"@id\":\"https:\\\/\\\/encompaniastj.org\\\/pt-pt\\\/#website\"},\"primaryImageOfPage\":{\"@id\":\"https:\\\/\\\/encompaniastj.org\\\/pt-pt\\\/juntos-andamos-no-senhor\\\/#primaryimage\"},\"image\":{\"@id\":\"https:\\\/\\\/encompaniastj.org\\\/pt-pt\\\/juntos-andamos-no-senhor\\\/#primaryimage\"},\"thumbnailUrl\":\"https:\\\/\\\/encompaniastj.org\\\/wp-content\\\/uploads\\\/2025\\\/05\\\/juntos.jpg\",\"datePublished\":\"2024-07-03T07:45:09+00:00\",\"dateModified\":\"2025-07-07T14:25:23+00:00\",\"breadcrumb\":{\"@id\":\"https:\\\/\\\/encompaniastj.org\\\/pt-pt\\\/juntos-andamos-no-senhor\\\/#breadcrumb\"},\"inLanguage\":\"pt-PT\",\"potentialAction\":[{\"@type\":\"ReadAction\",\"target\":[\"https:\\\/\\\/encompaniastj.org\\\/pt-pt\\\/juntos-andamos-no-senhor\\\/\"]}]},{\"@type\":\"ImageObject\",\"inLanguage\":\"pt-PT\",\"@id\":\"https:\\\/\\\/encompaniastj.org\\\/pt-pt\\\/juntos-andamos-no-senhor\\\/#primaryimage\",\"url\":\"https:\\\/\\\/encompaniastj.org\\\/wp-content\\\/uploads\\\/2025\\\/05\\\/juntos.jpg\",\"contentUrl\":\"https:\\\/\\\/encompaniastj.org\\\/wp-content\\\/uploads\\\/2025\\\/05\\\/juntos.jpg\",\"width\":381,\"height\":338},{\"@type\":\"BreadcrumbList\",\"@id\":\"https:\\\/\\\/encompaniastj.org\\\/pt-pt\\\/juntos-andamos-no-senhor\\\/#breadcrumb\",\"itemListElement\":[{\"@type\":\"ListItem\",\"position\":1,\"name\":\"Portada\",\"item\":\"https:\\\/\\\/encompaniastj.org\\\/pt-pt\\\/\"},{\"@type\":\"ListItem\",\"position\":2,\"name\":\"Juntos andamos no Senhor\"}]},{\"@type\":\"WebSite\",\"@id\":\"https:\\\/\\\/encompaniastj.org\\\/pt-pt\\\/#website\",\"url\":\"https:\\\/\\\/encompaniastj.org\\\/pt-pt\\\/\",\"name\":\"En Compa\u00f1\u00eda STJ\",\"description\":\"Bolet\u00edn de la Compa\u00f1\u00eda de Santa Teresa de Jes\u00fas\",\"publisher\":{\"@id\":\"https:\\\/\\\/encompaniastj.org\\\/pt-pt\\\/#organization\"},\"potentialAction\":[{\"@type\":\"SearchAction\",\"target\":{\"@type\":\"EntryPoint\",\"urlTemplate\":\"https:\\\/\\\/encompaniastj.org\\\/pt-pt\\\/?s={search_term_string}\"},\"query-input\":{\"@type\":\"PropertyValueSpecification\",\"valueRequired\":true,\"valueName\":\"search_term_string\"}}],\"inLanguage\":\"pt-PT\"},{\"@type\":\"Organization\",\"@id\":\"https:\\\/\\\/encompaniastj.org\\\/pt-pt\\\/#organization\",\"name\":\"Compa\u00f1\u00eda de Santa Teresa de Jes\u00fas\",\"url\":\"https:\\\/\\\/encompaniastj.org\\\/pt-pt\\\/\",\"logo\":{\"@type\":\"ImageObject\",\"inLanguage\":\"pt-PT\",\"@id\":\"https:\\\/\\\/encompaniastj.org\\\/pt-pt\\\/#\\\/schema\\\/logo\\\/image\\\/\",\"url\":\"https:\\\/\\\/encompaniastj.org\\\/wp-content\\\/uploads\\\/2025\\\/04\\\/logo_provincias02-1-3.png\",\"contentUrl\":\"https:\\\/\\\/encompaniastj.org\\\/wp-content\\\/uploads\\\/2025\\\/04\\\/logo_provincias02-1-3.png\",\"width\":2368,\"height\":825,\"caption\":\"Compa\u00f1\u00eda de Santa Teresa de Jes\u00fas\"},\"image\":{\"@id\":\"https:\\\/\\\/encompaniastj.org\\\/pt-pt\\\/#\\\/schema\\\/logo\\\/image\\\/\"}},{\"@type\":\"Person\",\"@id\":\"https:\\\/\\\/encompaniastj.org\\\/pt-pt\\\/#\\\/schema\\\/person\\\/520e7ecc314793d40091993c2a02b651\",\"name\":\"admin\",\"image\":{\"@type\":\"ImageObject\",\"inLanguage\":\"pt-PT\",\"@id\":\"https:\\\/\\\/secure.gravatar.com\\\/avatar\\\/948b492cce32b586ac2db0eaa926ee87024f7afe218d73b397ea5ddfc5f43ea1?s=96&d=mm&r=g\",\"url\":\"https:\\\/\\\/secure.gravatar.com\\\/avatar\\\/948b492cce32b586ac2db0eaa926ee87024f7afe218d73b397ea5ddfc5f43ea1?s=96&d=mm&r=g\",\"contentUrl\":\"https:\\\/\\\/secure.gravatar.com\\\/avatar\\\/948b492cce32b586ac2db0eaa926ee87024f7afe218d73b397ea5ddfc5f43ea1?s=96&d=mm&r=g\",\"caption\":\"admin\"},\"sameAs\":[\"https:\\\/\\\/encompaniastj.org\"],\"url\":\"https:\\\/\\\/encompaniastj.org\\\/pt-pt\\\/author\\\/sjdigital\\\/\"}]}<\/script>\n<!-- \/ Yoast SEO plugin. -->","yoast_head_json":{"title":"Juntos andamos no Senhor - En Compa\u00f1\u00eda STJ","robots":{"index":"index","follow":"follow","max-snippet":"max-snippet:-1","max-image-preview":"max-image-preview:large","max-video-preview":"max-video-preview:-1"},"canonical":"https:\/\/encompaniastj.org\/pt-pt\/juntos-andamos-no-senhor\/","og_locale":"pt_PT","og_type":"article","og_title":"Juntos andamos no Senhor - En Compa\u00f1\u00eda STJ","og_description":"No fim de semana de 22-23 de junho, gente do MTA, &#8220;andamos juntos no Senhor&#8221; dirigiram-se at\u00e9 \u00c1vila, parando na estrada Burgohondo 25. Saindo de nossas vidas di\u00e1rias de Sevilla, [&hellip;]","og_url":"https:\/\/encompaniastj.org\/pt-pt\/juntos-andamos-no-senhor\/","og_site_name":"En Compa\u00f1\u00eda STJ","article_published_time":"2024-07-03T07:45:09+00:00","article_modified_time":"2025-07-07T14:25:23+00:00","og_image":[{"width":381,"height":338,"url":"https:\/\/encompaniastj.org\/wp-content\/uploads\/2025\/05\/juntos.jpg","type":"image\/jpeg"}],"author":"admin","twitter_card":"summary_large_image","twitter_misc":{"Escrito por":"admin","Tempo estimado de leitura":"3 minutos"},"schema":{"@context":"https:\/\/schema.org","@graph":[{"@type":"Article","@id":"https:\/\/encompaniastj.org\/pt-pt\/juntos-andamos-no-senhor\/#article","isPartOf":{"@id":"https:\/\/encompaniastj.org\/pt-pt\/juntos-andamos-no-senhor\/"},"author":{"name":"admin","@id":"https:\/\/encompaniastj.org\/pt-pt\/#\/schema\/person\/520e7ecc314793d40091993c2a02b651"},"headline":"Juntos andamos no Senhor","datePublished":"2024-07-03T07:45:09+00:00","dateModified":"2025-07-07T14:25:23+00:00","mainEntityOfPage":{"@id":"https:\/\/encompaniastj.org\/pt-pt\/juntos-andamos-no-senhor\/"},"wordCount":292,"commentCount":0,"publisher":{"@id":"https:\/\/encompaniastj.org\/pt-pt\/#organization"},"image":{"@id":"https:\/\/encompaniastj.org\/pt-pt\/juntos-andamos-no-senhor\/#primaryimage"},"thumbnailUrl":"https:\/\/encompaniastj.org\/wp-content\/uploads\/2025\/05\/juntos.jpg","articleSection":["STJ","STJ pt"],"inLanguage":"pt-PT","potentialAction":[{"@type":"CommentAction","name":"Comment","target":["https:\/\/encompaniastj.org\/pt-pt\/juntos-andamos-no-senhor\/#respond"]}]},{"@type":"WebPage","@id":"https:\/\/encompaniastj.org\/pt-pt\/juntos-andamos-no-senhor\/","url":"https:\/\/encompaniastj.org\/pt-pt\/juntos-andamos-no-senhor\/","name":"Juntos andamos no Senhor - En Compa\u00f1\u00eda STJ","isPartOf":{"@id":"https:\/\/encompaniastj.org\/pt-pt\/#website"},"primaryImageOfPage":{"@id":"https:\/\/encompaniastj.org\/pt-pt\/juntos-andamos-no-senhor\/#primaryimage"},"image":{"@id":"https:\/\/encompaniastj.org\/pt-pt\/juntos-andamos-no-senhor\/#primaryimage"},"thumbnailUrl":"https:\/\/encompaniastj.org\/wp-content\/uploads\/2025\/05\/juntos.jpg","datePublished":"2024-07-03T07:45:09+00:00","dateModified":"2025-07-07T14:25:23+00:00","breadcrumb":{"@id":"https:\/\/encompaniastj.org\/pt-pt\/juntos-andamos-no-senhor\/#breadcrumb"},"inLanguage":"pt-PT","potentialAction":[{"@type":"ReadAction","target":["https:\/\/encompaniastj.org\/pt-pt\/juntos-andamos-no-senhor\/"]}]},{"@type":"ImageObject","inLanguage":"pt-PT","@id":"https:\/\/encompaniastj.org\/pt-pt\/juntos-andamos-no-senhor\/#primaryimage","url":"https:\/\/encompaniastj.org\/wp-content\/uploads\/2025\/05\/juntos.jpg","contentUrl":"https:\/\/encompaniastj.org\/wp-content\/uploads\/2025\/05\/juntos.jpg","width":381,"height":338},{"@type":"BreadcrumbList","@id":"https:\/\/encompaniastj.org\/pt-pt\/juntos-andamos-no-senhor\/#breadcrumb","itemListElement":[{"@type":"ListItem","position":1,"name":"Portada","item":"https:\/\/encompaniastj.org\/pt-pt\/"},{"@type":"ListItem","position":2,"name":"Juntos andamos no Senhor"}]},{"@type":"WebSite","@id":"https:\/\/encompaniastj.org\/pt-pt\/#website","url":"https:\/\/encompaniastj.org\/pt-pt\/","name":"En Compa\u00f1\u00eda STJ","description":"Bolet\u00edn de la Compa\u00f1\u00eda de Santa Teresa de Jes\u00fas","publisher":{"@id":"https:\/\/encompaniastj.org\/pt-pt\/#organization"},"potentialAction":[{"@type":"SearchAction","target":{"@type":"EntryPoint","urlTemplate":"https:\/\/encompaniastj.org\/pt-pt\/?s={search_term_string}"},"query-input":{"@type":"PropertyValueSpecification","valueRequired":true,"valueName":"search_term_string"}}],"inLanguage":"pt-PT"},{"@type":"Organization","@id":"https:\/\/encompaniastj.org\/pt-pt\/#organization","name":"Compa\u00f1\u00eda de Santa Teresa de Jes\u00fas","url":"https:\/\/encompaniastj.org\/pt-pt\/","logo":{"@type":"ImageObject","inLanguage":"pt-PT","@id":"https:\/\/encompaniastj.org\/pt-pt\/#\/schema\/logo\/image\/","url":"https:\/\/encompaniastj.org\/wp-content\/uploads\/2025\/04\/logo_provincias02-1-3.png","contentUrl":"https:\/\/encompaniastj.org\/wp-content\/uploads\/2025\/04\/logo_provincias02-1-3.png","width":2368,"height":825,"caption":"Compa\u00f1\u00eda de Santa Teresa de Jes\u00fas"},"image":{"@id":"https:\/\/encompaniastj.org\/pt-pt\/#\/schema\/logo\/image\/"}},{"@type":"Person","@id":"https:\/\/encompaniastj.org\/pt-pt\/#\/schema\/person\/520e7ecc314793d40091993c2a02b651","name":"admin","image":{"@type":"ImageObject","inLanguage":"pt-PT","@id":"https:\/\/secure.gravatar.com\/avatar\/948b492cce32b586ac2db0eaa926ee87024f7afe218d73b397ea5ddfc5f43ea1?s=96&d=mm&r=g","url":"https:\/\/secure.gravatar.com\/avatar\/948b492cce32b586ac2db0eaa926ee87024f7afe218d73b397ea5ddfc5f43ea1?s=96&d=mm&r=g","contentUrl":"https:\/\/secure.gravatar.com\/avatar\/948b492cce32b586ac2db0eaa926ee87024f7afe218d73b397ea5ddfc5f43ea1?s=96&d=mm&r=g","caption":"admin"},"sameAs":["https:\/\/encompaniastj.org"],"url":"https:\/\/encompaniastj.org\/pt-pt\/author\/sjdigital\/"}]}},"_links":{"self":[{"href":"https:\/\/encompaniastj.org\/pt-pt\/wp-json\/wp\/v2\/posts\/12146","targetHints":{"allow":["GET"]}}],"collection":[{"href":"https:\/\/encompaniastj.org\/pt-pt\/wp-json\/wp\/v2\/posts"}],"about":[{"href":"https:\/\/encompaniastj.org\/pt-pt\/wp-json\/wp\/v2\/types\/post"}],"author":[{"embeddable":true,"href":"https:\/\/encompaniastj.org\/pt-pt\/wp-json\/wp\/v2\/users\/1"}],"replies":[{"embeddable":true,"href":"https:\/\/encompaniastj.org\/pt-pt\/wp-json\/wp\/v2\/comments?post=12146"}],"version-history":[{"count":1,"href":"https:\/\/encompaniastj.org\/pt-pt\/wp-json\/wp\/v2\/posts\/12146\/revisions"}],"predecessor-version":[{"id":12147,"href":"https:\/\/encompaniastj.org\/pt-pt\/wp-json\/wp\/v2\/posts\/12146\/revisions\/12147"}],"wp:featuredmedia":[{"embeddable":true,"href":"https:\/\/encompaniastj.org\/pt-pt\/wp-json\/wp\/v2\/media\/8730"}],"wp:attachment":[{"href":"https:\/\/encompaniastj.org\/pt-pt\/wp-json\/wp\/v2\/media?parent=12146"}],"wp:term":[{"taxonomy":"category","embeddable":true,"href":"https:\/\/encompaniastj.org\/pt-pt\/wp-json\/wp\/v2\/categories?post=12146"},{"taxonomy":"post_tag","embeddable":true,"href":"https:\/\/encompaniastj.org\/pt-pt\/wp-json\/wp\/v2\/tags?post=12146"}],"curies":[{"name":"wp","href":"https:\/\/api.w.org\/{rel}","templated":true}]}}