{"id":12122,"date":"2024-06-25T06:49:48","date_gmt":"2024-06-25T04:49:48","guid":{"rendered":"https:\/\/encompaniastj.org\/final-do-curso-em-san-cristobal\/"},"modified":"2025-07-07T16:25:20","modified_gmt":"2025-07-07T14:25:20","slug":"final-do-curso-em-san-cristobal","status":"publish","type":"post","link":"https:\/\/encompaniastj.org\/pt-pt\/final-do-curso-em-san-cristobal\/","title":{"rendered":"Final do curso em San Crist\u00f3bal"},"content":{"rendered":"<p>Desde S. Crist\u00f3bal de los \u00c1ngeles, Madrid, queremos partilhar convosco algo do final do curso que estamos j\u00e1 terminando.<\/p>\n<p>Uma das nossas presen\u00e7as no bairro \u00e9 o voluntariado na C\u00e1ritas nos diversos projetos que a Vicar\u00eda V tem, em particular o acolhimento e o seguimento de fam\u00edlias que chegam de diferentes nacionalidades e realidades muito diferentes; v\u00eam preferencialmente fam\u00edlias monoparentais com crian\u00e7as e muitos problemas familiares, v\u00eam sem dinheiro, e encontram-se com muitas dificuldades para conseguir uma habita\u00e7\u00e3o, sem trabalho, sem pap\u00e9is&#8230;<\/p>\n<p>Um dos projetos \u00e9 o apoio escolar CEM, cujo objetivo \u00e9 facilitar \u00e0s crian\u00e7as a sua incorpora\u00e7\u00e3o nos centros educativos a n\u00edvel acad\u00e9mico, j\u00e1 que nas suas fam\u00edlias, por diferentes motivos, n\u00e3o encontram a ajuda necess\u00e1ria tanto a n\u00edvel acad\u00e9mico como de forma\u00e7\u00e3o humana.<\/p>\n<p>Outro projeto que cuidamos e atendemos com muito carinho e dedica\u00e7\u00e3o \u00e9 a ajuda pessoal e familiar a mulheres que em seus pa\u00edses n\u00e3o tiveram a oportunidade nem o acesso de serem alfabetizadas na sua pr\u00f3pria l\u00edngua portanto aprender a ler, escrever e comunicar-se numa l\u00edngua diferente da sua \u00e9 muito dif\u00edcil e exige muito esfor\u00e7o; em alguns casos \u00e9 um processo muito lento mas gratificante, para elas e para n\u00f3s, pois v\u00e3o dando passos significativos que as ajudam a desenvolver-se no ambiente em que vivem agora.<\/p>\n<p>Da parte mais humana necessitam muita escuta, aten\u00e7\u00e3o, proximidade&#8230; e que a sua religi\u00e3o, os seus costumes, a sua cultura sejam respeitados; \u00e9 preciso faz\u00ea-los descobrir que s\u00e3o valiosos para o crescimento da auto-estima. Valores que v\u00e3o adquirindo nas diferentes atividades que realizamos mediante oficinas, aulas, sa\u00eddas e festas.<\/p>\n<p>Compartilhamos como foi o final deste curso 2023-2024: como sempre, houve entrega de diplomas, valorizando cada uma das suas habilidades, aprendizagens, rela\u00e7\u00e3o, pequenos frutos consequ\u00eancia dos seus esfor\u00e7os, do seu desejo por melhorar pessoal e socialmente.<\/p>\n<p>Como podeis ver na foto, no final celebramos com um maravilhoso lanche daqueles que eles preparam com doces e comidas t\u00edpicas dos seus pa\u00edses.<\/p>\n<p>Em tudo o que fazemos queremos que, junto com as suas fam\u00edlias, entrem no c\u00edrculo social necess\u00e1rio para desfrutar de todos os direitos humanos que a sociedade de Espanha lhes oferece.<\/p>\n<p><img loading=\"lazy\" decoding=\"async\" class=\"aligncenter wp-image-13030 size-full\" src=\"https:\/\/encompaniastj.org\/wp-content\/uploads\/2025\/05\/foto1-15.jpg\" alt=\"\" width=\"450\" height=\"825\" \/><\/p>\n<p><img loading=\"lazy\" decoding=\"async\" class=\"aligncenter wp-image-13032 size-full\" src=\"https:\/\/encompaniastj.org\/wp-content\/uploads\/2025\/05\/fotoo3.jpg\" alt=\"\" width=\"567\" height=\"255\" \/><\/p>\n","protected":false},"excerpt":{"rendered":"<p>Desde S. Crist\u00f3bal de los \u00c1ngeles, Madrid, queremos partilhar convosco algo do final do curso que estamos j\u00e1 terminando. Uma das nossas presen\u00e7as no bairro \u00e9 o voluntariado na C\u00e1ritas [&hellip;]<\/p>\n","protected":false},"author":1,"featured_media":8715,"comment_status":"open","ping_status":"open","sticky":false,"template":"","format":"standard","meta":{"_acf_changed":false,"footnotes":""},"categories":[76,74,61],"tags":[],"class_list":["post-12122","post","type-post","status-publish","format-standard","has-post-thumbnail","hentry","category-acao-social","category-accion-social","category-noticias"],"acf":[],"yoast_head":"<!-- This site is optimized with the Yoast SEO plugin v27.5 - https:\/\/yoast.com\/product\/yoast-seo-wordpress\/ -->\n<title>Final do curso em San Crist\u00f3bal - En Compa\u00f1\u00eda STJ<\/title>\n<meta name=\"robots\" content=\"index, follow, max-snippet:-1, max-image-preview:large, max-video-preview:-1\" \/>\n<link rel=\"canonical\" href=\"https:\/\/encompaniastj.org\/pt-pt\/final-do-curso-em-san-cristobal\/\" \/>\n<meta property=\"og:locale\" content=\"pt_PT\" \/>\n<meta property=\"og:type\" content=\"article\" \/>\n<meta property=\"og:title\" content=\"Final do curso em San Crist\u00f3bal - En Compa\u00f1\u00eda STJ\" \/>\n<meta property=\"og:description\" content=\"Desde S. Crist\u00f3bal de los \u00c1ngeles, Madrid, queremos partilhar convosco algo do final do curso que estamos j\u00e1 terminando. Uma das nossas presen\u00e7as no bairro \u00e9 o voluntariado na C\u00e1ritas [&hellip;]\" \/>\n<meta property=\"og:url\" content=\"https:\/\/encompaniastj.org\/pt-pt\/final-do-curso-em-san-cristobal\/\" \/>\n<meta property=\"og:site_name\" content=\"En Compa\u00f1\u00eda STJ\" \/>\n<meta property=\"article:published_time\" content=\"2024-06-25T04:49:48+00:00\" \/>\n<meta property=\"article:modified_time\" content=\"2025-07-07T14:25:20+00:00\" \/>\n<meta property=\"og:image\" content=\"https:\/\/encompaniastj.org\/wp-content\/uploads\/2025\/05\/fotto2.jpg\" \/>\n\t<meta property=\"og:image:width\" content=\"909\" \/>\n\t<meta property=\"og:image:height\" content=\"681\" \/>\n\t<meta property=\"og:image:type\" content=\"image\/jpeg\" \/>\n<meta name=\"author\" content=\"admin\" \/>\n<meta name=\"twitter:card\" content=\"summary_large_image\" \/>\n<meta name=\"twitter:label1\" content=\"Escrito por\" \/>\n\t<meta name=\"twitter:data1\" content=\"admin\" \/>\n\t<meta name=\"twitter:label2\" content=\"Tempo estimado de leitura\" \/>\n\t<meta name=\"twitter:data2\" content=\"3 minutos\" \/>\n<script type=\"application\/ld+json\" class=\"yoast-schema-graph\">{\"@context\":\"https:\\\/\\\/schema.org\",\"@graph\":[{\"@type\":\"Article\",\"@id\":\"https:\\\/\\\/encompaniastj.org\\\/pt-pt\\\/final-do-curso-em-san-cristobal\\\/#article\",\"isPartOf\":{\"@id\":\"https:\\\/\\\/encompaniastj.org\\\/pt-pt\\\/final-do-curso-em-san-cristobal\\\/\"},\"author\":{\"name\":\"admin\",\"@id\":\"https:\\\/\\\/encompaniastj.org\\\/pt-pt\\\/#\\\/schema\\\/person\\\/520e7ecc314793d40091993c2a02b651\"},\"headline\":\"Final do curso em San Crist\u00f3bal\",\"datePublished\":\"2024-06-25T04:49:48+00:00\",\"dateModified\":\"2025-07-07T14:25:20+00:00\",\"mainEntityOfPage\":{\"@id\":\"https:\\\/\\\/encompaniastj.org\\\/pt-pt\\\/final-do-curso-em-san-cristobal\\\/\"},\"wordCount\":398,\"commentCount\":0,\"publisher\":{\"@id\":\"https:\\\/\\\/encompaniastj.org\\\/pt-pt\\\/#organization\"},\"image\":{\"@id\":\"https:\\\/\\\/encompaniastj.org\\\/pt-pt\\\/final-do-curso-em-san-cristobal\\\/#primaryimage\"},\"thumbnailUrl\":\"https:\\\/\\\/encompaniastj.org\\\/wp-content\\\/uploads\\\/2025\\\/05\\\/fotto2.jpg\",\"articleSection\":[\"A\u00e7\u00e3o Social\",\"Acci\u00f3n Social\",\"Noticias\"],\"inLanguage\":\"pt-PT\",\"potentialAction\":[{\"@type\":\"CommentAction\",\"name\":\"Comment\",\"target\":[\"https:\\\/\\\/encompaniastj.org\\\/pt-pt\\\/final-do-curso-em-san-cristobal\\\/#respond\"]}]},{\"@type\":\"WebPage\",\"@id\":\"https:\\\/\\\/encompaniastj.org\\\/pt-pt\\\/final-do-curso-em-san-cristobal\\\/\",\"url\":\"https:\\\/\\\/encompaniastj.org\\\/pt-pt\\\/final-do-curso-em-san-cristobal\\\/\",\"name\":\"Final do curso em San Crist\u00f3bal - En Compa\u00f1\u00eda STJ\",\"isPartOf\":{\"@id\":\"https:\\\/\\\/encompaniastj.org\\\/pt-pt\\\/#website\"},\"primaryImageOfPage\":{\"@id\":\"https:\\\/\\\/encompaniastj.org\\\/pt-pt\\\/final-do-curso-em-san-cristobal\\\/#primaryimage\"},\"image\":{\"@id\":\"https:\\\/\\\/encompaniastj.org\\\/pt-pt\\\/final-do-curso-em-san-cristobal\\\/#primaryimage\"},\"thumbnailUrl\":\"https:\\\/\\\/encompaniastj.org\\\/wp-content\\\/uploads\\\/2025\\\/05\\\/fotto2.jpg\",\"datePublished\":\"2024-06-25T04:49:48+00:00\",\"dateModified\":\"2025-07-07T14:25:20+00:00\",\"breadcrumb\":{\"@id\":\"https:\\\/\\\/encompaniastj.org\\\/pt-pt\\\/final-do-curso-em-san-cristobal\\\/#breadcrumb\"},\"inLanguage\":\"pt-PT\",\"potentialAction\":[{\"@type\":\"ReadAction\",\"target\":[\"https:\\\/\\\/encompaniastj.org\\\/pt-pt\\\/final-do-curso-em-san-cristobal\\\/\"]}]},{\"@type\":\"ImageObject\",\"inLanguage\":\"pt-PT\",\"@id\":\"https:\\\/\\\/encompaniastj.org\\\/pt-pt\\\/final-do-curso-em-san-cristobal\\\/#primaryimage\",\"url\":\"https:\\\/\\\/encompaniastj.org\\\/wp-content\\\/uploads\\\/2025\\\/05\\\/fotto2.jpg\",\"contentUrl\":\"https:\\\/\\\/encompaniastj.org\\\/wp-content\\\/uploads\\\/2025\\\/05\\\/fotto2.jpg\",\"width\":909,\"height\":681},{\"@type\":\"BreadcrumbList\",\"@id\":\"https:\\\/\\\/encompaniastj.org\\\/pt-pt\\\/final-do-curso-em-san-cristobal\\\/#breadcrumb\",\"itemListElement\":[{\"@type\":\"ListItem\",\"position\":1,\"name\":\"Portada\",\"item\":\"https:\\\/\\\/encompaniastj.org\\\/pt-pt\\\/\"},{\"@type\":\"ListItem\",\"position\":2,\"name\":\"Final do curso em San Crist\u00f3bal\"}]},{\"@type\":\"WebSite\",\"@id\":\"https:\\\/\\\/encompaniastj.org\\\/pt-pt\\\/#website\",\"url\":\"https:\\\/\\\/encompaniastj.org\\\/pt-pt\\\/\",\"name\":\"En Compa\u00f1\u00eda STJ\",\"description\":\"Bolet\u00edn de la Compa\u00f1\u00eda de Santa Teresa de Jes\u00fas\",\"publisher\":{\"@id\":\"https:\\\/\\\/encompaniastj.org\\\/pt-pt\\\/#organization\"},\"potentialAction\":[{\"@type\":\"SearchAction\",\"target\":{\"@type\":\"EntryPoint\",\"urlTemplate\":\"https:\\\/\\\/encompaniastj.org\\\/pt-pt\\\/?s={search_term_string}\"},\"query-input\":{\"@type\":\"PropertyValueSpecification\",\"valueRequired\":true,\"valueName\":\"search_term_string\"}}],\"inLanguage\":\"pt-PT\"},{\"@type\":\"Organization\",\"@id\":\"https:\\\/\\\/encompaniastj.org\\\/pt-pt\\\/#organization\",\"name\":\"Compa\u00f1\u00eda de Santa Teresa de Jes\u00fas\",\"url\":\"https:\\\/\\\/encompaniastj.org\\\/pt-pt\\\/\",\"logo\":{\"@type\":\"ImageObject\",\"inLanguage\":\"pt-PT\",\"@id\":\"https:\\\/\\\/encompaniastj.org\\\/pt-pt\\\/#\\\/schema\\\/logo\\\/image\\\/\",\"url\":\"https:\\\/\\\/encompaniastj.org\\\/wp-content\\\/uploads\\\/2025\\\/04\\\/logo_provincias02-1-3.png\",\"contentUrl\":\"https:\\\/\\\/encompaniastj.org\\\/wp-content\\\/uploads\\\/2025\\\/04\\\/logo_provincias02-1-3.png\",\"width\":2368,\"height\":825,\"caption\":\"Compa\u00f1\u00eda de Santa Teresa de Jes\u00fas\"},\"image\":{\"@id\":\"https:\\\/\\\/encompaniastj.org\\\/pt-pt\\\/#\\\/schema\\\/logo\\\/image\\\/\"}},{\"@type\":\"Person\",\"@id\":\"https:\\\/\\\/encompaniastj.org\\\/pt-pt\\\/#\\\/schema\\\/person\\\/520e7ecc314793d40091993c2a02b651\",\"name\":\"admin\",\"image\":{\"@type\":\"ImageObject\",\"inLanguage\":\"pt-PT\",\"@id\":\"https:\\\/\\\/secure.gravatar.com\\\/avatar\\\/948b492cce32b586ac2db0eaa926ee87024f7afe218d73b397ea5ddfc5f43ea1?s=96&d=mm&r=g\",\"url\":\"https:\\\/\\\/secure.gravatar.com\\\/avatar\\\/948b492cce32b586ac2db0eaa926ee87024f7afe218d73b397ea5ddfc5f43ea1?s=96&d=mm&r=g\",\"contentUrl\":\"https:\\\/\\\/secure.gravatar.com\\\/avatar\\\/948b492cce32b586ac2db0eaa926ee87024f7afe218d73b397ea5ddfc5f43ea1?s=96&d=mm&r=g\",\"caption\":\"admin\"},\"sameAs\":[\"https:\\\/\\\/encompaniastj.org\"],\"url\":\"https:\\\/\\\/encompaniastj.org\\\/pt-pt\\\/author\\\/sjdigital\\\/\"}]}<\/script>\n<!-- \/ Yoast SEO plugin. -->","yoast_head_json":{"title":"Final do curso em San Crist\u00f3bal - En Compa\u00f1\u00eda STJ","robots":{"index":"index","follow":"follow","max-snippet":"max-snippet:-1","max-image-preview":"max-image-preview:large","max-video-preview":"max-video-preview:-1"},"canonical":"https:\/\/encompaniastj.org\/pt-pt\/final-do-curso-em-san-cristobal\/","og_locale":"pt_PT","og_type":"article","og_title":"Final do curso em San Crist\u00f3bal - En Compa\u00f1\u00eda STJ","og_description":"Desde S. Crist\u00f3bal de los \u00c1ngeles, Madrid, queremos partilhar convosco algo do final do curso que estamos j\u00e1 terminando. Uma das nossas presen\u00e7as no bairro \u00e9 o voluntariado na C\u00e1ritas [&hellip;]","og_url":"https:\/\/encompaniastj.org\/pt-pt\/final-do-curso-em-san-cristobal\/","og_site_name":"En Compa\u00f1\u00eda STJ","article_published_time":"2024-06-25T04:49:48+00:00","article_modified_time":"2025-07-07T14:25:20+00:00","og_image":[{"width":909,"height":681,"url":"https:\/\/encompaniastj.org\/wp-content\/uploads\/2025\/05\/fotto2.jpg","type":"image\/jpeg"}],"author":"admin","twitter_card":"summary_large_image","twitter_misc":{"Escrito por":"admin","Tempo estimado de leitura":"3 minutos"},"schema":{"@context":"https:\/\/schema.org","@graph":[{"@type":"Article","@id":"https:\/\/encompaniastj.org\/pt-pt\/final-do-curso-em-san-cristobal\/#article","isPartOf":{"@id":"https:\/\/encompaniastj.org\/pt-pt\/final-do-curso-em-san-cristobal\/"},"author":{"name":"admin","@id":"https:\/\/encompaniastj.org\/pt-pt\/#\/schema\/person\/520e7ecc314793d40091993c2a02b651"},"headline":"Final do curso em San Crist\u00f3bal","datePublished":"2024-06-25T04:49:48+00:00","dateModified":"2025-07-07T14:25:20+00:00","mainEntityOfPage":{"@id":"https:\/\/encompaniastj.org\/pt-pt\/final-do-curso-em-san-cristobal\/"},"wordCount":398,"commentCount":0,"publisher":{"@id":"https:\/\/encompaniastj.org\/pt-pt\/#organization"},"image":{"@id":"https:\/\/encompaniastj.org\/pt-pt\/final-do-curso-em-san-cristobal\/#primaryimage"},"thumbnailUrl":"https:\/\/encompaniastj.org\/wp-content\/uploads\/2025\/05\/fotto2.jpg","articleSection":["A\u00e7\u00e3o Social","Acci\u00f3n Social","Noticias"],"inLanguage":"pt-PT","potentialAction":[{"@type":"CommentAction","name":"Comment","target":["https:\/\/encompaniastj.org\/pt-pt\/final-do-curso-em-san-cristobal\/#respond"]}]},{"@type":"WebPage","@id":"https:\/\/encompaniastj.org\/pt-pt\/final-do-curso-em-san-cristobal\/","url":"https:\/\/encompaniastj.org\/pt-pt\/final-do-curso-em-san-cristobal\/","name":"Final do curso em San Crist\u00f3bal - En Compa\u00f1\u00eda STJ","isPartOf":{"@id":"https:\/\/encompaniastj.org\/pt-pt\/#website"},"primaryImageOfPage":{"@id":"https:\/\/encompaniastj.org\/pt-pt\/final-do-curso-em-san-cristobal\/#primaryimage"},"image":{"@id":"https:\/\/encompaniastj.org\/pt-pt\/final-do-curso-em-san-cristobal\/#primaryimage"},"thumbnailUrl":"https:\/\/encompaniastj.org\/wp-content\/uploads\/2025\/05\/fotto2.jpg","datePublished":"2024-06-25T04:49:48+00:00","dateModified":"2025-07-07T14:25:20+00:00","breadcrumb":{"@id":"https:\/\/encompaniastj.org\/pt-pt\/final-do-curso-em-san-cristobal\/#breadcrumb"},"inLanguage":"pt-PT","potentialAction":[{"@type":"ReadAction","target":["https:\/\/encompaniastj.org\/pt-pt\/final-do-curso-em-san-cristobal\/"]}]},{"@type":"ImageObject","inLanguage":"pt-PT","@id":"https:\/\/encompaniastj.org\/pt-pt\/final-do-curso-em-san-cristobal\/#primaryimage","url":"https:\/\/encompaniastj.org\/wp-content\/uploads\/2025\/05\/fotto2.jpg","contentUrl":"https:\/\/encompaniastj.org\/wp-content\/uploads\/2025\/05\/fotto2.jpg","width":909,"height":681},{"@type":"BreadcrumbList","@id":"https:\/\/encompaniastj.org\/pt-pt\/final-do-curso-em-san-cristobal\/#breadcrumb","itemListElement":[{"@type":"ListItem","position":1,"name":"Portada","item":"https:\/\/encompaniastj.org\/pt-pt\/"},{"@type":"ListItem","position":2,"name":"Final do curso em San Crist\u00f3bal"}]},{"@type":"WebSite","@id":"https:\/\/encompaniastj.org\/pt-pt\/#website","url":"https:\/\/encompaniastj.org\/pt-pt\/","name":"En Compa\u00f1\u00eda STJ","description":"Bolet\u00edn de la Compa\u00f1\u00eda de Santa Teresa de Jes\u00fas","publisher":{"@id":"https:\/\/encompaniastj.org\/pt-pt\/#organization"},"potentialAction":[{"@type":"SearchAction","target":{"@type":"EntryPoint","urlTemplate":"https:\/\/encompaniastj.org\/pt-pt\/?s={search_term_string}"},"query-input":{"@type":"PropertyValueSpecification","valueRequired":true,"valueName":"search_term_string"}}],"inLanguage":"pt-PT"},{"@type":"Organization","@id":"https:\/\/encompaniastj.org\/pt-pt\/#organization","name":"Compa\u00f1\u00eda de Santa Teresa de Jes\u00fas","url":"https:\/\/encompaniastj.org\/pt-pt\/","logo":{"@type":"ImageObject","inLanguage":"pt-PT","@id":"https:\/\/encompaniastj.org\/pt-pt\/#\/schema\/logo\/image\/","url":"https:\/\/encompaniastj.org\/wp-content\/uploads\/2025\/04\/logo_provincias02-1-3.png","contentUrl":"https:\/\/encompaniastj.org\/wp-content\/uploads\/2025\/04\/logo_provincias02-1-3.png","width":2368,"height":825,"caption":"Compa\u00f1\u00eda de Santa Teresa de Jes\u00fas"},"image":{"@id":"https:\/\/encompaniastj.org\/pt-pt\/#\/schema\/logo\/image\/"}},{"@type":"Person","@id":"https:\/\/encompaniastj.org\/pt-pt\/#\/schema\/person\/520e7ecc314793d40091993c2a02b651","name":"admin","image":{"@type":"ImageObject","inLanguage":"pt-PT","@id":"https:\/\/secure.gravatar.com\/avatar\/948b492cce32b586ac2db0eaa926ee87024f7afe218d73b397ea5ddfc5f43ea1?s=96&d=mm&r=g","url":"https:\/\/secure.gravatar.com\/avatar\/948b492cce32b586ac2db0eaa926ee87024f7afe218d73b397ea5ddfc5f43ea1?s=96&d=mm&r=g","contentUrl":"https:\/\/secure.gravatar.com\/avatar\/948b492cce32b586ac2db0eaa926ee87024f7afe218d73b397ea5ddfc5f43ea1?s=96&d=mm&r=g","caption":"admin"},"sameAs":["https:\/\/encompaniastj.org"],"url":"https:\/\/encompaniastj.org\/pt-pt\/author\/sjdigital\/"}]}},"_links":{"self":[{"href":"https:\/\/encompaniastj.org\/pt-pt\/wp-json\/wp\/v2\/posts\/12122","targetHints":{"allow":["GET"]}}],"collection":[{"href":"https:\/\/encompaniastj.org\/pt-pt\/wp-json\/wp\/v2\/posts"}],"about":[{"href":"https:\/\/encompaniastj.org\/pt-pt\/wp-json\/wp\/v2\/types\/post"}],"author":[{"embeddable":true,"href":"https:\/\/encompaniastj.org\/pt-pt\/wp-json\/wp\/v2\/users\/1"}],"replies":[{"embeddable":true,"href":"https:\/\/encompaniastj.org\/pt-pt\/wp-json\/wp\/v2\/comments?post=12122"}],"version-history":[{"count":1,"href":"https:\/\/encompaniastj.org\/pt-pt\/wp-json\/wp\/v2\/posts\/12122\/revisions"}],"predecessor-version":[{"id":12123,"href":"https:\/\/encompaniastj.org\/pt-pt\/wp-json\/wp\/v2\/posts\/12122\/revisions\/12123"}],"wp:featuredmedia":[{"embeddable":true,"href":"https:\/\/encompaniastj.org\/pt-pt\/wp-json\/wp\/v2\/media\/8715"}],"wp:attachment":[{"href":"https:\/\/encompaniastj.org\/pt-pt\/wp-json\/wp\/v2\/media?parent=12122"}],"wp:term":[{"taxonomy":"category","embeddable":true,"href":"https:\/\/encompaniastj.org\/pt-pt\/wp-json\/wp\/v2\/categories?post=12122"},{"taxonomy":"post_tag","embeddable":true,"href":"https:\/\/encompaniastj.org\/pt-pt\/wp-json\/wp\/v2\/tags?post=12122"}],"curies":[{"name":"wp","href":"https:\/\/api.w.org\/{rel}","templated":true}]}}