{"id":12086,"date":"2024-06-04T12:30:38","date_gmt":"2024-06-04T10:30:38","guid":{"rendered":"https:\/\/encompaniastj.org\/reflexoes-sobre-o-cultivo-da-interioridade-nas-obras-socioeducativas\/"},"modified":"2025-07-07T16:25:18","modified_gmt":"2025-07-07T14:25:18","slug":"reflexoes-sobre-o-cultivo-da-interioridade-nas-obras-socioeducativas","status":"publish","type":"post","link":"https:\/\/encompaniastj.org\/pt-pt\/reflexoes-sobre-o-cultivo-da-interioridade-nas-obras-socioeducativas\/","title":{"rendered":"Reflex\u00f5es sobre o cultivo da interioridade nas obras socioeducativas"},"content":{"rendered":"<p>(Cuadro: Clarividencia de Magritte)<\/p>\n<p>No dia 7 de maio as dire\u00e7\u00f5es das obras socioeducativas ESCLAT, LLAR ENRIC D&#8217;OSS\u00d3 e SA\u00d3 tivemos a oportunidade de participar de uma jornada sobre o cuidado e cultivo da interioridade na interven\u00e7\u00e3o socioeducativa das nossas entidades sociais.<\/p>\n<p>A interioridade, a espiritualidade que tentamos viver e partilhar, est\u00e1 diretamente ligada \u00e0s nossas maneiras de acompanhar as pessoas. Acompanhamos como somos e como vivemos.<\/p>\n<p>Dos nossos lugares de miss\u00e3o, sentimos as tr\u00eas fraturas do nosso mundo atual: a fratura ecol\u00f3gica, a fratura social e a espiritual. Muitas vezes nos concentramos em lidar com cada uma das fraturas separadamente, trazer solu\u00e7\u00f5es sem tomar consci\u00eancia de que as tr\u00eas fraturas est\u00e3o ligadas entre si, s\u00e3o um desafio social comum, no qual, cada pessoa, a partir do seu lugar, pode oferecer uma solu\u00e7\u00e3o para uma problem\u00e1tica que \u00e9 partilhada.<\/p>\n<p>Assim, sentimo-nos chamados a continuar a crescer com as nossas equipas num caminho que nos ajude a ouvir e a olhar com aten\u00e7\u00e3o, para conjugar a passagem das ac\u00e7\u00f5es com os objetivos do desenvolvimento interior, acompanhando-nos na reflex\u00e3o sobre as quest\u00f5es essenciais da nossa vida e sobre como damos respostas coerentes.<\/p>\n<p>As realidades de Sa\u00f3, Esclat e Llar s\u00e3o muito plurais, n\u00e3o s\u00f3 no que diz respeito \u00e0s pessoas que participam nos projectos, mas tamb\u00e9m por parte das pessoas que formam as equipas educativas e t\u00e9cnicas. H\u00e1 pluralidade de religi\u00f5es, nem sempre com vincula\u00e7\u00e3o comprometida. Em geral reconhecemos nas equipas pessoas que est\u00e3o preocupadas e envolvidas em procurar solu\u00e7\u00f5es para as duas primeiras fraturas (ecol\u00f3gica e social) e que buscam maneiras de crescer interiormente e educar o olhar para que se reflita depois na pr\u00e1tica, na vida.<\/p>\n<p>Para decidir se queremos ver o aparente, o profundo ou o poss\u00edvel em cada vida, temos que seguir educando o nosso olhar. Participar conjuntamente neste dia levou-nos a mobilizar-nos e a organizar-nos, uma vez mais, para procurar espa\u00e7os que nos empurrem a abordar transversalmente as tr\u00eas fraturas, sem esquecer que, irremediavelmente, segundo o que fizermos connosco mesmos, faremos com as pessoas que acompanhamos nos projetos.<\/p>\n<p><em><strong>Aprender a olhar \u00e9 a aprendizagem preliminar da espiritualidade (Nietzsche)<\/strong><\/em><\/p>\n<p>&nbsp;<\/p>\n","protected":false},"excerpt":{"rendered":"<p>(Cuadro: Clarividencia de Magritte) No dia 7 de maio as dire\u00e7\u00f5es das obras socioeducativas ESCLAT, LLAR ENRIC D&#8217;OSS\u00d3 e SA\u00d3 tivemos a oportunidade de participar de uma jornada sobre o [&hellip;]<\/p>\n","protected":false},"author":1,"featured_media":8694,"comment_status":"open","ping_status":"open","sticky":false,"template":"","format":"standard","meta":{"_acf_changed":false,"footnotes":""},"categories":[76,74,61],"tags":[],"class_list":["post-12086","post","type-post","status-publish","format-standard","has-post-thumbnail","hentry","category-acao-social","category-accion-social","category-noticias"],"acf":[],"yoast_head":"<!-- This site is optimized with the Yoast SEO plugin v27.5 - https:\/\/yoast.com\/product\/yoast-seo-wordpress\/ -->\n<title>Reflex\u00f5es sobre o cultivo da interioridade nas obras socioeducativas - En Compa\u00f1\u00eda STJ<\/title>\n<meta name=\"robots\" content=\"index, follow, max-snippet:-1, max-image-preview:large, max-video-preview:-1\" \/>\n<link rel=\"canonical\" href=\"https:\/\/encompaniastj.org\/pt-pt\/reflexoes-sobre-o-cultivo-da-interioridade-nas-obras-socioeducativas\/\" \/>\n<meta property=\"og:locale\" content=\"pt_PT\" \/>\n<meta property=\"og:type\" content=\"article\" \/>\n<meta property=\"og:title\" content=\"Reflex\u00f5es sobre o cultivo da interioridade nas obras socioeducativas - En Compa\u00f1\u00eda STJ\" \/>\n<meta property=\"og:description\" content=\"(Cuadro: Clarividencia de Magritte) No dia 7 de maio as dire\u00e7\u00f5es das obras socioeducativas ESCLAT, LLAR ENRIC D&#8217;OSS\u00d3 e SA\u00d3 tivemos a oportunidade de participar de uma jornada sobre o [&hellip;]\" \/>\n<meta property=\"og:url\" content=\"https:\/\/encompaniastj.org\/pt-pt\/reflexoes-sobre-o-cultivo-da-interioridade-nas-obras-socioeducativas\/\" \/>\n<meta property=\"og:site_name\" content=\"En Compa\u00f1\u00eda STJ\" \/>\n<meta property=\"article:published_time\" content=\"2024-06-04T10:30:38+00:00\" \/>\n<meta property=\"article:modified_time\" content=\"2025-07-07T14:25:18+00:00\" \/>\n<meta property=\"og:image\" content=\"https:\/\/encompaniastj.org\/wp-content\/uploads\/2025\/05\/Imagen1-2.jpg\" \/>\n\t<meta property=\"og:image:width\" content=\"539\" \/>\n\t<meta property=\"og:image:height\" content=\"451\" \/>\n\t<meta property=\"og:image:type\" content=\"image\/jpeg\" \/>\n<meta name=\"author\" content=\"admin\" \/>\n<meta name=\"twitter:card\" content=\"summary_large_image\" \/>\n<meta name=\"twitter:label1\" content=\"Escrito por\" \/>\n\t<meta name=\"twitter:data1\" content=\"admin\" \/>\n\t<meta name=\"twitter:label2\" content=\"Tempo estimado de leitura\" \/>\n\t<meta name=\"twitter:data2\" content=\"2 minutos\" \/>\n<script type=\"application\/ld+json\" class=\"yoast-schema-graph\">{\"@context\":\"https:\\\/\\\/schema.org\",\"@graph\":[{\"@type\":\"Article\",\"@id\":\"https:\\\/\\\/encompaniastj.org\\\/pt-pt\\\/reflexoes-sobre-o-cultivo-da-interioridade-nas-obras-socioeducativas\\\/#article\",\"isPartOf\":{\"@id\":\"https:\\\/\\\/encompaniastj.org\\\/pt-pt\\\/reflexoes-sobre-o-cultivo-da-interioridade-nas-obras-socioeducativas\\\/\"},\"author\":{\"name\":\"admin\",\"@id\":\"https:\\\/\\\/encompaniastj.org\\\/pt-pt\\\/#\\\/schema\\\/person\\\/520e7ecc314793d40091993c2a02b651\"},\"headline\":\"Reflex\u00f5es sobre o cultivo da interioridade nas obras socioeducativas\",\"datePublished\":\"2024-06-04T10:30:38+00:00\",\"dateModified\":\"2025-07-07T14:25:18+00:00\",\"mainEntityOfPage\":{\"@id\":\"https:\\\/\\\/encompaniastj.org\\\/pt-pt\\\/reflexoes-sobre-o-cultivo-da-interioridade-nas-obras-socioeducativas\\\/\"},\"wordCount\":389,\"commentCount\":0,\"publisher\":{\"@id\":\"https:\\\/\\\/encompaniastj.org\\\/pt-pt\\\/#organization\"},\"image\":{\"@id\":\"https:\\\/\\\/encompaniastj.org\\\/pt-pt\\\/reflexoes-sobre-o-cultivo-da-interioridade-nas-obras-socioeducativas\\\/#primaryimage\"},\"thumbnailUrl\":\"https:\\\/\\\/encompaniastj.org\\\/wp-content\\\/uploads\\\/2025\\\/05\\\/Imagen1-2.jpg\",\"articleSection\":[\"A\u00e7\u00e3o Social\",\"Acci\u00f3n Social\",\"Noticias\"],\"inLanguage\":\"pt-PT\",\"potentialAction\":[{\"@type\":\"CommentAction\",\"name\":\"Comment\",\"target\":[\"https:\\\/\\\/encompaniastj.org\\\/pt-pt\\\/reflexoes-sobre-o-cultivo-da-interioridade-nas-obras-socioeducativas\\\/#respond\"]}]},{\"@type\":\"WebPage\",\"@id\":\"https:\\\/\\\/encompaniastj.org\\\/pt-pt\\\/reflexoes-sobre-o-cultivo-da-interioridade-nas-obras-socioeducativas\\\/\",\"url\":\"https:\\\/\\\/encompaniastj.org\\\/pt-pt\\\/reflexoes-sobre-o-cultivo-da-interioridade-nas-obras-socioeducativas\\\/\",\"name\":\"Reflex\u00f5es sobre o cultivo da interioridade nas obras socioeducativas - En Compa\u00f1\u00eda STJ\",\"isPartOf\":{\"@id\":\"https:\\\/\\\/encompaniastj.org\\\/pt-pt\\\/#website\"},\"primaryImageOfPage\":{\"@id\":\"https:\\\/\\\/encompaniastj.org\\\/pt-pt\\\/reflexoes-sobre-o-cultivo-da-interioridade-nas-obras-socioeducativas\\\/#primaryimage\"},\"image\":{\"@id\":\"https:\\\/\\\/encompaniastj.org\\\/pt-pt\\\/reflexoes-sobre-o-cultivo-da-interioridade-nas-obras-socioeducativas\\\/#primaryimage\"},\"thumbnailUrl\":\"https:\\\/\\\/encompaniastj.org\\\/wp-content\\\/uploads\\\/2025\\\/05\\\/Imagen1-2.jpg\",\"datePublished\":\"2024-06-04T10:30:38+00:00\",\"dateModified\":\"2025-07-07T14:25:18+00:00\",\"breadcrumb\":{\"@id\":\"https:\\\/\\\/encompaniastj.org\\\/pt-pt\\\/reflexoes-sobre-o-cultivo-da-interioridade-nas-obras-socioeducativas\\\/#breadcrumb\"},\"inLanguage\":\"pt-PT\",\"potentialAction\":[{\"@type\":\"ReadAction\",\"target\":[\"https:\\\/\\\/encompaniastj.org\\\/pt-pt\\\/reflexoes-sobre-o-cultivo-da-interioridade-nas-obras-socioeducativas\\\/\"]}]},{\"@type\":\"ImageObject\",\"inLanguage\":\"pt-PT\",\"@id\":\"https:\\\/\\\/encompaniastj.org\\\/pt-pt\\\/reflexoes-sobre-o-cultivo-da-interioridade-nas-obras-socioeducativas\\\/#primaryimage\",\"url\":\"https:\\\/\\\/encompaniastj.org\\\/wp-content\\\/uploads\\\/2025\\\/05\\\/Imagen1-2.jpg\",\"contentUrl\":\"https:\\\/\\\/encompaniastj.org\\\/wp-content\\\/uploads\\\/2025\\\/05\\\/Imagen1-2.jpg\",\"width\":539,\"height\":451},{\"@type\":\"BreadcrumbList\",\"@id\":\"https:\\\/\\\/encompaniastj.org\\\/pt-pt\\\/reflexoes-sobre-o-cultivo-da-interioridade-nas-obras-socioeducativas\\\/#breadcrumb\",\"itemListElement\":[{\"@type\":\"ListItem\",\"position\":1,\"name\":\"Portada\",\"item\":\"https:\\\/\\\/encompaniastj.org\\\/pt-pt\\\/\"},{\"@type\":\"ListItem\",\"position\":2,\"name\":\"Reflex\u00f5es sobre o cultivo da interioridade nas obras socioeducativas\"}]},{\"@type\":\"WebSite\",\"@id\":\"https:\\\/\\\/encompaniastj.org\\\/pt-pt\\\/#website\",\"url\":\"https:\\\/\\\/encompaniastj.org\\\/pt-pt\\\/\",\"name\":\"En Compa\u00f1\u00eda STJ\",\"description\":\"Bolet\u00edn de la Compa\u00f1\u00eda de Santa Teresa de Jes\u00fas\",\"publisher\":{\"@id\":\"https:\\\/\\\/encompaniastj.org\\\/pt-pt\\\/#organization\"},\"potentialAction\":[{\"@type\":\"SearchAction\",\"target\":{\"@type\":\"EntryPoint\",\"urlTemplate\":\"https:\\\/\\\/encompaniastj.org\\\/pt-pt\\\/?s={search_term_string}\"},\"query-input\":{\"@type\":\"PropertyValueSpecification\",\"valueRequired\":true,\"valueName\":\"search_term_string\"}}],\"inLanguage\":\"pt-PT\"},{\"@type\":\"Organization\",\"@id\":\"https:\\\/\\\/encompaniastj.org\\\/pt-pt\\\/#organization\",\"name\":\"Compa\u00f1\u00eda de Santa Teresa de Jes\u00fas\",\"url\":\"https:\\\/\\\/encompaniastj.org\\\/pt-pt\\\/\",\"logo\":{\"@type\":\"ImageObject\",\"inLanguage\":\"pt-PT\",\"@id\":\"https:\\\/\\\/encompaniastj.org\\\/pt-pt\\\/#\\\/schema\\\/logo\\\/image\\\/\",\"url\":\"https:\\\/\\\/encompaniastj.org\\\/wp-content\\\/uploads\\\/2025\\\/04\\\/logo_provincias02-1-3.png\",\"contentUrl\":\"https:\\\/\\\/encompaniastj.org\\\/wp-content\\\/uploads\\\/2025\\\/04\\\/logo_provincias02-1-3.png\",\"width\":2368,\"height\":825,\"caption\":\"Compa\u00f1\u00eda de Santa Teresa de Jes\u00fas\"},\"image\":{\"@id\":\"https:\\\/\\\/encompaniastj.org\\\/pt-pt\\\/#\\\/schema\\\/logo\\\/image\\\/\"}},{\"@type\":\"Person\",\"@id\":\"https:\\\/\\\/encompaniastj.org\\\/pt-pt\\\/#\\\/schema\\\/person\\\/520e7ecc314793d40091993c2a02b651\",\"name\":\"admin\",\"image\":{\"@type\":\"ImageObject\",\"inLanguage\":\"pt-PT\",\"@id\":\"https:\\\/\\\/secure.gravatar.com\\\/avatar\\\/948b492cce32b586ac2db0eaa926ee87024f7afe218d73b397ea5ddfc5f43ea1?s=96&d=mm&r=g\",\"url\":\"https:\\\/\\\/secure.gravatar.com\\\/avatar\\\/948b492cce32b586ac2db0eaa926ee87024f7afe218d73b397ea5ddfc5f43ea1?s=96&d=mm&r=g\",\"contentUrl\":\"https:\\\/\\\/secure.gravatar.com\\\/avatar\\\/948b492cce32b586ac2db0eaa926ee87024f7afe218d73b397ea5ddfc5f43ea1?s=96&d=mm&r=g\",\"caption\":\"admin\"},\"sameAs\":[\"https:\\\/\\\/encompaniastj.org\"],\"url\":\"https:\\\/\\\/encompaniastj.org\\\/pt-pt\\\/author\\\/sjdigital\\\/\"}]}<\/script>\n<!-- \/ Yoast SEO plugin. -->","yoast_head_json":{"title":"Reflex\u00f5es sobre o cultivo da interioridade nas obras socioeducativas - En Compa\u00f1\u00eda STJ","robots":{"index":"index","follow":"follow","max-snippet":"max-snippet:-1","max-image-preview":"max-image-preview:large","max-video-preview":"max-video-preview:-1"},"canonical":"https:\/\/encompaniastj.org\/pt-pt\/reflexoes-sobre-o-cultivo-da-interioridade-nas-obras-socioeducativas\/","og_locale":"pt_PT","og_type":"article","og_title":"Reflex\u00f5es sobre o cultivo da interioridade nas obras socioeducativas - En Compa\u00f1\u00eda STJ","og_description":"(Cuadro: Clarividencia de Magritte) No dia 7 de maio as dire\u00e7\u00f5es das obras socioeducativas ESCLAT, LLAR ENRIC D&#8217;OSS\u00d3 e SA\u00d3 tivemos a oportunidade de participar de uma jornada sobre o [&hellip;]","og_url":"https:\/\/encompaniastj.org\/pt-pt\/reflexoes-sobre-o-cultivo-da-interioridade-nas-obras-socioeducativas\/","og_site_name":"En Compa\u00f1\u00eda STJ","article_published_time":"2024-06-04T10:30:38+00:00","article_modified_time":"2025-07-07T14:25:18+00:00","og_image":[{"width":539,"height":451,"url":"https:\/\/encompaniastj.org\/wp-content\/uploads\/2025\/05\/Imagen1-2.jpg","type":"image\/jpeg"}],"author":"admin","twitter_card":"summary_large_image","twitter_misc":{"Escrito por":"admin","Tempo estimado de leitura":"2 minutos"},"schema":{"@context":"https:\/\/schema.org","@graph":[{"@type":"Article","@id":"https:\/\/encompaniastj.org\/pt-pt\/reflexoes-sobre-o-cultivo-da-interioridade-nas-obras-socioeducativas\/#article","isPartOf":{"@id":"https:\/\/encompaniastj.org\/pt-pt\/reflexoes-sobre-o-cultivo-da-interioridade-nas-obras-socioeducativas\/"},"author":{"name":"admin","@id":"https:\/\/encompaniastj.org\/pt-pt\/#\/schema\/person\/520e7ecc314793d40091993c2a02b651"},"headline":"Reflex\u00f5es sobre o cultivo da interioridade nas obras socioeducativas","datePublished":"2024-06-04T10:30:38+00:00","dateModified":"2025-07-07T14:25:18+00:00","mainEntityOfPage":{"@id":"https:\/\/encompaniastj.org\/pt-pt\/reflexoes-sobre-o-cultivo-da-interioridade-nas-obras-socioeducativas\/"},"wordCount":389,"commentCount":0,"publisher":{"@id":"https:\/\/encompaniastj.org\/pt-pt\/#organization"},"image":{"@id":"https:\/\/encompaniastj.org\/pt-pt\/reflexoes-sobre-o-cultivo-da-interioridade-nas-obras-socioeducativas\/#primaryimage"},"thumbnailUrl":"https:\/\/encompaniastj.org\/wp-content\/uploads\/2025\/05\/Imagen1-2.jpg","articleSection":["A\u00e7\u00e3o Social","Acci\u00f3n Social","Noticias"],"inLanguage":"pt-PT","potentialAction":[{"@type":"CommentAction","name":"Comment","target":["https:\/\/encompaniastj.org\/pt-pt\/reflexoes-sobre-o-cultivo-da-interioridade-nas-obras-socioeducativas\/#respond"]}]},{"@type":"WebPage","@id":"https:\/\/encompaniastj.org\/pt-pt\/reflexoes-sobre-o-cultivo-da-interioridade-nas-obras-socioeducativas\/","url":"https:\/\/encompaniastj.org\/pt-pt\/reflexoes-sobre-o-cultivo-da-interioridade-nas-obras-socioeducativas\/","name":"Reflex\u00f5es sobre o cultivo da interioridade nas obras socioeducativas - En Compa\u00f1\u00eda STJ","isPartOf":{"@id":"https:\/\/encompaniastj.org\/pt-pt\/#website"},"primaryImageOfPage":{"@id":"https:\/\/encompaniastj.org\/pt-pt\/reflexoes-sobre-o-cultivo-da-interioridade-nas-obras-socioeducativas\/#primaryimage"},"image":{"@id":"https:\/\/encompaniastj.org\/pt-pt\/reflexoes-sobre-o-cultivo-da-interioridade-nas-obras-socioeducativas\/#primaryimage"},"thumbnailUrl":"https:\/\/encompaniastj.org\/wp-content\/uploads\/2025\/05\/Imagen1-2.jpg","datePublished":"2024-06-04T10:30:38+00:00","dateModified":"2025-07-07T14:25:18+00:00","breadcrumb":{"@id":"https:\/\/encompaniastj.org\/pt-pt\/reflexoes-sobre-o-cultivo-da-interioridade-nas-obras-socioeducativas\/#breadcrumb"},"inLanguage":"pt-PT","potentialAction":[{"@type":"ReadAction","target":["https:\/\/encompaniastj.org\/pt-pt\/reflexoes-sobre-o-cultivo-da-interioridade-nas-obras-socioeducativas\/"]}]},{"@type":"ImageObject","inLanguage":"pt-PT","@id":"https:\/\/encompaniastj.org\/pt-pt\/reflexoes-sobre-o-cultivo-da-interioridade-nas-obras-socioeducativas\/#primaryimage","url":"https:\/\/encompaniastj.org\/wp-content\/uploads\/2025\/05\/Imagen1-2.jpg","contentUrl":"https:\/\/encompaniastj.org\/wp-content\/uploads\/2025\/05\/Imagen1-2.jpg","width":539,"height":451},{"@type":"BreadcrumbList","@id":"https:\/\/encompaniastj.org\/pt-pt\/reflexoes-sobre-o-cultivo-da-interioridade-nas-obras-socioeducativas\/#breadcrumb","itemListElement":[{"@type":"ListItem","position":1,"name":"Portada","item":"https:\/\/encompaniastj.org\/pt-pt\/"},{"@type":"ListItem","position":2,"name":"Reflex\u00f5es sobre o cultivo da interioridade nas obras socioeducativas"}]},{"@type":"WebSite","@id":"https:\/\/encompaniastj.org\/pt-pt\/#website","url":"https:\/\/encompaniastj.org\/pt-pt\/","name":"En Compa\u00f1\u00eda STJ","description":"Bolet\u00edn de la Compa\u00f1\u00eda de Santa Teresa de Jes\u00fas","publisher":{"@id":"https:\/\/encompaniastj.org\/pt-pt\/#organization"},"potentialAction":[{"@type":"SearchAction","target":{"@type":"EntryPoint","urlTemplate":"https:\/\/encompaniastj.org\/pt-pt\/?s={search_term_string}"},"query-input":{"@type":"PropertyValueSpecification","valueRequired":true,"valueName":"search_term_string"}}],"inLanguage":"pt-PT"},{"@type":"Organization","@id":"https:\/\/encompaniastj.org\/pt-pt\/#organization","name":"Compa\u00f1\u00eda de Santa Teresa de Jes\u00fas","url":"https:\/\/encompaniastj.org\/pt-pt\/","logo":{"@type":"ImageObject","inLanguage":"pt-PT","@id":"https:\/\/encompaniastj.org\/pt-pt\/#\/schema\/logo\/image\/","url":"https:\/\/encompaniastj.org\/wp-content\/uploads\/2025\/04\/logo_provincias02-1-3.png","contentUrl":"https:\/\/encompaniastj.org\/wp-content\/uploads\/2025\/04\/logo_provincias02-1-3.png","width":2368,"height":825,"caption":"Compa\u00f1\u00eda de Santa Teresa de Jes\u00fas"},"image":{"@id":"https:\/\/encompaniastj.org\/pt-pt\/#\/schema\/logo\/image\/"}},{"@type":"Person","@id":"https:\/\/encompaniastj.org\/pt-pt\/#\/schema\/person\/520e7ecc314793d40091993c2a02b651","name":"admin","image":{"@type":"ImageObject","inLanguage":"pt-PT","@id":"https:\/\/secure.gravatar.com\/avatar\/948b492cce32b586ac2db0eaa926ee87024f7afe218d73b397ea5ddfc5f43ea1?s=96&d=mm&r=g","url":"https:\/\/secure.gravatar.com\/avatar\/948b492cce32b586ac2db0eaa926ee87024f7afe218d73b397ea5ddfc5f43ea1?s=96&d=mm&r=g","contentUrl":"https:\/\/secure.gravatar.com\/avatar\/948b492cce32b586ac2db0eaa926ee87024f7afe218d73b397ea5ddfc5f43ea1?s=96&d=mm&r=g","caption":"admin"},"sameAs":["https:\/\/encompaniastj.org"],"url":"https:\/\/encompaniastj.org\/pt-pt\/author\/sjdigital\/"}]}},"_links":{"self":[{"href":"https:\/\/encompaniastj.org\/pt-pt\/wp-json\/wp\/v2\/posts\/12086","targetHints":{"allow":["GET"]}}],"collection":[{"href":"https:\/\/encompaniastj.org\/pt-pt\/wp-json\/wp\/v2\/posts"}],"about":[{"href":"https:\/\/encompaniastj.org\/pt-pt\/wp-json\/wp\/v2\/types\/post"}],"author":[{"embeddable":true,"href":"https:\/\/encompaniastj.org\/pt-pt\/wp-json\/wp\/v2\/users\/1"}],"replies":[{"embeddable":true,"href":"https:\/\/encompaniastj.org\/pt-pt\/wp-json\/wp\/v2\/comments?post=12086"}],"version-history":[{"count":1,"href":"https:\/\/encompaniastj.org\/pt-pt\/wp-json\/wp\/v2\/posts\/12086\/revisions"}],"predecessor-version":[{"id":12087,"href":"https:\/\/encompaniastj.org\/pt-pt\/wp-json\/wp\/v2\/posts\/12086\/revisions\/12087"}],"wp:featuredmedia":[{"embeddable":true,"href":"https:\/\/encompaniastj.org\/pt-pt\/wp-json\/wp\/v2\/media\/8694"}],"wp:attachment":[{"href":"https:\/\/encompaniastj.org\/pt-pt\/wp-json\/wp\/v2\/media?parent=12086"}],"wp:term":[{"taxonomy":"category","embeddable":true,"href":"https:\/\/encompaniastj.org\/pt-pt\/wp-json\/wp\/v2\/categories?post=12086"},{"taxonomy":"post_tag","embeddable":true,"href":"https:\/\/encompaniastj.org\/pt-pt\/wp-json\/wp\/v2\/tags?post=12086"}],"curies":[{"name":"wp","href":"https:\/\/api.w.org\/{rel}","templated":true}]}}