{"id":12074,"date":"2024-05-28T08:03:26","date_gmt":"2024-05-28T06:03:26","guid":{"rendered":"https:\/\/encompaniastj.org\/parroquia-de-san-jose-artesano-de-valencia-2\/"},"modified":"2025-07-07T16:25:17","modified_gmt":"2025-07-07T14:25:17","slug":"parroquia-de-san-jose-artesano-de-valencia-2","status":"publish","type":"post","link":"https:\/\/encompaniastj.org\/pt-pt\/parroquia-de-san-jose-artesano-de-valencia-2\/","title":{"rendered":"Parroquia de San Jos\u00e9 Artesano de Valencia"},"content":{"rendered":"<p>Uma comunidade no bairro de Artistas Falleros de Benicalap, na periferia de Val\u00eancia. Aberta, <strong>&#8220;inter, no cultural, racial, religioso&#8230;&#8221;<\/strong> \u00e0 que pertencem migrantes paraguaios, colombianos&#8230; e alberga no seu espa\u00e7o paroquial alguns jovens africanos, aos quais duas irm\u00e3s da comunidade de Almazora damos aulas de espanhol.<\/p>\n<p>No dia 1\u00ba de maio, a par\u00f3quia celebrou S\u00e3o Jos\u00e9 Oper\u00e1rio de um modo muito especial. Um artista Fallero havia feito para a par\u00f3quia uma imagem do Santo em sua faceta de trabalhador.<\/p>\n<p>Toda a comunidade de Almazora - Val\u00eancia participamos da festa: concerto solid\u00e1rio, prociss\u00e3o pelo bairro com a nova imagen, Eucaristia, paella, can\u00e7\u00f5es, muita alegria e diversidade&#8230;\u00a0 Umas horas vividas com o cora\u00e7\u00e3o dilatado, a mente aberta, sentindo-nos em conex\u00e3o com toda a humanidade.<\/p>\n<p>A par\u00f3quia tem um marcado car\u00e1ter social e por isso tamb\u00e9m se insistiu na alegoria de <strong>Sant Josep Artes\u00e0, Immigrant e refugiat<\/strong>, escrito na parede do altar maior.<\/p>\n<p><img loading=\"lazy\" decoding=\"async\" class=\"aligncenter wp-image-12859 size-large\" src=\"https:\/\/encompaniastj.org\/wp-content\/uploads\/2025\/05\/f3-1-2.jpg\" alt=\"\" width=\"472\" height=\"1024\" \/><\/p>\n<p><img loading=\"lazy\" decoding=\"async\" class=\"aligncenter wp-image-12855 size-large\" src=\"https:\/\/encompaniastj.org\/wp-content\/uploads\/2025\/05\/f1-1-3.jpg\" alt=\"\" width=\"1024\" height=\"472\" \/><\/p>\n","protected":false},"excerpt":{"rendered":"<p>Uma comunidade no bairro de Artistas Falleros de Benicalap, na periferia de Val\u00eancia. Aberta, &#8220;inter, no cultural, racial, religioso&#8230;&#8221; \u00e0 que pertencem migrantes paraguaios, colombianos&#8230; e alberga no seu espa\u00e7o [&hellip;]<\/p>\n","protected":false},"author":1,"featured_media":8689,"comment_status":"open","ping_status":"open","sticky":false,"template":"","format":"standard","meta":{"_acf_changed":false,"footnotes":""},"categories":[76,74,61],"tags":[],"class_list":["post-12074","post","type-post","status-publish","format-standard","has-post-thumbnail","hentry","category-acao-social","category-accion-social","category-noticias"],"acf":[],"yoast_head":"<!-- This site is optimized with the Yoast SEO plugin v27.5 - https:\/\/yoast.com\/product\/yoast-seo-wordpress\/ -->\n<title>Parroquia de San Jos\u00e9 Artesano de Valencia - En Compa\u00f1\u00eda STJ<\/title>\n<meta name=\"robots\" content=\"index, follow, max-snippet:-1, max-image-preview:large, max-video-preview:-1\" \/>\n<link rel=\"canonical\" href=\"https:\/\/encompaniastj.org\/pt-pt\/parroquia-de-san-jose-artesano-de-valencia-2\/\" \/>\n<meta property=\"og:locale\" content=\"pt_PT\" \/>\n<meta property=\"og:type\" content=\"article\" \/>\n<meta property=\"og:title\" content=\"Parroquia de San Jos\u00e9 Artesano de Valencia - En Compa\u00f1\u00eda STJ\" \/>\n<meta property=\"og:description\" content=\"Uma comunidade no bairro de Artistas Falleros de Benicalap, na periferia de Val\u00eancia. Aberta, &#8220;inter, no cultural, racial, religioso&#8230;&#8221; \u00e0 que pertencem migrantes paraguaios, colombianos&#8230; e alberga no seu espa\u00e7o [&hellip;]\" \/>\n<meta property=\"og:url\" content=\"https:\/\/encompaniastj.org\/pt-pt\/parroquia-de-san-jose-artesano-de-valencia-2\/\" \/>\n<meta property=\"og:site_name\" content=\"En Compa\u00f1\u00eda STJ\" \/>\n<meta property=\"article:published_time\" content=\"2024-05-28T06:03:26+00:00\" \/>\n<meta property=\"article:modified_time\" content=\"2025-07-07T14:25:17+00:00\" \/>\n<meta property=\"og:image\" content=\"https:\/\/encompaniastj.org\/wp-content\/uploads\/2025\/05\/f2-1-2.jpg\" \/>\n\t<meta property=\"og:image:width\" content=\"738\" \/>\n\t<meta property=\"og:image:height\" content=\"1600\" \/>\n\t<meta property=\"og:image:type\" content=\"image\/jpeg\" \/>\n<meta name=\"author\" content=\"admin\" \/>\n<meta name=\"twitter:card\" content=\"summary_large_image\" \/>\n<meta name=\"twitter:label1\" content=\"Escrito por\" \/>\n\t<meta name=\"twitter:data1\" content=\"admin\" \/>\n\t<meta name=\"twitter:label2\" content=\"Tempo estimado de leitura\" \/>\n\t<meta name=\"twitter:data2\" content=\"2 minutos\" \/>\n<script type=\"application\/ld+json\" class=\"yoast-schema-graph\">{\"@context\":\"https:\\\/\\\/schema.org\",\"@graph\":[{\"@type\":\"Article\",\"@id\":\"https:\\\/\\\/encompaniastj.org\\\/pt-pt\\\/parroquia-de-san-jose-artesano-de-valencia-2\\\/#article\",\"isPartOf\":{\"@id\":\"https:\\\/\\\/encompaniastj.org\\\/pt-pt\\\/parroquia-de-san-jose-artesano-de-valencia-2\\\/\"},\"author\":{\"name\":\"admin\",\"@id\":\"https:\\\/\\\/encompaniastj.org\\\/pt-pt\\\/#\\\/schema\\\/person\\\/520e7ecc314793d40091993c2a02b651\"},\"headline\":\"Parroquia de San Jos\u00e9 Artesano de Valencia\",\"datePublished\":\"2024-05-28T06:03:26+00:00\",\"dateModified\":\"2025-07-07T14:25:17+00:00\",\"mainEntityOfPage\":{\"@id\":\"https:\\\/\\\/encompaniastj.org\\\/pt-pt\\\/parroquia-de-san-jose-artesano-de-valencia-2\\\/\"},\"wordCount\":171,\"commentCount\":0,\"publisher\":{\"@id\":\"https:\\\/\\\/encompaniastj.org\\\/pt-pt\\\/#organization\"},\"image\":{\"@id\":\"https:\\\/\\\/encompaniastj.org\\\/pt-pt\\\/parroquia-de-san-jose-artesano-de-valencia-2\\\/#primaryimage\"},\"thumbnailUrl\":\"https:\\\/\\\/encompaniastj.org\\\/wp-content\\\/uploads\\\/2025\\\/05\\\/f2-1-2.jpg\",\"articleSection\":[\"A\u00e7\u00e3o Social\",\"Acci\u00f3n Social\",\"Noticias\"],\"inLanguage\":\"pt-PT\",\"potentialAction\":[{\"@type\":\"CommentAction\",\"name\":\"Comment\",\"target\":[\"https:\\\/\\\/encompaniastj.org\\\/pt-pt\\\/parroquia-de-san-jose-artesano-de-valencia-2\\\/#respond\"]}]},{\"@type\":\"WebPage\",\"@id\":\"https:\\\/\\\/encompaniastj.org\\\/pt-pt\\\/parroquia-de-san-jose-artesano-de-valencia-2\\\/\",\"url\":\"https:\\\/\\\/encompaniastj.org\\\/pt-pt\\\/parroquia-de-san-jose-artesano-de-valencia-2\\\/\",\"name\":\"Parroquia de San Jos\u00e9 Artesano de Valencia - En Compa\u00f1\u00eda STJ\",\"isPartOf\":{\"@id\":\"https:\\\/\\\/encompaniastj.org\\\/pt-pt\\\/#website\"},\"primaryImageOfPage\":{\"@id\":\"https:\\\/\\\/encompaniastj.org\\\/pt-pt\\\/parroquia-de-san-jose-artesano-de-valencia-2\\\/#primaryimage\"},\"image\":{\"@id\":\"https:\\\/\\\/encompaniastj.org\\\/pt-pt\\\/parroquia-de-san-jose-artesano-de-valencia-2\\\/#primaryimage\"},\"thumbnailUrl\":\"https:\\\/\\\/encompaniastj.org\\\/wp-content\\\/uploads\\\/2025\\\/05\\\/f2-1-2.jpg\",\"datePublished\":\"2024-05-28T06:03:26+00:00\",\"dateModified\":\"2025-07-07T14:25:17+00:00\",\"breadcrumb\":{\"@id\":\"https:\\\/\\\/encompaniastj.org\\\/pt-pt\\\/parroquia-de-san-jose-artesano-de-valencia-2\\\/#breadcrumb\"},\"inLanguage\":\"pt-PT\",\"potentialAction\":[{\"@type\":\"ReadAction\",\"target\":[\"https:\\\/\\\/encompaniastj.org\\\/pt-pt\\\/parroquia-de-san-jose-artesano-de-valencia-2\\\/\"]}]},{\"@type\":\"ImageObject\",\"inLanguage\":\"pt-PT\",\"@id\":\"https:\\\/\\\/encompaniastj.org\\\/pt-pt\\\/parroquia-de-san-jose-artesano-de-valencia-2\\\/#primaryimage\",\"url\":\"https:\\\/\\\/encompaniastj.org\\\/wp-content\\\/uploads\\\/2025\\\/05\\\/f2-1-2.jpg\",\"contentUrl\":\"https:\\\/\\\/encompaniastj.org\\\/wp-content\\\/uploads\\\/2025\\\/05\\\/f2-1-2.jpg\",\"width\":738,\"height\":1600},{\"@type\":\"BreadcrumbList\",\"@id\":\"https:\\\/\\\/encompaniastj.org\\\/pt-pt\\\/parroquia-de-san-jose-artesano-de-valencia-2\\\/#breadcrumb\",\"itemListElement\":[{\"@type\":\"ListItem\",\"position\":1,\"name\":\"Portada\",\"item\":\"https:\\\/\\\/encompaniastj.org\\\/pt-pt\\\/\"},{\"@type\":\"ListItem\",\"position\":2,\"name\":\"Parroquia de San Jos\u00e9 Artesano de Valencia\"}]},{\"@type\":\"WebSite\",\"@id\":\"https:\\\/\\\/encompaniastj.org\\\/pt-pt\\\/#website\",\"url\":\"https:\\\/\\\/encompaniastj.org\\\/pt-pt\\\/\",\"name\":\"En Compa\u00f1\u00eda STJ\",\"description\":\"Bolet\u00edn de la Compa\u00f1\u00eda de Santa Teresa de Jes\u00fas\",\"publisher\":{\"@id\":\"https:\\\/\\\/encompaniastj.org\\\/pt-pt\\\/#organization\"},\"potentialAction\":[{\"@type\":\"SearchAction\",\"target\":{\"@type\":\"EntryPoint\",\"urlTemplate\":\"https:\\\/\\\/encompaniastj.org\\\/pt-pt\\\/?s={search_term_string}\"},\"query-input\":{\"@type\":\"PropertyValueSpecification\",\"valueRequired\":true,\"valueName\":\"search_term_string\"}}],\"inLanguage\":\"pt-PT\"},{\"@type\":\"Organization\",\"@id\":\"https:\\\/\\\/encompaniastj.org\\\/pt-pt\\\/#organization\",\"name\":\"Compa\u00f1\u00eda de Santa Teresa de Jes\u00fas\",\"url\":\"https:\\\/\\\/encompaniastj.org\\\/pt-pt\\\/\",\"logo\":{\"@type\":\"ImageObject\",\"inLanguage\":\"pt-PT\",\"@id\":\"https:\\\/\\\/encompaniastj.org\\\/pt-pt\\\/#\\\/schema\\\/logo\\\/image\\\/\",\"url\":\"https:\\\/\\\/encompaniastj.org\\\/wp-content\\\/uploads\\\/2025\\\/04\\\/logo_provincias02-1-3.png\",\"contentUrl\":\"https:\\\/\\\/encompaniastj.org\\\/wp-content\\\/uploads\\\/2025\\\/04\\\/logo_provincias02-1-3.png\",\"width\":2368,\"height\":825,\"caption\":\"Compa\u00f1\u00eda de Santa Teresa de Jes\u00fas\"},\"image\":{\"@id\":\"https:\\\/\\\/encompaniastj.org\\\/pt-pt\\\/#\\\/schema\\\/logo\\\/image\\\/\"}},{\"@type\":\"Person\",\"@id\":\"https:\\\/\\\/encompaniastj.org\\\/pt-pt\\\/#\\\/schema\\\/person\\\/520e7ecc314793d40091993c2a02b651\",\"name\":\"admin\",\"image\":{\"@type\":\"ImageObject\",\"inLanguage\":\"pt-PT\",\"@id\":\"https:\\\/\\\/secure.gravatar.com\\\/avatar\\\/948b492cce32b586ac2db0eaa926ee87024f7afe218d73b397ea5ddfc5f43ea1?s=96&d=mm&r=g\",\"url\":\"https:\\\/\\\/secure.gravatar.com\\\/avatar\\\/948b492cce32b586ac2db0eaa926ee87024f7afe218d73b397ea5ddfc5f43ea1?s=96&d=mm&r=g\",\"contentUrl\":\"https:\\\/\\\/secure.gravatar.com\\\/avatar\\\/948b492cce32b586ac2db0eaa926ee87024f7afe218d73b397ea5ddfc5f43ea1?s=96&d=mm&r=g\",\"caption\":\"admin\"},\"sameAs\":[\"https:\\\/\\\/encompaniastj.org\"],\"url\":\"https:\\\/\\\/encompaniastj.org\\\/pt-pt\\\/author\\\/sjdigital\\\/\"}]}<\/script>\n<!-- \/ Yoast SEO plugin. -->","yoast_head_json":{"title":"Parroquia de San Jos\u00e9 Artesano de Valencia - En Compa\u00f1\u00eda STJ","robots":{"index":"index","follow":"follow","max-snippet":"max-snippet:-1","max-image-preview":"max-image-preview:large","max-video-preview":"max-video-preview:-1"},"canonical":"https:\/\/encompaniastj.org\/pt-pt\/parroquia-de-san-jose-artesano-de-valencia-2\/","og_locale":"pt_PT","og_type":"article","og_title":"Parroquia de San Jos\u00e9 Artesano de Valencia - En Compa\u00f1\u00eda STJ","og_description":"Uma comunidade no bairro de Artistas Falleros de Benicalap, na periferia de Val\u00eancia. Aberta, &#8220;inter, no cultural, racial, religioso&#8230;&#8221; \u00e0 que pertencem migrantes paraguaios, colombianos&#8230; e alberga no seu espa\u00e7o [&hellip;]","og_url":"https:\/\/encompaniastj.org\/pt-pt\/parroquia-de-san-jose-artesano-de-valencia-2\/","og_site_name":"En Compa\u00f1\u00eda STJ","article_published_time":"2024-05-28T06:03:26+00:00","article_modified_time":"2025-07-07T14:25:17+00:00","og_image":[{"width":738,"height":1600,"url":"https:\/\/encompaniastj.org\/wp-content\/uploads\/2025\/05\/f2-1-2.jpg","type":"image\/jpeg"}],"author":"admin","twitter_card":"summary_large_image","twitter_misc":{"Escrito por":"admin","Tempo estimado de leitura":"2 minutos"},"schema":{"@context":"https:\/\/schema.org","@graph":[{"@type":"Article","@id":"https:\/\/encompaniastj.org\/pt-pt\/parroquia-de-san-jose-artesano-de-valencia-2\/#article","isPartOf":{"@id":"https:\/\/encompaniastj.org\/pt-pt\/parroquia-de-san-jose-artesano-de-valencia-2\/"},"author":{"name":"admin","@id":"https:\/\/encompaniastj.org\/pt-pt\/#\/schema\/person\/520e7ecc314793d40091993c2a02b651"},"headline":"Parroquia de San Jos\u00e9 Artesano de Valencia","datePublished":"2024-05-28T06:03:26+00:00","dateModified":"2025-07-07T14:25:17+00:00","mainEntityOfPage":{"@id":"https:\/\/encompaniastj.org\/pt-pt\/parroquia-de-san-jose-artesano-de-valencia-2\/"},"wordCount":171,"commentCount":0,"publisher":{"@id":"https:\/\/encompaniastj.org\/pt-pt\/#organization"},"image":{"@id":"https:\/\/encompaniastj.org\/pt-pt\/parroquia-de-san-jose-artesano-de-valencia-2\/#primaryimage"},"thumbnailUrl":"https:\/\/encompaniastj.org\/wp-content\/uploads\/2025\/05\/f2-1-2.jpg","articleSection":["A\u00e7\u00e3o Social","Acci\u00f3n Social","Noticias"],"inLanguage":"pt-PT","potentialAction":[{"@type":"CommentAction","name":"Comment","target":["https:\/\/encompaniastj.org\/pt-pt\/parroquia-de-san-jose-artesano-de-valencia-2\/#respond"]}]},{"@type":"WebPage","@id":"https:\/\/encompaniastj.org\/pt-pt\/parroquia-de-san-jose-artesano-de-valencia-2\/","url":"https:\/\/encompaniastj.org\/pt-pt\/parroquia-de-san-jose-artesano-de-valencia-2\/","name":"Parroquia de San Jos\u00e9 Artesano de Valencia - En Compa\u00f1\u00eda STJ","isPartOf":{"@id":"https:\/\/encompaniastj.org\/pt-pt\/#website"},"primaryImageOfPage":{"@id":"https:\/\/encompaniastj.org\/pt-pt\/parroquia-de-san-jose-artesano-de-valencia-2\/#primaryimage"},"image":{"@id":"https:\/\/encompaniastj.org\/pt-pt\/parroquia-de-san-jose-artesano-de-valencia-2\/#primaryimage"},"thumbnailUrl":"https:\/\/encompaniastj.org\/wp-content\/uploads\/2025\/05\/f2-1-2.jpg","datePublished":"2024-05-28T06:03:26+00:00","dateModified":"2025-07-07T14:25:17+00:00","breadcrumb":{"@id":"https:\/\/encompaniastj.org\/pt-pt\/parroquia-de-san-jose-artesano-de-valencia-2\/#breadcrumb"},"inLanguage":"pt-PT","potentialAction":[{"@type":"ReadAction","target":["https:\/\/encompaniastj.org\/pt-pt\/parroquia-de-san-jose-artesano-de-valencia-2\/"]}]},{"@type":"ImageObject","inLanguage":"pt-PT","@id":"https:\/\/encompaniastj.org\/pt-pt\/parroquia-de-san-jose-artesano-de-valencia-2\/#primaryimage","url":"https:\/\/encompaniastj.org\/wp-content\/uploads\/2025\/05\/f2-1-2.jpg","contentUrl":"https:\/\/encompaniastj.org\/wp-content\/uploads\/2025\/05\/f2-1-2.jpg","width":738,"height":1600},{"@type":"BreadcrumbList","@id":"https:\/\/encompaniastj.org\/pt-pt\/parroquia-de-san-jose-artesano-de-valencia-2\/#breadcrumb","itemListElement":[{"@type":"ListItem","position":1,"name":"Portada","item":"https:\/\/encompaniastj.org\/pt-pt\/"},{"@type":"ListItem","position":2,"name":"Parroquia de San Jos\u00e9 Artesano de Valencia"}]},{"@type":"WebSite","@id":"https:\/\/encompaniastj.org\/pt-pt\/#website","url":"https:\/\/encompaniastj.org\/pt-pt\/","name":"En Compa\u00f1\u00eda STJ","description":"Bolet\u00edn de la Compa\u00f1\u00eda de Santa Teresa de Jes\u00fas","publisher":{"@id":"https:\/\/encompaniastj.org\/pt-pt\/#organization"},"potentialAction":[{"@type":"SearchAction","target":{"@type":"EntryPoint","urlTemplate":"https:\/\/encompaniastj.org\/pt-pt\/?s={search_term_string}"},"query-input":{"@type":"PropertyValueSpecification","valueRequired":true,"valueName":"search_term_string"}}],"inLanguage":"pt-PT"},{"@type":"Organization","@id":"https:\/\/encompaniastj.org\/pt-pt\/#organization","name":"Compa\u00f1\u00eda de Santa Teresa de Jes\u00fas","url":"https:\/\/encompaniastj.org\/pt-pt\/","logo":{"@type":"ImageObject","inLanguage":"pt-PT","@id":"https:\/\/encompaniastj.org\/pt-pt\/#\/schema\/logo\/image\/","url":"https:\/\/encompaniastj.org\/wp-content\/uploads\/2025\/04\/logo_provincias02-1-3.png","contentUrl":"https:\/\/encompaniastj.org\/wp-content\/uploads\/2025\/04\/logo_provincias02-1-3.png","width":2368,"height":825,"caption":"Compa\u00f1\u00eda de Santa Teresa de Jes\u00fas"},"image":{"@id":"https:\/\/encompaniastj.org\/pt-pt\/#\/schema\/logo\/image\/"}},{"@type":"Person","@id":"https:\/\/encompaniastj.org\/pt-pt\/#\/schema\/person\/520e7ecc314793d40091993c2a02b651","name":"admin","image":{"@type":"ImageObject","inLanguage":"pt-PT","@id":"https:\/\/secure.gravatar.com\/avatar\/948b492cce32b586ac2db0eaa926ee87024f7afe218d73b397ea5ddfc5f43ea1?s=96&d=mm&r=g","url":"https:\/\/secure.gravatar.com\/avatar\/948b492cce32b586ac2db0eaa926ee87024f7afe218d73b397ea5ddfc5f43ea1?s=96&d=mm&r=g","contentUrl":"https:\/\/secure.gravatar.com\/avatar\/948b492cce32b586ac2db0eaa926ee87024f7afe218d73b397ea5ddfc5f43ea1?s=96&d=mm&r=g","caption":"admin"},"sameAs":["https:\/\/encompaniastj.org"],"url":"https:\/\/encompaniastj.org\/pt-pt\/author\/sjdigital\/"}]}},"_links":{"self":[{"href":"https:\/\/encompaniastj.org\/pt-pt\/wp-json\/wp\/v2\/posts\/12074","targetHints":{"allow":["GET"]}}],"collection":[{"href":"https:\/\/encompaniastj.org\/pt-pt\/wp-json\/wp\/v2\/posts"}],"about":[{"href":"https:\/\/encompaniastj.org\/pt-pt\/wp-json\/wp\/v2\/types\/post"}],"author":[{"embeddable":true,"href":"https:\/\/encompaniastj.org\/pt-pt\/wp-json\/wp\/v2\/users\/1"}],"replies":[{"embeddable":true,"href":"https:\/\/encompaniastj.org\/pt-pt\/wp-json\/wp\/v2\/comments?post=12074"}],"version-history":[{"count":1,"href":"https:\/\/encompaniastj.org\/pt-pt\/wp-json\/wp\/v2\/posts\/12074\/revisions"}],"predecessor-version":[{"id":12075,"href":"https:\/\/encompaniastj.org\/pt-pt\/wp-json\/wp\/v2\/posts\/12074\/revisions\/12075"}],"wp:featuredmedia":[{"embeddable":true,"href":"https:\/\/encompaniastj.org\/pt-pt\/wp-json\/wp\/v2\/media\/8689"}],"wp:attachment":[{"href":"https:\/\/encompaniastj.org\/pt-pt\/wp-json\/wp\/v2\/media?parent=12074"}],"wp:term":[{"taxonomy":"category","embeddable":true,"href":"https:\/\/encompaniastj.org\/pt-pt\/wp-json\/wp\/v2\/categories?post=12074"},{"taxonomy":"post_tag","embeddable":true,"href":"https:\/\/encompaniastj.org\/pt-pt\/wp-json\/wp\/v2\/tags?post=12074"}],"curies":[{"name":"wp","href":"https:\/\/api.w.org\/{rel}","templated":true}]}}