{"id":12070,"date":"2024-05-28T06:08:47","date_gmt":"2024-05-28T04:08:47","guid":{"rendered":"https:\/\/encompaniastj.org\/encontro-de-pentecostes-da-mta-em-tortosa\/"},"modified":"2025-07-07T16:25:15","modified_gmt":"2025-07-07T14:25:15","slug":"encontro-de-pentecostes-da-mta-em-tortosa","status":"publish","type":"post","link":"https:\/\/encompaniastj.org\/pt-pt\/encontro-de-pentecostes-da-mta-em-tortosa\/","title":{"rendered":"Encontro de Pentecostes da MTA em Tortosa"},"content":{"rendered":"<p>O ESP\u00cdRITO SOPROU no Encontro de Pentecostes da MTA em Tortosa, este ano de 2024. Casa aberta, acolhimento, diversidade, encontros, di\u00e1logos, sil\u00eancio, mesa partilhada&#8230; celebrando em fam\u00edlia teresiana que o Esp\u00edrito cria e recria a comunidade, que somos Igreja. O lema <em>JUNTOS EM CAMINHO<\/em> colocou o nosso olhar e os passos no caminho sinodal, com a beleza da m\u00fasica que nos envolveu ao longo de todo do fim de semana.<\/p>\n<p>Vindos de Pamplona, Sarago\u00e7a, Tarragona, Tortosa, Val\u00eancia e Barcelona para nos abrirmos \u00e0 escuta do Esp\u00edrito, deixamo-nos levar pela sua din\u00e2mica, sempre surpreendente, sempre transbordante, sempre conduzindo-nos ao mais fundo. Depois de uma interessante apresenta\u00e7\u00e3o do percurso sinodal por Montse Rescalvo e Cori Casanova, absolutamente experiencial, rica de propostas e cheia de esperan\u00e7a, fizemos uma gincana que foi sequenciando os conte\u00fados de tal forma que co-cri\u00e1mos. Assim, a metodologia de trabalho j\u00e1 era uma experi\u00eancia sinodal: refletir, prop\u00f4r, ouvir, dialogar, come\u00e7ar e terminar juntos, experimentar a for\u00e7a da comunh\u00e3o&#8230; Ajudou-nos a viver como um pequeno laborat\u00f3rio, nesta Igreja que o Esp\u00edrito est\u00e1 continuamente a gerar. Cada grupo fez um puzzle a partir das pe\u00e7as obtidas em cada etapa, e algumas figuras pl\u00e1sticas que mais tarde foram transformadas em oferendas.<\/p>\n<p>Esta &#8220;forma\u00e7\u00e3o&#8221; numa Igreja sinodal foi tecendo fraternidade e preparou-nos para a Vig\u00edlia juntamente com D. Sergi Gordo, Bispo de Tortosa que presidiu \u00e0 celebra\u00e7\u00e3o. O clima de ora\u00e7\u00e3o promovido pelo grupo &#8220;A D\u00e9cada Religiosa&#8221; foi incr\u00edvel. A simplicidade e a espontaneidade do Bispo, e o carinho que demonstrava pelo Padre Henrique, conquistaram-nos a todos.\u00a0 A Palavra, a oferta, a s\u00faplica, a a\u00e7\u00e3o de gra\u00e7as, no ritmo maravilhoso da Vig\u00edlia, abriram-nos \u00e0 presen\u00e7a do Esp\u00edrito. E a festa continuou, saboreando um bom coctail, bem regado com vinho doce de Vinebre. Vivemos as promessas de Jesus: Ningu\u00e9m vos tirar\u00e1 a alegria!<\/p>\n<p>No domingo desfrutamos da m\u00fasica transformada em ora\u00e7\u00e3o com Salom\u00e9 Arricibita, a partir do desejo de dar vida \u00e0s palavras de Teresa de Jesus &#8220;Juntos andemos, Senhor&#8221;. As palavras e mensagens teresianas de S\u00e3o Henrique acompanharam-nos com diferentes c\u00e2nticos e ora\u00e7\u00f5es, com um maravilhoso altar sobre o qual transbordavam para n\u00f3s os dons do Esp\u00edrito: ali estavam os nossos nomes, as nossas velas, a nossa promessa de ora\u00e7\u00e3o uns pelos outros. A voz maravilhosa, e a sensibilidade de Salom\u00e9, que combinava a linguagem da fam\u00edlia teresiana com uma narrativa profunda que consolidava a a\u00e7\u00e3o do Esp\u00edrito.<\/p>\n<p>Terminamos o nosso encontro de Pentecostes como sempre, em homenagem ao Padre Henrique. Diante dele apresentamos o nosso planeta, oferecendo a nossa luz sobre as realidades que hoje pedem para serem renovadas as brasas, num mundo que arde, e que espera uma m\u00e3o, a nossa, para alimentar estas sementes de vida e de esperan\u00e7a.<\/p>\n<p><img loading=\"lazy\" decoding=\"async\" class=\"aligncenter wp-image-12844 size-large\" src=\"https:\/\/encompaniastj.org\/wp-content\/uploads\/2025\/05\/f2-7.jpg\" alt=\"\" width=\"1024\" height=\"768\" \/><\/p>\n<p><img loading=\"lazy\" decoding=\"async\" class=\"aligncenter wp-image-12846 size-large\" src=\"https:\/\/encompaniastj.org\/wp-content\/uploads\/2025\/05\/f3-6.jpg\" alt=\"\" width=\"768\" height=\"1024\" \/><\/p>\n<p><img loading=\"lazy\" decoding=\"async\" class=\"aligncenter wp-image-12848 size-large\" src=\"https:\/\/encompaniastj.org\/wp-content\/uploads\/2025\/05\/f4-3.jpg\" alt=\"\" width=\"1024\" height=\"768\" \/><\/p>\n<p>&nbsp;<\/p>\n","protected":false},"excerpt":{"rendered":"<p>O ESP\u00cdRITO SOPROU no Encontro de Pentecostes da MTA em Tortosa, este ano de 2024. Casa aberta, acolhimento, diversidade, encontros, di\u00e1logos, sil\u00eancio, mesa partilhada&#8230; celebrando em fam\u00edlia teresiana que o [&hellip;]<\/p>\n","protected":false},"author":1,"featured_media":8686,"comment_status":"open","ping_status":"open","sticky":false,"template":"","format":"standard","meta":{"_acf_changed":false,"footnotes":""},"categories":[79,81],"tags":[],"class_list":["post-12070","post","type-post","status-publish","format-standard","has-post-thumbnail","hentry","category-stj","category-stj-pt"],"acf":[],"yoast_head":"<!-- This site is optimized with the Yoast SEO plugin v27.5 - https:\/\/yoast.com\/product\/yoast-seo-wordpress\/ -->\n<title>Encontro de Pentecostes da MTA em Tortosa - En Compa\u00f1\u00eda STJ<\/title>\n<meta name=\"robots\" content=\"index, follow, max-snippet:-1, max-image-preview:large, max-video-preview:-1\" \/>\n<link rel=\"canonical\" href=\"https:\/\/encompaniastj.org\/pt-pt\/encontro-de-pentecostes-da-mta-em-tortosa\/\" \/>\n<meta property=\"og:locale\" content=\"pt_PT\" \/>\n<meta property=\"og:type\" content=\"article\" \/>\n<meta property=\"og:title\" content=\"Encontro de Pentecostes da MTA em Tortosa - En Compa\u00f1\u00eda STJ\" \/>\n<meta property=\"og:description\" content=\"O ESP\u00cdRITO SOPROU no Encontro de Pentecostes da MTA em Tortosa, este ano de 2024. Casa aberta, acolhimento, diversidade, encontros, di\u00e1logos, sil\u00eancio, mesa partilhada&#8230; celebrando em fam\u00edlia teresiana que o [&hellip;]\" \/>\n<meta property=\"og:url\" content=\"https:\/\/encompaniastj.org\/pt-pt\/encontro-de-pentecostes-da-mta-em-tortosa\/\" \/>\n<meta property=\"og:site_name\" content=\"En Compa\u00f1\u00eda STJ\" \/>\n<meta property=\"article:published_time\" content=\"2024-05-28T04:08:47+00:00\" \/>\n<meta property=\"article:modified_time\" content=\"2025-07-07T14:25:15+00:00\" \/>\n<meta property=\"og:image\" content=\"https:\/\/encompaniastj.org\/wp-content\/uploads\/2025\/05\/f1-6.jpg\" \/>\n\t<meta property=\"og:image:width\" content=\"2000\" \/>\n\t<meta property=\"og:image:height\" content=\"1500\" \/>\n\t<meta property=\"og:image:type\" content=\"image\/jpeg\" \/>\n<meta name=\"author\" content=\"admin\" \/>\n<meta name=\"twitter:card\" content=\"summary_large_image\" \/>\n<meta name=\"twitter:label1\" content=\"Escrito por\" \/>\n\t<meta name=\"twitter:data1\" content=\"admin\" \/>\n\t<meta name=\"twitter:label2\" content=\"Tempo estimado de leitura\" \/>\n\t<meta name=\"twitter:data2\" content=\"3 minutos\" \/>\n<script type=\"application\/ld+json\" class=\"yoast-schema-graph\">{\"@context\":\"https:\\\/\\\/schema.org\",\"@graph\":[{\"@type\":\"Article\",\"@id\":\"https:\\\/\\\/encompaniastj.org\\\/pt-pt\\\/encontro-de-pentecostes-da-mta-em-tortosa\\\/#article\",\"isPartOf\":{\"@id\":\"https:\\\/\\\/encompaniastj.org\\\/pt-pt\\\/encontro-de-pentecostes-da-mta-em-tortosa\\\/\"},\"author\":{\"name\":\"admin\",\"@id\":\"https:\\\/\\\/encompaniastj.org\\\/pt-pt\\\/#\\\/schema\\\/person\\\/520e7ecc314793d40091993c2a02b651\"},\"headline\":\"Encontro de Pentecostes da MTA em Tortosa\",\"datePublished\":\"2024-05-28T04:08:47+00:00\",\"dateModified\":\"2025-07-07T14:25:15+00:00\",\"mainEntityOfPage\":{\"@id\":\"https:\\\/\\\/encompaniastj.org\\\/pt-pt\\\/encontro-de-pentecostes-da-mta-em-tortosa\\\/\"},\"wordCount\":502,\"commentCount\":0,\"publisher\":{\"@id\":\"https:\\\/\\\/encompaniastj.org\\\/pt-pt\\\/#organization\"},\"image\":{\"@id\":\"https:\\\/\\\/encompaniastj.org\\\/pt-pt\\\/encontro-de-pentecostes-da-mta-em-tortosa\\\/#primaryimage\"},\"thumbnailUrl\":\"https:\\\/\\\/encompaniastj.org\\\/wp-content\\\/uploads\\\/2025\\\/05\\\/f1-6.jpg\",\"articleSection\":[\"STJ\",\"STJ pt\"],\"inLanguage\":\"pt-PT\",\"potentialAction\":[{\"@type\":\"CommentAction\",\"name\":\"Comment\",\"target\":[\"https:\\\/\\\/encompaniastj.org\\\/pt-pt\\\/encontro-de-pentecostes-da-mta-em-tortosa\\\/#respond\"]}]},{\"@type\":\"WebPage\",\"@id\":\"https:\\\/\\\/encompaniastj.org\\\/pt-pt\\\/encontro-de-pentecostes-da-mta-em-tortosa\\\/\",\"url\":\"https:\\\/\\\/encompaniastj.org\\\/pt-pt\\\/encontro-de-pentecostes-da-mta-em-tortosa\\\/\",\"name\":\"Encontro de Pentecostes da MTA em Tortosa - En Compa\u00f1\u00eda STJ\",\"isPartOf\":{\"@id\":\"https:\\\/\\\/encompaniastj.org\\\/pt-pt\\\/#website\"},\"primaryImageOfPage\":{\"@id\":\"https:\\\/\\\/encompaniastj.org\\\/pt-pt\\\/encontro-de-pentecostes-da-mta-em-tortosa\\\/#primaryimage\"},\"image\":{\"@id\":\"https:\\\/\\\/encompaniastj.org\\\/pt-pt\\\/encontro-de-pentecostes-da-mta-em-tortosa\\\/#primaryimage\"},\"thumbnailUrl\":\"https:\\\/\\\/encompaniastj.org\\\/wp-content\\\/uploads\\\/2025\\\/05\\\/f1-6.jpg\",\"datePublished\":\"2024-05-28T04:08:47+00:00\",\"dateModified\":\"2025-07-07T14:25:15+00:00\",\"breadcrumb\":{\"@id\":\"https:\\\/\\\/encompaniastj.org\\\/pt-pt\\\/encontro-de-pentecostes-da-mta-em-tortosa\\\/#breadcrumb\"},\"inLanguage\":\"pt-PT\",\"potentialAction\":[{\"@type\":\"ReadAction\",\"target\":[\"https:\\\/\\\/encompaniastj.org\\\/pt-pt\\\/encontro-de-pentecostes-da-mta-em-tortosa\\\/\"]}]},{\"@type\":\"ImageObject\",\"inLanguage\":\"pt-PT\",\"@id\":\"https:\\\/\\\/encompaniastj.org\\\/pt-pt\\\/encontro-de-pentecostes-da-mta-em-tortosa\\\/#primaryimage\",\"url\":\"https:\\\/\\\/encompaniastj.org\\\/wp-content\\\/uploads\\\/2025\\\/05\\\/f1-6.jpg\",\"contentUrl\":\"https:\\\/\\\/encompaniastj.org\\\/wp-content\\\/uploads\\\/2025\\\/05\\\/f1-6.jpg\",\"width\":2000,\"height\":1500},{\"@type\":\"BreadcrumbList\",\"@id\":\"https:\\\/\\\/encompaniastj.org\\\/pt-pt\\\/encontro-de-pentecostes-da-mta-em-tortosa\\\/#breadcrumb\",\"itemListElement\":[{\"@type\":\"ListItem\",\"position\":1,\"name\":\"Portada\",\"item\":\"https:\\\/\\\/encompaniastj.org\\\/pt-pt\\\/\"},{\"@type\":\"ListItem\",\"position\":2,\"name\":\"Encontro de Pentecostes da MTA em Tortosa\"}]},{\"@type\":\"WebSite\",\"@id\":\"https:\\\/\\\/encompaniastj.org\\\/pt-pt\\\/#website\",\"url\":\"https:\\\/\\\/encompaniastj.org\\\/pt-pt\\\/\",\"name\":\"En Compa\u00f1\u00eda STJ\",\"description\":\"Bolet\u00edn de la Compa\u00f1\u00eda de Santa Teresa de Jes\u00fas\",\"publisher\":{\"@id\":\"https:\\\/\\\/encompaniastj.org\\\/pt-pt\\\/#organization\"},\"potentialAction\":[{\"@type\":\"SearchAction\",\"target\":{\"@type\":\"EntryPoint\",\"urlTemplate\":\"https:\\\/\\\/encompaniastj.org\\\/pt-pt\\\/?s={search_term_string}\"},\"query-input\":{\"@type\":\"PropertyValueSpecification\",\"valueRequired\":true,\"valueName\":\"search_term_string\"}}],\"inLanguage\":\"pt-PT\"},{\"@type\":\"Organization\",\"@id\":\"https:\\\/\\\/encompaniastj.org\\\/pt-pt\\\/#organization\",\"name\":\"Compa\u00f1\u00eda de Santa Teresa de Jes\u00fas\",\"url\":\"https:\\\/\\\/encompaniastj.org\\\/pt-pt\\\/\",\"logo\":{\"@type\":\"ImageObject\",\"inLanguage\":\"pt-PT\",\"@id\":\"https:\\\/\\\/encompaniastj.org\\\/pt-pt\\\/#\\\/schema\\\/logo\\\/image\\\/\",\"url\":\"https:\\\/\\\/encompaniastj.org\\\/wp-content\\\/uploads\\\/2025\\\/04\\\/logo_provincias02-1-3.png\",\"contentUrl\":\"https:\\\/\\\/encompaniastj.org\\\/wp-content\\\/uploads\\\/2025\\\/04\\\/logo_provincias02-1-3.png\",\"width\":2368,\"height\":825,\"caption\":\"Compa\u00f1\u00eda de Santa Teresa de Jes\u00fas\"},\"image\":{\"@id\":\"https:\\\/\\\/encompaniastj.org\\\/pt-pt\\\/#\\\/schema\\\/logo\\\/image\\\/\"}},{\"@type\":\"Person\",\"@id\":\"https:\\\/\\\/encompaniastj.org\\\/pt-pt\\\/#\\\/schema\\\/person\\\/520e7ecc314793d40091993c2a02b651\",\"name\":\"admin\",\"image\":{\"@type\":\"ImageObject\",\"inLanguage\":\"pt-PT\",\"@id\":\"https:\\\/\\\/secure.gravatar.com\\\/avatar\\\/948b492cce32b586ac2db0eaa926ee87024f7afe218d73b397ea5ddfc5f43ea1?s=96&d=mm&r=g\",\"url\":\"https:\\\/\\\/secure.gravatar.com\\\/avatar\\\/948b492cce32b586ac2db0eaa926ee87024f7afe218d73b397ea5ddfc5f43ea1?s=96&d=mm&r=g\",\"contentUrl\":\"https:\\\/\\\/secure.gravatar.com\\\/avatar\\\/948b492cce32b586ac2db0eaa926ee87024f7afe218d73b397ea5ddfc5f43ea1?s=96&d=mm&r=g\",\"caption\":\"admin\"},\"sameAs\":[\"https:\\\/\\\/encompaniastj.org\"],\"url\":\"https:\\\/\\\/encompaniastj.org\\\/pt-pt\\\/author\\\/sjdigital\\\/\"}]}<\/script>\n<!-- \/ Yoast SEO plugin. -->","yoast_head_json":{"title":"Encontro de Pentecostes da MTA em Tortosa - En Compa\u00f1\u00eda STJ","robots":{"index":"index","follow":"follow","max-snippet":"max-snippet:-1","max-image-preview":"max-image-preview:large","max-video-preview":"max-video-preview:-1"},"canonical":"https:\/\/encompaniastj.org\/pt-pt\/encontro-de-pentecostes-da-mta-em-tortosa\/","og_locale":"pt_PT","og_type":"article","og_title":"Encontro de Pentecostes da MTA em Tortosa - En Compa\u00f1\u00eda STJ","og_description":"O ESP\u00cdRITO SOPROU no Encontro de Pentecostes da MTA em Tortosa, este ano de 2024. Casa aberta, acolhimento, diversidade, encontros, di\u00e1logos, sil\u00eancio, mesa partilhada&#8230; celebrando em fam\u00edlia teresiana que o [&hellip;]","og_url":"https:\/\/encompaniastj.org\/pt-pt\/encontro-de-pentecostes-da-mta-em-tortosa\/","og_site_name":"En Compa\u00f1\u00eda STJ","article_published_time":"2024-05-28T04:08:47+00:00","article_modified_time":"2025-07-07T14:25:15+00:00","og_image":[{"width":2000,"height":1500,"url":"https:\/\/encompaniastj.org\/wp-content\/uploads\/2025\/05\/f1-6.jpg","type":"image\/jpeg"}],"author":"admin","twitter_card":"summary_large_image","twitter_misc":{"Escrito por":"admin","Tempo estimado de leitura":"3 minutos"},"schema":{"@context":"https:\/\/schema.org","@graph":[{"@type":"Article","@id":"https:\/\/encompaniastj.org\/pt-pt\/encontro-de-pentecostes-da-mta-em-tortosa\/#article","isPartOf":{"@id":"https:\/\/encompaniastj.org\/pt-pt\/encontro-de-pentecostes-da-mta-em-tortosa\/"},"author":{"name":"admin","@id":"https:\/\/encompaniastj.org\/pt-pt\/#\/schema\/person\/520e7ecc314793d40091993c2a02b651"},"headline":"Encontro de Pentecostes da MTA em Tortosa","datePublished":"2024-05-28T04:08:47+00:00","dateModified":"2025-07-07T14:25:15+00:00","mainEntityOfPage":{"@id":"https:\/\/encompaniastj.org\/pt-pt\/encontro-de-pentecostes-da-mta-em-tortosa\/"},"wordCount":502,"commentCount":0,"publisher":{"@id":"https:\/\/encompaniastj.org\/pt-pt\/#organization"},"image":{"@id":"https:\/\/encompaniastj.org\/pt-pt\/encontro-de-pentecostes-da-mta-em-tortosa\/#primaryimage"},"thumbnailUrl":"https:\/\/encompaniastj.org\/wp-content\/uploads\/2025\/05\/f1-6.jpg","articleSection":["STJ","STJ pt"],"inLanguage":"pt-PT","potentialAction":[{"@type":"CommentAction","name":"Comment","target":["https:\/\/encompaniastj.org\/pt-pt\/encontro-de-pentecostes-da-mta-em-tortosa\/#respond"]}]},{"@type":"WebPage","@id":"https:\/\/encompaniastj.org\/pt-pt\/encontro-de-pentecostes-da-mta-em-tortosa\/","url":"https:\/\/encompaniastj.org\/pt-pt\/encontro-de-pentecostes-da-mta-em-tortosa\/","name":"Encontro de Pentecostes da MTA em Tortosa - En Compa\u00f1\u00eda STJ","isPartOf":{"@id":"https:\/\/encompaniastj.org\/pt-pt\/#website"},"primaryImageOfPage":{"@id":"https:\/\/encompaniastj.org\/pt-pt\/encontro-de-pentecostes-da-mta-em-tortosa\/#primaryimage"},"image":{"@id":"https:\/\/encompaniastj.org\/pt-pt\/encontro-de-pentecostes-da-mta-em-tortosa\/#primaryimage"},"thumbnailUrl":"https:\/\/encompaniastj.org\/wp-content\/uploads\/2025\/05\/f1-6.jpg","datePublished":"2024-05-28T04:08:47+00:00","dateModified":"2025-07-07T14:25:15+00:00","breadcrumb":{"@id":"https:\/\/encompaniastj.org\/pt-pt\/encontro-de-pentecostes-da-mta-em-tortosa\/#breadcrumb"},"inLanguage":"pt-PT","potentialAction":[{"@type":"ReadAction","target":["https:\/\/encompaniastj.org\/pt-pt\/encontro-de-pentecostes-da-mta-em-tortosa\/"]}]},{"@type":"ImageObject","inLanguage":"pt-PT","@id":"https:\/\/encompaniastj.org\/pt-pt\/encontro-de-pentecostes-da-mta-em-tortosa\/#primaryimage","url":"https:\/\/encompaniastj.org\/wp-content\/uploads\/2025\/05\/f1-6.jpg","contentUrl":"https:\/\/encompaniastj.org\/wp-content\/uploads\/2025\/05\/f1-6.jpg","width":2000,"height":1500},{"@type":"BreadcrumbList","@id":"https:\/\/encompaniastj.org\/pt-pt\/encontro-de-pentecostes-da-mta-em-tortosa\/#breadcrumb","itemListElement":[{"@type":"ListItem","position":1,"name":"Portada","item":"https:\/\/encompaniastj.org\/pt-pt\/"},{"@type":"ListItem","position":2,"name":"Encontro de Pentecostes da MTA em Tortosa"}]},{"@type":"WebSite","@id":"https:\/\/encompaniastj.org\/pt-pt\/#website","url":"https:\/\/encompaniastj.org\/pt-pt\/","name":"En Compa\u00f1\u00eda STJ","description":"Bolet\u00edn de la Compa\u00f1\u00eda de Santa Teresa de Jes\u00fas","publisher":{"@id":"https:\/\/encompaniastj.org\/pt-pt\/#organization"},"potentialAction":[{"@type":"SearchAction","target":{"@type":"EntryPoint","urlTemplate":"https:\/\/encompaniastj.org\/pt-pt\/?s={search_term_string}"},"query-input":{"@type":"PropertyValueSpecification","valueRequired":true,"valueName":"search_term_string"}}],"inLanguage":"pt-PT"},{"@type":"Organization","@id":"https:\/\/encompaniastj.org\/pt-pt\/#organization","name":"Compa\u00f1\u00eda de Santa Teresa de Jes\u00fas","url":"https:\/\/encompaniastj.org\/pt-pt\/","logo":{"@type":"ImageObject","inLanguage":"pt-PT","@id":"https:\/\/encompaniastj.org\/pt-pt\/#\/schema\/logo\/image\/","url":"https:\/\/encompaniastj.org\/wp-content\/uploads\/2025\/04\/logo_provincias02-1-3.png","contentUrl":"https:\/\/encompaniastj.org\/wp-content\/uploads\/2025\/04\/logo_provincias02-1-3.png","width":2368,"height":825,"caption":"Compa\u00f1\u00eda de Santa Teresa de Jes\u00fas"},"image":{"@id":"https:\/\/encompaniastj.org\/pt-pt\/#\/schema\/logo\/image\/"}},{"@type":"Person","@id":"https:\/\/encompaniastj.org\/pt-pt\/#\/schema\/person\/520e7ecc314793d40091993c2a02b651","name":"admin","image":{"@type":"ImageObject","inLanguage":"pt-PT","@id":"https:\/\/secure.gravatar.com\/avatar\/948b492cce32b586ac2db0eaa926ee87024f7afe218d73b397ea5ddfc5f43ea1?s=96&d=mm&r=g","url":"https:\/\/secure.gravatar.com\/avatar\/948b492cce32b586ac2db0eaa926ee87024f7afe218d73b397ea5ddfc5f43ea1?s=96&d=mm&r=g","contentUrl":"https:\/\/secure.gravatar.com\/avatar\/948b492cce32b586ac2db0eaa926ee87024f7afe218d73b397ea5ddfc5f43ea1?s=96&d=mm&r=g","caption":"admin"},"sameAs":["https:\/\/encompaniastj.org"],"url":"https:\/\/encompaniastj.org\/pt-pt\/author\/sjdigital\/"}]}},"_links":{"self":[{"href":"https:\/\/encompaniastj.org\/pt-pt\/wp-json\/wp\/v2\/posts\/12070","targetHints":{"allow":["GET"]}}],"collection":[{"href":"https:\/\/encompaniastj.org\/pt-pt\/wp-json\/wp\/v2\/posts"}],"about":[{"href":"https:\/\/encompaniastj.org\/pt-pt\/wp-json\/wp\/v2\/types\/post"}],"author":[{"embeddable":true,"href":"https:\/\/encompaniastj.org\/pt-pt\/wp-json\/wp\/v2\/users\/1"}],"replies":[{"embeddable":true,"href":"https:\/\/encompaniastj.org\/pt-pt\/wp-json\/wp\/v2\/comments?post=12070"}],"version-history":[{"count":1,"href":"https:\/\/encompaniastj.org\/pt-pt\/wp-json\/wp\/v2\/posts\/12070\/revisions"}],"predecessor-version":[{"id":12071,"href":"https:\/\/encompaniastj.org\/pt-pt\/wp-json\/wp\/v2\/posts\/12070\/revisions\/12071"}],"wp:featuredmedia":[{"embeddable":true,"href":"https:\/\/encompaniastj.org\/pt-pt\/wp-json\/wp\/v2\/media\/8686"}],"wp:attachment":[{"href":"https:\/\/encompaniastj.org\/pt-pt\/wp-json\/wp\/v2\/media?parent=12070"}],"wp:term":[{"taxonomy":"category","embeddable":true,"href":"https:\/\/encompaniastj.org\/pt-pt\/wp-json\/wp\/v2\/categories?post=12070"},{"taxonomy":"post_tag","embeddable":true,"href":"https:\/\/encompaniastj.org\/pt-pt\/wp-json\/wp\/v2\/tags?post=12070"}],"curies":[{"name":"wp","href":"https:\/\/api.w.org\/{rel}","templated":true}]}}