{"id":12062,"date":"2024-05-24T09:34:35","date_gmt":"2024-05-24T07:34:35","guid":{"rendered":"https:\/\/encompaniastj.org\/escola-de-magisterio-p-enrique-de-osso\/"},"modified":"2025-07-07T16:25:15","modified_gmt":"2025-07-07T14:25:15","slug":"escola-de-magisterio-p-enrique-de-osso","status":"publish","type":"post","link":"https:\/\/encompaniastj.org\/pt-pt\/escola-de-magisterio-p-enrique-de-osso\/","title":{"rendered":"Escola de Magist\u00e9rio P. Enrique de Oss\u00f3"},"content":{"rendered":"<p>Faculdade P. Oss\u00f3<\/p>\n<p>Este curso a faculdade celebra seu cinquenten\u00e1rio com diversos atos. Embora seja preciso remontar a alguns anos antes. No ano 1965, no col\u00e9gio de Oviedo, come\u00e7ou a forma\u00e7\u00e3o de professoras com as carater\u00edsticas da lei vigente para este tipo de estudos. Quando em 1973 entrou em vigor a lei Villar Palas\u00ed tornou-se necess\u00e1rio repensar a organiza\u00e7\u00e3o do que se realizava at\u00e9 ent\u00e3o. Em primeiro lugar, havia que procurar um novo espa\u00e7o para proporcionar as classes. Desde ent\u00e3o, a sede est\u00e1 no semin\u00e1rio metropolitano da cidade.<\/p>\n<p>A partir de 1973 a Companhia esteve presente no patronato da institui\u00e7\u00e3o e na dire\u00e7\u00e3o durante longos anos, sendo as diretoras as Irm\u00e3s Sara Hern\u00e1ndez e Soledad Fern\u00e1ndez-Marcote. Tamb\u00e9m trabalharam v\u00e1rias Irm\u00e3s, em diferentes momentos, na doc\u00eancia de diferentes disciplinas.<\/p>\n<p>Posteriormente, s\u00f3 houve presen\u00e7a no patronato e, finalmente, houve que renunciar a esta responsabilidade.<\/p>\n<p>No dia 7 de maio deste ano houve um evento significativo ao qual se convocava os antigos alunos e se convidava a Companhia e outras entidades que durante muitos anos participaram ativamente na gest\u00e3o e doc\u00eancia da escola. Come\u00e7ou com uma eucaristia na par\u00f3quia de S\u00e3o Francisco de Assis e, em seguida, um ato institucional no audit\u00f3rio Pr\u00edncipe Felipe de Oviedo.<\/p>\n<p>No ato tomaram a palavra o senhor Bispo, Don Jes\u00fas Sanz, o senhor Reitor da faculdade Don Jos\u00e9 Antonio Prieto, o senhor prefeito Don Alfredo Canteli e a senhora conselheira de educa\u00e7\u00e3o, Dona Lidia Espina.<\/p>\n<p>Destacou-se a contribui\u00e7\u00e3o da universidade de Oviedo, j\u00e1 que \u00e9 uma institui\u00e7\u00e3o que est\u00e1 recebendo muitos pr\u00e9mios e men\u00e7\u00f5es e participa ativamente em diferentes eventos a n\u00edvel nacional e internacional.<\/p>\n<p>Hoje esta Faculdade oferece os graus de educa\u00e7\u00e3o infantil e prim\u00e1ria e, tamb\u00e9m, educa\u00e7\u00e3o social e terapia ocupacional. H\u00e1 forma\u00e7\u00e3o permanente e diversas colabora\u00e7\u00f5es. Os dois \u00faltimos graus est\u00e3o a tornar-se muito atuais e \u00e9 a\u00ed que h\u00e1 maior desenvolvimento e maior colabora\u00e7\u00e3o com outras institui\u00e7\u00f5es.<\/p>\n<p>O ato foi conduzido pela jornalista In\u00e9s Paz e <em>um av\u00f4 <\/em>que contava \u00e0 sua neta as lembran\u00e7as da sua passagem pela escola. Foram recordando diferentes momentos e introduzindo uma atividade de gin\u00e1stica desportiva e outra de pe\u00e7as musicais interpretadas por um pianista cego e com malforma\u00e7\u00f5es em ambos os bra\u00e7os.<\/p>\n<p>Dois professores, um aposentado e o mais velho em atividade, junto com dois ex-alunos, tamb\u00e9m deram um breve testemunho da sua experi\u00eancia no centro.<\/p>\n<p>As tr\u00eas Irm\u00e3s que estivemos presentes est\u00e1vamos conscientes de representar a Companhia em uma obra muito querida por N. P. e por n\u00f3s, a forma\u00e7\u00e3o de novos educadores. Recordamos as que passaram por aqui e colaboraram no desenvolvimento desta entidade.<\/p>\n<p>E, como em muitas outras atividades, chega um momento em que \u00e9 preciso dar lugar a outros protagonistas. Hoje a Faculdade continua a ser da Igreja e ela continua a apostar porque nela se desenvolvem volunt\u00e1rios e atividades com proje\u00e7\u00e3o social que ajudem os formandos a estar conscientes da import\u00e2ncia das tarefas generosas e gratuitas.<\/p>\n<p>O nosso \u00e9 passar, como diria o poeta, fazendo caminhos que outros seguir\u00e3o. A nossa miss\u00e3o de extens\u00e3o do Reino atrav\u00e9s da educa\u00e7\u00e3o continua embora a presen\u00e7a nesta faculdade j\u00e1 \u00e9 passado.<\/p>\n<p><img loading=\"lazy\" decoding=\"async\" class=\"aligncenter wp-image-12824 size-large\" src=\"https:\/\/encompaniastj.org\/wp-content\/uploads\/2025\/05\/IMG_20240507_213657-scaled-1.jpg\" alt=\"\" width=\"766\" height=\"1024\" \/><\/p>\n<p><img loading=\"lazy\" decoding=\"async\" class=\"aligncenter wp-image-12822 size-large\" src=\"https:\/\/encompaniastj.org\/wp-content\/uploads\/2025\/05\/IMG_20240507_212800-scaled-1.jpg\" alt=\"\" width=\"1024\" height=\"766\" \/><\/p>\n<p>&nbsp;<\/p>\n","protected":false},"excerpt":{"rendered":"<p>Faculdade P. Oss\u00f3 Este curso a faculdade celebra seu cinquenten\u00e1rio com diversos atos. Embora seja preciso remontar a alguns anos antes. No ano 1965, no col\u00e9gio de Oviedo, come\u00e7ou a [&hellip;]<\/p>\n","protected":false},"author":1,"featured_media":8677,"comment_status":"open","ping_status":"open","sticky":false,"template":"","format":"standard","meta":{"_acf_changed":false,"footnotes":""},"categories":[61,62,68],"tags":[],"class_list":["post-12062","post","type-post","status-publish","format-standard","has-post-thumbnail","hentry","category-noticias","category-otras","category-outras"],"acf":[],"yoast_head":"<!-- This site is optimized with the Yoast SEO plugin v27.5 - https:\/\/yoast.com\/product\/yoast-seo-wordpress\/ -->\n<title>Escola de Magist\u00e9rio P. Enrique de Oss\u00f3 - En Compa\u00f1\u00eda STJ<\/title>\n<meta name=\"robots\" content=\"index, follow, max-snippet:-1, max-image-preview:large, max-video-preview:-1\" \/>\n<link rel=\"canonical\" href=\"https:\/\/encompaniastj.org\/pt-pt\/escola-de-magisterio-p-enrique-de-osso\/\" \/>\n<meta property=\"og:locale\" content=\"pt_PT\" \/>\n<meta property=\"og:type\" content=\"article\" \/>\n<meta property=\"og:title\" content=\"Escola de Magist\u00e9rio P. Enrique de Oss\u00f3 - En Compa\u00f1\u00eda STJ\" \/>\n<meta property=\"og:description\" content=\"Faculdade P. Oss\u00f3 Este curso a faculdade celebra seu cinquenten\u00e1rio com diversos atos. Embora seja preciso remontar a alguns anos antes. No ano 1965, no col\u00e9gio de Oviedo, come\u00e7ou a [&hellip;]\" \/>\n<meta property=\"og:url\" content=\"https:\/\/encompaniastj.org\/pt-pt\/escola-de-magisterio-p-enrique-de-osso\/\" \/>\n<meta property=\"og:site_name\" content=\"En Compa\u00f1\u00eda STJ\" \/>\n<meta property=\"article:published_time\" content=\"2024-05-24T07:34:35+00:00\" \/>\n<meta property=\"article:modified_time\" content=\"2025-07-07T14:25:15+00:00\" \/>\n<meta property=\"og:image\" content=\"https:\/\/encompaniastj.org\/wp-content\/uploads\/2025\/05\/1716112267218.jpg\" \/>\n\t<meta property=\"og:image:width\" content=\"2000\" \/>\n\t<meta property=\"og:image:height\" content=\"1333\" \/>\n\t<meta property=\"og:image:type\" content=\"image\/jpeg\" \/>\n<meta name=\"author\" content=\"admin\" \/>\n<meta name=\"twitter:card\" content=\"summary_large_image\" \/>\n<meta name=\"twitter:label1\" content=\"Escrito por\" \/>\n\t<meta name=\"twitter:data1\" content=\"admin\" \/>\n\t<meta name=\"twitter:label2\" content=\"Tempo estimado de leitura\" \/>\n\t<meta name=\"twitter:data2\" content=\"3 minutos\" \/>\n<script type=\"application\/ld+json\" class=\"yoast-schema-graph\">{\"@context\":\"https:\\\/\\\/schema.org\",\"@graph\":[{\"@type\":\"Article\",\"@id\":\"https:\\\/\\\/encompaniastj.org\\\/pt-pt\\\/escola-de-magisterio-p-enrique-de-osso\\\/#article\",\"isPartOf\":{\"@id\":\"https:\\\/\\\/encompaniastj.org\\\/pt-pt\\\/escola-de-magisterio-p-enrique-de-osso\\\/\"},\"author\":{\"name\":\"admin\",\"@id\":\"https:\\\/\\\/encompaniastj.org\\\/pt-pt\\\/#\\\/schema\\\/person\\\/520e7ecc314793d40091993c2a02b651\"},\"headline\":\"Escola de Magist\u00e9rio P. Enrique de Oss\u00f3\",\"datePublished\":\"2024-05-24T07:34:35+00:00\",\"dateModified\":\"2025-07-07T14:25:15+00:00\",\"mainEntityOfPage\":{\"@id\":\"https:\\\/\\\/encompaniastj.org\\\/pt-pt\\\/escola-de-magisterio-p-enrique-de-osso\\\/\"},\"wordCount\":581,\"commentCount\":0,\"publisher\":{\"@id\":\"https:\\\/\\\/encompaniastj.org\\\/pt-pt\\\/#organization\"},\"image\":{\"@id\":\"https:\\\/\\\/encompaniastj.org\\\/pt-pt\\\/escola-de-magisterio-p-enrique-de-osso\\\/#primaryimage\"},\"thumbnailUrl\":\"https:\\\/\\\/encompaniastj.org\\\/wp-content\\\/uploads\\\/2025\\\/05\\\/1716112267218.jpg\",\"articleSection\":[\"Noticias\",\"Otras\",\"Outras\"],\"inLanguage\":\"pt-PT\",\"potentialAction\":[{\"@type\":\"CommentAction\",\"name\":\"Comment\",\"target\":[\"https:\\\/\\\/encompaniastj.org\\\/pt-pt\\\/escola-de-magisterio-p-enrique-de-osso\\\/#respond\"]}]},{\"@type\":\"WebPage\",\"@id\":\"https:\\\/\\\/encompaniastj.org\\\/pt-pt\\\/escola-de-magisterio-p-enrique-de-osso\\\/\",\"url\":\"https:\\\/\\\/encompaniastj.org\\\/pt-pt\\\/escola-de-magisterio-p-enrique-de-osso\\\/\",\"name\":\"Escola de Magist\u00e9rio P. Enrique de Oss\u00f3 - En Compa\u00f1\u00eda STJ\",\"isPartOf\":{\"@id\":\"https:\\\/\\\/encompaniastj.org\\\/pt-pt\\\/#website\"},\"primaryImageOfPage\":{\"@id\":\"https:\\\/\\\/encompaniastj.org\\\/pt-pt\\\/escola-de-magisterio-p-enrique-de-osso\\\/#primaryimage\"},\"image\":{\"@id\":\"https:\\\/\\\/encompaniastj.org\\\/pt-pt\\\/escola-de-magisterio-p-enrique-de-osso\\\/#primaryimage\"},\"thumbnailUrl\":\"https:\\\/\\\/encompaniastj.org\\\/wp-content\\\/uploads\\\/2025\\\/05\\\/1716112267218.jpg\",\"datePublished\":\"2024-05-24T07:34:35+00:00\",\"dateModified\":\"2025-07-07T14:25:15+00:00\",\"breadcrumb\":{\"@id\":\"https:\\\/\\\/encompaniastj.org\\\/pt-pt\\\/escola-de-magisterio-p-enrique-de-osso\\\/#breadcrumb\"},\"inLanguage\":\"pt-PT\",\"potentialAction\":[{\"@type\":\"ReadAction\",\"target\":[\"https:\\\/\\\/encompaniastj.org\\\/pt-pt\\\/escola-de-magisterio-p-enrique-de-osso\\\/\"]}]},{\"@type\":\"ImageObject\",\"inLanguage\":\"pt-PT\",\"@id\":\"https:\\\/\\\/encompaniastj.org\\\/pt-pt\\\/escola-de-magisterio-p-enrique-de-osso\\\/#primaryimage\",\"url\":\"https:\\\/\\\/encompaniastj.org\\\/wp-content\\\/uploads\\\/2025\\\/05\\\/1716112267218.jpg\",\"contentUrl\":\"https:\\\/\\\/encompaniastj.org\\\/wp-content\\\/uploads\\\/2025\\\/05\\\/1716112267218.jpg\",\"width\":2000,\"height\":1333},{\"@type\":\"BreadcrumbList\",\"@id\":\"https:\\\/\\\/encompaniastj.org\\\/pt-pt\\\/escola-de-magisterio-p-enrique-de-osso\\\/#breadcrumb\",\"itemListElement\":[{\"@type\":\"ListItem\",\"position\":1,\"name\":\"Portada\",\"item\":\"https:\\\/\\\/encompaniastj.org\\\/pt-pt\\\/\"},{\"@type\":\"ListItem\",\"position\":2,\"name\":\"Escola de Magist\u00e9rio P. Enrique de Oss\u00f3\"}]},{\"@type\":\"WebSite\",\"@id\":\"https:\\\/\\\/encompaniastj.org\\\/pt-pt\\\/#website\",\"url\":\"https:\\\/\\\/encompaniastj.org\\\/pt-pt\\\/\",\"name\":\"En Compa\u00f1\u00eda STJ\",\"description\":\"Bolet\u00edn de la Compa\u00f1\u00eda de Santa Teresa de Jes\u00fas\",\"publisher\":{\"@id\":\"https:\\\/\\\/encompaniastj.org\\\/pt-pt\\\/#organization\"},\"potentialAction\":[{\"@type\":\"SearchAction\",\"target\":{\"@type\":\"EntryPoint\",\"urlTemplate\":\"https:\\\/\\\/encompaniastj.org\\\/pt-pt\\\/?s={search_term_string}\"},\"query-input\":{\"@type\":\"PropertyValueSpecification\",\"valueRequired\":true,\"valueName\":\"search_term_string\"}}],\"inLanguage\":\"pt-PT\"},{\"@type\":\"Organization\",\"@id\":\"https:\\\/\\\/encompaniastj.org\\\/pt-pt\\\/#organization\",\"name\":\"Compa\u00f1\u00eda de Santa Teresa de Jes\u00fas\",\"url\":\"https:\\\/\\\/encompaniastj.org\\\/pt-pt\\\/\",\"logo\":{\"@type\":\"ImageObject\",\"inLanguage\":\"pt-PT\",\"@id\":\"https:\\\/\\\/encompaniastj.org\\\/pt-pt\\\/#\\\/schema\\\/logo\\\/image\\\/\",\"url\":\"https:\\\/\\\/encompaniastj.org\\\/wp-content\\\/uploads\\\/2025\\\/04\\\/logo_provincias02-1-3.png\",\"contentUrl\":\"https:\\\/\\\/encompaniastj.org\\\/wp-content\\\/uploads\\\/2025\\\/04\\\/logo_provincias02-1-3.png\",\"width\":2368,\"height\":825,\"caption\":\"Compa\u00f1\u00eda de Santa Teresa de Jes\u00fas\"},\"image\":{\"@id\":\"https:\\\/\\\/encompaniastj.org\\\/pt-pt\\\/#\\\/schema\\\/logo\\\/image\\\/\"}},{\"@type\":\"Person\",\"@id\":\"https:\\\/\\\/encompaniastj.org\\\/pt-pt\\\/#\\\/schema\\\/person\\\/520e7ecc314793d40091993c2a02b651\",\"name\":\"admin\",\"image\":{\"@type\":\"ImageObject\",\"inLanguage\":\"pt-PT\",\"@id\":\"https:\\\/\\\/secure.gravatar.com\\\/avatar\\\/948b492cce32b586ac2db0eaa926ee87024f7afe218d73b397ea5ddfc5f43ea1?s=96&d=mm&r=g\",\"url\":\"https:\\\/\\\/secure.gravatar.com\\\/avatar\\\/948b492cce32b586ac2db0eaa926ee87024f7afe218d73b397ea5ddfc5f43ea1?s=96&d=mm&r=g\",\"contentUrl\":\"https:\\\/\\\/secure.gravatar.com\\\/avatar\\\/948b492cce32b586ac2db0eaa926ee87024f7afe218d73b397ea5ddfc5f43ea1?s=96&d=mm&r=g\",\"caption\":\"admin\"},\"sameAs\":[\"https:\\\/\\\/encompaniastj.org\"],\"url\":\"https:\\\/\\\/encompaniastj.org\\\/pt-pt\\\/author\\\/sjdigital\\\/\"}]}<\/script>\n<!-- \/ Yoast SEO plugin. -->","yoast_head_json":{"title":"Escola de Magist\u00e9rio P. Enrique de Oss\u00f3 - En Compa\u00f1\u00eda STJ","robots":{"index":"index","follow":"follow","max-snippet":"max-snippet:-1","max-image-preview":"max-image-preview:large","max-video-preview":"max-video-preview:-1"},"canonical":"https:\/\/encompaniastj.org\/pt-pt\/escola-de-magisterio-p-enrique-de-osso\/","og_locale":"pt_PT","og_type":"article","og_title":"Escola de Magist\u00e9rio P. Enrique de Oss\u00f3 - En Compa\u00f1\u00eda STJ","og_description":"Faculdade P. Oss\u00f3 Este curso a faculdade celebra seu cinquenten\u00e1rio com diversos atos. Embora seja preciso remontar a alguns anos antes. No ano 1965, no col\u00e9gio de Oviedo, come\u00e7ou a [&hellip;]","og_url":"https:\/\/encompaniastj.org\/pt-pt\/escola-de-magisterio-p-enrique-de-osso\/","og_site_name":"En Compa\u00f1\u00eda STJ","article_published_time":"2024-05-24T07:34:35+00:00","article_modified_time":"2025-07-07T14:25:15+00:00","og_image":[{"width":2000,"height":1333,"url":"https:\/\/encompaniastj.org\/wp-content\/uploads\/2025\/05\/1716112267218.jpg","type":"image\/jpeg"}],"author":"admin","twitter_card":"summary_large_image","twitter_misc":{"Escrito por":"admin","Tempo estimado de leitura":"3 minutos"},"schema":{"@context":"https:\/\/schema.org","@graph":[{"@type":"Article","@id":"https:\/\/encompaniastj.org\/pt-pt\/escola-de-magisterio-p-enrique-de-osso\/#article","isPartOf":{"@id":"https:\/\/encompaniastj.org\/pt-pt\/escola-de-magisterio-p-enrique-de-osso\/"},"author":{"name":"admin","@id":"https:\/\/encompaniastj.org\/pt-pt\/#\/schema\/person\/520e7ecc314793d40091993c2a02b651"},"headline":"Escola de Magist\u00e9rio P. Enrique de Oss\u00f3","datePublished":"2024-05-24T07:34:35+00:00","dateModified":"2025-07-07T14:25:15+00:00","mainEntityOfPage":{"@id":"https:\/\/encompaniastj.org\/pt-pt\/escola-de-magisterio-p-enrique-de-osso\/"},"wordCount":581,"commentCount":0,"publisher":{"@id":"https:\/\/encompaniastj.org\/pt-pt\/#organization"},"image":{"@id":"https:\/\/encompaniastj.org\/pt-pt\/escola-de-magisterio-p-enrique-de-osso\/#primaryimage"},"thumbnailUrl":"https:\/\/encompaniastj.org\/wp-content\/uploads\/2025\/05\/1716112267218.jpg","articleSection":["Noticias","Otras","Outras"],"inLanguage":"pt-PT","potentialAction":[{"@type":"CommentAction","name":"Comment","target":["https:\/\/encompaniastj.org\/pt-pt\/escola-de-magisterio-p-enrique-de-osso\/#respond"]}]},{"@type":"WebPage","@id":"https:\/\/encompaniastj.org\/pt-pt\/escola-de-magisterio-p-enrique-de-osso\/","url":"https:\/\/encompaniastj.org\/pt-pt\/escola-de-magisterio-p-enrique-de-osso\/","name":"Escola de Magist\u00e9rio P. Enrique de Oss\u00f3 - En Compa\u00f1\u00eda STJ","isPartOf":{"@id":"https:\/\/encompaniastj.org\/pt-pt\/#website"},"primaryImageOfPage":{"@id":"https:\/\/encompaniastj.org\/pt-pt\/escola-de-magisterio-p-enrique-de-osso\/#primaryimage"},"image":{"@id":"https:\/\/encompaniastj.org\/pt-pt\/escola-de-magisterio-p-enrique-de-osso\/#primaryimage"},"thumbnailUrl":"https:\/\/encompaniastj.org\/wp-content\/uploads\/2025\/05\/1716112267218.jpg","datePublished":"2024-05-24T07:34:35+00:00","dateModified":"2025-07-07T14:25:15+00:00","breadcrumb":{"@id":"https:\/\/encompaniastj.org\/pt-pt\/escola-de-magisterio-p-enrique-de-osso\/#breadcrumb"},"inLanguage":"pt-PT","potentialAction":[{"@type":"ReadAction","target":["https:\/\/encompaniastj.org\/pt-pt\/escola-de-magisterio-p-enrique-de-osso\/"]}]},{"@type":"ImageObject","inLanguage":"pt-PT","@id":"https:\/\/encompaniastj.org\/pt-pt\/escola-de-magisterio-p-enrique-de-osso\/#primaryimage","url":"https:\/\/encompaniastj.org\/wp-content\/uploads\/2025\/05\/1716112267218.jpg","contentUrl":"https:\/\/encompaniastj.org\/wp-content\/uploads\/2025\/05\/1716112267218.jpg","width":2000,"height":1333},{"@type":"BreadcrumbList","@id":"https:\/\/encompaniastj.org\/pt-pt\/escola-de-magisterio-p-enrique-de-osso\/#breadcrumb","itemListElement":[{"@type":"ListItem","position":1,"name":"Portada","item":"https:\/\/encompaniastj.org\/pt-pt\/"},{"@type":"ListItem","position":2,"name":"Escola de Magist\u00e9rio P. Enrique de Oss\u00f3"}]},{"@type":"WebSite","@id":"https:\/\/encompaniastj.org\/pt-pt\/#website","url":"https:\/\/encompaniastj.org\/pt-pt\/","name":"En Compa\u00f1\u00eda STJ","description":"Bolet\u00edn de la Compa\u00f1\u00eda de Santa Teresa de Jes\u00fas","publisher":{"@id":"https:\/\/encompaniastj.org\/pt-pt\/#organization"},"potentialAction":[{"@type":"SearchAction","target":{"@type":"EntryPoint","urlTemplate":"https:\/\/encompaniastj.org\/pt-pt\/?s={search_term_string}"},"query-input":{"@type":"PropertyValueSpecification","valueRequired":true,"valueName":"search_term_string"}}],"inLanguage":"pt-PT"},{"@type":"Organization","@id":"https:\/\/encompaniastj.org\/pt-pt\/#organization","name":"Compa\u00f1\u00eda de Santa Teresa de Jes\u00fas","url":"https:\/\/encompaniastj.org\/pt-pt\/","logo":{"@type":"ImageObject","inLanguage":"pt-PT","@id":"https:\/\/encompaniastj.org\/pt-pt\/#\/schema\/logo\/image\/","url":"https:\/\/encompaniastj.org\/wp-content\/uploads\/2025\/04\/logo_provincias02-1-3.png","contentUrl":"https:\/\/encompaniastj.org\/wp-content\/uploads\/2025\/04\/logo_provincias02-1-3.png","width":2368,"height":825,"caption":"Compa\u00f1\u00eda de Santa Teresa de Jes\u00fas"},"image":{"@id":"https:\/\/encompaniastj.org\/pt-pt\/#\/schema\/logo\/image\/"}},{"@type":"Person","@id":"https:\/\/encompaniastj.org\/pt-pt\/#\/schema\/person\/520e7ecc314793d40091993c2a02b651","name":"admin","image":{"@type":"ImageObject","inLanguage":"pt-PT","@id":"https:\/\/secure.gravatar.com\/avatar\/948b492cce32b586ac2db0eaa926ee87024f7afe218d73b397ea5ddfc5f43ea1?s=96&d=mm&r=g","url":"https:\/\/secure.gravatar.com\/avatar\/948b492cce32b586ac2db0eaa926ee87024f7afe218d73b397ea5ddfc5f43ea1?s=96&d=mm&r=g","contentUrl":"https:\/\/secure.gravatar.com\/avatar\/948b492cce32b586ac2db0eaa926ee87024f7afe218d73b397ea5ddfc5f43ea1?s=96&d=mm&r=g","caption":"admin"},"sameAs":["https:\/\/encompaniastj.org"],"url":"https:\/\/encompaniastj.org\/pt-pt\/author\/sjdigital\/"}]}},"_links":{"self":[{"href":"https:\/\/encompaniastj.org\/pt-pt\/wp-json\/wp\/v2\/posts\/12062","targetHints":{"allow":["GET"]}}],"collection":[{"href":"https:\/\/encompaniastj.org\/pt-pt\/wp-json\/wp\/v2\/posts"}],"about":[{"href":"https:\/\/encompaniastj.org\/pt-pt\/wp-json\/wp\/v2\/types\/post"}],"author":[{"embeddable":true,"href":"https:\/\/encompaniastj.org\/pt-pt\/wp-json\/wp\/v2\/users\/1"}],"replies":[{"embeddable":true,"href":"https:\/\/encompaniastj.org\/pt-pt\/wp-json\/wp\/v2\/comments?post=12062"}],"version-history":[{"count":1,"href":"https:\/\/encompaniastj.org\/pt-pt\/wp-json\/wp\/v2\/posts\/12062\/revisions"}],"predecessor-version":[{"id":12063,"href":"https:\/\/encompaniastj.org\/pt-pt\/wp-json\/wp\/v2\/posts\/12062\/revisions\/12063"}],"wp:featuredmedia":[{"embeddable":true,"href":"https:\/\/encompaniastj.org\/pt-pt\/wp-json\/wp\/v2\/media\/8677"}],"wp:attachment":[{"href":"https:\/\/encompaniastj.org\/pt-pt\/wp-json\/wp\/v2\/media?parent=12062"}],"wp:term":[{"taxonomy":"category","embeddable":true,"href":"https:\/\/encompaniastj.org\/pt-pt\/wp-json\/wp\/v2\/categories?post=12062"},{"taxonomy":"post_tag","embeddable":true,"href":"https:\/\/encompaniastj.org\/pt-pt\/wp-json\/wp\/v2\/tags?post=12062"}],"curies":[{"name":"wp","href":"https:\/\/api.w.org\/{rel}","templated":true}]}}