{"id":12048,"date":"2024-05-23T08:20:23","date_gmt":"2024-05-23T06:20:23","guid":{"rendered":"https:\/\/encompaniastj.org\/cardeal-juan-jose-omella-em-fatima\/"},"modified":"2025-07-07T16:25:14","modified_gmt":"2025-07-07T14:25:14","slug":"cardeal-juan-jose-omella-em-fatima","status":"publish","type":"post","link":"https:\/\/encompaniastj.org\/pt-pt\/cardeal-juan-jose-omella-em-fatima\/","title":{"rendered":"O Cardeal Juan Jos\u00e9 Omella, em F\u00e1tima"},"content":{"rendered":"<p>O que disse o cardeal Omella, em F\u00e1tima, na peregrina\u00e7\u00e3o internacional de 12 e 13 de Maio.<\/p>\n<ul>\n<li>F\u00e1tima, 12 maio de 2024 -Ag\u00eancia Ecclesia -Portugal.<\/li>\n<\/ul>\n<p>O cardeal Juan Jos\u00e9 Omella, arcebispo de Barcelona, disse hoje que traz a F\u00e1tima as preocupa\u00e7\u00f5es com o \u201ccaminho sinodal\u201d, lan\u00e7ado pelo Papa.<\/p>\n<p>\u201cVim pedir \u00e0 Virgem Maria, de forma especial, que nos ajude, a n\u00f3s Igreja, a avan\u00e7ar no caminho sinodal, que nos custa a entender e a viver\u201d, referiu aos jornalistas, na apresenta\u00e7\u00e3o da peregrina\u00e7\u00e3o internacional de maio, a que preside.<\/p>\n<p>O respons\u00e1vel, que integra o Conselho de Cardeais que aconselha Francisco, considerou que a proposta de \u201cuni\u00e3o e de comunh\u00e3o\u201d do S\u00ednodo 2021-2024 \u201c\u00e9 um bem para a Igreja, \u00e9 um bem para o mundo e um bem para a humanidade\u201d.<\/p>\n<p>\u201cCaminhar juntos num mundo de divis\u00e3o, de polariza\u00e7\u00e3o, que a Igreja seja sinal de uni\u00e3o e comunh\u00e3o, \u00e9 um bem para a Igreja\u201d, insistiu.<\/p>\n<p>Admitindo que \u201ch\u00e1 muita resist\u00eancia\u201d ao S\u00ednodo, o cardeal Omella sustentou que o caminho iniciado pelo Papa \u201cn\u00e3o tem volta atr\u00e1s\u201d<\/p>\n<p>\u201cNingu\u00e9m o vai parar\u201d, insistiu.<\/p>\n<p>Questionado sobre o futuro deste processo, ap\u00f3s a assembleia que vai decorrer em outubro, no Vaticano, D. Juan Jos\u00e9 Omella sublinhou que Francisco \u201ctem vontade de continuar\u201d.<\/p>\n<p>\u201cO Papa, como me parece que foi Le\u00e3o XIII, [falecido aos 93 anos, em 1903], n\u00e3o coloca limites para a provid\u00eancia. Se [Deus] lhe d\u00e1 anos, ele segue, porque tem uma grande vontade de continuar\u201d, indicou.<\/p>\n<p>O arcebispo de Barcelona admitiu que Francisco, com 87 anos de idade, \u201cn\u00e3o est\u00e1 muito bem das pernas, mas a cabe\u00e7a e o cora\u00e7\u00e3o, parece-me que funcionam mais r\u00e1pido\u201d.<\/p>\n<p>Segundo o cardeal Omella, o Papa mostra \u201cvontade de continuar at\u00e9 ao ano 2033, que ser\u00e1 o Jubileu da Reden\u00e7\u00e3o, quando celebramos os 2000 anos da Reden\u00e7\u00e3o de Jesus Cristo\u201d.<\/p>\n<p>Em dia de elei\u00e7\u00f5es catal\u00e3s, o respons\u00e1vel assumiu a necessidade de \u201ccaminhar com todos\u201d, porque \u201c\u00e9 pastor de todas as ovelhas, as que pensam de uma maneira e as que pensam de outra\u201d.<\/p>\n<p>\u201cRespeito sempre a opini\u00e3o do povo\u201d, acrescentou.<\/p>\n<p>O respons\u00e1vel disse que aprendeu a \u201camar os catal\u00e3es, que t\u00eam muitos valores, muitos valores\u201d.<\/p>\n<p><em>OC<\/em><\/p>\n<ul>\n<li>F\u00e1tima, 13 maio 2024 (Ag\u00eancia Ecclesia-F\u00e1tima -Portugal ) \u2013 O presidente das celebra\u00e7\u00f5es do 13 de maio, em F\u00e1tima, pediu hoje as ora\u00e7\u00f5es dos peregrinos perante uma III Guerra Mundial \u201caos peda\u00e7os\u201d, de que fala o Papa Francisco.<\/li>\n<\/ul>\n<p>\u201cRezemos pela paz no mundo: na Ucr\u00e2nia, R\u00fassia, na Terra Santa, na \u00c1frica, na Am\u00e9rica, na \u00c1sia, quantos pa\u00edses precisam e reclamam a paz\u201d, disse o cardeal Juan Jos\u00e9 Omella, arcebispo de Barcelona, na homilia da Missa conclusiva da peregrina\u00e7\u00e3o internacional anivers\u00e1ria.<\/p>\n<p>Perante milhares de peregrinos reunidos na Cova da Iria, o respons\u00e1vel cat\u00f3lico evocou os pedidos deixados nas Apari\u00e7\u00f5es de 1917, num contexto marcado pela I Guerra Mundial, sublinhando que se mant\u00eam atuais.<\/p>\n<p>\u201cO que nos Nossa Senhora pede hoje \u00e9 a paz no mundo, rezar pela paz. Quantos pa\u00edses est\u00e3o em guerra, quantas fam\u00edlias est\u00e3o em guerra! Quantos cora\u00e7\u00f5es est\u00e3o divididos, em guerra. Pe\u00e7amos a paz\u201d, declarou.<\/p>\n<p>O arcebispo de Barcelona acrescentou que essa ora\u00e7\u00e3o pela paz exige ainda \u201co sacrif\u00edcio\u201d, vivido como \u201centrega de amor\u201d.<\/p>\n<ol>\n<li>Juan Jos\u00e9 Omella falou de improviso e encurtou a homilia que tinha preparado, por causa da chuva que marcou a manh\u00e3, no Recinto de Ora\u00e7\u00e3o.<\/li>\n<\/ol>\n<p>\u201cAo come\u00e7ar a prociss\u00e3o, olhava para os ecr\u00e3s e via muita gente a chorar. Emocionei-me\u201d, confessou.<\/p>\n<p>A interven\u00e7\u00e3o do Cardeal Omella sublinhou a import\u00e2ncia da ora\u00e7\u00e3o, na vida dos crist\u00e3os, pessoal e comunitariamente.<\/p>\n<p>\u201cOs crist\u00e3os n\u00e3o podem perder esse grande h\u00e1bito, essa grande virtude da ora\u00e7\u00e3o\u201d, indicou o presidente da peregrina\u00e7\u00e3o.<\/p>\n<p>O cardeal espanhol evocou a ora\u00e7\u00e3o \u201cmais simples\u201d, a do ter\u00e7o, pedindo pelo mundo e pela \u201csalva\u00e7\u00e3o de todos\u201d.<\/p>\n<p>A f\u00e9, acrescentou, \u00e9 \u201ctransformadora da realidade\u201d e convoca todos a ser \u201cmission\u00e1rios\u201d no mundo, como pede o processo sinodal lan\u00e7ado pelo Papa Francisco.<\/p>\n<p>O respons\u00e1vel, que integra o Conselho de Cardeais, organismo consultivo criado neste pontificado, apelou \u00e0 unidade na Igreja.<\/p>\n<p>\u201cVivam unidos, viam a fraternidade. Uma Igreja dividida, uns contra os outros, que n\u00e3o [unida] est\u00e1 em volta do Papa, de Jesus Cristo, em volta de todos os irm\u00e3os, se n\u00e3o estamos unidos, capazes de nos ajudarmos e perdoarmos uns aos outros, n\u00e3o evangelizaremos\u201d, referiu.<\/p>\n<p>A homilia evocou a ora\u00e7\u00e3o de S\u00e3o Francisco de Assis, manifestando a convic\u00e7\u00e3o de que \u201co mundo mudar\u00e1\u201d e pedindo que os crist\u00e3os sejam \u201ctestemunhas da esperan\u00e7a\u201d.<\/p>\n<p><em>A partir dessa fraternidade e comunh\u00e3o, poderemos ser portadores de paz no meio do mundo. Senhor, faz-nos instrumentos de paz!\u201d<\/em><\/p>\n<p>A primeira grande peregrina\u00e7\u00e3o do ano tinha levado cerca de 250 mil pessoas \u00e0 Cova da Iria, na \u00faltima noite.<\/p>\n<p>Os participantes foram convidados, esta manh\u00e3, a rezar pela paz no mundo, \u201cespecialmente pelas v\u00edtimas dos conflitos na Ucr\u00e2nia, na Terra Santa e em tantos pa\u00edses do mundo\u201d.<\/p>\n<p>A ora\u00e7\u00e3o universal evocou ainda o Jubileu 2025, evocando o \u201ctestemunho dos Santos Francisco e Jacinta Marto\u201d, canonizados a 13 de maio de 2017, \u201cna ora\u00e7\u00e3o e na pr\u00e1tica da caridade\u201d.<\/p>\n<p>Para esta peregrina\u00e7\u00e3o, o santu\u00e1rio recebeu a informa\u00e7\u00e3o da presen\u00e7a de 186 grupos organizados de peregrinos, de 34 pa\u00edses.<\/p>\n<p>A celebra\u00e7\u00e3o assinala os 107 anos da primeira Apari\u00e7\u00e3o de Nossa Senhora a tr\u00eas Pastorinhos, em 1917, e o s\u00e9timo anivers\u00e1rio da canoniza\u00e7\u00e3o de dois desses videntes, Francisco e Jacinta Marto, pelo Papa Francisco.<\/p>\n<p>A sauda\u00e7\u00e3o ao doente foi proferida, no final da Missa, pela irm\u00e3 \u00c2ngela de F\u00e1tima Coelho, vice-postuladora da causa de canoniza\u00e7\u00e3o da Irm\u00e3 L\u00facia.<\/p>\n<p>\u201cAqui em F\u00e1tima, tamb\u00e9m Nossa Senhora indicou aos pastorinhos um olhar novo, um outro modo de viver a doen\u00e7a, para que o sofrimento n\u00e3o seja absurdo, mas possa ser express\u00e3o de uma vida confiada nas m\u00e3os de Deus, que \u00e9 Pai\u201d, disse.<\/p>\n<p>Para esta tarde, pelas 18h00, est\u00e1 previsto um momento de venera\u00e7\u00e3o na Bas\u00edlica de Nossa Senhora do Ros\u00e1rio de F\u00e1tima, onde est\u00e3o sepultados S\u00e3o Francisco e Santa Jacinta, informa o Santu\u00e1rio nacional.<\/p>\n<p><em>OC<\/em><\/p>\n<p><img loading=\"lazy\" decoding=\"async\" class=\"aligncenter wp-image-12768 size-large\" src=\"https:\/\/encompaniastj.org\/wp-content\/uploads\/2025\/05\/foto1-14.jpg\" alt=\"\" width=\"768\" height=\"1024\" \/><\/p>\n<p>&nbsp;<\/p>\n<p>&nbsp;<\/p>\n","protected":false},"excerpt":{"rendered":"<p>O que disse o cardeal Omella, em F\u00e1tima, na peregrina\u00e7\u00e3o internacional de 12 e 13 de Maio. F\u00e1tima, 12 maio de 2024 -Ag\u00eancia Ecclesia -Portugal. O cardeal Juan Jos\u00e9 Omella, [&hellip;]<\/p>\n","protected":false},"author":1,"featured_media":8666,"comment_status":"open","ping_status":"open","sticky":false,"template":"","format":"standard","meta":{"_acf_changed":false,"footnotes":""},"categories":[61,68],"tags":[],"class_list":["post-12048","post","type-post","status-publish","format-standard","has-post-thumbnail","hentry","category-noticias","category-outras"],"acf":[],"yoast_head":"<!-- This site is optimized with the Yoast SEO plugin v27.5 - https:\/\/yoast.com\/product\/yoast-seo-wordpress\/ -->\n<title>O Cardeal Juan Jos\u00e9 Omella, em F\u00e1tima - En Compa\u00f1\u00eda STJ<\/title>\n<meta name=\"robots\" content=\"index, follow, max-snippet:-1, max-image-preview:large, max-video-preview:-1\" \/>\n<link rel=\"canonical\" href=\"https:\/\/encompaniastj.org\/pt-pt\/cardeal-juan-jose-omella-em-fatima\/\" \/>\n<meta property=\"og:locale\" content=\"pt_PT\" \/>\n<meta property=\"og:type\" content=\"article\" \/>\n<meta property=\"og:title\" content=\"O Cardeal Juan Jos\u00e9 Omella, em F\u00e1tima - En Compa\u00f1\u00eda STJ\" \/>\n<meta property=\"og:description\" content=\"O que disse o cardeal Omella, em F\u00e1tima, na peregrina\u00e7\u00e3o internacional de 12 e 13 de Maio. F\u00e1tima, 12 maio de 2024 -Ag\u00eancia Ecclesia -Portugal. O cardeal Juan Jos\u00e9 Omella, [&hellip;]\" \/>\n<meta property=\"og:url\" content=\"https:\/\/encompaniastj.org\/pt-pt\/cardeal-juan-jose-omella-em-fatima\/\" \/>\n<meta property=\"og:site_name\" content=\"En Compa\u00f1\u00eda STJ\" \/>\n<meta property=\"article:published_time\" content=\"2024-05-23T06:20:23+00:00\" \/>\n<meta property=\"article:modified_time\" content=\"2025-07-07T14:25:14+00:00\" \/>\n<meta property=\"og:image\" content=\"https:\/\/encompaniastj.org\/wp-content\/uploads\/2025\/05\/foto3-5.jpg\" \/>\n\t<meta property=\"og:image:width\" content=\"2048\" \/>\n\t<meta property=\"og:image:height\" content=\"1536\" \/>\n\t<meta property=\"og:image:type\" content=\"image\/jpeg\" \/>\n<meta name=\"author\" content=\"admin\" \/>\n<meta name=\"twitter:card\" content=\"summary_large_image\" \/>\n<meta name=\"twitter:label1\" content=\"Escrito por\" \/>\n\t<meta name=\"twitter:data1\" content=\"admin\" \/>\n\t<meta name=\"twitter:label2\" content=\"Tempo estimado de leitura\" \/>\n\t<meta name=\"twitter:data2\" content=\"5 minutos\" \/>\n<script type=\"application\/ld+json\" class=\"yoast-schema-graph\">{\"@context\":\"https:\\\/\\\/schema.org\",\"@graph\":[{\"@type\":\"Article\",\"@id\":\"https:\\\/\\\/encompaniastj.org\\\/pt-pt\\\/cardeal-juan-jose-omella-em-fatima\\\/#article\",\"isPartOf\":{\"@id\":\"https:\\\/\\\/encompaniastj.org\\\/pt-pt\\\/cardeal-juan-jose-omella-em-fatima\\\/\"},\"author\":{\"name\":\"admin\",\"@id\":\"https:\\\/\\\/encompaniastj.org\\\/pt-pt\\\/#\\\/schema\\\/person\\\/520e7ecc314793d40091993c2a02b651\"},\"headline\":\"O Cardeal Juan Jos\u00e9 Omella, em F\u00e1tima\",\"datePublished\":\"2024-05-23T06:20:23+00:00\",\"dateModified\":\"2025-07-07T14:25:14+00:00\",\"mainEntityOfPage\":{\"@id\":\"https:\\\/\\\/encompaniastj.org\\\/pt-pt\\\/cardeal-juan-jose-omella-em-fatima\\\/\"},\"wordCount\":1091,\"commentCount\":0,\"publisher\":{\"@id\":\"https:\\\/\\\/encompaniastj.org\\\/pt-pt\\\/#organization\"},\"image\":{\"@id\":\"https:\\\/\\\/encompaniastj.org\\\/pt-pt\\\/cardeal-juan-jose-omella-em-fatima\\\/#primaryimage\"},\"thumbnailUrl\":\"https:\\\/\\\/encompaniastj.org\\\/wp-content\\\/uploads\\\/2025\\\/05\\\/foto3-5.jpg\",\"articleSection\":[\"Noticias\",\"Outras\"],\"inLanguage\":\"pt-PT\",\"potentialAction\":[{\"@type\":\"CommentAction\",\"name\":\"Comment\",\"target\":[\"https:\\\/\\\/encompaniastj.org\\\/pt-pt\\\/cardeal-juan-jose-omella-em-fatima\\\/#respond\"]}]},{\"@type\":\"WebPage\",\"@id\":\"https:\\\/\\\/encompaniastj.org\\\/pt-pt\\\/cardeal-juan-jose-omella-em-fatima\\\/\",\"url\":\"https:\\\/\\\/encompaniastj.org\\\/pt-pt\\\/cardeal-juan-jose-omella-em-fatima\\\/\",\"name\":\"O Cardeal Juan Jos\u00e9 Omella, em F\u00e1tima - En Compa\u00f1\u00eda STJ\",\"isPartOf\":{\"@id\":\"https:\\\/\\\/encompaniastj.org\\\/pt-pt\\\/#website\"},\"primaryImageOfPage\":{\"@id\":\"https:\\\/\\\/encompaniastj.org\\\/pt-pt\\\/cardeal-juan-jose-omella-em-fatima\\\/#primaryimage\"},\"image\":{\"@id\":\"https:\\\/\\\/encompaniastj.org\\\/pt-pt\\\/cardeal-juan-jose-omella-em-fatima\\\/#primaryimage\"},\"thumbnailUrl\":\"https:\\\/\\\/encompaniastj.org\\\/wp-content\\\/uploads\\\/2025\\\/05\\\/foto3-5.jpg\",\"datePublished\":\"2024-05-23T06:20:23+00:00\",\"dateModified\":\"2025-07-07T14:25:14+00:00\",\"breadcrumb\":{\"@id\":\"https:\\\/\\\/encompaniastj.org\\\/pt-pt\\\/cardeal-juan-jose-omella-em-fatima\\\/#breadcrumb\"},\"inLanguage\":\"pt-PT\",\"potentialAction\":[{\"@type\":\"ReadAction\",\"target\":[\"https:\\\/\\\/encompaniastj.org\\\/pt-pt\\\/cardeal-juan-jose-omella-em-fatima\\\/\"]}]},{\"@type\":\"ImageObject\",\"inLanguage\":\"pt-PT\",\"@id\":\"https:\\\/\\\/encompaniastj.org\\\/pt-pt\\\/cardeal-juan-jose-omella-em-fatima\\\/#primaryimage\",\"url\":\"https:\\\/\\\/encompaniastj.org\\\/wp-content\\\/uploads\\\/2025\\\/05\\\/foto3-5.jpg\",\"contentUrl\":\"https:\\\/\\\/encompaniastj.org\\\/wp-content\\\/uploads\\\/2025\\\/05\\\/foto3-5.jpg\",\"width\":2048,\"height\":1536},{\"@type\":\"BreadcrumbList\",\"@id\":\"https:\\\/\\\/encompaniastj.org\\\/pt-pt\\\/cardeal-juan-jose-omella-em-fatima\\\/#breadcrumb\",\"itemListElement\":[{\"@type\":\"ListItem\",\"position\":1,\"name\":\"Portada\",\"item\":\"https:\\\/\\\/encompaniastj.org\\\/pt-pt\\\/\"},{\"@type\":\"ListItem\",\"position\":2,\"name\":\"O Cardeal Juan Jos\u00e9 Omella, em F\u00e1tima\"}]},{\"@type\":\"WebSite\",\"@id\":\"https:\\\/\\\/encompaniastj.org\\\/pt-pt\\\/#website\",\"url\":\"https:\\\/\\\/encompaniastj.org\\\/pt-pt\\\/\",\"name\":\"En Compa\u00f1\u00eda STJ\",\"description\":\"Bolet\u00edn de la Compa\u00f1\u00eda de Santa Teresa de Jes\u00fas\",\"publisher\":{\"@id\":\"https:\\\/\\\/encompaniastj.org\\\/pt-pt\\\/#organization\"},\"potentialAction\":[{\"@type\":\"SearchAction\",\"target\":{\"@type\":\"EntryPoint\",\"urlTemplate\":\"https:\\\/\\\/encompaniastj.org\\\/pt-pt\\\/?s={search_term_string}\"},\"query-input\":{\"@type\":\"PropertyValueSpecification\",\"valueRequired\":true,\"valueName\":\"search_term_string\"}}],\"inLanguage\":\"pt-PT\"},{\"@type\":\"Organization\",\"@id\":\"https:\\\/\\\/encompaniastj.org\\\/pt-pt\\\/#organization\",\"name\":\"Compa\u00f1\u00eda de Santa Teresa de Jes\u00fas\",\"url\":\"https:\\\/\\\/encompaniastj.org\\\/pt-pt\\\/\",\"logo\":{\"@type\":\"ImageObject\",\"inLanguage\":\"pt-PT\",\"@id\":\"https:\\\/\\\/encompaniastj.org\\\/pt-pt\\\/#\\\/schema\\\/logo\\\/image\\\/\",\"url\":\"https:\\\/\\\/encompaniastj.org\\\/wp-content\\\/uploads\\\/2025\\\/04\\\/logo_provincias02-1-3.png\",\"contentUrl\":\"https:\\\/\\\/encompaniastj.org\\\/wp-content\\\/uploads\\\/2025\\\/04\\\/logo_provincias02-1-3.png\",\"width\":2368,\"height\":825,\"caption\":\"Compa\u00f1\u00eda de Santa Teresa de Jes\u00fas\"},\"image\":{\"@id\":\"https:\\\/\\\/encompaniastj.org\\\/pt-pt\\\/#\\\/schema\\\/logo\\\/image\\\/\"}},{\"@type\":\"Person\",\"@id\":\"https:\\\/\\\/encompaniastj.org\\\/pt-pt\\\/#\\\/schema\\\/person\\\/520e7ecc314793d40091993c2a02b651\",\"name\":\"admin\",\"image\":{\"@type\":\"ImageObject\",\"inLanguage\":\"pt-PT\",\"@id\":\"https:\\\/\\\/secure.gravatar.com\\\/avatar\\\/948b492cce32b586ac2db0eaa926ee87024f7afe218d73b397ea5ddfc5f43ea1?s=96&d=mm&r=g\",\"url\":\"https:\\\/\\\/secure.gravatar.com\\\/avatar\\\/948b492cce32b586ac2db0eaa926ee87024f7afe218d73b397ea5ddfc5f43ea1?s=96&d=mm&r=g\",\"contentUrl\":\"https:\\\/\\\/secure.gravatar.com\\\/avatar\\\/948b492cce32b586ac2db0eaa926ee87024f7afe218d73b397ea5ddfc5f43ea1?s=96&d=mm&r=g\",\"caption\":\"admin\"},\"sameAs\":[\"https:\\\/\\\/encompaniastj.org\"],\"url\":\"https:\\\/\\\/encompaniastj.org\\\/pt-pt\\\/author\\\/sjdigital\\\/\"}]}<\/script>\n<!-- \/ Yoast SEO plugin. -->","yoast_head_json":{"title":"O Cardeal Juan Jos\u00e9 Omella, em F\u00e1tima - En Compa\u00f1\u00eda STJ","robots":{"index":"index","follow":"follow","max-snippet":"max-snippet:-1","max-image-preview":"max-image-preview:large","max-video-preview":"max-video-preview:-1"},"canonical":"https:\/\/encompaniastj.org\/pt-pt\/cardeal-juan-jose-omella-em-fatima\/","og_locale":"pt_PT","og_type":"article","og_title":"O Cardeal Juan Jos\u00e9 Omella, em F\u00e1tima - En Compa\u00f1\u00eda STJ","og_description":"O que disse o cardeal Omella, em F\u00e1tima, na peregrina\u00e7\u00e3o internacional de 12 e 13 de Maio. F\u00e1tima, 12 maio de 2024 -Ag\u00eancia Ecclesia -Portugal. O cardeal Juan Jos\u00e9 Omella, [&hellip;]","og_url":"https:\/\/encompaniastj.org\/pt-pt\/cardeal-juan-jose-omella-em-fatima\/","og_site_name":"En Compa\u00f1\u00eda STJ","article_published_time":"2024-05-23T06:20:23+00:00","article_modified_time":"2025-07-07T14:25:14+00:00","og_image":[{"width":2048,"height":1536,"url":"https:\/\/encompaniastj.org\/wp-content\/uploads\/2025\/05\/foto3-5.jpg","type":"image\/jpeg"}],"author":"admin","twitter_card":"summary_large_image","twitter_misc":{"Escrito por":"admin","Tempo estimado de leitura":"5 minutos"},"schema":{"@context":"https:\/\/schema.org","@graph":[{"@type":"Article","@id":"https:\/\/encompaniastj.org\/pt-pt\/cardeal-juan-jose-omella-em-fatima\/#article","isPartOf":{"@id":"https:\/\/encompaniastj.org\/pt-pt\/cardeal-juan-jose-omella-em-fatima\/"},"author":{"name":"admin","@id":"https:\/\/encompaniastj.org\/pt-pt\/#\/schema\/person\/520e7ecc314793d40091993c2a02b651"},"headline":"O Cardeal Juan Jos\u00e9 Omella, em F\u00e1tima","datePublished":"2024-05-23T06:20:23+00:00","dateModified":"2025-07-07T14:25:14+00:00","mainEntityOfPage":{"@id":"https:\/\/encompaniastj.org\/pt-pt\/cardeal-juan-jose-omella-em-fatima\/"},"wordCount":1091,"commentCount":0,"publisher":{"@id":"https:\/\/encompaniastj.org\/pt-pt\/#organization"},"image":{"@id":"https:\/\/encompaniastj.org\/pt-pt\/cardeal-juan-jose-omella-em-fatima\/#primaryimage"},"thumbnailUrl":"https:\/\/encompaniastj.org\/wp-content\/uploads\/2025\/05\/foto3-5.jpg","articleSection":["Noticias","Outras"],"inLanguage":"pt-PT","potentialAction":[{"@type":"CommentAction","name":"Comment","target":["https:\/\/encompaniastj.org\/pt-pt\/cardeal-juan-jose-omella-em-fatima\/#respond"]}]},{"@type":"WebPage","@id":"https:\/\/encompaniastj.org\/pt-pt\/cardeal-juan-jose-omella-em-fatima\/","url":"https:\/\/encompaniastj.org\/pt-pt\/cardeal-juan-jose-omella-em-fatima\/","name":"O Cardeal Juan Jos\u00e9 Omella, em F\u00e1tima - En Compa\u00f1\u00eda STJ","isPartOf":{"@id":"https:\/\/encompaniastj.org\/pt-pt\/#website"},"primaryImageOfPage":{"@id":"https:\/\/encompaniastj.org\/pt-pt\/cardeal-juan-jose-omella-em-fatima\/#primaryimage"},"image":{"@id":"https:\/\/encompaniastj.org\/pt-pt\/cardeal-juan-jose-omella-em-fatima\/#primaryimage"},"thumbnailUrl":"https:\/\/encompaniastj.org\/wp-content\/uploads\/2025\/05\/foto3-5.jpg","datePublished":"2024-05-23T06:20:23+00:00","dateModified":"2025-07-07T14:25:14+00:00","breadcrumb":{"@id":"https:\/\/encompaniastj.org\/pt-pt\/cardeal-juan-jose-omella-em-fatima\/#breadcrumb"},"inLanguage":"pt-PT","potentialAction":[{"@type":"ReadAction","target":["https:\/\/encompaniastj.org\/pt-pt\/cardeal-juan-jose-omella-em-fatima\/"]}]},{"@type":"ImageObject","inLanguage":"pt-PT","@id":"https:\/\/encompaniastj.org\/pt-pt\/cardeal-juan-jose-omella-em-fatima\/#primaryimage","url":"https:\/\/encompaniastj.org\/wp-content\/uploads\/2025\/05\/foto3-5.jpg","contentUrl":"https:\/\/encompaniastj.org\/wp-content\/uploads\/2025\/05\/foto3-5.jpg","width":2048,"height":1536},{"@type":"BreadcrumbList","@id":"https:\/\/encompaniastj.org\/pt-pt\/cardeal-juan-jose-omella-em-fatima\/#breadcrumb","itemListElement":[{"@type":"ListItem","position":1,"name":"Portada","item":"https:\/\/encompaniastj.org\/pt-pt\/"},{"@type":"ListItem","position":2,"name":"O Cardeal Juan Jos\u00e9 Omella, em F\u00e1tima"}]},{"@type":"WebSite","@id":"https:\/\/encompaniastj.org\/pt-pt\/#website","url":"https:\/\/encompaniastj.org\/pt-pt\/","name":"En Compa\u00f1\u00eda STJ","description":"Bolet\u00edn de la Compa\u00f1\u00eda de Santa Teresa de Jes\u00fas","publisher":{"@id":"https:\/\/encompaniastj.org\/pt-pt\/#organization"},"potentialAction":[{"@type":"SearchAction","target":{"@type":"EntryPoint","urlTemplate":"https:\/\/encompaniastj.org\/pt-pt\/?s={search_term_string}"},"query-input":{"@type":"PropertyValueSpecification","valueRequired":true,"valueName":"search_term_string"}}],"inLanguage":"pt-PT"},{"@type":"Organization","@id":"https:\/\/encompaniastj.org\/pt-pt\/#organization","name":"Compa\u00f1\u00eda de Santa Teresa de Jes\u00fas","url":"https:\/\/encompaniastj.org\/pt-pt\/","logo":{"@type":"ImageObject","inLanguage":"pt-PT","@id":"https:\/\/encompaniastj.org\/pt-pt\/#\/schema\/logo\/image\/","url":"https:\/\/encompaniastj.org\/wp-content\/uploads\/2025\/04\/logo_provincias02-1-3.png","contentUrl":"https:\/\/encompaniastj.org\/wp-content\/uploads\/2025\/04\/logo_provincias02-1-3.png","width":2368,"height":825,"caption":"Compa\u00f1\u00eda de Santa Teresa de Jes\u00fas"},"image":{"@id":"https:\/\/encompaniastj.org\/pt-pt\/#\/schema\/logo\/image\/"}},{"@type":"Person","@id":"https:\/\/encompaniastj.org\/pt-pt\/#\/schema\/person\/520e7ecc314793d40091993c2a02b651","name":"admin","image":{"@type":"ImageObject","inLanguage":"pt-PT","@id":"https:\/\/secure.gravatar.com\/avatar\/948b492cce32b586ac2db0eaa926ee87024f7afe218d73b397ea5ddfc5f43ea1?s=96&d=mm&r=g","url":"https:\/\/secure.gravatar.com\/avatar\/948b492cce32b586ac2db0eaa926ee87024f7afe218d73b397ea5ddfc5f43ea1?s=96&d=mm&r=g","contentUrl":"https:\/\/secure.gravatar.com\/avatar\/948b492cce32b586ac2db0eaa926ee87024f7afe218d73b397ea5ddfc5f43ea1?s=96&d=mm&r=g","caption":"admin"},"sameAs":["https:\/\/encompaniastj.org"],"url":"https:\/\/encompaniastj.org\/pt-pt\/author\/sjdigital\/"}]}},"_links":{"self":[{"href":"https:\/\/encompaniastj.org\/pt-pt\/wp-json\/wp\/v2\/posts\/12048","targetHints":{"allow":["GET"]}}],"collection":[{"href":"https:\/\/encompaniastj.org\/pt-pt\/wp-json\/wp\/v2\/posts"}],"about":[{"href":"https:\/\/encompaniastj.org\/pt-pt\/wp-json\/wp\/v2\/types\/post"}],"author":[{"embeddable":true,"href":"https:\/\/encompaniastj.org\/pt-pt\/wp-json\/wp\/v2\/users\/1"}],"replies":[{"embeddable":true,"href":"https:\/\/encompaniastj.org\/pt-pt\/wp-json\/wp\/v2\/comments?post=12048"}],"version-history":[{"count":1,"href":"https:\/\/encompaniastj.org\/pt-pt\/wp-json\/wp\/v2\/posts\/12048\/revisions"}],"predecessor-version":[{"id":12049,"href":"https:\/\/encompaniastj.org\/pt-pt\/wp-json\/wp\/v2\/posts\/12048\/revisions\/12049"}],"wp:featuredmedia":[{"embeddable":true,"href":"https:\/\/encompaniastj.org\/pt-pt\/wp-json\/wp\/v2\/media\/8666"}],"wp:attachment":[{"href":"https:\/\/encompaniastj.org\/pt-pt\/wp-json\/wp\/v2\/media?parent=12048"}],"wp:term":[{"taxonomy":"category","embeddable":true,"href":"https:\/\/encompaniastj.org\/pt-pt\/wp-json\/wp\/v2\/categories?post=12048"},{"taxonomy":"post_tag","embeddable":true,"href":"https:\/\/encompaniastj.org\/pt-pt\/wp-json\/wp\/v2\/tags?post=12048"}],"curies":[{"name":"wp","href":"https:\/\/api.w.org\/{rel}","templated":true}]}}