{"id":12028,"date":"2024-05-16T09:40:50","date_gmt":"2024-05-16T07:40:50","guid":{"rendered":"https:\/\/encompaniastj.org\/as-irmas-do-colegio-de-tortosa-visitaram-calaceite\/"},"modified":"2025-07-07T16:25:11","modified_gmt":"2025-07-07T14:25:11","slug":"as-irmas-do-colegio-de-tortosa-visitaram-calaceite","status":"publish","type":"post","link":"https:\/\/encompaniastj.org\/pt-pt\/as-irmas-do-colegio-de-tortosa-visitaram-calaceite\/","title":{"rendered":"As Irm\u00e3s do Col\u00e9gio de Tortosa visitaram Calaceite"},"content":{"rendered":"<p>Em comunidade, aprofund\u00e1mos, ao longo de algum tempo, o nosso Carisma, relendo a <em>Hist\u00f3ria da Companhia<\/em> (tomos 1 e 2, tamb\u00e9m no 1, no que diz respeito \u00e0s Prov\u00edncias)<\/p>\n<p>Ach\u00e1mos um cap\u00edtulo importante no que se refere \u00e0s nossas Fundadoras. Conhecer os alicerces da Companhia, deixa-nos sentimentos de gratid\u00e3o pelas suas vidas e de maior compromisso: ora\u00e7\u00e3o, sil\u00eancio, sacrif\u00edcio e humildade, \u2026 s\u00e3o atitudes constantes na viv\u00eancia de cada uma e no que transmitiram \u00e0s jovens que se foram integrando. Todas com grande \u201czelo apost\u00f3lico\u201d.<\/p>\n<p>A partir da leitura, surgiu-nos a ilus\u00e3o de <strong><em>\u201cconhecer a Ruta das nossas Fundadoras\u201d<\/em><\/strong>. Ontem, dia 1 de maio, inici\u00e1mos por Calaceite, terra da Madre Saturnina. Sobre ela, j\u00e1 sabeis o que disse o nosso Padre: \u201cBoa cabe\u00e7a e bom cora\u00e7\u00e3o\u201d.<\/p>\n<p>Calaceite \u00e9 uma terra medieval, maravilhosa! Faz parte \u201cdas zonas mais bonitas de Espanha\u201d. As ruas, portas e edif\u00edcios s\u00e3o um museu\u2026<\/p>\n<p>A casa da Madre Saturnina, atualmente, pertence a um dos seus sobrinhos netos com os quais n\u00e3o temos rela\u00e7\u00e3o. Uma delas Teresa Jass\u00e1, artista pintora de cer\u00e2mica, que ofereceu parte das suas obras ao \u201cAyuntamiento\u201d. Est\u00e3o expostas no Turismo. S\u00e3o muito bonitas, quase todas inspiradas nas pinturas de Goya.<\/p>\n<p>Completamos o dia, visitando pela tarde Cretas, outra terra que fica perto de Calaceite, assim como, Valderrobles, sendo as duas muito significativas no <em>\u201cMaestrazgo\u201d.<\/em><\/p>\n<p>\u00c0s que se animarem a visitar Calaceite, podemos disponibilizar-nos para ser vossas guias.<\/p>\n<div id=\"attachment_12708\" style=\"width: 310px\" class=\"wp-caption aligncenter\"><img loading=\"lazy\" decoding=\"async\" aria-describedby=\"caption-attachment-12708\" class=\"wp-image-12708 size-medium\" src=\"https:\/\/encompaniastj.org\/wp-content\/uploads\/2025\/05\/casa-de-la-madre-Saturnina-1.jpg\" alt=\"\" width=\"300\" height=\"253\" \/><p id=\"caption-attachment-12708\" class=\"wp-caption-text\">Casa de la Madre Saturnina<\/p><\/div>\n<p>&nbsp;<\/p>\n<div id=\"attachment_12706\" style=\"width: 235px\" class=\"wp-caption aligncenter\"><img loading=\"lazy\" decoding=\"async\" aria-describedby=\"caption-attachment-12706\" class=\"wp-image-12706 size-medium\" src=\"https:\/\/encompaniastj.org\/wp-content\/uploads\/2025\/05\/ayuntamiento-de-Calaceite-1.jpg\" alt=\"ALTERNATIVO\" width=\"225\" height=\"300\" \/><p id=\"caption-attachment-12706\" class=\"wp-caption-text\">Ayuntamiento de Calaceite<\/p><\/div>\n<p>&nbsp;<\/p>\n<div id=\"attachment_12704\" style=\"width: 235px\" class=\"wp-caption aligncenter\"><img loading=\"lazy\" decoding=\"async\" aria-describedby=\"caption-attachment-12704\" class=\"wp-image-12704 size-medium\" src=\"https:\/\/encompaniastj.org\/wp-content\/uploads\/2025\/05\/portal-de-san-Antonio.jpg\" alt=\"\" width=\"225\" height=\"300\" \/><p id=\"caption-attachment-12704\" class=\"wp-caption-text\">Portal de San Antonio<\/p><\/div>\n","protected":false},"excerpt":{"rendered":"<p>Em comunidade, aprofund\u00e1mos, ao longo de algum tempo, o nosso Carisma, relendo a Hist\u00f3ria da Companhia (tomos 1 e 2, tamb\u00e9m no 1, no que diz respeito \u00e0s Prov\u00edncias) Ach\u00e1mos [&hellip;]<\/p>\n","protected":false},"author":1,"featured_media":8655,"comment_status":"open","ping_status":"open","sticky":false,"template":"","format":"standard","meta":{"_acf_changed":false,"footnotes":""},"categories":[61,62,68],"tags":[],"class_list":["post-12028","post","type-post","status-publish","format-standard","has-post-thumbnail","hentry","category-noticias","category-otras","category-outras"],"acf":[],"yoast_head":"<!-- This site is optimized with the Yoast SEO plugin v27.5 - https:\/\/yoast.com\/product\/yoast-seo-wordpress\/ -->\n<title>As Irm\u00e3s do Col\u00e9gio de Tortosa visitaram Calaceite - En Compa\u00f1\u00eda STJ<\/title>\n<meta name=\"robots\" content=\"index, follow, max-snippet:-1, max-image-preview:large, max-video-preview:-1\" \/>\n<link rel=\"canonical\" href=\"https:\/\/encompaniastj.org\/pt-pt\/as-irmas-do-colegio-de-tortosa-visitaram-calaceite\/\" \/>\n<meta property=\"og:locale\" content=\"pt_PT\" \/>\n<meta property=\"og:type\" content=\"article\" \/>\n<meta property=\"og:title\" content=\"As Irm\u00e3s do Col\u00e9gio de Tortosa visitaram Calaceite - En Compa\u00f1\u00eda STJ\" \/>\n<meta property=\"og:description\" content=\"Em comunidade, aprofund\u00e1mos, ao longo de algum tempo, o nosso Carisma, relendo a Hist\u00f3ria da Companhia (tomos 1 e 2, tamb\u00e9m no 1, no que diz respeito \u00e0s Prov\u00edncias) Ach\u00e1mos [&hellip;]\" \/>\n<meta property=\"og:url\" content=\"https:\/\/encompaniastj.org\/pt-pt\/as-irmas-do-colegio-de-tortosa-visitaram-calaceite\/\" \/>\n<meta property=\"og:site_name\" content=\"En Compa\u00f1\u00eda STJ\" \/>\n<meta property=\"article:published_time\" content=\"2024-05-16T07:40:50+00:00\" \/>\n<meta property=\"article:modified_time\" content=\"2025-07-07T14:25:11+00:00\" \/>\n<meta property=\"og:image\" content=\"https:\/\/encompaniastj.org\/wp-content\/uploads\/2025\/05\/FOTO.png\" \/>\n\t<meta property=\"og:image:width\" content=\"567\" \/>\n\t<meta property=\"og:image:height\" content=\"353\" \/>\n\t<meta property=\"og:image:type\" content=\"image\/png\" \/>\n<meta name=\"author\" content=\"admin\" \/>\n<meta name=\"twitter:card\" content=\"summary_large_image\" \/>\n<meta name=\"twitter:label1\" content=\"Escrito por\" \/>\n\t<meta name=\"twitter:data1\" content=\"admin\" \/>\n\t<meta name=\"twitter:label2\" content=\"Tempo estimado de leitura\" \/>\n\t<meta name=\"twitter:data2\" content=\"2 minutos\" \/>\n<script type=\"application\/ld+json\" class=\"yoast-schema-graph\">{\"@context\":\"https:\\\/\\\/schema.org\",\"@graph\":[{\"@type\":\"Article\",\"@id\":\"https:\\\/\\\/encompaniastj.org\\\/pt-pt\\\/as-irmas-do-colegio-de-tortosa-visitaram-calaceite\\\/#article\",\"isPartOf\":{\"@id\":\"https:\\\/\\\/encompaniastj.org\\\/pt-pt\\\/as-irmas-do-colegio-de-tortosa-visitaram-calaceite\\\/\"},\"author\":{\"name\":\"admin\",\"@id\":\"https:\\\/\\\/encompaniastj.org\\\/pt-pt\\\/#\\\/schema\\\/person\\\/520e7ecc314793d40091993c2a02b651\"},\"headline\":\"As Irm\u00e3s do Col\u00e9gio de Tortosa visitaram Calaceite\",\"datePublished\":\"2024-05-16T07:40:50+00:00\",\"dateModified\":\"2025-07-07T14:25:11+00:00\",\"mainEntityOfPage\":{\"@id\":\"https:\\\/\\\/encompaniastj.org\\\/pt-pt\\\/as-irmas-do-colegio-de-tortosa-visitaram-calaceite\\\/\"},\"wordCount\":297,\"commentCount\":0,\"publisher\":{\"@id\":\"https:\\\/\\\/encompaniastj.org\\\/pt-pt\\\/#organization\"},\"image\":{\"@id\":\"https:\\\/\\\/encompaniastj.org\\\/pt-pt\\\/as-irmas-do-colegio-de-tortosa-visitaram-calaceite\\\/#primaryimage\"},\"thumbnailUrl\":\"https:\\\/\\\/encompaniastj.org\\\/wp-content\\\/uploads\\\/2025\\\/05\\\/FOTO.png\",\"articleSection\":[\"Noticias\",\"Otras\",\"Outras\"],\"inLanguage\":\"pt-PT\",\"potentialAction\":[{\"@type\":\"CommentAction\",\"name\":\"Comment\",\"target\":[\"https:\\\/\\\/encompaniastj.org\\\/pt-pt\\\/as-irmas-do-colegio-de-tortosa-visitaram-calaceite\\\/#respond\"]}]},{\"@type\":\"WebPage\",\"@id\":\"https:\\\/\\\/encompaniastj.org\\\/pt-pt\\\/as-irmas-do-colegio-de-tortosa-visitaram-calaceite\\\/\",\"url\":\"https:\\\/\\\/encompaniastj.org\\\/pt-pt\\\/as-irmas-do-colegio-de-tortosa-visitaram-calaceite\\\/\",\"name\":\"As Irm\u00e3s do Col\u00e9gio de Tortosa visitaram Calaceite - En Compa\u00f1\u00eda STJ\",\"isPartOf\":{\"@id\":\"https:\\\/\\\/encompaniastj.org\\\/pt-pt\\\/#website\"},\"primaryImageOfPage\":{\"@id\":\"https:\\\/\\\/encompaniastj.org\\\/pt-pt\\\/as-irmas-do-colegio-de-tortosa-visitaram-calaceite\\\/#primaryimage\"},\"image\":{\"@id\":\"https:\\\/\\\/encompaniastj.org\\\/pt-pt\\\/as-irmas-do-colegio-de-tortosa-visitaram-calaceite\\\/#primaryimage\"},\"thumbnailUrl\":\"https:\\\/\\\/encompaniastj.org\\\/wp-content\\\/uploads\\\/2025\\\/05\\\/FOTO.png\",\"datePublished\":\"2024-05-16T07:40:50+00:00\",\"dateModified\":\"2025-07-07T14:25:11+00:00\",\"breadcrumb\":{\"@id\":\"https:\\\/\\\/encompaniastj.org\\\/pt-pt\\\/as-irmas-do-colegio-de-tortosa-visitaram-calaceite\\\/#breadcrumb\"},\"inLanguage\":\"pt-PT\",\"potentialAction\":[{\"@type\":\"ReadAction\",\"target\":[\"https:\\\/\\\/encompaniastj.org\\\/pt-pt\\\/as-irmas-do-colegio-de-tortosa-visitaram-calaceite\\\/\"]}]},{\"@type\":\"ImageObject\",\"inLanguage\":\"pt-PT\",\"@id\":\"https:\\\/\\\/encompaniastj.org\\\/pt-pt\\\/as-irmas-do-colegio-de-tortosa-visitaram-calaceite\\\/#primaryimage\",\"url\":\"https:\\\/\\\/encompaniastj.org\\\/wp-content\\\/uploads\\\/2025\\\/05\\\/FOTO.png\",\"contentUrl\":\"https:\\\/\\\/encompaniastj.org\\\/wp-content\\\/uploads\\\/2025\\\/05\\\/FOTO.png\",\"width\":567,\"height\":353},{\"@type\":\"BreadcrumbList\",\"@id\":\"https:\\\/\\\/encompaniastj.org\\\/pt-pt\\\/as-irmas-do-colegio-de-tortosa-visitaram-calaceite\\\/#breadcrumb\",\"itemListElement\":[{\"@type\":\"ListItem\",\"position\":1,\"name\":\"Portada\",\"item\":\"https:\\\/\\\/encompaniastj.org\\\/pt-pt\\\/\"},{\"@type\":\"ListItem\",\"position\":2,\"name\":\"As Irm\u00e3s do Col\u00e9gio de Tortosa visitaram Calaceite\"}]},{\"@type\":\"WebSite\",\"@id\":\"https:\\\/\\\/encompaniastj.org\\\/pt-pt\\\/#website\",\"url\":\"https:\\\/\\\/encompaniastj.org\\\/pt-pt\\\/\",\"name\":\"En Compa\u00f1\u00eda STJ\",\"description\":\"Bolet\u00edn de la Compa\u00f1\u00eda de Santa Teresa de Jes\u00fas\",\"publisher\":{\"@id\":\"https:\\\/\\\/encompaniastj.org\\\/pt-pt\\\/#organization\"},\"potentialAction\":[{\"@type\":\"SearchAction\",\"target\":{\"@type\":\"EntryPoint\",\"urlTemplate\":\"https:\\\/\\\/encompaniastj.org\\\/pt-pt\\\/?s={search_term_string}\"},\"query-input\":{\"@type\":\"PropertyValueSpecification\",\"valueRequired\":true,\"valueName\":\"search_term_string\"}}],\"inLanguage\":\"pt-PT\"},{\"@type\":\"Organization\",\"@id\":\"https:\\\/\\\/encompaniastj.org\\\/pt-pt\\\/#organization\",\"name\":\"Compa\u00f1\u00eda de Santa Teresa de Jes\u00fas\",\"url\":\"https:\\\/\\\/encompaniastj.org\\\/pt-pt\\\/\",\"logo\":{\"@type\":\"ImageObject\",\"inLanguage\":\"pt-PT\",\"@id\":\"https:\\\/\\\/encompaniastj.org\\\/pt-pt\\\/#\\\/schema\\\/logo\\\/image\\\/\",\"url\":\"https:\\\/\\\/encompaniastj.org\\\/wp-content\\\/uploads\\\/2025\\\/04\\\/logo_provincias02-1-3.png\",\"contentUrl\":\"https:\\\/\\\/encompaniastj.org\\\/wp-content\\\/uploads\\\/2025\\\/04\\\/logo_provincias02-1-3.png\",\"width\":2368,\"height\":825,\"caption\":\"Compa\u00f1\u00eda de Santa Teresa de Jes\u00fas\"},\"image\":{\"@id\":\"https:\\\/\\\/encompaniastj.org\\\/pt-pt\\\/#\\\/schema\\\/logo\\\/image\\\/\"}},{\"@type\":\"Person\",\"@id\":\"https:\\\/\\\/encompaniastj.org\\\/pt-pt\\\/#\\\/schema\\\/person\\\/520e7ecc314793d40091993c2a02b651\",\"name\":\"admin\",\"image\":{\"@type\":\"ImageObject\",\"inLanguage\":\"pt-PT\",\"@id\":\"https:\\\/\\\/secure.gravatar.com\\\/avatar\\\/948b492cce32b586ac2db0eaa926ee87024f7afe218d73b397ea5ddfc5f43ea1?s=96&d=mm&r=g\",\"url\":\"https:\\\/\\\/secure.gravatar.com\\\/avatar\\\/948b492cce32b586ac2db0eaa926ee87024f7afe218d73b397ea5ddfc5f43ea1?s=96&d=mm&r=g\",\"contentUrl\":\"https:\\\/\\\/secure.gravatar.com\\\/avatar\\\/948b492cce32b586ac2db0eaa926ee87024f7afe218d73b397ea5ddfc5f43ea1?s=96&d=mm&r=g\",\"caption\":\"admin\"},\"sameAs\":[\"https:\\\/\\\/encompaniastj.org\"],\"url\":\"https:\\\/\\\/encompaniastj.org\\\/pt-pt\\\/author\\\/sjdigital\\\/\"}]}<\/script>\n<!-- \/ Yoast SEO plugin. -->","yoast_head_json":{"title":"As Irm\u00e3s do Col\u00e9gio de Tortosa visitaram Calaceite - En Compa\u00f1\u00eda STJ","robots":{"index":"index","follow":"follow","max-snippet":"max-snippet:-1","max-image-preview":"max-image-preview:large","max-video-preview":"max-video-preview:-1"},"canonical":"https:\/\/encompaniastj.org\/pt-pt\/as-irmas-do-colegio-de-tortosa-visitaram-calaceite\/","og_locale":"pt_PT","og_type":"article","og_title":"As Irm\u00e3s do Col\u00e9gio de Tortosa visitaram Calaceite - En Compa\u00f1\u00eda STJ","og_description":"Em comunidade, aprofund\u00e1mos, ao longo de algum tempo, o nosso Carisma, relendo a Hist\u00f3ria da Companhia (tomos 1 e 2, tamb\u00e9m no 1, no que diz respeito \u00e0s Prov\u00edncias) Ach\u00e1mos [&hellip;]","og_url":"https:\/\/encompaniastj.org\/pt-pt\/as-irmas-do-colegio-de-tortosa-visitaram-calaceite\/","og_site_name":"En Compa\u00f1\u00eda STJ","article_published_time":"2024-05-16T07:40:50+00:00","article_modified_time":"2025-07-07T14:25:11+00:00","og_image":[{"width":567,"height":353,"url":"https:\/\/encompaniastj.org\/wp-content\/uploads\/2025\/05\/FOTO.png","type":"image\/png"}],"author":"admin","twitter_card":"summary_large_image","twitter_misc":{"Escrito por":"admin","Tempo estimado de leitura":"2 minutos"},"schema":{"@context":"https:\/\/schema.org","@graph":[{"@type":"Article","@id":"https:\/\/encompaniastj.org\/pt-pt\/as-irmas-do-colegio-de-tortosa-visitaram-calaceite\/#article","isPartOf":{"@id":"https:\/\/encompaniastj.org\/pt-pt\/as-irmas-do-colegio-de-tortosa-visitaram-calaceite\/"},"author":{"name":"admin","@id":"https:\/\/encompaniastj.org\/pt-pt\/#\/schema\/person\/520e7ecc314793d40091993c2a02b651"},"headline":"As Irm\u00e3s do Col\u00e9gio de Tortosa visitaram Calaceite","datePublished":"2024-05-16T07:40:50+00:00","dateModified":"2025-07-07T14:25:11+00:00","mainEntityOfPage":{"@id":"https:\/\/encompaniastj.org\/pt-pt\/as-irmas-do-colegio-de-tortosa-visitaram-calaceite\/"},"wordCount":297,"commentCount":0,"publisher":{"@id":"https:\/\/encompaniastj.org\/pt-pt\/#organization"},"image":{"@id":"https:\/\/encompaniastj.org\/pt-pt\/as-irmas-do-colegio-de-tortosa-visitaram-calaceite\/#primaryimage"},"thumbnailUrl":"https:\/\/encompaniastj.org\/wp-content\/uploads\/2025\/05\/FOTO.png","articleSection":["Noticias","Otras","Outras"],"inLanguage":"pt-PT","potentialAction":[{"@type":"CommentAction","name":"Comment","target":["https:\/\/encompaniastj.org\/pt-pt\/as-irmas-do-colegio-de-tortosa-visitaram-calaceite\/#respond"]}]},{"@type":"WebPage","@id":"https:\/\/encompaniastj.org\/pt-pt\/as-irmas-do-colegio-de-tortosa-visitaram-calaceite\/","url":"https:\/\/encompaniastj.org\/pt-pt\/as-irmas-do-colegio-de-tortosa-visitaram-calaceite\/","name":"As Irm\u00e3s do Col\u00e9gio de Tortosa visitaram Calaceite - En Compa\u00f1\u00eda STJ","isPartOf":{"@id":"https:\/\/encompaniastj.org\/pt-pt\/#website"},"primaryImageOfPage":{"@id":"https:\/\/encompaniastj.org\/pt-pt\/as-irmas-do-colegio-de-tortosa-visitaram-calaceite\/#primaryimage"},"image":{"@id":"https:\/\/encompaniastj.org\/pt-pt\/as-irmas-do-colegio-de-tortosa-visitaram-calaceite\/#primaryimage"},"thumbnailUrl":"https:\/\/encompaniastj.org\/wp-content\/uploads\/2025\/05\/FOTO.png","datePublished":"2024-05-16T07:40:50+00:00","dateModified":"2025-07-07T14:25:11+00:00","breadcrumb":{"@id":"https:\/\/encompaniastj.org\/pt-pt\/as-irmas-do-colegio-de-tortosa-visitaram-calaceite\/#breadcrumb"},"inLanguage":"pt-PT","potentialAction":[{"@type":"ReadAction","target":["https:\/\/encompaniastj.org\/pt-pt\/as-irmas-do-colegio-de-tortosa-visitaram-calaceite\/"]}]},{"@type":"ImageObject","inLanguage":"pt-PT","@id":"https:\/\/encompaniastj.org\/pt-pt\/as-irmas-do-colegio-de-tortosa-visitaram-calaceite\/#primaryimage","url":"https:\/\/encompaniastj.org\/wp-content\/uploads\/2025\/05\/FOTO.png","contentUrl":"https:\/\/encompaniastj.org\/wp-content\/uploads\/2025\/05\/FOTO.png","width":567,"height":353},{"@type":"BreadcrumbList","@id":"https:\/\/encompaniastj.org\/pt-pt\/as-irmas-do-colegio-de-tortosa-visitaram-calaceite\/#breadcrumb","itemListElement":[{"@type":"ListItem","position":1,"name":"Portada","item":"https:\/\/encompaniastj.org\/pt-pt\/"},{"@type":"ListItem","position":2,"name":"As Irm\u00e3s do Col\u00e9gio de Tortosa visitaram Calaceite"}]},{"@type":"WebSite","@id":"https:\/\/encompaniastj.org\/pt-pt\/#website","url":"https:\/\/encompaniastj.org\/pt-pt\/","name":"En Compa\u00f1\u00eda STJ","description":"Bolet\u00edn de la Compa\u00f1\u00eda de Santa Teresa de Jes\u00fas","publisher":{"@id":"https:\/\/encompaniastj.org\/pt-pt\/#organization"},"potentialAction":[{"@type":"SearchAction","target":{"@type":"EntryPoint","urlTemplate":"https:\/\/encompaniastj.org\/pt-pt\/?s={search_term_string}"},"query-input":{"@type":"PropertyValueSpecification","valueRequired":true,"valueName":"search_term_string"}}],"inLanguage":"pt-PT"},{"@type":"Organization","@id":"https:\/\/encompaniastj.org\/pt-pt\/#organization","name":"Compa\u00f1\u00eda de Santa Teresa de Jes\u00fas","url":"https:\/\/encompaniastj.org\/pt-pt\/","logo":{"@type":"ImageObject","inLanguage":"pt-PT","@id":"https:\/\/encompaniastj.org\/pt-pt\/#\/schema\/logo\/image\/","url":"https:\/\/encompaniastj.org\/wp-content\/uploads\/2025\/04\/logo_provincias02-1-3.png","contentUrl":"https:\/\/encompaniastj.org\/wp-content\/uploads\/2025\/04\/logo_provincias02-1-3.png","width":2368,"height":825,"caption":"Compa\u00f1\u00eda de Santa Teresa de Jes\u00fas"},"image":{"@id":"https:\/\/encompaniastj.org\/pt-pt\/#\/schema\/logo\/image\/"}},{"@type":"Person","@id":"https:\/\/encompaniastj.org\/pt-pt\/#\/schema\/person\/520e7ecc314793d40091993c2a02b651","name":"admin","image":{"@type":"ImageObject","inLanguage":"pt-PT","@id":"https:\/\/secure.gravatar.com\/avatar\/948b492cce32b586ac2db0eaa926ee87024f7afe218d73b397ea5ddfc5f43ea1?s=96&d=mm&r=g","url":"https:\/\/secure.gravatar.com\/avatar\/948b492cce32b586ac2db0eaa926ee87024f7afe218d73b397ea5ddfc5f43ea1?s=96&d=mm&r=g","contentUrl":"https:\/\/secure.gravatar.com\/avatar\/948b492cce32b586ac2db0eaa926ee87024f7afe218d73b397ea5ddfc5f43ea1?s=96&d=mm&r=g","caption":"admin"},"sameAs":["https:\/\/encompaniastj.org"],"url":"https:\/\/encompaniastj.org\/pt-pt\/author\/sjdigital\/"}]}},"_links":{"self":[{"href":"https:\/\/encompaniastj.org\/pt-pt\/wp-json\/wp\/v2\/posts\/12028","targetHints":{"allow":["GET"]}}],"collection":[{"href":"https:\/\/encompaniastj.org\/pt-pt\/wp-json\/wp\/v2\/posts"}],"about":[{"href":"https:\/\/encompaniastj.org\/pt-pt\/wp-json\/wp\/v2\/types\/post"}],"author":[{"embeddable":true,"href":"https:\/\/encompaniastj.org\/pt-pt\/wp-json\/wp\/v2\/users\/1"}],"replies":[{"embeddable":true,"href":"https:\/\/encompaniastj.org\/pt-pt\/wp-json\/wp\/v2\/comments?post=12028"}],"version-history":[{"count":1,"href":"https:\/\/encompaniastj.org\/pt-pt\/wp-json\/wp\/v2\/posts\/12028\/revisions"}],"predecessor-version":[{"id":12029,"href":"https:\/\/encompaniastj.org\/pt-pt\/wp-json\/wp\/v2\/posts\/12028\/revisions\/12029"}],"wp:featuredmedia":[{"embeddable":true,"href":"https:\/\/encompaniastj.org\/pt-pt\/wp-json\/wp\/v2\/media\/8655"}],"wp:attachment":[{"href":"https:\/\/encompaniastj.org\/pt-pt\/wp-json\/wp\/v2\/media?parent=12028"}],"wp:term":[{"taxonomy":"category","embeddable":true,"href":"https:\/\/encompaniastj.org\/pt-pt\/wp-json\/wp\/v2\/categories?post=12028"},{"taxonomy":"post_tag","embeddable":true,"href":"https:\/\/encompaniastj.org\/pt-pt\/wp-json\/wp\/v2\/tags?post=12028"}],"curies":[{"name":"wp","href":"https:\/\/api.w.org\/{rel}","templated":true}]}}