{"id":11996,"date":"2024-05-06T08:44:19","date_gmt":"2024-05-06T06:44:19","guid":{"rendered":"https:\/\/encompaniastj.org\/uanta-vida-encontro-de-irmas-por-ocasiao-do-centenario-em-tarragona\/"},"modified":"2025-07-07T16:25:08","modified_gmt":"2025-07-07T14:25:08","slug":"uanta-vida-encontro-de-irmas-por-ocasiao-do-centenario-em-tarragona","status":"publish","type":"post","link":"https:\/\/encompaniastj.org\/pt-pt\/uanta-vida-encontro-de-irmas-por-ocasiao-do-centenario-em-tarragona\/","title":{"rendered":"Quanta vida!  Encontro de irm\u00e3s por ocasi\u00e3o do centen\u00e1rio em Tarragona"},"content":{"rendered":"<p>Que dia t\u00e3o bonito, fraterno&#8230; Assim nos resultou o dia 27 de abril, dia da M\u00e3e de Deus de Montserrat, a comunidade de Tarragona celebrava os 100 anos do col\u00e9gio, convidamos outras irm\u00e3s, que haviam passado por este lugar ou n\u00e3o e nos reunimos 37 Irm\u00e3s.<\/p>\n<p>Acolhimento, sorrisos, abra\u00e7os, pastissets, frutas de arag\u00e3o, biscoitos, caf\u00e9, suco&#8230; e sa\u00edmos a percorrer a Tarragona antiga para localizar as casas teresianas anteriores ao col\u00e9gio atual, sem pressa, complementado explica\u00e7\u00f5es, fotos&#8230; na capela de S. Paulo tivemos uma lembran\u00e7a para todas as Irm\u00e3s da Companhia.<\/p>\n<p>J\u00e1 no col\u00e9gio uma emotiva ora\u00e7\u00e3o de a\u00e7\u00e3o de gra\u00e7as, n\u00e3o podia ser de outra maneira.<\/p>\n<p>No almo\u00e7o n\u00e3o faltou o bolo com as velas: cem, as que haviam sido diretoras do col\u00e9gio sopraram-nas.<\/p>\n<p>A seguir, uma visita ao quarto da Ir. Maria Cinta Monfort, a quem Deus, por interm\u00e9dio de Nosso Pai, devolveu a sa\u00fade, estava diagnosticada com uma tuberculose irremedi\u00e1vel.<\/p>\n<p>De novo, olhar para as orlas, para a capela, corredores, Irm\u00e3s, e despedida.<\/p>\n<p>N\u00e3o estivemos todo o dia, algumas tinham que regressar de comboio, outras de autocarro ou de carro particular, mas o encontro tinha-nos proporcionado uma grande alegria, foi simples, com detalhes&#8230; e tal como rezava um cartaz do Centen\u00e1rio: cheio de pessoas. Um encontro cheio, gratificante, ser\u00e1 que o carinho e a simplicidade e a mem\u00f3ria agradecida proporcionam muita alegria e paz?<\/p>\n<p>Agradecemos a todas as Irm\u00e3s que vieram, sem elas n\u00e3o teria sido poss\u00edvel o encontro, tamb\u00e9m \u00e0s que se fizeram presentes atrav\u00e9s de watsaps, correios&#8230; (Comunidade de Tarragona)<\/p>\n<p><img loading=\"lazy\" decoding=\"async\" class=\"aligncenter wp-image-12629 size-large\" src=\"https:\/\/encompaniastj.org\/wp-content\/uploads\/2025\/05\/WhatsApp-Image-2024-04-28-at-19.08.47.jpeg\" alt=\"\" width=\"1024\" height=\"768\" \/><\/p>\n<p><img loading=\"lazy\" decoding=\"async\" class=\"aligncenter wp-image-12626 size-large\" src=\"https:\/\/encompaniastj.org\/wp-content\/uploads\/2025\/05\/WhatsApp-Image-2024-04-28-at-19.08.47-1.jpeg\" alt=\"\" width=\"1024\" height=\"768\" \/><\/p>\n<p>&nbsp;<\/p>\n","protected":false},"excerpt":{"rendered":"<p>Que dia t\u00e3o bonito, fraterno&#8230; Assim nos resultou o dia 27 de abril, dia da M\u00e3e de Deus de Montserrat, a comunidade de Tarragona celebrava os 100 anos do col\u00e9gio, [&hellip;]<\/p>\n","protected":false},"author":1,"featured_media":8636,"comment_status":"open","ping_status":"open","sticky":false,"template":"","format":"standard","meta":{"_acf_changed":false,"footnotes":""},"categories":[61,62,68],"tags":[],"class_list":["post-11996","post","type-post","status-publish","format-standard","has-post-thumbnail","hentry","category-noticias","category-otras","category-outras"],"acf":[],"yoast_head":"<!-- This site is optimized with the Yoast SEO plugin v27.5 - https:\/\/yoast.com\/product\/yoast-seo-wordpress\/ -->\n<title>Quanta vida! Encontro de irm\u00e3s por ocasi\u00e3o do centen\u00e1rio em Tarragona - En Compa\u00f1\u00eda STJ<\/title>\n<meta name=\"robots\" content=\"index, follow, max-snippet:-1, max-image-preview:large, max-video-preview:-1\" \/>\n<link rel=\"canonical\" href=\"https:\/\/encompaniastj.org\/pt-pt\/uanta-vida-encontro-de-irmas-por-ocasiao-do-centenario-em-tarragona\/\" \/>\n<meta property=\"og:locale\" content=\"pt_PT\" \/>\n<meta property=\"og:type\" content=\"article\" \/>\n<meta property=\"og:title\" content=\"Quanta vida! Encontro de irm\u00e3s por ocasi\u00e3o do centen\u00e1rio em Tarragona - En Compa\u00f1\u00eda STJ\" \/>\n<meta property=\"og:description\" content=\"Que dia t\u00e3o bonito, fraterno&#8230; Assim nos resultou o dia 27 de abril, dia da M\u00e3e de Deus de Montserrat, a comunidade de Tarragona celebrava os 100 anos do col\u00e9gio, [&hellip;]\" \/>\n<meta property=\"og:url\" content=\"https:\/\/encompaniastj.org\/pt-pt\/uanta-vida-encontro-de-irmas-por-ocasiao-do-centenario-em-tarragona\/\" \/>\n<meta property=\"og:site_name\" content=\"En Compa\u00f1\u00eda STJ\" \/>\n<meta property=\"article:published_time\" content=\"2024-05-06T06:44:19+00:00\" \/>\n<meta property=\"article:modified_time\" content=\"2025-07-07T14:25:08+00:00\" \/>\n<meta property=\"og:image\" content=\"https:\/\/encompaniastj.org\/wp-content\/uploads\/2025\/05\/WhatsApp-Image-2024-04-28-at-19.09.19.jpeg\" \/>\n\t<meta property=\"og:image:width\" content=\"1536\" \/>\n\t<meta property=\"og:image:height\" content=\"2048\" \/>\n\t<meta property=\"og:image:type\" content=\"image\/jpeg\" \/>\n<meta name=\"author\" content=\"admin\" \/>\n<meta name=\"twitter:card\" content=\"summary_large_image\" \/>\n<meta name=\"twitter:label1\" content=\"Escrito por\" \/>\n\t<meta name=\"twitter:data1\" content=\"admin\" \/>\n\t<meta name=\"twitter:label2\" content=\"Tempo estimado de leitura\" \/>\n\t<meta name=\"twitter:data2\" content=\"2 minutos\" \/>\n<script type=\"application\/ld+json\" class=\"yoast-schema-graph\">{\"@context\":\"https:\\\/\\\/schema.org\",\"@graph\":[{\"@type\":\"Article\",\"@id\":\"https:\\\/\\\/encompaniastj.org\\\/pt-pt\\\/uanta-vida-encontro-de-irmas-por-ocasiao-do-centenario-em-tarragona\\\/#article\",\"isPartOf\":{\"@id\":\"https:\\\/\\\/encompaniastj.org\\\/pt-pt\\\/uanta-vida-encontro-de-irmas-por-ocasiao-do-centenario-em-tarragona\\\/\"},\"author\":{\"name\":\"admin\",\"@id\":\"https:\\\/\\\/encompaniastj.org\\\/pt-pt\\\/#\\\/schema\\\/person\\\/520e7ecc314793d40091993c2a02b651\"},\"headline\":\"Quanta vida! Encontro de irm\u00e3s por ocasi\u00e3o do centen\u00e1rio em Tarragona\",\"datePublished\":\"2024-05-06T06:44:19+00:00\",\"dateModified\":\"2025-07-07T14:25:08+00:00\",\"mainEntityOfPage\":{\"@id\":\"https:\\\/\\\/encompaniastj.org\\\/pt-pt\\\/uanta-vida-encontro-de-irmas-por-ocasiao-do-centenario-em-tarragona\\\/\"},\"wordCount\":300,\"commentCount\":0,\"publisher\":{\"@id\":\"https:\\\/\\\/encompaniastj.org\\\/pt-pt\\\/#organization\"},\"image\":{\"@id\":\"https:\\\/\\\/encompaniastj.org\\\/pt-pt\\\/uanta-vida-encontro-de-irmas-por-ocasiao-do-centenario-em-tarragona\\\/#primaryimage\"},\"thumbnailUrl\":\"https:\\\/\\\/encompaniastj.org\\\/wp-content\\\/uploads\\\/2025\\\/05\\\/WhatsApp-Image-2024-04-28-at-19.09.19.jpeg\",\"articleSection\":[\"Noticias\",\"Otras\",\"Outras\"],\"inLanguage\":\"pt-PT\",\"potentialAction\":[{\"@type\":\"CommentAction\",\"name\":\"Comment\",\"target\":[\"https:\\\/\\\/encompaniastj.org\\\/pt-pt\\\/uanta-vida-encontro-de-irmas-por-ocasiao-do-centenario-em-tarragona\\\/#respond\"]}]},{\"@type\":\"WebPage\",\"@id\":\"https:\\\/\\\/encompaniastj.org\\\/pt-pt\\\/uanta-vida-encontro-de-irmas-por-ocasiao-do-centenario-em-tarragona\\\/\",\"url\":\"https:\\\/\\\/encompaniastj.org\\\/pt-pt\\\/uanta-vida-encontro-de-irmas-por-ocasiao-do-centenario-em-tarragona\\\/\",\"name\":\"Quanta vida! Encontro de irm\u00e3s por ocasi\u00e3o do centen\u00e1rio em Tarragona - En Compa\u00f1\u00eda STJ\",\"isPartOf\":{\"@id\":\"https:\\\/\\\/encompaniastj.org\\\/pt-pt\\\/#website\"},\"primaryImageOfPage\":{\"@id\":\"https:\\\/\\\/encompaniastj.org\\\/pt-pt\\\/uanta-vida-encontro-de-irmas-por-ocasiao-do-centenario-em-tarragona\\\/#primaryimage\"},\"image\":{\"@id\":\"https:\\\/\\\/encompaniastj.org\\\/pt-pt\\\/uanta-vida-encontro-de-irmas-por-ocasiao-do-centenario-em-tarragona\\\/#primaryimage\"},\"thumbnailUrl\":\"https:\\\/\\\/encompaniastj.org\\\/wp-content\\\/uploads\\\/2025\\\/05\\\/WhatsApp-Image-2024-04-28-at-19.09.19.jpeg\",\"datePublished\":\"2024-05-06T06:44:19+00:00\",\"dateModified\":\"2025-07-07T14:25:08+00:00\",\"breadcrumb\":{\"@id\":\"https:\\\/\\\/encompaniastj.org\\\/pt-pt\\\/uanta-vida-encontro-de-irmas-por-ocasiao-do-centenario-em-tarragona\\\/#breadcrumb\"},\"inLanguage\":\"pt-PT\",\"potentialAction\":[{\"@type\":\"ReadAction\",\"target\":[\"https:\\\/\\\/encompaniastj.org\\\/pt-pt\\\/uanta-vida-encontro-de-irmas-por-ocasiao-do-centenario-em-tarragona\\\/\"]}]},{\"@type\":\"ImageObject\",\"inLanguage\":\"pt-PT\",\"@id\":\"https:\\\/\\\/encompaniastj.org\\\/pt-pt\\\/uanta-vida-encontro-de-irmas-por-ocasiao-do-centenario-em-tarragona\\\/#primaryimage\",\"url\":\"https:\\\/\\\/encompaniastj.org\\\/wp-content\\\/uploads\\\/2025\\\/05\\\/WhatsApp-Image-2024-04-28-at-19.09.19.jpeg\",\"contentUrl\":\"https:\\\/\\\/encompaniastj.org\\\/wp-content\\\/uploads\\\/2025\\\/05\\\/WhatsApp-Image-2024-04-28-at-19.09.19.jpeg\",\"width\":1536,\"height\":2048},{\"@type\":\"BreadcrumbList\",\"@id\":\"https:\\\/\\\/encompaniastj.org\\\/pt-pt\\\/uanta-vida-encontro-de-irmas-por-ocasiao-do-centenario-em-tarragona\\\/#breadcrumb\",\"itemListElement\":[{\"@type\":\"ListItem\",\"position\":1,\"name\":\"Portada\",\"item\":\"https:\\\/\\\/encompaniastj.org\\\/pt-pt\\\/\"},{\"@type\":\"ListItem\",\"position\":2,\"name\":\"Quanta vida! Encontro de irm\u00e3s por ocasi\u00e3o do centen\u00e1rio em Tarragona\"}]},{\"@type\":\"WebSite\",\"@id\":\"https:\\\/\\\/encompaniastj.org\\\/pt-pt\\\/#website\",\"url\":\"https:\\\/\\\/encompaniastj.org\\\/pt-pt\\\/\",\"name\":\"En Compa\u00f1\u00eda STJ\",\"description\":\"Bolet\u00edn de la Compa\u00f1\u00eda de Santa Teresa de Jes\u00fas\",\"publisher\":{\"@id\":\"https:\\\/\\\/encompaniastj.org\\\/pt-pt\\\/#organization\"},\"potentialAction\":[{\"@type\":\"SearchAction\",\"target\":{\"@type\":\"EntryPoint\",\"urlTemplate\":\"https:\\\/\\\/encompaniastj.org\\\/pt-pt\\\/?s={search_term_string}\"},\"query-input\":{\"@type\":\"PropertyValueSpecification\",\"valueRequired\":true,\"valueName\":\"search_term_string\"}}],\"inLanguage\":\"pt-PT\"},{\"@type\":\"Organization\",\"@id\":\"https:\\\/\\\/encompaniastj.org\\\/pt-pt\\\/#organization\",\"name\":\"Compa\u00f1\u00eda de Santa Teresa de Jes\u00fas\",\"url\":\"https:\\\/\\\/encompaniastj.org\\\/pt-pt\\\/\",\"logo\":{\"@type\":\"ImageObject\",\"inLanguage\":\"pt-PT\",\"@id\":\"https:\\\/\\\/encompaniastj.org\\\/pt-pt\\\/#\\\/schema\\\/logo\\\/image\\\/\",\"url\":\"https:\\\/\\\/encompaniastj.org\\\/wp-content\\\/uploads\\\/2025\\\/04\\\/logo_provincias02-1-3.png\",\"contentUrl\":\"https:\\\/\\\/encompaniastj.org\\\/wp-content\\\/uploads\\\/2025\\\/04\\\/logo_provincias02-1-3.png\",\"width\":2368,\"height\":825,\"caption\":\"Compa\u00f1\u00eda de Santa Teresa de Jes\u00fas\"},\"image\":{\"@id\":\"https:\\\/\\\/encompaniastj.org\\\/pt-pt\\\/#\\\/schema\\\/logo\\\/image\\\/\"}},{\"@type\":\"Person\",\"@id\":\"https:\\\/\\\/encompaniastj.org\\\/pt-pt\\\/#\\\/schema\\\/person\\\/520e7ecc314793d40091993c2a02b651\",\"name\":\"admin\",\"image\":{\"@type\":\"ImageObject\",\"inLanguage\":\"pt-PT\",\"@id\":\"https:\\\/\\\/secure.gravatar.com\\\/avatar\\\/948b492cce32b586ac2db0eaa926ee87024f7afe218d73b397ea5ddfc5f43ea1?s=96&d=mm&r=g\",\"url\":\"https:\\\/\\\/secure.gravatar.com\\\/avatar\\\/948b492cce32b586ac2db0eaa926ee87024f7afe218d73b397ea5ddfc5f43ea1?s=96&d=mm&r=g\",\"contentUrl\":\"https:\\\/\\\/secure.gravatar.com\\\/avatar\\\/948b492cce32b586ac2db0eaa926ee87024f7afe218d73b397ea5ddfc5f43ea1?s=96&d=mm&r=g\",\"caption\":\"admin\"},\"sameAs\":[\"https:\\\/\\\/encompaniastj.org\"],\"url\":\"https:\\\/\\\/encompaniastj.org\\\/pt-pt\\\/author\\\/sjdigital\\\/\"}]}<\/script>\n<!-- \/ Yoast SEO plugin. -->","yoast_head_json":{"title":"Quanta vida! Encontro de irm\u00e3s por ocasi\u00e3o do centen\u00e1rio em Tarragona - En Compa\u00f1\u00eda STJ","robots":{"index":"index","follow":"follow","max-snippet":"max-snippet:-1","max-image-preview":"max-image-preview:large","max-video-preview":"max-video-preview:-1"},"canonical":"https:\/\/encompaniastj.org\/pt-pt\/uanta-vida-encontro-de-irmas-por-ocasiao-do-centenario-em-tarragona\/","og_locale":"pt_PT","og_type":"article","og_title":"Quanta vida! Encontro de irm\u00e3s por ocasi\u00e3o do centen\u00e1rio em Tarragona - En Compa\u00f1\u00eda STJ","og_description":"Que dia t\u00e3o bonito, fraterno&#8230; Assim nos resultou o dia 27 de abril, dia da M\u00e3e de Deus de Montserrat, a comunidade de Tarragona celebrava os 100 anos do col\u00e9gio, [&hellip;]","og_url":"https:\/\/encompaniastj.org\/pt-pt\/uanta-vida-encontro-de-irmas-por-ocasiao-do-centenario-em-tarragona\/","og_site_name":"En Compa\u00f1\u00eda STJ","article_published_time":"2024-05-06T06:44:19+00:00","article_modified_time":"2025-07-07T14:25:08+00:00","og_image":[{"width":1536,"height":2048,"url":"https:\/\/encompaniastj.org\/wp-content\/uploads\/2025\/05\/WhatsApp-Image-2024-04-28-at-19.09.19.jpeg","type":"image\/jpeg"}],"author":"admin","twitter_card":"summary_large_image","twitter_misc":{"Escrito por":"admin","Tempo estimado de leitura":"2 minutos"},"schema":{"@context":"https:\/\/schema.org","@graph":[{"@type":"Article","@id":"https:\/\/encompaniastj.org\/pt-pt\/uanta-vida-encontro-de-irmas-por-ocasiao-do-centenario-em-tarragona\/#article","isPartOf":{"@id":"https:\/\/encompaniastj.org\/pt-pt\/uanta-vida-encontro-de-irmas-por-ocasiao-do-centenario-em-tarragona\/"},"author":{"name":"admin","@id":"https:\/\/encompaniastj.org\/pt-pt\/#\/schema\/person\/520e7ecc314793d40091993c2a02b651"},"headline":"Quanta vida! Encontro de irm\u00e3s por ocasi\u00e3o do centen\u00e1rio em Tarragona","datePublished":"2024-05-06T06:44:19+00:00","dateModified":"2025-07-07T14:25:08+00:00","mainEntityOfPage":{"@id":"https:\/\/encompaniastj.org\/pt-pt\/uanta-vida-encontro-de-irmas-por-ocasiao-do-centenario-em-tarragona\/"},"wordCount":300,"commentCount":0,"publisher":{"@id":"https:\/\/encompaniastj.org\/pt-pt\/#organization"},"image":{"@id":"https:\/\/encompaniastj.org\/pt-pt\/uanta-vida-encontro-de-irmas-por-ocasiao-do-centenario-em-tarragona\/#primaryimage"},"thumbnailUrl":"https:\/\/encompaniastj.org\/wp-content\/uploads\/2025\/05\/WhatsApp-Image-2024-04-28-at-19.09.19.jpeg","articleSection":["Noticias","Otras","Outras"],"inLanguage":"pt-PT","potentialAction":[{"@type":"CommentAction","name":"Comment","target":["https:\/\/encompaniastj.org\/pt-pt\/uanta-vida-encontro-de-irmas-por-ocasiao-do-centenario-em-tarragona\/#respond"]}]},{"@type":"WebPage","@id":"https:\/\/encompaniastj.org\/pt-pt\/uanta-vida-encontro-de-irmas-por-ocasiao-do-centenario-em-tarragona\/","url":"https:\/\/encompaniastj.org\/pt-pt\/uanta-vida-encontro-de-irmas-por-ocasiao-do-centenario-em-tarragona\/","name":"Quanta vida! Encontro de irm\u00e3s por ocasi\u00e3o do centen\u00e1rio em Tarragona - En Compa\u00f1\u00eda STJ","isPartOf":{"@id":"https:\/\/encompaniastj.org\/pt-pt\/#website"},"primaryImageOfPage":{"@id":"https:\/\/encompaniastj.org\/pt-pt\/uanta-vida-encontro-de-irmas-por-ocasiao-do-centenario-em-tarragona\/#primaryimage"},"image":{"@id":"https:\/\/encompaniastj.org\/pt-pt\/uanta-vida-encontro-de-irmas-por-ocasiao-do-centenario-em-tarragona\/#primaryimage"},"thumbnailUrl":"https:\/\/encompaniastj.org\/wp-content\/uploads\/2025\/05\/WhatsApp-Image-2024-04-28-at-19.09.19.jpeg","datePublished":"2024-05-06T06:44:19+00:00","dateModified":"2025-07-07T14:25:08+00:00","breadcrumb":{"@id":"https:\/\/encompaniastj.org\/pt-pt\/uanta-vida-encontro-de-irmas-por-ocasiao-do-centenario-em-tarragona\/#breadcrumb"},"inLanguage":"pt-PT","potentialAction":[{"@type":"ReadAction","target":["https:\/\/encompaniastj.org\/pt-pt\/uanta-vida-encontro-de-irmas-por-ocasiao-do-centenario-em-tarragona\/"]}]},{"@type":"ImageObject","inLanguage":"pt-PT","@id":"https:\/\/encompaniastj.org\/pt-pt\/uanta-vida-encontro-de-irmas-por-ocasiao-do-centenario-em-tarragona\/#primaryimage","url":"https:\/\/encompaniastj.org\/wp-content\/uploads\/2025\/05\/WhatsApp-Image-2024-04-28-at-19.09.19.jpeg","contentUrl":"https:\/\/encompaniastj.org\/wp-content\/uploads\/2025\/05\/WhatsApp-Image-2024-04-28-at-19.09.19.jpeg","width":1536,"height":2048},{"@type":"BreadcrumbList","@id":"https:\/\/encompaniastj.org\/pt-pt\/uanta-vida-encontro-de-irmas-por-ocasiao-do-centenario-em-tarragona\/#breadcrumb","itemListElement":[{"@type":"ListItem","position":1,"name":"Portada","item":"https:\/\/encompaniastj.org\/pt-pt\/"},{"@type":"ListItem","position":2,"name":"Quanta vida! Encontro de irm\u00e3s por ocasi\u00e3o do centen\u00e1rio em Tarragona"}]},{"@type":"WebSite","@id":"https:\/\/encompaniastj.org\/pt-pt\/#website","url":"https:\/\/encompaniastj.org\/pt-pt\/","name":"En Compa\u00f1\u00eda STJ","description":"Bolet\u00edn de la Compa\u00f1\u00eda de Santa Teresa de Jes\u00fas","publisher":{"@id":"https:\/\/encompaniastj.org\/pt-pt\/#organization"},"potentialAction":[{"@type":"SearchAction","target":{"@type":"EntryPoint","urlTemplate":"https:\/\/encompaniastj.org\/pt-pt\/?s={search_term_string}"},"query-input":{"@type":"PropertyValueSpecification","valueRequired":true,"valueName":"search_term_string"}}],"inLanguage":"pt-PT"},{"@type":"Organization","@id":"https:\/\/encompaniastj.org\/pt-pt\/#organization","name":"Compa\u00f1\u00eda de Santa Teresa de Jes\u00fas","url":"https:\/\/encompaniastj.org\/pt-pt\/","logo":{"@type":"ImageObject","inLanguage":"pt-PT","@id":"https:\/\/encompaniastj.org\/pt-pt\/#\/schema\/logo\/image\/","url":"https:\/\/encompaniastj.org\/wp-content\/uploads\/2025\/04\/logo_provincias02-1-3.png","contentUrl":"https:\/\/encompaniastj.org\/wp-content\/uploads\/2025\/04\/logo_provincias02-1-3.png","width":2368,"height":825,"caption":"Compa\u00f1\u00eda de Santa Teresa de Jes\u00fas"},"image":{"@id":"https:\/\/encompaniastj.org\/pt-pt\/#\/schema\/logo\/image\/"}},{"@type":"Person","@id":"https:\/\/encompaniastj.org\/pt-pt\/#\/schema\/person\/520e7ecc314793d40091993c2a02b651","name":"admin","image":{"@type":"ImageObject","inLanguage":"pt-PT","@id":"https:\/\/secure.gravatar.com\/avatar\/948b492cce32b586ac2db0eaa926ee87024f7afe218d73b397ea5ddfc5f43ea1?s=96&d=mm&r=g","url":"https:\/\/secure.gravatar.com\/avatar\/948b492cce32b586ac2db0eaa926ee87024f7afe218d73b397ea5ddfc5f43ea1?s=96&d=mm&r=g","contentUrl":"https:\/\/secure.gravatar.com\/avatar\/948b492cce32b586ac2db0eaa926ee87024f7afe218d73b397ea5ddfc5f43ea1?s=96&d=mm&r=g","caption":"admin"},"sameAs":["https:\/\/encompaniastj.org"],"url":"https:\/\/encompaniastj.org\/pt-pt\/author\/sjdigital\/"}]}},"_links":{"self":[{"href":"https:\/\/encompaniastj.org\/pt-pt\/wp-json\/wp\/v2\/posts\/11996","targetHints":{"allow":["GET"]}}],"collection":[{"href":"https:\/\/encompaniastj.org\/pt-pt\/wp-json\/wp\/v2\/posts"}],"about":[{"href":"https:\/\/encompaniastj.org\/pt-pt\/wp-json\/wp\/v2\/types\/post"}],"author":[{"embeddable":true,"href":"https:\/\/encompaniastj.org\/pt-pt\/wp-json\/wp\/v2\/users\/1"}],"replies":[{"embeddable":true,"href":"https:\/\/encompaniastj.org\/pt-pt\/wp-json\/wp\/v2\/comments?post=11996"}],"version-history":[{"count":1,"href":"https:\/\/encompaniastj.org\/pt-pt\/wp-json\/wp\/v2\/posts\/11996\/revisions"}],"predecessor-version":[{"id":11997,"href":"https:\/\/encompaniastj.org\/pt-pt\/wp-json\/wp\/v2\/posts\/11996\/revisions\/11997"}],"wp:featuredmedia":[{"embeddable":true,"href":"https:\/\/encompaniastj.org\/pt-pt\/wp-json\/wp\/v2\/media\/8636"}],"wp:attachment":[{"href":"https:\/\/encompaniastj.org\/pt-pt\/wp-json\/wp\/v2\/media?parent=11996"}],"wp:term":[{"taxonomy":"category","embeddable":true,"href":"https:\/\/encompaniastj.org\/pt-pt\/wp-json\/wp\/v2\/categories?post=11996"},{"taxonomy":"post_tag","embeddable":true,"href":"https:\/\/encompaniastj.org\/pt-pt\/wp-json\/wp\/v2\/tags?post=11996"}],"curies":[{"name":"wp","href":"https:\/\/api.w.org\/{rel}","templated":true}]}}