{"id":11972,"date":"2024-04-08T09:07:20","date_gmt":"2024-04-08T07:07:20","guid":{"rendered":"https:\/\/encompaniastj.org\/quaresma-e-semana-santa-com-os-preferidos-de-deus\/"},"modified":"2025-07-07T16:25:04","modified_gmt":"2025-07-07T14:25:04","slug":"quaresma-e-semana-santa-com-os-preferidos-de-deus","status":"publish","type":"post","link":"https:\/\/encompaniastj.org\/pt-pt\/quaresma-e-semana-santa-com-os-preferidos-de-deus\/","title":{"rendered":"Quaresma e Semana Santa\u00a0com os \u201cpreferidos de Deus\u201d"},"content":{"rendered":"<p>Lendo alguns textos do papa Francisco acolhemos a frase: <strong><em>\u201cJesus subiu \u00e0 Cruz para descer a todas as nossas fragilidades, vulnerabilidades e feridas da vida \u2026\u201d <\/em><\/strong><\/p>\n<p>Esta mensagem serviu-nos como mote para programar as nossas atividades da Quaresma e Tr\u00edduo Pascal n\u00e3o s\u00f3 ao n\u00edvel da <strong><em>Interioridade<\/em><\/strong> mas tamb\u00e9m ao n\u00edvel social, intensificando a nossa presen\u00e7a ao lado pequenos e fr\u00e1geis que acolhemos nos nossos projetos sociais, que agora est\u00e3o todos englobados na <strong>Associa\u00e7\u00e3o Fratelli Tutti<\/strong>\u00a0 que acabamos de criar . Todas as nossas atividades sociais nascem da<strong> Interioridade<\/strong> e que, neste <strong>ANO DE ORA\u00c7\u00c2O, tem ainda mais significado para n\u00f3s. \u00c9 no encontro com Jesus que se entregou por n\u00f3s \u201cat\u00e9 ao extremo\u201d que nos motivamos a viver <\/strong>\u201cem sa\u00edda\u201d ao encontro dos que hoje est\u00e3o \u201ccrucificados\u201d pela solid\u00e3o, pela doen\u00e7a, pela explora\u00e7\u00e3o laboral, pelo racismo, pela exclus\u00e3o social, que se manifesta de v\u00e1rias formas\u2026<\/p>\n<p>Entre as atividades que realiz\u00e1mos para irmos ao encontro dos exclu\u00eddos salientamos:<\/p>\n<p>*<strong>Ser\u00e3o com pessoas que vivem num centro para sem abrigo.<\/strong> Deles escut\u00e1vamos a sua hist\u00f3ria de vida marcados por sofrimentos sem conta, com eles rez\u00e1vamos a Palavra do Evangelho do dia, e ped\u00edamos a paz para o mundo e para as fam\u00edlias, que muitos nunca tiveram ou que se viram for\u00e7ados a abandonar muito cedo.<\/p>\n<p>Na Sexta feira Santa estivemos de novo com eles para conv\u00edvio ameno com todos, oferecer um crucifixo e as am\u00eandoas de P\u00e1scoa e lhes servir o jantar como quem lhes \u201clava os p\u00e9s\u201d<\/p>\n<p>* <strong>Via-Sacra p\u00fablica<\/strong> onde todos eram convidados a \u201clevar a Cruz\u201d e a rezar por quem hoje carrega a cruz de Cristo sofredor.<\/p>\n<p><strong>* Via Sacra no Estabelecimento Prisional de Elvas, <\/strong>onde 50 reclusos se inscreveram para rezar , pedindo perd\u00e3o pelo mal que causaram \u00e0 sociedade pelos crimes que cometeram e compreenderam que do alto da CRUZ, Cristo lhes oferece o seu perd\u00e3o e Miseric\u00f3rdia.<\/p>\n<p><strong>*Conv\u00edvio num Centro de crian\u00e7as<\/strong> e adolescentes em Risco oferecendo colo, abra\u00e7os, sorrisos e as am\u00eandoas e chocolates de P\u00e1scoa amenizando assim as suas dores provocadas pela aus\u00eancia da fam\u00edlia da qual por v\u00e1rios motivos foram separadas.<\/p>\n<p>*<strong>Para al\u00e9m destes pequenos gestos<\/strong> intensificamos a nossa presen\u00e7a em todos os projetos sociais apoiando com alimentos, medicamentos, roupas, ajudando no pagamento de contas, etc.<\/p>\n<p><strong>*Aten\u00e7\u00e3o aos estrangeiros e refugiados<\/strong>, visitando as casas ou melhor \u201cburacos\u201d onde vivem e ajudando com alimentos, medica\u00e7\u00e3o, procura de casa, legaliza\u00e7\u00e3o de documentos e ajudando na procura de emprego e aprendizagem da l\u00edngua.<\/p>\n<p>Sabemos que o que fazemos \u00e9 uma \u201cgota de \u00e1gua\u201d no munto que \u00e9 preciso fazer, mas como diz a nossa Mestra, Teresa de Jesus, \u201c<strong><em>se cada um de n\u00f3s fizer o pouquinho que pode a obra ser\u00e1 grande.\u201d (<\/em><\/strong> <strong>Maria de F\u00e1tima Magalh\u00e3es stj)<\/strong><\/p>\n<p><img loading=\"lazy\" decoding=\"async\" class=\"wp-image-12538 size-large\" src=\"https:\/\/encompaniastj.org\/wp-content\/uploads\/2025\/05\/Acolhendo-criancas-e-familias-pobres-scaled-1.jpg\" alt=\"\" width=\"1024\" height=\"768\" \/><\/p>\n<p><strong><img loading=\"lazy\" decoding=\"async\" class=\"aligncenter wp-image-12540 size-large\" src=\"https:\/\/encompaniastj.org\/wp-content\/uploads\/2025\/05\/Pascoa-2024-Visita-a-uma-familia-de-refugiados-Sudanezes.jpg\" alt=\"\" width=\"1024\" height=\"768\" \/><\/strong><\/p>\n<p><img loading=\"lazy\" decoding=\"async\" class=\"wp-image-12542 size-large\" src=\"https:\/\/encompaniastj.org\/wp-content\/uploads\/2025\/05\/Servindo-o-jantar-aos-sem-abrigo-scaled-1.jpg\" alt=\"\" width=\"1024\" height=\"768\" \/><\/p>\n<p><strong><img loading=\"lazy\" decoding=\"async\" class=\"aligncenter wp-image-12544\" src=\"https:\/\/encompaniastj.org\/wp-content\/uploads\/2025\/05\/Via-Sacra-com-os-reclusos.jpg\" alt=\"\" width=\"1024\" height=\"768\" \/><\/strong><\/p>\n","protected":false},"excerpt":{"rendered":"<p>Lendo alguns textos do papa Francisco acolhemos a frase: \u201cJesus subiu \u00e0 Cruz para descer a todas as nossas fragilidades, vulnerabilidades e feridas da vida \u2026\u201d Esta mensagem serviu-nos como [&hellip;]<\/p>\n","protected":false},"author":1,"featured_media":8613,"comment_status":"open","ping_status":"open","sticky":false,"template":"","format":"standard","meta":{"_acf_changed":false,"footnotes":""},"categories":[79,81],"tags":[],"class_list":["post-11972","post","type-post","status-publish","format-standard","has-post-thumbnail","hentry","category-stj","category-stj-pt"],"acf":[],"yoast_head":"<!-- This site is optimized with the Yoast SEO plugin v27.5 - https:\/\/yoast.com\/product\/yoast-seo-wordpress\/ -->\n<title>Quaresma e Semana Santa\u00a0com os \u201cpreferidos de Deus\u201d - En Compa\u00f1\u00eda STJ<\/title>\n<meta name=\"robots\" content=\"index, follow, max-snippet:-1, max-image-preview:large, max-video-preview:-1\" \/>\n<link rel=\"canonical\" href=\"https:\/\/encompaniastj.org\/pt-pt\/quaresma-e-semana-santa-com-os-preferidos-de-deus\/\" \/>\n<meta property=\"og:locale\" content=\"pt_PT\" \/>\n<meta property=\"og:type\" content=\"article\" \/>\n<meta property=\"og:title\" content=\"Quaresma e Semana Santa\u00a0com os \u201cpreferidos de Deus\u201d - En Compa\u00f1\u00eda STJ\" \/>\n<meta property=\"og:description\" content=\"Lendo alguns textos do papa Francisco acolhemos a frase: \u201cJesus subiu \u00e0 Cruz para descer a todas as nossas fragilidades, vulnerabilidades e feridas da vida \u2026\u201d Esta mensagem serviu-nos como [&hellip;]\" \/>\n<meta property=\"og:url\" content=\"https:\/\/encompaniastj.org\/pt-pt\/quaresma-e-semana-santa-com-os-preferidos-de-deus\/\" \/>\n<meta property=\"og:site_name\" content=\"En Compa\u00f1\u00eda STJ\" \/>\n<meta property=\"article:published_time\" content=\"2024-04-08T07:07:20+00:00\" \/>\n<meta property=\"article:modified_time\" content=\"2025-07-07T14:25:04+00:00\" \/>\n<meta property=\"og:image\" content=\"https:\/\/encompaniastj.org\/wp-content\/uploads\/2025\/05\/Via-Sacra-Publica.jpg\" \/>\n\t<meta property=\"og:image:width\" content=\"1024\" \/>\n\t<meta property=\"og:image:height\" content=\"768\" \/>\n\t<meta property=\"og:image:type\" content=\"image\/jpeg\" \/>\n<meta name=\"author\" content=\"admin\" \/>\n<meta name=\"twitter:card\" content=\"summary_large_image\" \/>\n<meta name=\"twitter:label1\" content=\"Escrito por\" \/>\n\t<meta name=\"twitter:data1\" content=\"admin\" \/>\n\t<meta name=\"twitter:label2\" content=\"Tempo estimado de leitura\" \/>\n\t<meta name=\"twitter:data2\" content=\"4 minutos\" \/>\n<script type=\"application\/ld+json\" class=\"yoast-schema-graph\">{\"@context\":\"https:\\\/\\\/schema.org\",\"@graph\":[{\"@type\":\"Article\",\"@id\":\"https:\\\/\\\/encompaniastj.org\\\/pt-pt\\\/quaresma-e-semana-santa-com-os-preferidos-de-deus\\\/#article\",\"isPartOf\":{\"@id\":\"https:\\\/\\\/encompaniastj.org\\\/pt-pt\\\/quaresma-e-semana-santa-com-os-preferidos-de-deus\\\/\"},\"author\":{\"name\":\"admin\",\"@id\":\"https:\\\/\\\/encompaniastj.org\\\/pt-pt\\\/#\\\/schema\\\/person\\\/520e7ecc314793d40091993c2a02b651\"},\"headline\":\"Quaresma e Semana Santa\u00a0com os \u201cpreferidos de Deus\u201d\",\"datePublished\":\"2024-04-08T07:07:20+00:00\",\"dateModified\":\"2025-07-07T14:25:04+00:00\",\"mainEntityOfPage\":{\"@id\":\"https:\\\/\\\/encompaniastj.org\\\/pt-pt\\\/quaresma-e-semana-santa-com-os-preferidos-de-deus\\\/\"},\"wordCount\":503,\"commentCount\":0,\"publisher\":{\"@id\":\"https:\\\/\\\/encompaniastj.org\\\/pt-pt\\\/#organization\"},\"image\":{\"@id\":\"https:\\\/\\\/encompaniastj.org\\\/pt-pt\\\/quaresma-e-semana-santa-com-os-preferidos-de-deus\\\/#primaryimage\"},\"thumbnailUrl\":\"https:\\\/\\\/encompaniastj.org\\\/wp-content\\\/uploads\\\/2025\\\/05\\\/Via-Sacra-Publica.jpg\",\"articleSection\":[\"STJ\",\"STJ pt\"],\"inLanguage\":\"pt-PT\",\"potentialAction\":[{\"@type\":\"CommentAction\",\"name\":\"Comment\",\"target\":[\"https:\\\/\\\/encompaniastj.org\\\/pt-pt\\\/quaresma-e-semana-santa-com-os-preferidos-de-deus\\\/#respond\"]}]},{\"@type\":\"WebPage\",\"@id\":\"https:\\\/\\\/encompaniastj.org\\\/pt-pt\\\/quaresma-e-semana-santa-com-os-preferidos-de-deus\\\/\",\"url\":\"https:\\\/\\\/encompaniastj.org\\\/pt-pt\\\/quaresma-e-semana-santa-com-os-preferidos-de-deus\\\/\",\"name\":\"Quaresma e Semana Santa\u00a0com os \u201cpreferidos de Deus\u201d - En Compa\u00f1\u00eda STJ\",\"isPartOf\":{\"@id\":\"https:\\\/\\\/encompaniastj.org\\\/pt-pt\\\/#website\"},\"primaryImageOfPage\":{\"@id\":\"https:\\\/\\\/encompaniastj.org\\\/pt-pt\\\/quaresma-e-semana-santa-com-os-preferidos-de-deus\\\/#primaryimage\"},\"image\":{\"@id\":\"https:\\\/\\\/encompaniastj.org\\\/pt-pt\\\/quaresma-e-semana-santa-com-os-preferidos-de-deus\\\/#primaryimage\"},\"thumbnailUrl\":\"https:\\\/\\\/encompaniastj.org\\\/wp-content\\\/uploads\\\/2025\\\/05\\\/Via-Sacra-Publica.jpg\",\"datePublished\":\"2024-04-08T07:07:20+00:00\",\"dateModified\":\"2025-07-07T14:25:04+00:00\",\"breadcrumb\":{\"@id\":\"https:\\\/\\\/encompaniastj.org\\\/pt-pt\\\/quaresma-e-semana-santa-com-os-preferidos-de-deus\\\/#breadcrumb\"},\"inLanguage\":\"pt-PT\",\"potentialAction\":[{\"@type\":\"ReadAction\",\"target\":[\"https:\\\/\\\/encompaniastj.org\\\/pt-pt\\\/quaresma-e-semana-santa-com-os-preferidos-de-deus\\\/\"]}]},{\"@type\":\"ImageObject\",\"inLanguage\":\"pt-PT\",\"@id\":\"https:\\\/\\\/encompaniastj.org\\\/pt-pt\\\/quaresma-e-semana-santa-com-os-preferidos-de-deus\\\/#primaryimage\",\"url\":\"https:\\\/\\\/encompaniastj.org\\\/wp-content\\\/uploads\\\/2025\\\/05\\\/Via-Sacra-Publica.jpg\",\"contentUrl\":\"https:\\\/\\\/encompaniastj.org\\\/wp-content\\\/uploads\\\/2025\\\/05\\\/Via-Sacra-Publica.jpg\",\"width\":1024,\"height\":768},{\"@type\":\"BreadcrumbList\",\"@id\":\"https:\\\/\\\/encompaniastj.org\\\/pt-pt\\\/quaresma-e-semana-santa-com-os-preferidos-de-deus\\\/#breadcrumb\",\"itemListElement\":[{\"@type\":\"ListItem\",\"position\":1,\"name\":\"Portada\",\"item\":\"https:\\\/\\\/encompaniastj.org\\\/pt-pt\\\/\"},{\"@type\":\"ListItem\",\"position\":2,\"name\":\"Quaresma e Semana Santa\u00a0com os \u201cpreferidos de Deus\u201d\"}]},{\"@type\":\"WebSite\",\"@id\":\"https:\\\/\\\/encompaniastj.org\\\/pt-pt\\\/#website\",\"url\":\"https:\\\/\\\/encompaniastj.org\\\/pt-pt\\\/\",\"name\":\"En Compa\u00f1\u00eda STJ\",\"description\":\"Bolet\u00edn de la Compa\u00f1\u00eda de Santa Teresa de Jes\u00fas\",\"publisher\":{\"@id\":\"https:\\\/\\\/encompaniastj.org\\\/pt-pt\\\/#organization\"},\"potentialAction\":[{\"@type\":\"SearchAction\",\"target\":{\"@type\":\"EntryPoint\",\"urlTemplate\":\"https:\\\/\\\/encompaniastj.org\\\/pt-pt\\\/?s={search_term_string}\"},\"query-input\":{\"@type\":\"PropertyValueSpecification\",\"valueRequired\":true,\"valueName\":\"search_term_string\"}}],\"inLanguage\":\"pt-PT\"},{\"@type\":\"Organization\",\"@id\":\"https:\\\/\\\/encompaniastj.org\\\/pt-pt\\\/#organization\",\"name\":\"Compa\u00f1\u00eda de Santa Teresa de Jes\u00fas\",\"url\":\"https:\\\/\\\/encompaniastj.org\\\/pt-pt\\\/\",\"logo\":{\"@type\":\"ImageObject\",\"inLanguage\":\"pt-PT\",\"@id\":\"https:\\\/\\\/encompaniastj.org\\\/pt-pt\\\/#\\\/schema\\\/logo\\\/image\\\/\",\"url\":\"https:\\\/\\\/encompaniastj.org\\\/wp-content\\\/uploads\\\/2025\\\/04\\\/logo_provincias02-1-3.png\",\"contentUrl\":\"https:\\\/\\\/encompaniastj.org\\\/wp-content\\\/uploads\\\/2025\\\/04\\\/logo_provincias02-1-3.png\",\"width\":2368,\"height\":825,\"caption\":\"Compa\u00f1\u00eda de Santa Teresa de Jes\u00fas\"},\"image\":{\"@id\":\"https:\\\/\\\/encompaniastj.org\\\/pt-pt\\\/#\\\/schema\\\/logo\\\/image\\\/\"}},{\"@type\":\"Person\",\"@id\":\"https:\\\/\\\/encompaniastj.org\\\/pt-pt\\\/#\\\/schema\\\/person\\\/520e7ecc314793d40091993c2a02b651\",\"name\":\"admin\",\"image\":{\"@type\":\"ImageObject\",\"inLanguage\":\"pt-PT\",\"@id\":\"https:\\\/\\\/secure.gravatar.com\\\/avatar\\\/948b492cce32b586ac2db0eaa926ee87024f7afe218d73b397ea5ddfc5f43ea1?s=96&d=mm&r=g\",\"url\":\"https:\\\/\\\/secure.gravatar.com\\\/avatar\\\/948b492cce32b586ac2db0eaa926ee87024f7afe218d73b397ea5ddfc5f43ea1?s=96&d=mm&r=g\",\"contentUrl\":\"https:\\\/\\\/secure.gravatar.com\\\/avatar\\\/948b492cce32b586ac2db0eaa926ee87024f7afe218d73b397ea5ddfc5f43ea1?s=96&d=mm&r=g\",\"caption\":\"admin\"},\"sameAs\":[\"https:\\\/\\\/encompaniastj.org\"],\"url\":\"https:\\\/\\\/encompaniastj.org\\\/pt-pt\\\/author\\\/sjdigital\\\/\"}]}<\/script>\n<!-- \/ Yoast SEO plugin. -->","yoast_head_json":{"title":"Quaresma e Semana Santa\u00a0com os \u201cpreferidos de Deus\u201d - En Compa\u00f1\u00eda STJ","robots":{"index":"index","follow":"follow","max-snippet":"max-snippet:-1","max-image-preview":"max-image-preview:large","max-video-preview":"max-video-preview:-1"},"canonical":"https:\/\/encompaniastj.org\/pt-pt\/quaresma-e-semana-santa-com-os-preferidos-de-deus\/","og_locale":"pt_PT","og_type":"article","og_title":"Quaresma e Semana Santa\u00a0com os \u201cpreferidos de Deus\u201d - En Compa\u00f1\u00eda STJ","og_description":"Lendo alguns textos do papa Francisco acolhemos a frase: \u201cJesus subiu \u00e0 Cruz para descer a todas as nossas fragilidades, vulnerabilidades e feridas da vida \u2026\u201d Esta mensagem serviu-nos como [&hellip;]","og_url":"https:\/\/encompaniastj.org\/pt-pt\/quaresma-e-semana-santa-com-os-preferidos-de-deus\/","og_site_name":"En Compa\u00f1\u00eda STJ","article_published_time":"2024-04-08T07:07:20+00:00","article_modified_time":"2025-07-07T14:25:04+00:00","og_image":[{"width":1024,"height":768,"url":"https:\/\/encompaniastj.org\/wp-content\/uploads\/2025\/05\/Via-Sacra-Publica.jpg","type":"image\/jpeg"}],"author":"admin","twitter_card":"summary_large_image","twitter_misc":{"Escrito por":"admin","Tempo estimado de leitura":"4 minutos"},"schema":{"@context":"https:\/\/schema.org","@graph":[{"@type":"Article","@id":"https:\/\/encompaniastj.org\/pt-pt\/quaresma-e-semana-santa-com-os-preferidos-de-deus\/#article","isPartOf":{"@id":"https:\/\/encompaniastj.org\/pt-pt\/quaresma-e-semana-santa-com-os-preferidos-de-deus\/"},"author":{"name":"admin","@id":"https:\/\/encompaniastj.org\/pt-pt\/#\/schema\/person\/520e7ecc314793d40091993c2a02b651"},"headline":"Quaresma e Semana Santa\u00a0com os \u201cpreferidos de Deus\u201d","datePublished":"2024-04-08T07:07:20+00:00","dateModified":"2025-07-07T14:25:04+00:00","mainEntityOfPage":{"@id":"https:\/\/encompaniastj.org\/pt-pt\/quaresma-e-semana-santa-com-os-preferidos-de-deus\/"},"wordCount":503,"commentCount":0,"publisher":{"@id":"https:\/\/encompaniastj.org\/pt-pt\/#organization"},"image":{"@id":"https:\/\/encompaniastj.org\/pt-pt\/quaresma-e-semana-santa-com-os-preferidos-de-deus\/#primaryimage"},"thumbnailUrl":"https:\/\/encompaniastj.org\/wp-content\/uploads\/2025\/05\/Via-Sacra-Publica.jpg","articleSection":["STJ","STJ pt"],"inLanguage":"pt-PT","potentialAction":[{"@type":"CommentAction","name":"Comment","target":["https:\/\/encompaniastj.org\/pt-pt\/quaresma-e-semana-santa-com-os-preferidos-de-deus\/#respond"]}]},{"@type":"WebPage","@id":"https:\/\/encompaniastj.org\/pt-pt\/quaresma-e-semana-santa-com-os-preferidos-de-deus\/","url":"https:\/\/encompaniastj.org\/pt-pt\/quaresma-e-semana-santa-com-os-preferidos-de-deus\/","name":"Quaresma e Semana Santa\u00a0com os \u201cpreferidos de Deus\u201d - En Compa\u00f1\u00eda STJ","isPartOf":{"@id":"https:\/\/encompaniastj.org\/pt-pt\/#website"},"primaryImageOfPage":{"@id":"https:\/\/encompaniastj.org\/pt-pt\/quaresma-e-semana-santa-com-os-preferidos-de-deus\/#primaryimage"},"image":{"@id":"https:\/\/encompaniastj.org\/pt-pt\/quaresma-e-semana-santa-com-os-preferidos-de-deus\/#primaryimage"},"thumbnailUrl":"https:\/\/encompaniastj.org\/wp-content\/uploads\/2025\/05\/Via-Sacra-Publica.jpg","datePublished":"2024-04-08T07:07:20+00:00","dateModified":"2025-07-07T14:25:04+00:00","breadcrumb":{"@id":"https:\/\/encompaniastj.org\/pt-pt\/quaresma-e-semana-santa-com-os-preferidos-de-deus\/#breadcrumb"},"inLanguage":"pt-PT","potentialAction":[{"@type":"ReadAction","target":["https:\/\/encompaniastj.org\/pt-pt\/quaresma-e-semana-santa-com-os-preferidos-de-deus\/"]}]},{"@type":"ImageObject","inLanguage":"pt-PT","@id":"https:\/\/encompaniastj.org\/pt-pt\/quaresma-e-semana-santa-com-os-preferidos-de-deus\/#primaryimage","url":"https:\/\/encompaniastj.org\/wp-content\/uploads\/2025\/05\/Via-Sacra-Publica.jpg","contentUrl":"https:\/\/encompaniastj.org\/wp-content\/uploads\/2025\/05\/Via-Sacra-Publica.jpg","width":1024,"height":768},{"@type":"BreadcrumbList","@id":"https:\/\/encompaniastj.org\/pt-pt\/quaresma-e-semana-santa-com-os-preferidos-de-deus\/#breadcrumb","itemListElement":[{"@type":"ListItem","position":1,"name":"Portada","item":"https:\/\/encompaniastj.org\/pt-pt\/"},{"@type":"ListItem","position":2,"name":"Quaresma e Semana Santa\u00a0com os \u201cpreferidos de Deus\u201d"}]},{"@type":"WebSite","@id":"https:\/\/encompaniastj.org\/pt-pt\/#website","url":"https:\/\/encompaniastj.org\/pt-pt\/","name":"En Compa\u00f1\u00eda STJ","description":"Bolet\u00edn de la Compa\u00f1\u00eda de Santa Teresa de Jes\u00fas","publisher":{"@id":"https:\/\/encompaniastj.org\/pt-pt\/#organization"},"potentialAction":[{"@type":"SearchAction","target":{"@type":"EntryPoint","urlTemplate":"https:\/\/encompaniastj.org\/pt-pt\/?s={search_term_string}"},"query-input":{"@type":"PropertyValueSpecification","valueRequired":true,"valueName":"search_term_string"}}],"inLanguage":"pt-PT"},{"@type":"Organization","@id":"https:\/\/encompaniastj.org\/pt-pt\/#organization","name":"Compa\u00f1\u00eda de Santa Teresa de Jes\u00fas","url":"https:\/\/encompaniastj.org\/pt-pt\/","logo":{"@type":"ImageObject","inLanguage":"pt-PT","@id":"https:\/\/encompaniastj.org\/pt-pt\/#\/schema\/logo\/image\/","url":"https:\/\/encompaniastj.org\/wp-content\/uploads\/2025\/04\/logo_provincias02-1-3.png","contentUrl":"https:\/\/encompaniastj.org\/wp-content\/uploads\/2025\/04\/logo_provincias02-1-3.png","width":2368,"height":825,"caption":"Compa\u00f1\u00eda de Santa Teresa de Jes\u00fas"},"image":{"@id":"https:\/\/encompaniastj.org\/pt-pt\/#\/schema\/logo\/image\/"}},{"@type":"Person","@id":"https:\/\/encompaniastj.org\/pt-pt\/#\/schema\/person\/520e7ecc314793d40091993c2a02b651","name":"admin","image":{"@type":"ImageObject","inLanguage":"pt-PT","@id":"https:\/\/secure.gravatar.com\/avatar\/948b492cce32b586ac2db0eaa926ee87024f7afe218d73b397ea5ddfc5f43ea1?s=96&d=mm&r=g","url":"https:\/\/secure.gravatar.com\/avatar\/948b492cce32b586ac2db0eaa926ee87024f7afe218d73b397ea5ddfc5f43ea1?s=96&d=mm&r=g","contentUrl":"https:\/\/secure.gravatar.com\/avatar\/948b492cce32b586ac2db0eaa926ee87024f7afe218d73b397ea5ddfc5f43ea1?s=96&d=mm&r=g","caption":"admin"},"sameAs":["https:\/\/encompaniastj.org"],"url":"https:\/\/encompaniastj.org\/pt-pt\/author\/sjdigital\/"}]}},"_links":{"self":[{"href":"https:\/\/encompaniastj.org\/pt-pt\/wp-json\/wp\/v2\/posts\/11972","targetHints":{"allow":["GET"]}}],"collection":[{"href":"https:\/\/encompaniastj.org\/pt-pt\/wp-json\/wp\/v2\/posts"}],"about":[{"href":"https:\/\/encompaniastj.org\/pt-pt\/wp-json\/wp\/v2\/types\/post"}],"author":[{"embeddable":true,"href":"https:\/\/encompaniastj.org\/pt-pt\/wp-json\/wp\/v2\/users\/1"}],"replies":[{"embeddable":true,"href":"https:\/\/encompaniastj.org\/pt-pt\/wp-json\/wp\/v2\/comments?post=11972"}],"version-history":[{"count":1,"href":"https:\/\/encompaniastj.org\/pt-pt\/wp-json\/wp\/v2\/posts\/11972\/revisions"}],"predecessor-version":[{"id":11973,"href":"https:\/\/encompaniastj.org\/pt-pt\/wp-json\/wp\/v2\/posts\/11972\/revisions\/11973"}],"wp:featuredmedia":[{"embeddable":true,"href":"https:\/\/encompaniastj.org\/pt-pt\/wp-json\/wp\/v2\/media\/8613"}],"wp:attachment":[{"href":"https:\/\/encompaniastj.org\/pt-pt\/wp-json\/wp\/v2\/media?parent=11972"}],"wp:term":[{"taxonomy":"category","embeddable":true,"href":"https:\/\/encompaniastj.org\/pt-pt\/wp-json\/wp\/v2\/categories?post=11972"},{"taxonomy":"post_tag","embeddable":true,"href":"https:\/\/encompaniastj.org\/pt-pt\/wp-json\/wp\/v2\/tags?post=11972"}],"curies":[{"name":"wp","href":"https:\/\/api.w.org\/{rel}","templated":true}]}}