{"id":11964,"date":"2024-04-02T08:39:29","date_gmt":"2024-04-02T06:39:29","guid":{"rendered":"https:\/\/encompaniastj.org\/semana-santa-com-os-crucificados\/"},"modified":"2025-07-07T16:25:03","modified_gmt":"2025-07-07T14:25:03","slug":"semana-santa-com-os-crucificados","status":"publish","type":"post","link":"https:\/\/encompaniastj.org\/pt-pt\/semana-santa-com-os-crucificados\/","title":{"rendered":"Semana Santa com os crucificados"},"content":{"rendered":"<p>H\u00e1 anos que Deus me concedeu a gra\u00e7a de viver estes grandes momentos lit\u00fargicos com os preferidos de Jesus, os \u00faltimos, ou seja, os primeiros. Mas este ano vivemos isto no Hospital de Campanha de Santa Anna de uma maneira t\u00e3o especial que sinto a necessidade de partilh\u00e1-lo convosco, minhas irm\u00e3s, dando gra\u00e7as a Deus por estes novos tempos sinodais nos quais podemos viver, com os irm\u00e3os &#8220;crucificados&#8221; dos nossos diferentes \u00e2mbitos, momentos inesquec\u00edveis.<\/p>\n<p>Foram-no todos os desta Semana Santa, mas na Quinta-feira, o dia do &#8220;amor fraterno&#8221;, conserv\u00e1-lo-ei sempre na minha mem\u00f3ria de modo especial. Coincidia com meu 88 anivers\u00e1rio -desde que nasci no mesmo dia que nasceu Santa Teresa- e quiseram celebr\u00e1-lo, n\u00e3o s\u00f3 minhas irm\u00e3s, com as quais gozei imensamente, mas tamb\u00e9m meus queridos amigos de Santa Anna com quem convivo dia a dia.<\/p>\n<p>Mas isso foi apenas um detalhe dentro da grandeza desse dia do amor fraterno. A coisa come\u00e7ou com uma refei\u00e7\u00e3o com os acolhidos. No precioso claustro da Igreja tomam caf\u00e9 da manh\u00e3, comem e jantam diariamente, cerca de 200 acolhidos, a maioria deles dormem na rua e em geral todos s\u00e3o &#8220;sem teto&#8221;, embora possam ir dormir -os que cabem- em algum albergue ou inclusive possam alugar um quarto os mais favorecidos, que s\u00e3o aqueles que t\u00eam que escolher entre -&#8220;como ou durmo&#8221;- e v\u00eam a nossa &#8220;mesa de fraternidade&#8221; porque se pagam o quarto j\u00e1 n\u00e3o lhes resta para comer.<\/p>\n<p>Na Quinta-Feira Santa - dia do amor fraterno- um bom n\u00famero de volunt\u00e1rios e n\u00f3s -Mossen Peio, Mossen Xavier Morlans, Pilar e eu- comemos com eles e disfrutamos das suas conversas e dos seus c\u00e2nticos que animava o compositor Mossen Morlans.<\/p>\n<p>Mas tamb\u00e9m tinha sido escolhido esse dia para celebrar, como fazemos todos os meses, os anivers\u00e1rios daqueles que o cumprem nele, tanto volunt\u00e1rios como acolhidos. N\u00f3s \u00e9ramos cerca de vinte. Eles repartiram os bolos com velas entre todos e se alegrou imensamente com cantos e fraternidade. Aquele claustro g\u00f3tico do s\u00e9culo XV j\u00e1 n\u00e3o v\u00ea monges passeando em sil\u00eancio, mas a alegria da fraternidade torna-o t\u00e3o sagrado como o sil\u00eancio orante dos monges.<\/p>\n<p>Terminada a ceia fraterna, um bom grupo de acolhidos que n\u00e3o s\u00e3o mu\u00e7ulmanos, como a imensa maioria dos nossos que celebravam ao mesmo tempo o &#8220;Iftar&#8221; ou ceia do Ramad\u00e3o, atenderam a nossa chamada para participar da &#8220;Ceia do Senhor&#8221;.<\/p>\n<p>Eu tive a honra de participar, fazendo par com um deles, da prociss\u00e3o de entrada com as 12 velas que adornaram primeiro o altar e que depois levar\u00edamos em prociss\u00e3o acompanhando os sacerdotes para o monumento.\u00a0 E, tamb\u00e9m, representar com eles um dos doze &#8220;ap\u00f3stolos&#8221; aos que nos lavaram os p\u00e9s nesse quadro que formamos na nossa igreja ao redor da grand\u00edssima mesa que faz as vezes de altar e ao redor da qual nos sentamos os paroquianos em v\u00e1rias filas de bancos pr\u00f3ximos a essa mesa. O que ajuda a viver a Eucaristia com muito mais participa\u00e7\u00e3o em cada momento.<\/p>\n<p>Sentirmo-nos t\u00e3o pr\u00f3ximos, t\u00e3o iguais, t\u00e3o felizes ao redor da Mesa do Senhor nos irmanamos de tal maneira que em alguns momentos n\u00e3o pudemos reprimir algumas l\u00e1grimas.<\/p>\n<p>Eu tamb\u00e9m tive a alegria de partilhar a alegria da minha velhice aumentada porque me esperava uma surpresa maravilhosa. Moss\u00e9n Peio havia preparado para me felicitar por algo que nunca pude imaginar: ler-me algumas palavras que o meu pai - que eu venero como a um santo-\u00a0 escreveu no dia em que entrei religiosa na Companhia de Santa Teresa, alentando-me \u00e0 santidade no meu novo estado, que ele definia, com orgulho de pai, como de &#8220;esposa de Cristo&#8221;. (<strong>M. Vict\u00f2ria\u00a0 Molins, stj<\/strong>)<\/p>\n<p><img loading=\"lazy\" decoding=\"async\" class=\"aligncenter wp-image-12514 size-full\" src=\"https:\/\/encompaniastj.org\/wp-content\/uploads\/2025\/05\/collage2-5.png\" alt=\"\" width=\"500\" height=\"500\" \/><\/p>\n<p>&nbsp;<\/p>\n<p><img loading=\"lazy\" decoding=\"async\" class=\"aligncenter wp-image-12516 size-full\" src=\"https:\/\/encompaniastj.org\/wp-content\/uploads\/2025\/05\/collage3-3.png\" alt=\"\" width=\"500\" height=\"500\" \/><\/p>\n<p><img loading=\"lazy\" decoding=\"async\" class=\"aligncenter wp-image-12512 size-full\" src=\"https:\/\/encompaniastj.org\/wp-content\/uploads\/2025\/05\/collage-5.png\" alt=\"\" width=\"500\" height=\"500\" \/><\/p>\n","protected":false},"excerpt":{"rendered":"<p>H\u00e1 anos que Deus me concedeu a gra\u00e7a de viver estes grandes momentos lit\u00fargicos com os preferidos de Jesus, os \u00faltimos, ou seja, os primeiros. Mas este ano vivemos isto [&hellip;]<\/p>\n","protected":false},"author":1,"featured_media":8606,"comment_status":"open","ping_status":"open","sticky":false,"template":"","format":"standard","meta":{"_acf_changed":false,"footnotes":""},"categories":[76,74,61],"tags":[],"class_list":["post-11964","post","type-post","status-publish","format-standard","has-post-thumbnail","hentry","category-acao-social","category-accion-social","category-noticias"],"acf":[],"yoast_head":"<!-- This site is optimized with the Yoast SEO plugin v27.5 - https:\/\/yoast.com\/product\/yoast-seo-wordpress\/ -->\n<title>Semana Santa com os crucificados - En Compa\u00f1\u00eda STJ<\/title>\n<meta name=\"robots\" content=\"index, follow, max-snippet:-1, max-image-preview:large, max-video-preview:-1\" \/>\n<link rel=\"canonical\" href=\"https:\/\/encompaniastj.org\/pt-pt\/semana-santa-com-os-crucificados\/\" \/>\n<meta property=\"og:locale\" content=\"pt_PT\" \/>\n<meta property=\"og:type\" content=\"article\" \/>\n<meta property=\"og:title\" content=\"Semana Santa com os crucificados - En Compa\u00f1\u00eda STJ\" \/>\n<meta property=\"og:description\" content=\"H\u00e1 anos que Deus me concedeu a gra\u00e7a de viver estes grandes momentos lit\u00fargicos com os preferidos de Jesus, os \u00faltimos, ou seja, os primeiros. Mas este ano vivemos isto [&hellip;]\" \/>\n<meta property=\"og:url\" content=\"https:\/\/encompaniastj.org\/pt-pt\/semana-santa-com-os-crucificados\/\" \/>\n<meta property=\"og:site_name\" content=\"En Compa\u00f1\u00eda STJ\" \/>\n<meta property=\"article:published_time\" content=\"2024-04-02T06:39:29+00:00\" \/>\n<meta property=\"article:modified_time\" content=\"2025-07-07T14:25:03+00:00\" \/>\n<meta property=\"og:image\" content=\"https:\/\/encompaniastj.org\/wp-content\/uploads\/2025\/05\/Imagen7.jpg\" \/>\n\t<meta property=\"og:image:width\" content=\"903\" \/>\n\t<meta property=\"og:image:height\" content=\"682\" \/>\n\t<meta property=\"og:image:type\" content=\"image\/jpeg\" \/>\n<meta name=\"author\" content=\"admin\" \/>\n<meta name=\"twitter:card\" content=\"summary_large_image\" \/>\n<meta name=\"twitter:label1\" content=\"Escrito por\" \/>\n\t<meta name=\"twitter:data1\" content=\"admin\" \/>\n\t<meta name=\"twitter:label2\" content=\"Tempo estimado de leitura\" \/>\n\t<meta name=\"twitter:data2\" content=\"4 minutos\" \/>\n<script type=\"application\/ld+json\" class=\"yoast-schema-graph\">{\"@context\":\"https:\\\/\\\/schema.org\",\"@graph\":[{\"@type\":\"Article\",\"@id\":\"https:\\\/\\\/encompaniastj.org\\\/pt-pt\\\/semana-santa-com-os-crucificados\\\/#article\",\"isPartOf\":{\"@id\":\"https:\\\/\\\/encompaniastj.org\\\/pt-pt\\\/semana-santa-com-os-crucificados\\\/\"},\"author\":{\"name\":\"admin\",\"@id\":\"https:\\\/\\\/encompaniastj.org\\\/pt-pt\\\/#\\\/schema\\\/person\\\/520e7ecc314793d40091993c2a02b651\"},\"headline\":\"Semana Santa com os crucificados\",\"datePublished\":\"2024-04-02T06:39:29+00:00\",\"dateModified\":\"2025-07-07T14:25:03+00:00\",\"mainEntityOfPage\":{\"@id\":\"https:\\\/\\\/encompaniastj.org\\\/pt-pt\\\/semana-santa-com-os-crucificados\\\/\"},\"wordCount\":665,\"commentCount\":0,\"publisher\":{\"@id\":\"https:\\\/\\\/encompaniastj.org\\\/pt-pt\\\/#organization\"},\"image\":{\"@id\":\"https:\\\/\\\/encompaniastj.org\\\/pt-pt\\\/semana-santa-com-os-crucificados\\\/#primaryimage\"},\"thumbnailUrl\":\"https:\\\/\\\/encompaniastj.org\\\/wp-content\\\/uploads\\\/2025\\\/05\\\/Imagen7.jpg\",\"articleSection\":[\"A\u00e7\u00e3o Social\",\"Acci\u00f3n Social\",\"Noticias\"],\"inLanguage\":\"pt-PT\",\"potentialAction\":[{\"@type\":\"CommentAction\",\"name\":\"Comment\",\"target\":[\"https:\\\/\\\/encompaniastj.org\\\/pt-pt\\\/semana-santa-com-os-crucificados\\\/#respond\"]}]},{\"@type\":\"WebPage\",\"@id\":\"https:\\\/\\\/encompaniastj.org\\\/pt-pt\\\/semana-santa-com-os-crucificados\\\/\",\"url\":\"https:\\\/\\\/encompaniastj.org\\\/pt-pt\\\/semana-santa-com-os-crucificados\\\/\",\"name\":\"Semana Santa com os crucificados - En Compa\u00f1\u00eda STJ\",\"isPartOf\":{\"@id\":\"https:\\\/\\\/encompaniastj.org\\\/pt-pt\\\/#website\"},\"primaryImageOfPage\":{\"@id\":\"https:\\\/\\\/encompaniastj.org\\\/pt-pt\\\/semana-santa-com-os-crucificados\\\/#primaryimage\"},\"image\":{\"@id\":\"https:\\\/\\\/encompaniastj.org\\\/pt-pt\\\/semana-santa-com-os-crucificados\\\/#primaryimage\"},\"thumbnailUrl\":\"https:\\\/\\\/encompaniastj.org\\\/wp-content\\\/uploads\\\/2025\\\/05\\\/Imagen7.jpg\",\"datePublished\":\"2024-04-02T06:39:29+00:00\",\"dateModified\":\"2025-07-07T14:25:03+00:00\",\"breadcrumb\":{\"@id\":\"https:\\\/\\\/encompaniastj.org\\\/pt-pt\\\/semana-santa-com-os-crucificados\\\/#breadcrumb\"},\"inLanguage\":\"pt-PT\",\"potentialAction\":[{\"@type\":\"ReadAction\",\"target\":[\"https:\\\/\\\/encompaniastj.org\\\/pt-pt\\\/semana-santa-com-os-crucificados\\\/\"]}]},{\"@type\":\"ImageObject\",\"inLanguage\":\"pt-PT\",\"@id\":\"https:\\\/\\\/encompaniastj.org\\\/pt-pt\\\/semana-santa-com-os-crucificados\\\/#primaryimage\",\"url\":\"https:\\\/\\\/encompaniastj.org\\\/wp-content\\\/uploads\\\/2025\\\/05\\\/Imagen7.jpg\",\"contentUrl\":\"https:\\\/\\\/encompaniastj.org\\\/wp-content\\\/uploads\\\/2025\\\/05\\\/Imagen7.jpg\",\"width\":903,\"height\":682},{\"@type\":\"BreadcrumbList\",\"@id\":\"https:\\\/\\\/encompaniastj.org\\\/pt-pt\\\/semana-santa-com-os-crucificados\\\/#breadcrumb\",\"itemListElement\":[{\"@type\":\"ListItem\",\"position\":1,\"name\":\"Portada\",\"item\":\"https:\\\/\\\/encompaniastj.org\\\/pt-pt\\\/\"},{\"@type\":\"ListItem\",\"position\":2,\"name\":\"Semana Santa com os crucificados\"}]},{\"@type\":\"WebSite\",\"@id\":\"https:\\\/\\\/encompaniastj.org\\\/pt-pt\\\/#website\",\"url\":\"https:\\\/\\\/encompaniastj.org\\\/pt-pt\\\/\",\"name\":\"En Compa\u00f1\u00eda STJ\",\"description\":\"Bolet\u00edn de la Compa\u00f1\u00eda de Santa Teresa de Jes\u00fas\",\"publisher\":{\"@id\":\"https:\\\/\\\/encompaniastj.org\\\/pt-pt\\\/#organization\"},\"potentialAction\":[{\"@type\":\"SearchAction\",\"target\":{\"@type\":\"EntryPoint\",\"urlTemplate\":\"https:\\\/\\\/encompaniastj.org\\\/pt-pt\\\/?s={search_term_string}\"},\"query-input\":{\"@type\":\"PropertyValueSpecification\",\"valueRequired\":true,\"valueName\":\"search_term_string\"}}],\"inLanguage\":\"pt-PT\"},{\"@type\":\"Organization\",\"@id\":\"https:\\\/\\\/encompaniastj.org\\\/pt-pt\\\/#organization\",\"name\":\"Compa\u00f1\u00eda de Santa Teresa de Jes\u00fas\",\"url\":\"https:\\\/\\\/encompaniastj.org\\\/pt-pt\\\/\",\"logo\":{\"@type\":\"ImageObject\",\"inLanguage\":\"pt-PT\",\"@id\":\"https:\\\/\\\/encompaniastj.org\\\/pt-pt\\\/#\\\/schema\\\/logo\\\/image\\\/\",\"url\":\"https:\\\/\\\/encompaniastj.org\\\/wp-content\\\/uploads\\\/2025\\\/04\\\/logo_provincias02-1-3.png\",\"contentUrl\":\"https:\\\/\\\/encompaniastj.org\\\/wp-content\\\/uploads\\\/2025\\\/04\\\/logo_provincias02-1-3.png\",\"width\":2368,\"height\":825,\"caption\":\"Compa\u00f1\u00eda de Santa Teresa de Jes\u00fas\"},\"image\":{\"@id\":\"https:\\\/\\\/encompaniastj.org\\\/pt-pt\\\/#\\\/schema\\\/logo\\\/image\\\/\"}},{\"@type\":\"Person\",\"@id\":\"https:\\\/\\\/encompaniastj.org\\\/pt-pt\\\/#\\\/schema\\\/person\\\/520e7ecc314793d40091993c2a02b651\",\"name\":\"admin\",\"image\":{\"@type\":\"ImageObject\",\"inLanguage\":\"pt-PT\",\"@id\":\"https:\\\/\\\/secure.gravatar.com\\\/avatar\\\/948b492cce32b586ac2db0eaa926ee87024f7afe218d73b397ea5ddfc5f43ea1?s=96&d=mm&r=g\",\"url\":\"https:\\\/\\\/secure.gravatar.com\\\/avatar\\\/948b492cce32b586ac2db0eaa926ee87024f7afe218d73b397ea5ddfc5f43ea1?s=96&d=mm&r=g\",\"contentUrl\":\"https:\\\/\\\/secure.gravatar.com\\\/avatar\\\/948b492cce32b586ac2db0eaa926ee87024f7afe218d73b397ea5ddfc5f43ea1?s=96&d=mm&r=g\",\"caption\":\"admin\"},\"sameAs\":[\"https:\\\/\\\/encompaniastj.org\"],\"url\":\"https:\\\/\\\/encompaniastj.org\\\/pt-pt\\\/author\\\/sjdigital\\\/\"}]}<\/script>\n<!-- \/ Yoast SEO plugin. -->","yoast_head_json":{"title":"Semana Santa com os crucificados - En Compa\u00f1\u00eda STJ","robots":{"index":"index","follow":"follow","max-snippet":"max-snippet:-1","max-image-preview":"max-image-preview:large","max-video-preview":"max-video-preview:-1"},"canonical":"https:\/\/encompaniastj.org\/pt-pt\/semana-santa-com-os-crucificados\/","og_locale":"pt_PT","og_type":"article","og_title":"Semana Santa com os crucificados - En Compa\u00f1\u00eda STJ","og_description":"H\u00e1 anos que Deus me concedeu a gra\u00e7a de viver estes grandes momentos lit\u00fargicos com os preferidos de Jesus, os \u00faltimos, ou seja, os primeiros. Mas este ano vivemos isto [&hellip;]","og_url":"https:\/\/encompaniastj.org\/pt-pt\/semana-santa-com-os-crucificados\/","og_site_name":"En Compa\u00f1\u00eda STJ","article_published_time":"2024-04-02T06:39:29+00:00","article_modified_time":"2025-07-07T14:25:03+00:00","og_image":[{"width":903,"height":682,"url":"https:\/\/encompaniastj.org\/wp-content\/uploads\/2025\/05\/Imagen7.jpg","type":"image\/jpeg"}],"author":"admin","twitter_card":"summary_large_image","twitter_misc":{"Escrito por":"admin","Tempo estimado de leitura":"4 minutos"},"schema":{"@context":"https:\/\/schema.org","@graph":[{"@type":"Article","@id":"https:\/\/encompaniastj.org\/pt-pt\/semana-santa-com-os-crucificados\/#article","isPartOf":{"@id":"https:\/\/encompaniastj.org\/pt-pt\/semana-santa-com-os-crucificados\/"},"author":{"name":"admin","@id":"https:\/\/encompaniastj.org\/pt-pt\/#\/schema\/person\/520e7ecc314793d40091993c2a02b651"},"headline":"Semana Santa com os crucificados","datePublished":"2024-04-02T06:39:29+00:00","dateModified":"2025-07-07T14:25:03+00:00","mainEntityOfPage":{"@id":"https:\/\/encompaniastj.org\/pt-pt\/semana-santa-com-os-crucificados\/"},"wordCount":665,"commentCount":0,"publisher":{"@id":"https:\/\/encompaniastj.org\/pt-pt\/#organization"},"image":{"@id":"https:\/\/encompaniastj.org\/pt-pt\/semana-santa-com-os-crucificados\/#primaryimage"},"thumbnailUrl":"https:\/\/encompaniastj.org\/wp-content\/uploads\/2025\/05\/Imagen7.jpg","articleSection":["A\u00e7\u00e3o Social","Acci\u00f3n Social","Noticias"],"inLanguage":"pt-PT","potentialAction":[{"@type":"CommentAction","name":"Comment","target":["https:\/\/encompaniastj.org\/pt-pt\/semana-santa-com-os-crucificados\/#respond"]}]},{"@type":"WebPage","@id":"https:\/\/encompaniastj.org\/pt-pt\/semana-santa-com-os-crucificados\/","url":"https:\/\/encompaniastj.org\/pt-pt\/semana-santa-com-os-crucificados\/","name":"Semana Santa com os crucificados - En Compa\u00f1\u00eda STJ","isPartOf":{"@id":"https:\/\/encompaniastj.org\/pt-pt\/#website"},"primaryImageOfPage":{"@id":"https:\/\/encompaniastj.org\/pt-pt\/semana-santa-com-os-crucificados\/#primaryimage"},"image":{"@id":"https:\/\/encompaniastj.org\/pt-pt\/semana-santa-com-os-crucificados\/#primaryimage"},"thumbnailUrl":"https:\/\/encompaniastj.org\/wp-content\/uploads\/2025\/05\/Imagen7.jpg","datePublished":"2024-04-02T06:39:29+00:00","dateModified":"2025-07-07T14:25:03+00:00","breadcrumb":{"@id":"https:\/\/encompaniastj.org\/pt-pt\/semana-santa-com-os-crucificados\/#breadcrumb"},"inLanguage":"pt-PT","potentialAction":[{"@type":"ReadAction","target":["https:\/\/encompaniastj.org\/pt-pt\/semana-santa-com-os-crucificados\/"]}]},{"@type":"ImageObject","inLanguage":"pt-PT","@id":"https:\/\/encompaniastj.org\/pt-pt\/semana-santa-com-os-crucificados\/#primaryimage","url":"https:\/\/encompaniastj.org\/wp-content\/uploads\/2025\/05\/Imagen7.jpg","contentUrl":"https:\/\/encompaniastj.org\/wp-content\/uploads\/2025\/05\/Imagen7.jpg","width":903,"height":682},{"@type":"BreadcrumbList","@id":"https:\/\/encompaniastj.org\/pt-pt\/semana-santa-com-os-crucificados\/#breadcrumb","itemListElement":[{"@type":"ListItem","position":1,"name":"Portada","item":"https:\/\/encompaniastj.org\/pt-pt\/"},{"@type":"ListItem","position":2,"name":"Semana Santa com os crucificados"}]},{"@type":"WebSite","@id":"https:\/\/encompaniastj.org\/pt-pt\/#website","url":"https:\/\/encompaniastj.org\/pt-pt\/","name":"En Compa\u00f1\u00eda STJ","description":"Bolet\u00edn de la Compa\u00f1\u00eda de Santa Teresa de Jes\u00fas","publisher":{"@id":"https:\/\/encompaniastj.org\/pt-pt\/#organization"},"potentialAction":[{"@type":"SearchAction","target":{"@type":"EntryPoint","urlTemplate":"https:\/\/encompaniastj.org\/pt-pt\/?s={search_term_string}"},"query-input":{"@type":"PropertyValueSpecification","valueRequired":true,"valueName":"search_term_string"}}],"inLanguage":"pt-PT"},{"@type":"Organization","@id":"https:\/\/encompaniastj.org\/pt-pt\/#organization","name":"Compa\u00f1\u00eda de Santa Teresa de Jes\u00fas","url":"https:\/\/encompaniastj.org\/pt-pt\/","logo":{"@type":"ImageObject","inLanguage":"pt-PT","@id":"https:\/\/encompaniastj.org\/pt-pt\/#\/schema\/logo\/image\/","url":"https:\/\/encompaniastj.org\/wp-content\/uploads\/2025\/04\/logo_provincias02-1-3.png","contentUrl":"https:\/\/encompaniastj.org\/wp-content\/uploads\/2025\/04\/logo_provincias02-1-3.png","width":2368,"height":825,"caption":"Compa\u00f1\u00eda de Santa Teresa de Jes\u00fas"},"image":{"@id":"https:\/\/encompaniastj.org\/pt-pt\/#\/schema\/logo\/image\/"}},{"@type":"Person","@id":"https:\/\/encompaniastj.org\/pt-pt\/#\/schema\/person\/520e7ecc314793d40091993c2a02b651","name":"admin","image":{"@type":"ImageObject","inLanguage":"pt-PT","@id":"https:\/\/secure.gravatar.com\/avatar\/948b492cce32b586ac2db0eaa926ee87024f7afe218d73b397ea5ddfc5f43ea1?s=96&d=mm&r=g","url":"https:\/\/secure.gravatar.com\/avatar\/948b492cce32b586ac2db0eaa926ee87024f7afe218d73b397ea5ddfc5f43ea1?s=96&d=mm&r=g","contentUrl":"https:\/\/secure.gravatar.com\/avatar\/948b492cce32b586ac2db0eaa926ee87024f7afe218d73b397ea5ddfc5f43ea1?s=96&d=mm&r=g","caption":"admin"},"sameAs":["https:\/\/encompaniastj.org"],"url":"https:\/\/encompaniastj.org\/pt-pt\/author\/sjdigital\/"}]}},"_links":{"self":[{"href":"https:\/\/encompaniastj.org\/pt-pt\/wp-json\/wp\/v2\/posts\/11964","targetHints":{"allow":["GET"]}}],"collection":[{"href":"https:\/\/encompaniastj.org\/pt-pt\/wp-json\/wp\/v2\/posts"}],"about":[{"href":"https:\/\/encompaniastj.org\/pt-pt\/wp-json\/wp\/v2\/types\/post"}],"author":[{"embeddable":true,"href":"https:\/\/encompaniastj.org\/pt-pt\/wp-json\/wp\/v2\/users\/1"}],"replies":[{"embeddable":true,"href":"https:\/\/encompaniastj.org\/pt-pt\/wp-json\/wp\/v2\/comments?post=11964"}],"version-history":[{"count":1,"href":"https:\/\/encompaniastj.org\/pt-pt\/wp-json\/wp\/v2\/posts\/11964\/revisions"}],"predecessor-version":[{"id":11965,"href":"https:\/\/encompaniastj.org\/pt-pt\/wp-json\/wp\/v2\/posts\/11964\/revisions\/11965"}],"wp:featuredmedia":[{"embeddable":true,"href":"https:\/\/encompaniastj.org\/pt-pt\/wp-json\/wp\/v2\/media\/8606"}],"wp:attachment":[{"href":"https:\/\/encompaniastj.org\/pt-pt\/wp-json\/wp\/v2\/media?parent=11964"}],"wp:term":[{"taxonomy":"category","embeddable":true,"href":"https:\/\/encompaniastj.org\/pt-pt\/wp-json\/wp\/v2\/categories?post=11964"},{"taxonomy":"post_tag","embeddable":true,"href":"https:\/\/encompaniastj.org\/pt-pt\/wp-json\/wp\/v2\/tags?post=11964"}],"curies":[{"name":"wp","href":"https:\/\/api.w.org\/{rel}","templated":true}]}}