{"id":11960,"date":"2024-04-02T08:23:07","date_gmt":"2024-04-02T06:23:07","guid":{"rendered":"https:\/\/encompaniastj.org\/encontro-juntos-somos-mais-confer\/"},"modified":"2025-07-07T16:25:02","modified_gmt":"2025-07-07T14:25:02","slug":"encontro-juntos-somos-mais-confer","status":"publish","type":"post","link":"https:\/\/encompaniastj.org\/pt-pt\/encontro-juntos-somos-mais-confer\/","title":{"rendered":"Encontro &#8220;Juntos somos mais\u201d. CONFER"},"content":{"rendered":"<p>Em 2 de mar\u00e7o de 2024, assistimos um grupo de teresianos ao encontro &#8220;Juntos somos mais&#8221;. Miss\u00e3o partilhada, organizado pela CONFER. Celebravam o X anivers\u00e1rio destes encontros, que acompanhou o caminhar das diversas fam\u00edlias carism\u00e1ticas desta institui\u00e7\u00e3o.<\/p>\n<p>O encontro contava com uma palestra de Antonio Botana, que vos partilhamos e um trabalho de grupos que ajudou \u00e0 reflex\u00e3o e \u00e0 concretiza\u00e7\u00e3o.<\/p>\n<p>Partilhamos algumas pinceladas das viv\u00eancias pessoais deste dia:<\/p>\n<ul>\n<li><em>Este encontro reavivou em mim a ilus\u00e3o e a import\u00e2ncia do carisma partilhado entre leigos e religiosos. Um grande desafio \u00e9 passar da partilha de tarefas e atividades para o cocriar carisma; de trabalhar juntos para nos sentirmos comunidade ampliada com diferentes compromissos vocacionais. Um caminho conjunto de igual a igual que necessita criatividade, forte compromisso e, sem d\u00favida, odres novos, e que intui que gera VIDA enriquecida para a miss\u00e3o. <strong>(Ana Royo)<\/strong><\/em><\/li>\n<\/ul>\n<p><em>\u00a0<\/em><\/p>\n<ul>\n<li><em>Miss\u00e3o partilhada: espiritualidade partilhada, encontro, trabalho, projetos e vida partilhada&#8230; , palavras que ressoam em mim depois do que vivi neste dia, oportunidade para continuar apoiando e avan\u00e7ando neste caminho de Fam\u00edlia Teresiana, que juntos vamos percorrendo. Tenho a certeza de que levamos desde h\u00e1 algum tempo sabendo-nos chamadas a cocriar espa\u00e7os comuns de busca, discernimento e mesa partilhada. Ressoa-me tamb\u00e9m o convite do nosso Cap\u00edtulo Geral a caminhar juntos irm\u00e3s e leigas\/os, partilhando vida e miss\u00e3o, em processos conjuntos de discernimento e tomada de decis\u00f5es. &#8221; M\u00e3os \u00e0 obra que o tempo urge! <strong>(Esther Medina)\u00a0 \u00a0 \u00a0 \u00a0 \u00a0 \u00a0 \u00a0 \u00a0 \u00a0 \u00a0<\/strong><\/em><\/li>\n<li><em>Quero partilhar a experi\u00eancia que representou para mim o encontro da CONFER em Madrid no dia 2 de mar\u00e7o &#8220;JUNTOS SOMOS MAIS&#8221;<\/em><\/li>\n<\/ul>\n<p style=\"padding-left: 40px;\"><em>Em primeiro lugar dizer que Antonio Botana me ajudou a lembrar este caminho n\u00e3o conclu\u00eddo de Miss\u00e3o partilhada que talvez se converteu em\u00a0 tarefas partilhadas ou entrega de chaves.<\/em><\/p>\n<p style=\"padding-left: 40px;\"><em>No entanto, voltou a iluminar-se aquele desejo interior de caminhar como fam\u00edlia STJ com um cal\u00e7ado adequado, confort\u00e1vel que n\u00e3o me leve a desilus\u00f5es e dece\u00e7\u00f5es.<\/em><\/p>\n<p style=\"padding-left: 40px;\"><em>Sinto-me chamada a confecionar esse modo de viver um estilo de vida que transmita, que aproxime e que seja capaz de confiar em que a nossa miss\u00e3o \u00e9 de todas e todos , que precisamos uns dos outros e que se pode servir a miss\u00e3o em co-responsabilidade com uma adequada forma\u00e7\u00e3o para a mesma que nos identifique como fam\u00edlia.<\/em><\/p>\n<p style=\"padding-left: 40px;\"><em>Para mim \u00e9 imprescind\u00edvel a comunh\u00e3o, espiritualidade Teresiana, e sentindo-nos povo de Deus que caminha para uma sinodalidade como Igreja.<\/em><\/p>\n<p style=\"padding-left: 40px;\"><em>\u00c9 importante criar la\u00e7os, acompanhar e deixar-nos acompanhar para poder levar a cabo uma miss\u00e3o que sonhou Henrique de Oss\u00f3 e que hoje, n\u00f3s como fam\u00edlia Teresiana esque\u00e7amos que somos unidade que irm\u00e3s e leigos constru\u00edmos, e deixamos passar o Esp\u00edrito ali onde mais perigam os interesses de Jesus com compromisso e corresponsabilidade.<\/em><\/p>\n<p style=\"padding-left: 40px;\"><em>Penso que muitas formalidades \u00e0s vezes n\u00e3o nos deixam ver o horizonte. Confiar e p\u00f4r a nossa vida em primeiro lugar antes de dar demasiada import\u00e2ncia a formalidades que podem ficar no papel. Estruturas que um dia serviram, hoje devem ser pensadas entre religiosos e leigos. Sem confundir comunidade e vida comum.<\/em><\/p>\n<p style=\"padding-left: 40px;\"><em>Precisamos ser &#8220;Odres Novos&#8221;, que n\u00e3o funcionar\u00e3o se n\u00e3o soubermos adaptar-nos ao novo, \u00e0 mudan\u00e7a \u00e0s novas estruturas que se imp\u00f5em. Escutemos o Esp\u00edrito que vem de forma criativa \u00e0 nossa fam\u00edlia Teresiana. Obrigado <strong>(Ana Monserrat)<\/strong><\/em><em>\u00a0<\/em><\/p>\n<ul>\n<li><em>Com alegria e gratid\u00e3o, no s\u00e1bado dia 2 de mar\u00e7o participei junto com um grupo de irm\u00e3s e leigos de diferentes ambientes teresianos no encontro &#8220;10 anos depois, juntos em miss\u00e3o partilhada&#8221;. <\/em><\/li>\n<\/ul>\n<p style=\"padding-left: 40px;\"><em>Para mim, foi um momento de reflex\u00e3o sobre o caminho percorrido nestes 10 anos. Embora o n\u00famero de participantes tenha sido inferior ao dos primeiros encontros, pude constatar a maturidade dos processos que ao longo deste tempo se deram em miss\u00e3o partilhada.<\/em><\/p>\n<p style=\"padding-left: 40px;\"><em>Realista a vis\u00e3o do horizonte apresentado por Antonio Botana. A experi\u00eancia partilhada por diversas fam\u00edlias religiosas apresentou uma realidade palp\u00e1vel desde a voca\u00e7\u00e3o e espiritualidade partilhada, dando valor \u00e0 forma\u00e7\u00e3o, e apresentou o fruto da corresponsabilidade na a\u00e7\u00e3o e miss\u00e3o como caminho para crer em miss\u00e3o partilhada.<\/em><\/p>\n<p style=\"padding-left: 40px;\"><em>Um dia de encontro fraterno, onde n\u00e3o faltou a ora\u00e7\u00e3o e a partilha. <strong>(Cova D\u00edaz)<\/strong><\/em><em>\u00a0<\/em><\/p>\n<ul>\n<li><em>H\u00e1 muito tempo atr\u00e1s, irm\u00e3s ousaram sonhar com um projeto de miss\u00e3o partilhada nas nossas escolas, e esse sonho tornou-se realidade.<\/em><\/li>\n<\/ul>\n<p style=\"padding-left: 40px;\"><em>Irm\u00e3s, professores, alunas\/os podemos crescer sob o guarda-chuva de uma espiritualidade cheia de vida. Mas a vida segue e os tempos falam, e as pessoas seguem sonhando.<\/em><\/p>\n<p style=\"padding-left: 40px;\"><em>Sonhamos com uma igreja plural e global onde as diferentes fam\u00edlias carism\u00e1ticas se re\u00fanam para partilhar a f\u00e9 e a vida. Fam\u00edlias onde todos n\u00f3s que respiramos um mesmo estilo evang\u00e9lico (carisma) possamos reconhecer-nos e acompanhar-nos; onde todos partilhemos o nosso modo de viver o evangelho, ao estilo de Teresa e Henrique. Eles sonharam e contagiaram um estilo de viver a f\u00e9.<\/em><\/p>\n<p style=\"padding-left: 40px;\"><em>Em muitos dos nossos contextos j\u00e1 se vive esta experi\u00eancia, mas desejamos que ela se torne uma realidade em todos os cantos onde haja teresianos e teresianas.<\/em><\/p>\n<p style=\"padding-left: 40px;\"><em>Botana faz j\u00e1 anos que se atreveu a escrever seus sonhos e nestes dias voltou a recordar-nos.<\/em><\/p>\n<p style=\"padding-left: 40px;\"><em>Creio que o Esp\u00edrito nos pede para continuar sonhando com humildade, sabendo que tudo o que nasce \u00e9 fruto do Esp\u00edrito. <strong>(Esperanza Sanju\u00e1n Gestoso)<\/strong><\/em><\/p>\n<ul>\n<li><em>Para mim, o dia sup\u00f5e questionar diferentes aspetos da minha vida como crist\u00e3o e em rela\u00e7\u00e3o \u00e0 comunidade paroquial da qual fa\u00e7o parte.<\/em><\/li>\n<\/ul>\n<p style=\"padding-left: 40px;\"><em>Todas as pessoas t\u00eam preocupa\u00e7\u00f5es, abordagens, d\u00favidas, &#8230; H\u00e1 4 anos atr\u00e1s foi quando eu descobri a par\u00f3quia &#8220;Ntra. Sra. del Pilar &#8221; do bairro de Echavacoiz em Pamplona. Foi na Internet que li que ali havia uma comunidade de franciscanos conventuais e de Teresianas e que, a t\u00edtulo de resumo, &#8220;trabalhavam&#8221; para melhorar as condi\u00e7\u00f5es em que se encontravam muitas pessoas (na sua maioria migrantes) do bairro. O que li sobre essa par\u00f3quia atraiu-me.<\/em><\/p>\n<p style=\"padding-left: 40px;\"><em>&#8220;Um processo vivido e um horizonte&#8221; foi o t\u00edtulo da palestra de Antonio Botana. A abordagem implica uma mudan\u00e7a radical tal como hoje entendemos a Igreja e tal como \u00e9 a Igreja, e todo um desafio. Por isso, ao princ\u00edpio indico que sup\u00f5e questionar-me, interrogar-me, mas isso ao mesmo tempo eu vejo isso como algo positivo. Por outro lado, ningu\u00e9m escapa que a Igreja hoje n\u00e3o \u00e9 o que foi no passado &#8230;<\/em><\/p>\n<p style=\"padding-left: 40px;\"><em>Quero reconhecer uma Igreja em miss\u00e3o, que est\u00e1 e vive no mundo atual, conhece a realidade e torna-se pr\u00f3xima de todos e de todas, aberta.<\/em><\/p>\n<p style=\"padding-left: 40px;\"><em>Entendo o carisma (que tanto o menciona Antonio) n\u00e3o como algo estanque, separado, de cada Instituto, embora cada Instituto tenha sua &#8220;marca&#8221;, mas mais como algo comum a todos os Institutos com capacidade para atrair e influenciar-nos. Para mim n\u00e3o \u00e9 tanto o caminho (tal ou qual carisma) como a meta. Esta meta, al\u00e9m do Evangelho, aqui \u00e9 a corresponsabilidade entre pessoas leigas, religiosas e sacerdotes (todo um marco). Co-responsabilidade entendida n\u00e3o s\u00f3 entre pessoas leigas e religiosas, mas tamb\u00e9m entre os diversos Institutos religiosos.<\/em><\/p>\n<p style=\"padding-left: 40px;\"><em>A atitude vocacional, viver em atitude vocacional \u00e9 um desafio. Conseguir viver a voca\u00e7\u00e3o com naturalidade, aprofundando a f\u00e9, com itiner\u00e1rios de forma\u00e7\u00e3o (pessoas leigas e religiosas muito formadas). Embora pare\u00e7a que est\u00e1 de sobra, neste viver vocacional me parece muito importante a confian\u00e7a m\u00fatua entre umas e outras, que as pessoas leigas se sintam como em sua pr\u00f3pria casa, com um acompanhamento pessoal.<\/em><\/p>\n<p style=\"padding-left: 40px;\"><em>Este viver vocacional leva-nos \u00e0 participa\u00e7\u00e3o dos leigos nas decis\u00f5es do Instituto, participa\u00e7\u00e3o tamb\u00e9m no Cap\u00edtulo provincial. Chegar a este ponto significa que se percorreu todo um caminho, com um n\u00edvel de exig\u00eancia alt\u00edssimo por parte de todas as pessoas de miss\u00e3o partilhada.<\/em><\/p>\n<p style=\"padding-left: 40px;\"><em>Vamos pouco a pouco. &#8221; tu deves ser a mudan\u00e7a que desejas ver no mundo&#8221; <strong>(Ghandi. Luis L\u00e1inez)<\/strong><\/em><\/p>\n<p><img loading=\"lazy\" decoding=\"async\" class=\"aligncenter wp-image-12506 size-large\" src=\"https:\/\/encompaniastj.org\/wp-content\/uploads\/2025\/05\/imag2.jpeg\" alt=\"\" width=\"1024\" height=\"768\" \/><\/p>\n","protected":false},"excerpt":{"rendered":"<p>Em 2 de mar\u00e7o de 2024, assistimos um grupo de teresianos ao encontro &#8220;Juntos somos mais&#8221;. Miss\u00e3o partilhada, organizado pela CONFER. Celebravam o X anivers\u00e1rio destes encontros, que acompanhou o [&hellip;]<\/p>\n","protected":false},"author":1,"featured_media":8602,"comment_status":"open","ping_status":"open","sticky":false,"template":"","format":"standard","meta":{"_acf_changed":false,"footnotes":""},"categories":[61,62,68],"tags":[],"class_list":["post-11960","post","type-post","status-publish","format-standard","has-post-thumbnail","hentry","category-noticias","category-otras","category-outras"],"acf":[],"yoast_head":"<!-- This site is optimized with the Yoast SEO plugin v27.5 - https:\/\/yoast.com\/product\/yoast-seo-wordpress\/ -->\n<title>Encontro &quot;Juntos somos mais\u201d. CONFER - En Compa\u00f1\u00eda STJ<\/title>\n<meta name=\"robots\" content=\"index, follow, max-snippet:-1, max-image-preview:large, max-video-preview:-1\" \/>\n<link rel=\"canonical\" href=\"https:\/\/encompaniastj.org\/pt-pt\/encontro-juntos-somos-mais-confer\/\" \/>\n<meta property=\"og:locale\" content=\"pt_PT\" \/>\n<meta property=\"og:type\" content=\"article\" \/>\n<meta property=\"og:title\" content=\"Encontro &quot;Juntos somos mais\u201d. CONFER - En Compa\u00f1\u00eda STJ\" \/>\n<meta property=\"og:description\" content=\"Em 2 de mar\u00e7o de 2024, assistimos um grupo de teresianos ao encontro &#8220;Juntos somos mais&#8221;. Miss\u00e3o partilhada, organizado pela CONFER. Celebravam o X anivers\u00e1rio destes encontros, que acompanhou o [&hellip;]\" \/>\n<meta property=\"og:url\" content=\"https:\/\/encompaniastj.org\/pt-pt\/encontro-juntos-somos-mais-confer\/\" \/>\n<meta property=\"og:site_name\" content=\"En Compa\u00f1\u00eda STJ\" \/>\n<meta property=\"article:published_time\" content=\"2024-04-02T06:23:07+00:00\" \/>\n<meta property=\"article:modified_time\" content=\"2025-07-07T14:25:02+00:00\" \/>\n<meta property=\"og:image\" content=\"https:\/\/encompaniastj.org\/wp-content\/uploads\/2025\/05\/imag1.jpeg\" \/>\n\t<meta property=\"og:image:width\" content=\"1200\" \/>\n\t<meta property=\"og:image:height\" content=\"1600\" \/>\n\t<meta property=\"og:image:type\" content=\"image\/jpeg\" \/>\n<meta name=\"author\" content=\"admin\" \/>\n<meta name=\"twitter:card\" content=\"summary_large_image\" \/>\n<meta name=\"twitter:label1\" content=\"Escrito por\" \/>\n\t<meta name=\"twitter:data1\" content=\"admin\" \/>\n\t<meta name=\"twitter:label2\" content=\"Tempo estimado de leitura\" \/>\n\t<meta name=\"twitter:data2\" content=\"7 minutos\" \/>\n<script type=\"application\/ld+json\" class=\"yoast-schema-graph\">{\"@context\":\"https:\\\/\\\/schema.org\",\"@graph\":[{\"@type\":\"Article\",\"@id\":\"https:\\\/\\\/encompaniastj.org\\\/pt-pt\\\/encontro-juntos-somos-mais-confer\\\/#article\",\"isPartOf\":{\"@id\":\"https:\\\/\\\/encompaniastj.org\\\/pt-pt\\\/encontro-juntos-somos-mais-confer\\\/\"},\"author\":{\"name\":\"admin\",\"@id\":\"https:\\\/\\\/encompaniastj.org\\\/pt-pt\\\/#\\\/schema\\\/person\\\/520e7ecc314793d40091993c2a02b651\"},\"headline\":\"Encontro &#8220;Juntos somos mais\u201d. CONFER\",\"datePublished\":\"2024-04-02T06:23:07+00:00\",\"dateModified\":\"2025-07-07T14:25:02+00:00\",\"mainEntityOfPage\":{\"@id\":\"https:\\\/\\\/encompaniastj.org\\\/pt-pt\\\/encontro-juntos-somos-mais-confer\\\/\"},\"wordCount\":1365,\"commentCount\":0,\"publisher\":{\"@id\":\"https:\\\/\\\/encompaniastj.org\\\/pt-pt\\\/#organization\"},\"image\":{\"@id\":\"https:\\\/\\\/encompaniastj.org\\\/pt-pt\\\/encontro-juntos-somos-mais-confer\\\/#primaryimage\"},\"thumbnailUrl\":\"https:\\\/\\\/encompaniastj.org\\\/wp-content\\\/uploads\\\/2025\\\/05\\\/imag1.jpeg\",\"articleSection\":[\"Noticias\",\"Otras\",\"Outras\"],\"inLanguage\":\"pt-PT\",\"potentialAction\":[{\"@type\":\"CommentAction\",\"name\":\"Comment\",\"target\":[\"https:\\\/\\\/encompaniastj.org\\\/pt-pt\\\/encontro-juntos-somos-mais-confer\\\/#respond\"]}]},{\"@type\":\"WebPage\",\"@id\":\"https:\\\/\\\/encompaniastj.org\\\/pt-pt\\\/encontro-juntos-somos-mais-confer\\\/\",\"url\":\"https:\\\/\\\/encompaniastj.org\\\/pt-pt\\\/encontro-juntos-somos-mais-confer\\\/\",\"name\":\"Encontro \\\"Juntos somos mais\u201d. CONFER - En Compa\u00f1\u00eda STJ\",\"isPartOf\":{\"@id\":\"https:\\\/\\\/encompaniastj.org\\\/pt-pt\\\/#website\"},\"primaryImageOfPage\":{\"@id\":\"https:\\\/\\\/encompaniastj.org\\\/pt-pt\\\/encontro-juntos-somos-mais-confer\\\/#primaryimage\"},\"image\":{\"@id\":\"https:\\\/\\\/encompaniastj.org\\\/pt-pt\\\/encontro-juntos-somos-mais-confer\\\/#primaryimage\"},\"thumbnailUrl\":\"https:\\\/\\\/encompaniastj.org\\\/wp-content\\\/uploads\\\/2025\\\/05\\\/imag1.jpeg\",\"datePublished\":\"2024-04-02T06:23:07+00:00\",\"dateModified\":\"2025-07-07T14:25:02+00:00\",\"breadcrumb\":{\"@id\":\"https:\\\/\\\/encompaniastj.org\\\/pt-pt\\\/encontro-juntos-somos-mais-confer\\\/#breadcrumb\"},\"inLanguage\":\"pt-PT\",\"potentialAction\":[{\"@type\":\"ReadAction\",\"target\":[\"https:\\\/\\\/encompaniastj.org\\\/pt-pt\\\/encontro-juntos-somos-mais-confer\\\/\"]}]},{\"@type\":\"ImageObject\",\"inLanguage\":\"pt-PT\",\"@id\":\"https:\\\/\\\/encompaniastj.org\\\/pt-pt\\\/encontro-juntos-somos-mais-confer\\\/#primaryimage\",\"url\":\"https:\\\/\\\/encompaniastj.org\\\/wp-content\\\/uploads\\\/2025\\\/05\\\/imag1.jpeg\",\"contentUrl\":\"https:\\\/\\\/encompaniastj.org\\\/wp-content\\\/uploads\\\/2025\\\/05\\\/imag1.jpeg\",\"width\":1200,\"height\":1600},{\"@type\":\"BreadcrumbList\",\"@id\":\"https:\\\/\\\/encompaniastj.org\\\/pt-pt\\\/encontro-juntos-somos-mais-confer\\\/#breadcrumb\",\"itemListElement\":[{\"@type\":\"ListItem\",\"position\":1,\"name\":\"Portada\",\"item\":\"https:\\\/\\\/encompaniastj.org\\\/pt-pt\\\/\"},{\"@type\":\"ListItem\",\"position\":2,\"name\":\"Encontro \u00abJuntos somos mais\u201d. CONFER\"}]},{\"@type\":\"WebSite\",\"@id\":\"https:\\\/\\\/encompaniastj.org\\\/pt-pt\\\/#website\",\"url\":\"https:\\\/\\\/encompaniastj.org\\\/pt-pt\\\/\",\"name\":\"En Compa\u00f1\u00eda STJ\",\"description\":\"Bolet\u00edn de la Compa\u00f1\u00eda de Santa Teresa de Jes\u00fas\",\"publisher\":{\"@id\":\"https:\\\/\\\/encompaniastj.org\\\/pt-pt\\\/#organization\"},\"potentialAction\":[{\"@type\":\"SearchAction\",\"target\":{\"@type\":\"EntryPoint\",\"urlTemplate\":\"https:\\\/\\\/encompaniastj.org\\\/pt-pt\\\/?s={search_term_string}\"},\"query-input\":{\"@type\":\"PropertyValueSpecification\",\"valueRequired\":true,\"valueName\":\"search_term_string\"}}],\"inLanguage\":\"pt-PT\"},{\"@type\":\"Organization\",\"@id\":\"https:\\\/\\\/encompaniastj.org\\\/pt-pt\\\/#organization\",\"name\":\"Compa\u00f1\u00eda de Santa Teresa de Jes\u00fas\",\"url\":\"https:\\\/\\\/encompaniastj.org\\\/pt-pt\\\/\",\"logo\":{\"@type\":\"ImageObject\",\"inLanguage\":\"pt-PT\",\"@id\":\"https:\\\/\\\/encompaniastj.org\\\/pt-pt\\\/#\\\/schema\\\/logo\\\/image\\\/\",\"url\":\"https:\\\/\\\/encompaniastj.org\\\/wp-content\\\/uploads\\\/2025\\\/04\\\/logo_provincias02-1-3.png\",\"contentUrl\":\"https:\\\/\\\/encompaniastj.org\\\/wp-content\\\/uploads\\\/2025\\\/04\\\/logo_provincias02-1-3.png\",\"width\":2368,\"height\":825,\"caption\":\"Compa\u00f1\u00eda de Santa Teresa de Jes\u00fas\"},\"image\":{\"@id\":\"https:\\\/\\\/encompaniastj.org\\\/pt-pt\\\/#\\\/schema\\\/logo\\\/image\\\/\"}},{\"@type\":\"Person\",\"@id\":\"https:\\\/\\\/encompaniastj.org\\\/pt-pt\\\/#\\\/schema\\\/person\\\/520e7ecc314793d40091993c2a02b651\",\"name\":\"admin\",\"image\":{\"@type\":\"ImageObject\",\"inLanguage\":\"pt-PT\",\"@id\":\"https:\\\/\\\/secure.gravatar.com\\\/avatar\\\/948b492cce32b586ac2db0eaa926ee87024f7afe218d73b397ea5ddfc5f43ea1?s=96&d=mm&r=g\",\"url\":\"https:\\\/\\\/secure.gravatar.com\\\/avatar\\\/948b492cce32b586ac2db0eaa926ee87024f7afe218d73b397ea5ddfc5f43ea1?s=96&d=mm&r=g\",\"contentUrl\":\"https:\\\/\\\/secure.gravatar.com\\\/avatar\\\/948b492cce32b586ac2db0eaa926ee87024f7afe218d73b397ea5ddfc5f43ea1?s=96&d=mm&r=g\",\"caption\":\"admin\"},\"sameAs\":[\"https:\\\/\\\/encompaniastj.org\"],\"url\":\"https:\\\/\\\/encompaniastj.org\\\/pt-pt\\\/author\\\/sjdigital\\\/\"}]}<\/script>\n<!-- \/ Yoast SEO plugin. -->","yoast_head_json":{"title":"Encontro \"Juntos somos mais\u201d. CONFER - En Compa\u00f1\u00eda STJ","robots":{"index":"index","follow":"follow","max-snippet":"max-snippet:-1","max-image-preview":"max-image-preview:large","max-video-preview":"max-video-preview:-1"},"canonical":"https:\/\/encompaniastj.org\/pt-pt\/encontro-juntos-somos-mais-confer\/","og_locale":"pt_PT","og_type":"article","og_title":"Encontro \"Juntos somos mais\u201d. CONFER - En Compa\u00f1\u00eda STJ","og_description":"Em 2 de mar\u00e7o de 2024, assistimos um grupo de teresianos ao encontro &#8220;Juntos somos mais&#8221;. Miss\u00e3o partilhada, organizado pela CONFER. Celebravam o X anivers\u00e1rio destes encontros, que acompanhou o [&hellip;]","og_url":"https:\/\/encompaniastj.org\/pt-pt\/encontro-juntos-somos-mais-confer\/","og_site_name":"En Compa\u00f1\u00eda STJ","article_published_time":"2024-04-02T06:23:07+00:00","article_modified_time":"2025-07-07T14:25:02+00:00","og_image":[{"width":1200,"height":1600,"url":"https:\/\/encompaniastj.org\/wp-content\/uploads\/2025\/05\/imag1.jpeg","type":"image\/jpeg"}],"author":"admin","twitter_card":"summary_large_image","twitter_misc":{"Escrito por":"admin","Tempo estimado de leitura":"7 minutos"},"schema":{"@context":"https:\/\/schema.org","@graph":[{"@type":"Article","@id":"https:\/\/encompaniastj.org\/pt-pt\/encontro-juntos-somos-mais-confer\/#article","isPartOf":{"@id":"https:\/\/encompaniastj.org\/pt-pt\/encontro-juntos-somos-mais-confer\/"},"author":{"name":"admin","@id":"https:\/\/encompaniastj.org\/pt-pt\/#\/schema\/person\/520e7ecc314793d40091993c2a02b651"},"headline":"Encontro &#8220;Juntos somos mais\u201d. CONFER","datePublished":"2024-04-02T06:23:07+00:00","dateModified":"2025-07-07T14:25:02+00:00","mainEntityOfPage":{"@id":"https:\/\/encompaniastj.org\/pt-pt\/encontro-juntos-somos-mais-confer\/"},"wordCount":1365,"commentCount":0,"publisher":{"@id":"https:\/\/encompaniastj.org\/pt-pt\/#organization"},"image":{"@id":"https:\/\/encompaniastj.org\/pt-pt\/encontro-juntos-somos-mais-confer\/#primaryimage"},"thumbnailUrl":"https:\/\/encompaniastj.org\/wp-content\/uploads\/2025\/05\/imag1.jpeg","articleSection":["Noticias","Otras","Outras"],"inLanguage":"pt-PT","potentialAction":[{"@type":"CommentAction","name":"Comment","target":["https:\/\/encompaniastj.org\/pt-pt\/encontro-juntos-somos-mais-confer\/#respond"]}]},{"@type":"WebPage","@id":"https:\/\/encompaniastj.org\/pt-pt\/encontro-juntos-somos-mais-confer\/","url":"https:\/\/encompaniastj.org\/pt-pt\/encontro-juntos-somos-mais-confer\/","name":"Encontro \"Juntos somos mais\u201d. CONFER - En Compa\u00f1\u00eda STJ","isPartOf":{"@id":"https:\/\/encompaniastj.org\/pt-pt\/#website"},"primaryImageOfPage":{"@id":"https:\/\/encompaniastj.org\/pt-pt\/encontro-juntos-somos-mais-confer\/#primaryimage"},"image":{"@id":"https:\/\/encompaniastj.org\/pt-pt\/encontro-juntos-somos-mais-confer\/#primaryimage"},"thumbnailUrl":"https:\/\/encompaniastj.org\/wp-content\/uploads\/2025\/05\/imag1.jpeg","datePublished":"2024-04-02T06:23:07+00:00","dateModified":"2025-07-07T14:25:02+00:00","breadcrumb":{"@id":"https:\/\/encompaniastj.org\/pt-pt\/encontro-juntos-somos-mais-confer\/#breadcrumb"},"inLanguage":"pt-PT","potentialAction":[{"@type":"ReadAction","target":["https:\/\/encompaniastj.org\/pt-pt\/encontro-juntos-somos-mais-confer\/"]}]},{"@type":"ImageObject","inLanguage":"pt-PT","@id":"https:\/\/encompaniastj.org\/pt-pt\/encontro-juntos-somos-mais-confer\/#primaryimage","url":"https:\/\/encompaniastj.org\/wp-content\/uploads\/2025\/05\/imag1.jpeg","contentUrl":"https:\/\/encompaniastj.org\/wp-content\/uploads\/2025\/05\/imag1.jpeg","width":1200,"height":1600},{"@type":"BreadcrumbList","@id":"https:\/\/encompaniastj.org\/pt-pt\/encontro-juntos-somos-mais-confer\/#breadcrumb","itemListElement":[{"@type":"ListItem","position":1,"name":"Portada","item":"https:\/\/encompaniastj.org\/pt-pt\/"},{"@type":"ListItem","position":2,"name":"Encontro \u00abJuntos somos mais\u201d. CONFER"}]},{"@type":"WebSite","@id":"https:\/\/encompaniastj.org\/pt-pt\/#website","url":"https:\/\/encompaniastj.org\/pt-pt\/","name":"En Compa\u00f1\u00eda STJ","description":"Bolet\u00edn de la Compa\u00f1\u00eda de Santa Teresa de Jes\u00fas","publisher":{"@id":"https:\/\/encompaniastj.org\/pt-pt\/#organization"},"potentialAction":[{"@type":"SearchAction","target":{"@type":"EntryPoint","urlTemplate":"https:\/\/encompaniastj.org\/pt-pt\/?s={search_term_string}"},"query-input":{"@type":"PropertyValueSpecification","valueRequired":true,"valueName":"search_term_string"}}],"inLanguage":"pt-PT"},{"@type":"Organization","@id":"https:\/\/encompaniastj.org\/pt-pt\/#organization","name":"Compa\u00f1\u00eda de Santa Teresa de Jes\u00fas","url":"https:\/\/encompaniastj.org\/pt-pt\/","logo":{"@type":"ImageObject","inLanguage":"pt-PT","@id":"https:\/\/encompaniastj.org\/pt-pt\/#\/schema\/logo\/image\/","url":"https:\/\/encompaniastj.org\/wp-content\/uploads\/2025\/04\/logo_provincias02-1-3.png","contentUrl":"https:\/\/encompaniastj.org\/wp-content\/uploads\/2025\/04\/logo_provincias02-1-3.png","width":2368,"height":825,"caption":"Compa\u00f1\u00eda de Santa Teresa de Jes\u00fas"},"image":{"@id":"https:\/\/encompaniastj.org\/pt-pt\/#\/schema\/logo\/image\/"}},{"@type":"Person","@id":"https:\/\/encompaniastj.org\/pt-pt\/#\/schema\/person\/520e7ecc314793d40091993c2a02b651","name":"admin","image":{"@type":"ImageObject","inLanguage":"pt-PT","@id":"https:\/\/secure.gravatar.com\/avatar\/948b492cce32b586ac2db0eaa926ee87024f7afe218d73b397ea5ddfc5f43ea1?s=96&d=mm&r=g","url":"https:\/\/secure.gravatar.com\/avatar\/948b492cce32b586ac2db0eaa926ee87024f7afe218d73b397ea5ddfc5f43ea1?s=96&d=mm&r=g","contentUrl":"https:\/\/secure.gravatar.com\/avatar\/948b492cce32b586ac2db0eaa926ee87024f7afe218d73b397ea5ddfc5f43ea1?s=96&d=mm&r=g","caption":"admin"},"sameAs":["https:\/\/encompaniastj.org"],"url":"https:\/\/encompaniastj.org\/pt-pt\/author\/sjdigital\/"}]}},"_links":{"self":[{"href":"https:\/\/encompaniastj.org\/pt-pt\/wp-json\/wp\/v2\/posts\/11960","targetHints":{"allow":["GET"]}}],"collection":[{"href":"https:\/\/encompaniastj.org\/pt-pt\/wp-json\/wp\/v2\/posts"}],"about":[{"href":"https:\/\/encompaniastj.org\/pt-pt\/wp-json\/wp\/v2\/types\/post"}],"author":[{"embeddable":true,"href":"https:\/\/encompaniastj.org\/pt-pt\/wp-json\/wp\/v2\/users\/1"}],"replies":[{"embeddable":true,"href":"https:\/\/encompaniastj.org\/pt-pt\/wp-json\/wp\/v2\/comments?post=11960"}],"version-history":[{"count":1,"href":"https:\/\/encompaniastj.org\/pt-pt\/wp-json\/wp\/v2\/posts\/11960\/revisions"}],"predecessor-version":[{"id":11961,"href":"https:\/\/encompaniastj.org\/pt-pt\/wp-json\/wp\/v2\/posts\/11960\/revisions\/11961"}],"wp:featuredmedia":[{"embeddable":true,"href":"https:\/\/encompaniastj.org\/pt-pt\/wp-json\/wp\/v2\/media\/8602"}],"wp:attachment":[{"href":"https:\/\/encompaniastj.org\/pt-pt\/wp-json\/wp\/v2\/media?parent=11960"}],"wp:term":[{"taxonomy":"category","embeddable":true,"href":"https:\/\/encompaniastj.org\/pt-pt\/wp-json\/wp\/v2\/categories?post=11960"},{"taxonomy":"post_tag","embeddable":true,"href":"https:\/\/encompaniastj.org\/pt-pt\/wp-json\/wp\/v2\/tags?post=11960"}],"curies":[{"name":"wp","href":"https:\/\/api.w.org\/{rel}","templated":true}]}}