{"id":11954,"date":"2024-03-26T06:58:14","date_gmt":"2024-03-26T05:58:14","guid":{"rendered":"https:\/\/encompaniastj.org\/sevilla-espanha-franca\/"},"modified":"2025-07-07T16:25:02","modified_gmt":"2025-07-07T14:25:02","slug":"sevilla-espanha-franca","status":"publish","type":"post","link":"https:\/\/encompaniastj.org\/pt-pt\/sevilla-espanha-franca\/","title":{"rendered":"Sevilla (Espanha) - Fran\u00e7a"},"content":{"rendered":"<p>N\u00e3o, n\u00e3o se trata de nenhum partido amistoso,\u00a0ou sim, mas lingu\u00edstico.<\/p>\n<p>No ver\u00e3o Matilde e eu nos perguntamos como trazer algo novo e pr\u00e1tico \u00e0s aulas de franc\u00eas que daria aos seus alunos do 6\u00ba ano do col\u00e9gio de Sevilha, aproveitando os meios que temos hoje e o meu bilinguismo.<\/p>\n<p>E pensamos que os alunos, depois de terem trabalhado em um dos m\u00f3dulos que lhes correspondia, tivessem um interc\u00e2mbio comigo atrav\u00e9s de uma aula por v\u00eddeochamada para refor\u00e7ar o que tinham trabalhado: a fam\u00edlia,\u00a0 as horas, os alimentos&#8230;<\/p>\n<p>A din\u00e2mica consistiu em que eu lhes contava sobre mim e o tema que tinham estudado e eles tomavam nota em uma ficha, que Matilde havia preparado, com os dados que eu lhes proporcionava. Depois, alguns dos alunos, me apresentariam a sua fam\u00edlia ou falar-me-iam das suas comidas preferidas, hor\u00e1rios&#8230;<\/p>\n<p>Outro dia, os alunos tiveram um espa\u00e7o em classe para pensar o que lhes havia proporcionado esta forma de aprender e praticar o franc\u00eas e contaram-me por e-mail. Damos-lhes a palavra:<\/p>\n<ul>\n<li>\u201c\u2026eu realmente gosto de v\u00eddeochamadas contigo, porque eu divirto-me muito e acho que assim eu estou aprendendo a falar franc\u00eas melhor&#8230;\u201d Alejandro<\/li>\n<li>\u201c&#8230; eu tamb\u00e9m gosto porque assim ampliamos o nosso vocabul\u00e1rio e aprendemos mais e de uma forma mais divertida.\u201d Erika<\/li>\n<li>\u201cQueria agradecer-te porque nos ajudaste a falar mais franc\u00eas e a estudar mais. Nos encanta todas as tuas videochamadas, porque assim aprendemos de uma forma divertida, e eu acho que deverias fazer isso com outros cursos para que eles falem melhor franc\u00eas.\u201d Laura<\/li>\n<li>\u201cQue saibas que eu realmente gosto muito do que est\u00e1 passando connosco porque \u00e9s divertida e nos ajuda muito, por exemplo, para rever vocabul\u00e1rio, gram\u00e1tica e pron\u00fancia de palavras. Estou \u00e0 espera da pr\u00f3xima reuni\u00e3o!\u201d Maria<\/li>\n<li>\u201cEu gosto de falar contigo porque assim desenvolvemos o nosso vocabul\u00e1rio de uma forma divertida j\u00e1 que isso te faz ter mais vontade de estudar e ainda por cima aprendemos muito.\u201d Carla<\/li>\n<li>\u201cEu gosto das videoconfer\u00eancias que fazemos porque refor\u00e7amos o conte\u00fado e tamb\u00e9m porque s\u00e3o novas experi\u00eancias para n\u00f3s.&#8221; Marco.<\/li>\n<li>\u201cFazes que este idioma seja f\u00e1cil e muito divertido, porque entendemos tudo o que nos contas. Obrigado por nos dedicares este tempo.\u201d Candela<\/li>\n<li>\u201c\u2026 Eu gostei muito da videoconfer\u00eancia. Aprendemos vocabul\u00e1rio novo e coisas sobre ti. N\u00f3s fomo-nos soltando a falar franc\u00eas. Espero que as outras escolas gostem tanto quanto n\u00f3s.&#8221; Gl\u00f3ria<\/li>\n<li>\u201cMuito obrigado Virg\u00ednia por nos dar esta oportunidade de aprender com a tua videoconfer\u00eancia, j\u00e1 que nunca tivemos uma oportunidade assim. \u00c9 uma maneira nova e muito divertida de aprender franc\u00eas. Muito obrigada, estamos ansiosos para ver-te no terceiro trimestre, ansiosos para continuar a aprender e nos divertirmos contigo.\u201d Nat\u00e1lia<\/li>\n<li>\u201c\u2026Eu divirto-me muito nas v\u00eddeochamadas, porque eu n\u00e3o gosto de aprender aborrecendo-me&#8230; Eu adoraria repetir no terceiro trimestre e talvez no pr\u00f3ximo ano.\u201dAlex<\/li>\n<li>\u201c\u2026e o que eu mais gosto \u00e9 quando come\u00e7amos a falar e se nos equivocamos ela nos corrige.&#8221; Triana<\/li>\n<\/ul>\n<p>Em suma, penso que foi uma experi\u00eancia muito interessante e enriquecedora para ambas as partes e que \u00e9 excelente poder aproveitar todos os recursos humanos e tecnol\u00f3gicos de que dispomos para continuar a melhorar. (Virginia Mozo)<\/p>\n<p><img loading=\"lazy\" decoding=\"async\" class=\"aligncenter wp-image-12490 size-large\" src=\"https:\/\/encompaniastj.org\/wp-content\/uploads\/2025\/05\/en-clase-2.jpg\" alt=\"\" width=\"1024\" height=\"766\" \/><\/p>\n","protected":false},"excerpt":{"rendered":"<p>N\u00e3o, n\u00e3o se trata de nenhum partido amistoso,\u00a0ou sim, mas lingu\u00edstico. No ver\u00e3o Matilde e eu nos perguntamos como trazer algo novo e pr\u00e1tico \u00e0s aulas de franc\u00eas que daria [&hellip;]<\/p>\n","protected":false},"author":1,"featured_media":8600,"comment_status":"open","ping_status":"open","sticky":false,"template":"","format":"standard","meta":{"_acf_changed":false,"footnotes":""},"categories":[75,61],"tags":[],"class_list":["post-11954","post","type-post","status-publish","format-standard","has-post-thumbnail","hentry","category-escolar-pt","category-noticias"],"acf":[],"yoast_head":"<!-- This site is optimized with the Yoast SEO plugin v27.5 - https:\/\/yoast.com\/product\/yoast-seo-wordpress\/ -->\n<title>Sevilla (Espanha) - Fran\u00e7a - En Compa\u00f1\u00eda STJ<\/title>\n<meta name=\"robots\" content=\"index, follow, max-snippet:-1, max-image-preview:large, max-video-preview:-1\" \/>\n<link rel=\"canonical\" href=\"https:\/\/encompaniastj.org\/pt-pt\/sevilla-espanha-franca\/\" \/>\n<meta property=\"og:locale\" content=\"pt_PT\" \/>\n<meta property=\"og:type\" content=\"article\" \/>\n<meta property=\"og:title\" content=\"Sevilla (Espanha) - Fran\u00e7a - En Compa\u00f1\u00eda STJ\" \/>\n<meta property=\"og:description\" content=\"N\u00e3o, n\u00e3o se trata de nenhum partido amistoso,\u00a0ou sim, mas lingu\u00edstico. No ver\u00e3o Matilde e eu nos perguntamos como trazer algo novo e pr\u00e1tico \u00e0s aulas de franc\u00eas que daria [&hellip;]\" \/>\n<meta property=\"og:url\" content=\"https:\/\/encompaniastj.org\/pt-pt\/sevilla-espanha-franca\/\" \/>\n<meta property=\"og:site_name\" content=\"En Compa\u00f1\u00eda STJ\" \/>\n<meta property=\"article:published_time\" content=\"2024-03-26T05:58:14+00:00\" \/>\n<meta property=\"article:modified_time\" content=\"2025-07-07T14:25:02+00:00\" \/>\n<meta property=\"og:image\" content=\"https:\/\/encompaniastj.org\/wp-content\/uploads\/2025\/05\/en-clase1.jpg\" \/>\n\t<meta property=\"og:image:width\" content=\"2048\" \/>\n\t<meta property=\"og:image:height\" content=\"1532\" \/>\n\t<meta property=\"og:image:type\" content=\"image\/jpeg\" \/>\n<meta name=\"author\" content=\"admin\" \/>\n<meta name=\"twitter:card\" content=\"summary_large_image\" \/>\n<meta name=\"twitter:label1\" content=\"Escrito por\" \/>\n\t<meta name=\"twitter:data1\" content=\"admin\" \/>\n\t<meta name=\"twitter:label2\" content=\"Tempo estimado de leitura\" \/>\n\t<meta name=\"twitter:data2\" content=\"3 minutos\" \/>\n<script type=\"application\/ld+json\" class=\"yoast-schema-graph\">{\"@context\":\"https:\\\/\\\/schema.org\",\"@graph\":[{\"@type\":\"Article\",\"@id\":\"https:\\\/\\\/encompaniastj.org\\\/pt-pt\\\/sevilla-espanha-franca\\\/#article\",\"isPartOf\":{\"@id\":\"https:\\\/\\\/encompaniastj.org\\\/pt-pt\\\/sevilla-espanha-franca\\\/\"},\"author\":{\"name\":\"admin\",\"@id\":\"https:\\\/\\\/encompaniastj.org\\\/pt-pt\\\/#\\\/schema\\\/person\\\/520e7ecc314793d40091993c2a02b651\"},\"headline\":\"Sevilla (Espanha) - Fran\u00e7a\",\"datePublished\":\"2024-03-26T05:58:14+00:00\",\"dateModified\":\"2025-07-07T14:25:02+00:00\",\"mainEntityOfPage\":{\"@id\":\"https:\\\/\\\/encompaniastj.org\\\/pt-pt\\\/sevilla-espanha-franca\\\/\"},\"wordCount\":575,\"commentCount\":0,\"publisher\":{\"@id\":\"https:\\\/\\\/encompaniastj.org\\\/pt-pt\\\/#organization\"},\"image\":{\"@id\":\"https:\\\/\\\/encompaniastj.org\\\/pt-pt\\\/sevilla-espanha-franca\\\/#primaryimage\"},\"thumbnailUrl\":\"https:\\\/\\\/encompaniastj.org\\\/wp-content\\\/uploads\\\/2025\\\/05\\\/en-clase1.jpg\",\"articleSection\":[\"Escolar pt\",\"Noticias\"],\"inLanguage\":\"pt-PT\",\"potentialAction\":[{\"@type\":\"CommentAction\",\"name\":\"Comment\",\"target\":[\"https:\\\/\\\/encompaniastj.org\\\/pt-pt\\\/sevilla-espanha-franca\\\/#respond\"]}]},{\"@type\":\"WebPage\",\"@id\":\"https:\\\/\\\/encompaniastj.org\\\/pt-pt\\\/sevilla-espanha-franca\\\/\",\"url\":\"https:\\\/\\\/encompaniastj.org\\\/pt-pt\\\/sevilla-espanha-franca\\\/\",\"name\":\"Sevilla (Espanha) - Fran\u00e7a - En Compa\u00f1\u00eda STJ\",\"isPartOf\":{\"@id\":\"https:\\\/\\\/encompaniastj.org\\\/pt-pt\\\/#website\"},\"primaryImageOfPage\":{\"@id\":\"https:\\\/\\\/encompaniastj.org\\\/pt-pt\\\/sevilla-espanha-franca\\\/#primaryimage\"},\"image\":{\"@id\":\"https:\\\/\\\/encompaniastj.org\\\/pt-pt\\\/sevilla-espanha-franca\\\/#primaryimage\"},\"thumbnailUrl\":\"https:\\\/\\\/encompaniastj.org\\\/wp-content\\\/uploads\\\/2025\\\/05\\\/en-clase1.jpg\",\"datePublished\":\"2024-03-26T05:58:14+00:00\",\"dateModified\":\"2025-07-07T14:25:02+00:00\",\"breadcrumb\":{\"@id\":\"https:\\\/\\\/encompaniastj.org\\\/pt-pt\\\/sevilla-espanha-franca\\\/#breadcrumb\"},\"inLanguage\":\"pt-PT\",\"potentialAction\":[{\"@type\":\"ReadAction\",\"target\":[\"https:\\\/\\\/encompaniastj.org\\\/pt-pt\\\/sevilla-espanha-franca\\\/\"]}]},{\"@type\":\"ImageObject\",\"inLanguage\":\"pt-PT\",\"@id\":\"https:\\\/\\\/encompaniastj.org\\\/pt-pt\\\/sevilla-espanha-franca\\\/#primaryimage\",\"url\":\"https:\\\/\\\/encompaniastj.org\\\/wp-content\\\/uploads\\\/2025\\\/05\\\/en-clase1.jpg\",\"contentUrl\":\"https:\\\/\\\/encompaniastj.org\\\/wp-content\\\/uploads\\\/2025\\\/05\\\/en-clase1.jpg\",\"width\":2048,\"height\":1532},{\"@type\":\"BreadcrumbList\",\"@id\":\"https:\\\/\\\/encompaniastj.org\\\/pt-pt\\\/sevilla-espanha-franca\\\/#breadcrumb\",\"itemListElement\":[{\"@type\":\"ListItem\",\"position\":1,\"name\":\"Portada\",\"item\":\"https:\\\/\\\/encompaniastj.org\\\/pt-pt\\\/\"},{\"@type\":\"ListItem\",\"position\":2,\"name\":\"Sevilla (Espanha) - Fran\u00e7a\"}]},{\"@type\":\"WebSite\",\"@id\":\"https:\\\/\\\/encompaniastj.org\\\/pt-pt\\\/#website\",\"url\":\"https:\\\/\\\/encompaniastj.org\\\/pt-pt\\\/\",\"name\":\"En Compa\u00f1\u00eda STJ\",\"description\":\"Bolet\u00edn de la Compa\u00f1\u00eda de Santa Teresa de Jes\u00fas\",\"publisher\":{\"@id\":\"https:\\\/\\\/encompaniastj.org\\\/pt-pt\\\/#organization\"},\"potentialAction\":[{\"@type\":\"SearchAction\",\"target\":{\"@type\":\"EntryPoint\",\"urlTemplate\":\"https:\\\/\\\/encompaniastj.org\\\/pt-pt\\\/?s={search_term_string}\"},\"query-input\":{\"@type\":\"PropertyValueSpecification\",\"valueRequired\":true,\"valueName\":\"search_term_string\"}}],\"inLanguage\":\"pt-PT\"},{\"@type\":\"Organization\",\"@id\":\"https:\\\/\\\/encompaniastj.org\\\/pt-pt\\\/#organization\",\"name\":\"Compa\u00f1\u00eda de Santa Teresa de Jes\u00fas\",\"url\":\"https:\\\/\\\/encompaniastj.org\\\/pt-pt\\\/\",\"logo\":{\"@type\":\"ImageObject\",\"inLanguage\":\"pt-PT\",\"@id\":\"https:\\\/\\\/encompaniastj.org\\\/pt-pt\\\/#\\\/schema\\\/logo\\\/image\\\/\",\"url\":\"https:\\\/\\\/encompaniastj.org\\\/wp-content\\\/uploads\\\/2025\\\/04\\\/logo_provincias02-1-3.png\",\"contentUrl\":\"https:\\\/\\\/encompaniastj.org\\\/wp-content\\\/uploads\\\/2025\\\/04\\\/logo_provincias02-1-3.png\",\"width\":2368,\"height\":825,\"caption\":\"Compa\u00f1\u00eda de Santa Teresa de Jes\u00fas\"},\"image\":{\"@id\":\"https:\\\/\\\/encompaniastj.org\\\/pt-pt\\\/#\\\/schema\\\/logo\\\/image\\\/\"}},{\"@type\":\"Person\",\"@id\":\"https:\\\/\\\/encompaniastj.org\\\/pt-pt\\\/#\\\/schema\\\/person\\\/520e7ecc314793d40091993c2a02b651\",\"name\":\"admin\",\"image\":{\"@type\":\"ImageObject\",\"inLanguage\":\"pt-PT\",\"@id\":\"https:\\\/\\\/secure.gravatar.com\\\/avatar\\\/948b492cce32b586ac2db0eaa926ee87024f7afe218d73b397ea5ddfc5f43ea1?s=96&d=mm&r=g\",\"url\":\"https:\\\/\\\/secure.gravatar.com\\\/avatar\\\/948b492cce32b586ac2db0eaa926ee87024f7afe218d73b397ea5ddfc5f43ea1?s=96&d=mm&r=g\",\"contentUrl\":\"https:\\\/\\\/secure.gravatar.com\\\/avatar\\\/948b492cce32b586ac2db0eaa926ee87024f7afe218d73b397ea5ddfc5f43ea1?s=96&d=mm&r=g\",\"caption\":\"admin\"},\"sameAs\":[\"https:\\\/\\\/encompaniastj.org\"],\"url\":\"https:\\\/\\\/encompaniastj.org\\\/pt-pt\\\/author\\\/sjdigital\\\/\"}]}<\/script>\n<!-- \/ Yoast SEO plugin. -->","yoast_head_json":{"title":"Sevilla (Espanha) - Fran\u00e7a - En Compa\u00f1\u00eda STJ","robots":{"index":"index","follow":"follow","max-snippet":"max-snippet:-1","max-image-preview":"max-image-preview:large","max-video-preview":"max-video-preview:-1"},"canonical":"https:\/\/encompaniastj.org\/pt-pt\/sevilla-espanha-franca\/","og_locale":"pt_PT","og_type":"article","og_title":"Sevilla (Espanha) - Fran\u00e7a - En Compa\u00f1\u00eda STJ","og_description":"N\u00e3o, n\u00e3o se trata de nenhum partido amistoso,\u00a0ou sim, mas lingu\u00edstico. No ver\u00e3o Matilde e eu nos perguntamos como trazer algo novo e pr\u00e1tico \u00e0s aulas de franc\u00eas que daria [&hellip;]","og_url":"https:\/\/encompaniastj.org\/pt-pt\/sevilla-espanha-franca\/","og_site_name":"En Compa\u00f1\u00eda STJ","article_published_time":"2024-03-26T05:58:14+00:00","article_modified_time":"2025-07-07T14:25:02+00:00","og_image":[{"width":2048,"height":1532,"url":"https:\/\/encompaniastj.org\/wp-content\/uploads\/2025\/05\/en-clase1.jpg","type":"image\/jpeg"}],"author":"admin","twitter_card":"summary_large_image","twitter_misc":{"Escrito por":"admin","Tempo estimado de leitura":"3 minutos"},"schema":{"@context":"https:\/\/schema.org","@graph":[{"@type":"Article","@id":"https:\/\/encompaniastj.org\/pt-pt\/sevilla-espanha-franca\/#article","isPartOf":{"@id":"https:\/\/encompaniastj.org\/pt-pt\/sevilla-espanha-franca\/"},"author":{"name":"admin","@id":"https:\/\/encompaniastj.org\/pt-pt\/#\/schema\/person\/520e7ecc314793d40091993c2a02b651"},"headline":"Sevilla (Espanha) - Fran\u00e7a","datePublished":"2024-03-26T05:58:14+00:00","dateModified":"2025-07-07T14:25:02+00:00","mainEntityOfPage":{"@id":"https:\/\/encompaniastj.org\/pt-pt\/sevilla-espanha-franca\/"},"wordCount":575,"commentCount":0,"publisher":{"@id":"https:\/\/encompaniastj.org\/pt-pt\/#organization"},"image":{"@id":"https:\/\/encompaniastj.org\/pt-pt\/sevilla-espanha-franca\/#primaryimage"},"thumbnailUrl":"https:\/\/encompaniastj.org\/wp-content\/uploads\/2025\/05\/en-clase1.jpg","articleSection":["Escolar pt","Noticias"],"inLanguage":"pt-PT","potentialAction":[{"@type":"CommentAction","name":"Comment","target":["https:\/\/encompaniastj.org\/pt-pt\/sevilla-espanha-franca\/#respond"]}]},{"@type":"WebPage","@id":"https:\/\/encompaniastj.org\/pt-pt\/sevilla-espanha-franca\/","url":"https:\/\/encompaniastj.org\/pt-pt\/sevilla-espanha-franca\/","name":"Sevilla (Espanha) - Fran\u00e7a - En Compa\u00f1\u00eda STJ","isPartOf":{"@id":"https:\/\/encompaniastj.org\/pt-pt\/#website"},"primaryImageOfPage":{"@id":"https:\/\/encompaniastj.org\/pt-pt\/sevilla-espanha-franca\/#primaryimage"},"image":{"@id":"https:\/\/encompaniastj.org\/pt-pt\/sevilla-espanha-franca\/#primaryimage"},"thumbnailUrl":"https:\/\/encompaniastj.org\/wp-content\/uploads\/2025\/05\/en-clase1.jpg","datePublished":"2024-03-26T05:58:14+00:00","dateModified":"2025-07-07T14:25:02+00:00","breadcrumb":{"@id":"https:\/\/encompaniastj.org\/pt-pt\/sevilla-espanha-franca\/#breadcrumb"},"inLanguage":"pt-PT","potentialAction":[{"@type":"ReadAction","target":["https:\/\/encompaniastj.org\/pt-pt\/sevilla-espanha-franca\/"]}]},{"@type":"ImageObject","inLanguage":"pt-PT","@id":"https:\/\/encompaniastj.org\/pt-pt\/sevilla-espanha-franca\/#primaryimage","url":"https:\/\/encompaniastj.org\/wp-content\/uploads\/2025\/05\/en-clase1.jpg","contentUrl":"https:\/\/encompaniastj.org\/wp-content\/uploads\/2025\/05\/en-clase1.jpg","width":2048,"height":1532},{"@type":"BreadcrumbList","@id":"https:\/\/encompaniastj.org\/pt-pt\/sevilla-espanha-franca\/#breadcrumb","itemListElement":[{"@type":"ListItem","position":1,"name":"Portada","item":"https:\/\/encompaniastj.org\/pt-pt\/"},{"@type":"ListItem","position":2,"name":"Sevilla (Espanha) - Fran\u00e7a"}]},{"@type":"WebSite","@id":"https:\/\/encompaniastj.org\/pt-pt\/#website","url":"https:\/\/encompaniastj.org\/pt-pt\/","name":"En Compa\u00f1\u00eda STJ","description":"Bolet\u00edn de la Compa\u00f1\u00eda de Santa Teresa de Jes\u00fas","publisher":{"@id":"https:\/\/encompaniastj.org\/pt-pt\/#organization"},"potentialAction":[{"@type":"SearchAction","target":{"@type":"EntryPoint","urlTemplate":"https:\/\/encompaniastj.org\/pt-pt\/?s={search_term_string}"},"query-input":{"@type":"PropertyValueSpecification","valueRequired":true,"valueName":"search_term_string"}}],"inLanguage":"pt-PT"},{"@type":"Organization","@id":"https:\/\/encompaniastj.org\/pt-pt\/#organization","name":"Compa\u00f1\u00eda de Santa Teresa de Jes\u00fas","url":"https:\/\/encompaniastj.org\/pt-pt\/","logo":{"@type":"ImageObject","inLanguage":"pt-PT","@id":"https:\/\/encompaniastj.org\/pt-pt\/#\/schema\/logo\/image\/","url":"https:\/\/encompaniastj.org\/wp-content\/uploads\/2025\/04\/logo_provincias02-1-3.png","contentUrl":"https:\/\/encompaniastj.org\/wp-content\/uploads\/2025\/04\/logo_provincias02-1-3.png","width":2368,"height":825,"caption":"Compa\u00f1\u00eda de Santa Teresa de Jes\u00fas"},"image":{"@id":"https:\/\/encompaniastj.org\/pt-pt\/#\/schema\/logo\/image\/"}},{"@type":"Person","@id":"https:\/\/encompaniastj.org\/pt-pt\/#\/schema\/person\/520e7ecc314793d40091993c2a02b651","name":"admin","image":{"@type":"ImageObject","inLanguage":"pt-PT","@id":"https:\/\/secure.gravatar.com\/avatar\/948b492cce32b586ac2db0eaa926ee87024f7afe218d73b397ea5ddfc5f43ea1?s=96&d=mm&r=g","url":"https:\/\/secure.gravatar.com\/avatar\/948b492cce32b586ac2db0eaa926ee87024f7afe218d73b397ea5ddfc5f43ea1?s=96&d=mm&r=g","contentUrl":"https:\/\/secure.gravatar.com\/avatar\/948b492cce32b586ac2db0eaa926ee87024f7afe218d73b397ea5ddfc5f43ea1?s=96&d=mm&r=g","caption":"admin"},"sameAs":["https:\/\/encompaniastj.org"],"url":"https:\/\/encompaniastj.org\/pt-pt\/author\/sjdigital\/"}]}},"_links":{"self":[{"href":"https:\/\/encompaniastj.org\/pt-pt\/wp-json\/wp\/v2\/posts\/11954","targetHints":{"allow":["GET"]}}],"collection":[{"href":"https:\/\/encompaniastj.org\/pt-pt\/wp-json\/wp\/v2\/posts"}],"about":[{"href":"https:\/\/encompaniastj.org\/pt-pt\/wp-json\/wp\/v2\/types\/post"}],"author":[{"embeddable":true,"href":"https:\/\/encompaniastj.org\/pt-pt\/wp-json\/wp\/v2\/users\/1"}],"replies":[{"embeddable":true,"href":"https:\/\/encompaniastj.org\/pt-pt\/wp-json\/wp\/v2\/comments?post=11954"}],"version-history":[{"count":1,"href":"https:\/\/encompaniastj.org\/pt-pt\/wp-json\/wp\/v2\/posts\/11954\/revisions"}],"predecessor-version":[{"id":11955,"href":"https:\/\/encompaniastj.org\/pt-pt\/wp-json\/wp\/v2\/posts\/11954\/revisions\/11955"}],"wp:featuredmedia":[{"embeddable":true,"href":"https:\/\/encompaniastj.org\/pt-pt\/wp-json\/wp\/v2\/media\/8600"}],"wp:attachment":[{"href":"https:\/\/encompaniastj.org\/pt-pt\/wp-json\/wp\/v2\/media?parent=11954"}],"wp:term":[{"taxonomy":"category","embeddable":true,"href":"https:\/\/encompaniastj.org\/pt-pt\/wp-json\/wp\/v2\/categories?post=11954"},{"taxonomy":"post_tag","embeddable":true,"href":"https:\/\/encompaniastj.org\/pt-pt\/wp-json\/wp\/v2\/tags?post=11954"}],"curies":[{"name":"wp","href":"https:\/\/api.w.org\/{rel}","templated":true}]}}