{"id":11940,"date":"2024-03-11T14:53:04","date_gmt":"2024-03-11T13:53:04","guid":{"rendered":"https:\/\/encompaniastj.org\/e-tempo-de-caminhar-primeiro-encontro-da-equipa-do-governo-alargado\/"},"modified":"2025-07-07T16:25:00","modified_gmt":"2025-07-07T14:25:00","slug":"e-tempo-de-caminhar-primeiro-encontro-da-equipa-do-governo-alargado","status":"publish","type":"post","link":"https:\/\/encompaniastj.org\/pt-pt\/e-tempo-de-caminhar-primeiro-encontro-da-equipa-do-governo-alargado\/","title":{"rendered":"\u00c9 tempo de caminhar!. Primeiro encontro da equipa do governo alargado"},"content":{"rendered":"<p>Nos dias 9 e 10 de mar\u00e7o, pela primeira vez neste quadri\u00e9nio, reuniram-se em \u00c1vila as irm\u00e3s do governo alargado: a equipa provincial e as coordenadoras.<\/p>\n<p>Foram dois dias intensos de trabalho, reflex\u00e3o, ora\u00e7\u00e3o, festa&#8230; nos quais pudemos partilhar nossas preocupa\u00e7\u00f5es, desejos, projetos e vida.<\/p>\n<p>As irm\u00e3s do governo provincial convidaram-nos a aprofundar a nossa miss\u00e3o como equipa de governo alargada, apresentaram-nos a proposta de elaborar o Planeamento Provincial de forma participativa e discernida, e informaram-nos sobre v\u00e1rios assuntos da Prov\u00edncia, nomeadamente no que diz respeito \u00e0 miss\u00e3o e \u00e0 economia.<\/p>\n<p>Mas gostar\u00edamos de destacar, sobretudo, os momentos de celebra\u00e7\u00e3o. Come\u00e7\u00e1mos o encontro com um longo tempo de ora\u00e7\u00e3o em que fomos convidadas a p\u00f4r-nos a caminho. \u00c0 tarde, subimos a \u00c1vila para participar na Eucaristia na igreja de La Santa. E no domingo, no final do encontro, acolhemos, com as palavras de Teresa de Jesus, o apelo a continuar o caminho&#8230; porque &#8220;\u00e9 tempo de caminhar&#8221;.<\/p>\n<p><img loading=\"lazy\" decoding=\"async\" class=\"aligncenter wp-image-12453 size-full\" src=\"https:\/\/encompaniastj.org\/wp-content\/uploads\/2025\/05\/c1-7.png\" alt=\"\" width=\"500\" height=\"500\" \/><\/p>\n<p><img loading=\"lazy\" decoding=\"async\" class=\"aligncenter wp-image-12455 size-full\" src=\"https:\/\/encompaniastj.org\/wp-content\/uploads\/2025\/05\/c2-7.png\" alt=\"\" width=\"500\" height=\"500\" \/><\/p>\n","protected":false},"excerpt":{"rendered":"<p>Nos dias 9 e 10 de mar\u00e7o, pela primeira vez neste quadri\u00e9nio, reuniram-se em \u00c1vila as irm\u00e3s do governo alargado: a equipa provincial e as coordenadoras. Foram dois dias intensos [&hellip;]<\/p>\n","protected":false},"author":1,"featured_media":8589,"comment_status":"open","ping_status":"open","sticky":false,"template":"","format":"standard","meta":{"_acf_changed":false,"footnotes":""},"categories":[61,68],"tags":[],"class_list":["post-11940","post","type-post","status-publish","format-standard","has-post-thumbnail","hentry","category-noticias","category-outras"],"acf":[],"yoast_head":"<!-- This site is optimized with the Yoast SEO plugin v27.5 - https:\/\/yoast.com\/product\/yoast-seo-wordpress\/ -->\n<title>\u00c9 tempo de caminhar!. Primeiro encontro da equipa do governo alargado - En Compa\u00f1\u00eda STJ<\/title>\n<meta name=\"robots\" content=\"index, follow, max-snippet:-1, max-image-preview:large, max-video-preview:-1\" \/>\n<link rel=\"canonical\" href=\"https:\/\/encompaniastj.org\/pt-pt\/e-tempo-de-caminhar-primeiro-encontro-da-equipa-do-governo-alargado\/\" \/>\n<meta property=\"og:locale\" content=\"pt_PT\" \/>\n<meta property=\"og:type\" content=\"article\" \/>\n<meta property=\"og:title\" content=\"\u00c9 tempo de caminhar!. Primeiro encontro da equipa do governo alargado - En Compa\u00f1\u00eda STJ\" \/>\n<meta property=\"og:description\" content=\"Nos dias 9 e 10 de mar\u00e7o, pela primeira vez neste quadri\u00e9nio, reuniram-se em \u00c1vila as irm\u00e3s do governo alargado: a equipa provincial e as coordenadoras. Foram dois dias intensos [&hellip;]\" \/>\n<meta property=\"og:url\" content=\"https:\/\/encompaniastj.org\/pt-pt\/e-tempo-de-caminhar-primeiro-encontro-da-equipa-do-governo-alargado\/\" \/>\n<meta property=\"og:site_name\" content=\"En Compa\u00f1\u00eda STJ\" \/>\n<meta property=\"article:published_time\" content=\"2024-03-11T13:53:04+00:00\" \/>\n<meta property=\"article:modified_time\" content=\"2025-07-07T14:25:00+00:00\" \/>\n<meta property=\"og:image\" content=\"https:\/\/encompaniastj.org\/wp-content\/uploads\/2025\/05\/20240309_094316-scaled-1.jpg\" \/>\n\t<meta property=\"og:image:width\" content=\"2560\" \/>\n\t<meta property=\"og:image:height\" content=\"1920\" \/>\n\t<meta property=\"og:image:type\" content=\"image\/jpeg\" \/>\n<meta name=\"author\" content=\"admin\" \/>\n<meta name=\"twitter:card\" content=\"summary_large_image\" \/>\n<meta name=\"twitter:label1\" content=\"Escrito por\" \/>\n\t<meta name=\"twitter:data1\" content=\"admin\" \/>\n\t<meta name=\"twitter:label2\" content=\"Tempo estimado de leitura\" \/>\n\t<meta name=\"twitter:data2\" content=\"2 minutos\" \/>\n<script type=\"application\/ld+json\" class=\"yoast-schema-graph\">{\"@context\":\"https:\\\/\\\/schema.org\",\"@graph\":[{\"@type\":\"Article\",\"@id\":\"https:\\\/\\\/encompaniastj.org\\\/pt-pt\\\/e-tempo-de-caminhar-primeiro-encontro-da-equipa-do-governo-alargado\\\/#article\",\"isPartOf\":{\"@id\":\"https:\\\/\\\/encompaniastj.org\\\/pt-pt\\\/e-tempo-de-caminhar-primeiro-encontro-da-equipa-do-governo-alargado\\\/\"},\"author\":{\"name\":\"admin\",\"@id\":\"https:\\\/\\\/encompaniastj.org\\\/pt-pt\\\/#\\\/schema\\\/person\\\/520e7ecc314793d40091993c2a02b651\"},\"headline\":\"\u00c9 tempo de caminhar!. Primeiro encontro da equipa do governo alargado\",\"datePublished\":\"2024-03-11T13:53:04+00:00\",\"dateModified\":\"2025-07-07T14:25:00+00:00\",\"mainEntityOfPage\":{\"@id\":\"https:\\\/\\\/encompaniastj.org\\\/pt-pt\\\/e-tempo-de-caminhar-primeiro-encontro-da-equipa-do-governo-alargado\\\/\"},\"wordCount\":177,\"commentCount\":0,\"publisher\":{\"@id\":\"https:\\\/\\\/encompaniastj.org\\\/pt-pt\\\/#organization\"},\"image\":{\"@id\":\"https:\\\/\\\/encompaniastj.org\\\/pt-pt\\\/e-tempo-de-caminhar-primeiro-encontro-da-equipa-do-governo-alargado\\\/#primaryimage\"},\"thumbnailUrl\":\"https:\\\/\\\/encompaniastj.org\\\/wp-content\\\/uploads\\\/2025\\\/05\\\/20240309_094316-scaled-1.jpg\",\"articleSection\":[\"Noticias\",\"Outras\"],\"inLanguage\":\"pt-PT\",\"potentialAction\":[{\"@type\":\"CommentAction\",\"name\":\"Comment\",\"target\":[\"https:\\\/\\\/encompaniastj.org\\\/pt-pt\\\/e-tempo-de-caminhar-primeiro-encontro-da-equipa-do-governo-alargado\\\/#respond\"]}]},{\"@type\":\"WebPage\",\"@id\":\"https:\\\/\\\/encompaniastj.org\\\/pt-pt\\\/e-tempo-de-caminhar-primeiro-encontro-da-equipa-do-governo-alargado\\\/\",\"url\":\"https:\\\/\\\/encompaniastj.org\\\/pt-pt\\\/e-tempo-de-caminhar-primeiro-encontro-da-equipa-do-governo-alargado\\\/\",\"name\":\"\u00c9 tempo de caminhar!. Primeiro encontro da equipa do governo alargado - En Compa\u00f1\u00eda STJ\",\"isPartOf\":{\"@id\":\"https:\\\/\\\/encompaniastj.org\\\/pt-pt\\\/#website\"},\"primaryImageOfPage\":{\"@id\":\"https:\\\/\\\/encompaniastj.org\\\/pt-pt\\\/e-tempo-de-caminhar-primeiro-encontro-da-equipa-do-governo-alargado\\\/#primaryimage\"},\"image\":{\"@id\":\"https:\\\/\\\/encompaniastj.org\\\/pt-pt\\\/e-tempo-de-caminhar-primeiro-encontro-da-equipa-do-governo-alargado\\\/#primaryimage\"},\"thumbnailUrl\":\"https:\\\/\\\/encompaniastj.org\\\/wp-content\\\/uploads\\\/2025\\\/05\\\/20240309_094316-scaled-1.jpg\",\"datePublished\":\"2024-03-11T13:53:04+00:00\",\"dateModified\":\"2025-07-07T14:25:00+00:00\",\"breadcrumb\":{\"@id\":\"https:\\\/\\\/encompaniastj.org\\\/pt-pt\\\/e-tempo-de-caminhar-primeiro-encontro-da-equipa-do-governo-alargado\\\/#breadcrumb\"},\"inLanguage\":\"pt-PT\",\"potentialAction\":[{\"@type\":\"ReadAction\",\"target\":[\"https:\\\/\\\/encompaniastj.org\\\/pt-pt\\\/e-tempo-de-caminhar-primeiro-encontro-da-equipa-do-governo-alargado\\\/\"]}]},{\"@type\":\"ImageObject\",\"inLanguage\":\"pt-PT\",\"@id\":\"https:\\\/\\\/encompaniastj.org\\\/pt-pt\\\/e-tempo-de-caminhar-primeiro-encontro-da-equipa-do-governo-alargado\\\/#primaryimage\",\"url\":\"https:\\\/\\\/encompaniastj.org\\\/wp-content\\\/uploads\\\/2025\\\/05\\\/20240309_094316-scaled-1.jpg\",\"contentUrl\":\"https:\\\/\\\/encompaniastj.org\\\/wp-content\\\/uploads\\\/2025\\\/05\\\/20240309_094316-scaled-1.jpg\",\"width\":2560,\"height\":1920},{\"@type\":\"BreadcrumbList\",\"@id\":\"https:\\\/\\\/encompaniastj.org\\\/pt-pt\\\/e-tempo-de-caminhar-primeiro-encontro-da-equipa-do-governo-alargado\\\/#breadcrumb\",\"itemListElement\":[{\"@type\":\"ListItem\",\"position\":1,\"name\":\"Portada\",\"item\":\"https:\\\/\\\/encompaniastj.org\\\/pt-pt\\\/\"},{\"@type\":\"ListItem\",\"position\":2,\"name\":\"\u00c9 tempo de caminhar!. Primeiro encontro da equipa do governo alargado\"}]},{\"@type\":\"WebSite\",\"@id\":\"https:\\\/\\\/encompaniastj.org\\\/pt-pt\\\/#website\",\"url\":\"https:\\\/\\\/encompaniastj.org\\\/pt-pt\\\/\",\"name\":\"En Compa\u00f1\u00eda STJ\",\"description\":\"Bolet\u00edn de la Compa\u00f1\u00eda de Santa Teresa de Jes\u00fas\",\"publisher\":{\"@id\":\"https:\\\/\\\/encompaniastj.org\\\/pt-pt\\\/#organization\"},\"potentialAction\":[{\"@type\":\"SearchAction\",\"target\":{\"@type\":\"EntryPoint\",\"urlTemplate\":\"https:\\\/\\\/encompaniastj.org\\\/pt-pt\\\/?s={search_term_string}\"},\"query-input\":{\"@type\":\"PropertyValueSpecification\",\"valueRequired\":true,\"valueName\":\"search_term_string\"}}],\"inLanguage\":\"pt-PT\"},{\"@type\":\"Organization\",\"@id\":\"https:\\\/\\\/encompaniastj.org\\\/pt-pt\\\/#organization\",\"name\":\"Compa\u00f1\u00eda de Santa Teresa de Jes\u00fas\",\"url\":\"https:\\\/\\\/encompaniastj.org\\\/pt-pt\\\/\",\"logo\":{\"@type\":\"ImageObject\",\"inLanguage\":\"pt-PT\",\"@id\":\"https:\\\/\\\/encompaniastj.org\\\/pt-pt\\\/#\\\/schema\\\/logo\\\/image\\\/\",\"url\":\"https:\\\/\\\/encompaniastj.org\\\/wp-content\\\/uploads\\\/2025\\\/04\\\/logo_provincias02-1-3.png\",\"contentUrl\":\"https:\\\/\\\/encompaniastj.org\\\/wp-content\\\/uploads\\\/2025\\\/04\\\/logo_provincias02-1-3.png\",\"width\":2368,\"height\":825,\"caption\":\"Compa\u00f1\u00eda de Santa Teresa de Jes\u00fas\"},\"image\":{\"@id\":\"https:\\\/\\\/encompaniastj.org\\\/pt-pt\\\/#\\\/schema\\\/logo\\\/image\\\/\"}},{\"@type\":\"Person\",\"@id\":\"https:\\\/\\\/encompaniastj.org\\\/pt-pt\\\/#\\\/schema\\\/person\\\/520e7ecc314793d40091993c2a02b651\",\"name\":\"admin\",\"image\":{\"@type\":\"ImageObject\",\"inLanguage\":\"pt-PT\",\"@id\":\"https:\\\/\\\/secure.gravatar.com\\\/avatar\\\/948b492cce32b586ac2db0eaa926ee87024f7afe218d73b397ea5ddfc5f43ea1?s=96&d=mm&r=g\",\"url\":\"https:\\\/\\\/secure.gravatar.com\\\/avatar\\\/948b492cce32b586ac2db0eaa926ee87024f7afe218d73b397ea5ddfc5f43ea1?s=96&d=mm&r=g\",\"contentUrl\":\"https:\\\/\\\/secure.gravatar.com\\\/avatar\\\/948b492cce32b586ac2db0eaa926ee87024f7afe218d73b397ea5ddfc5f43ea1?s=96&d=mm&r=g\",\"caption\":\"admin\"},\"sameAs\":[\"https:\\\/\\\/encompaniastj.org\"],\"url\":\"https:\\\/\\\/encompaniastj.org\\\/pt-pt\\\/author\\\/sjdigital\\\/\"}]}<\/script>\n<!-- \/ Yoast SEO plugin. -->","yoast_head_json":{"title":"\u00c9 tempo de caminhar!. Primeiro encontro da equipa do governo alargado - En Compa\u00f1\u00eda STJ","robots":{"index":"index","follow":"follow","max-snippet":"max-snippet:-1","max-image-preview":"max-image-preview:large","max-video-preview":"max-video-preview:-1"},"canonical":"https:\/\/encompaniastj.org\/pt-pt\/e-tempo-de-caminhar-primeiro-encontro-da-equipa-do-governo-alargado\/","og_locale":"pt_PT","og_type":"article","og_title":"\u00c9 tempo de caminhar!. Primeiro encontro da equipa do governo alargado - En Compa\u00f1\u00eda STJ","og_description":"Nos dias 9 e 10 de mar\u00e7o, pela primeira vez neste quadri\u00e9nio, reuniram-se em \u00c1vila as irm\u00e3s do governo alargado: a equipa provincial e as coordenadoras. Foram dois dias intensos [&hellip;]","og_url":"https:\/\/encompaniastj.org\/pt-pt\/e-tempo-de-caminhar-primeiro-encontro-da-equipa-do-governo-alargado\/","og_site_name":"En Compa\u00f1\u00eda STJ","article_published_time":"2024-03-11T13:53:04+00:00","article_modified_time":"2025-07-07T14:25:00+00:00","og_image":[{"width":2560,"height":1920,"url":"https:\/\/encompaniastj.org\/wp-content\/uploads\/2025\/05\/20240309_094316-scaled-1.jpg","type":"image\/jpeg"}],"author":"admin","twitter_card":"summary_large_image","twitter_misc":{"Escrito por":"admin","Tempo estimado de leitura":"2 minutos"},"schema":{"@context":"https:\/\/schema.org","@graph":[{"@type":"Article","@id":"https:\/\/encompaniastj.org\/pt-pt\/e-tempo-de-caminhar-primeiro-encontro-da-equipa-do-governo-alargado\/#article","isPartOf":{"@id":"https:\/\/encompaniastj.org\/pt-pt\/e-tempo-de-caminhar-primeiro-encontro-da-equipa-do-governo-alargado\/"},"author":{"name":"admin","@id":"https:\/\/encompaniastj.org\/pt-pt\/#\/schema\/person\/520e7ecc314793d40091993c2a02b651"},"headline":"\u00c9 tempo de caminhar!. Primeiro encontro da equipa do governo alargado","datePublished":"2024-03-11T13:53:04+00:00","dateModified":"2025-07-07T14:25:00+00:00","mainEntityOfPage":{"@id":"https:\/\/encompaniastj.org\/pt-pt\/e-tempo-de-caminhar-primeiro-encontro-da-equipa-do-governo-alargado\/"},"wordCount":177,"commentCount":0,"publisher":{"@id":"https:\/\/encompaniastj.org\/pt-pt\/#organization"},"image":{"@id":"https:\/\/encompaniastj.org\/pt-pt\/e-tempo-de-caminhar-primeiro-encontro-da-equipa-do-governo-alargado\/#primaryimage"},"thumbnailUrl":"https:\/\/encompaniastj.org\/wp-content\/uploads\/2025\/05\/20240309_094316-scaled-1.jpg","articleSection":["Noticias","Outras"],"inLanguage":"pt-PT","potentialAction":[{"@type":"CommentAction","name":"Comment","target":["https:\/\/encompaniastj.org\/pt-pt\/e-tempo-de-caminhar-primeiro-encontro-da-equipa-do-governo-alargado\/#respond"]}]},{"@type":"WebPage","@id":"https:\/\/encompaniastj.org\/pt-pt\/e-tempo-de-caminhar-primeiro-encontro-da-equipa-do-governo-alargado\/","url":"https:\/\/encompaniastj.org\/pt-pt\/e-tempo-de-caminhar-primeiro-encontro-da-equipa-do-governo-alargado\/","name":"\u00c9 tempo de caminhar!. Primeiro encontro da equipa do governo alargado - En Compa\u00f1\u00eda STJ","isPartOf":{"@id":"https:\/\/encompaniastj.org\/pt-pt\/#website"},"primaryImageOfPage":{"@id":"https:\/\/encompaniastj.org\/pt-pt\/e-tempo-de-caminhar-primeiro-encontro-da-equipa-do-governo-alargado\/#primaryimage"},"image":{"@id":"https:\/\/encompaniastj.org\/pt-pt\/e-tempo-de-caminhar-primeiro-encontro-da-equipa-do-governo-alargado\/#primaryimage"},"thumbnailUrl":"https:\/\/encompaniastj.org\/wp-content\/uploads\/2025\/05\/20240309_094316-scaled-1.jpg","datePublished":"2024-03-11T13:53:04+00:00","dateModified":"2025-07-07T14:25:00+00:00","breadcrumb":{"@id":"https:\/\/encompaniastj.org\/pt-pt\/e-tempo-de-caminhar-primeiro-encontro-da-equipa-do-governo-alargado\/#breadcrumb"},"inLanguage":"pt-PT","potentialAction":[{"@type":"ReadAction","target":["https:\/\/encompaniastj.org\/pt-pt\/e-tempo-de-caminhar-primeiro-encontro-da-equipa-do-governo-alargado\/"]}]},{"@type":"ImageObject","inLanguage":"pt-PT","@id":"https:\/\/encompaniastj.org\/pt-pt\/e-tempo-de-caminhar-primeiro-encontro-da-equipa-do-governo-alargado\/#primaryimage","url":"https:\/\/encompaniastj.org\/wp-content\/uploads\/2025\/05\/20240309_094316-scaled-1.jpg","contentUrl":"https:\/\/encompaniastj.org\/wp-content\/uploads\/2025\/05\/20240309_094316-scaled-1.jpg","width":2560,"height":1920},{"@type":"BreadcrumbList","@id":"https:\/\/encompaniastj.org\/pt-pt\/e-tempo-de-caminhar-primeiro-encontro-da-equipa-do-governo-alargado\/#breadcrumb","itemListElement":[{"@type":"ListItem","position":1,"name":"Portada","item":"https:\/\/encompaniastj.org\/pt-pt\/"},{"@type":"ListItem","position":2,"name":"\u00c9 tempo de caminhar!. Primeiro encontro da equipa do governo alargado"}]},{"@type":"WebSite","@id":"https:\/\/encompaniastj.org\/pt-pt\/#website","url":"https:\/\/encompaniastj.org\/pt-pt\/","name":"En Compa\u00f1\u00eda STJ","description":"Bolet\u00edn de la Compa\u00f1\u00eda de Santa Teresa de Jes\u00fas","publisher":{"@id":"https:\/\/encompaniastj.org\/pt-pt\/#organization"},"potentialAction":[{"@type":"SearchAction","target":{"@type":"EntryPoint","urlTemplate":"https:\/\/encompaniastj.org\/pt-pt\/?s={search_term_string}"},"query-input":{"@type":"PropertyValueSpecification","valueRequired":true,"valueName":"search_term_string"}}],"inLanguage":"pt-PT"},{"@type":"Organization","@id":"https:\/\/encompaniastj.org\/pt-pt\/#organization","name":"Compa\u00f1\u00eda de Santa Teresa de Jes\u00fas","url":"https:\/\/encompaniastj.org\/pt-pt\/","logo":{"@type":"ImageObject","inLanguage":"pt-PT","@id":"https:\/\/encompaniastj.org\/pt-pt\/#\/schema\/logo\/image\/","url":"https:\/\/encompaniastj.org\/wp-content\/uploads\/2025\/04\/logo_provincias02-1-3.png","contentUrl":"https:\/\/encompaniastj.org\/wp-content\/uploads\/2025\/04\/logo_provincias02-1-3.png","width":2368,"height":825,"caption":"Compa\u00f1\u00eda de Santa Teresa de Jes\u00fas"},"image":{"@id":"https:\/\/encompaniastj.org\/pt-pt\/#\/schema\/logo\/image\/"}},{"@type":"Person","@id":"https:\/\/encompaniastj.org\/pt-pt\/#\/schema\/person\/520e7ecc314793d40091993c2a02b651","name":"admin","image":{"@type":"ImageObject","inLanguage":"pt-PT","@id":"https:\/\/secure.gravatar.com\/avatar\/948b492cce32b586ac2db0eaa926ee87024f7afe218d73b397ea5ddfc5f43ea1?s=96&d=mm&r=g","url":"https:\/\/secure.gravatar.com\/avatar\/948b492cce32b586ac2db0eaa926ee87024f7afe218d73b397ea5ddfc5f43ea1?s=96&d=mm&r=g","contentUrl":"https:\/\/secure.gravatar.com\/avatar\/948b492cce32b586ac2db0eaa926ee87024f7afe218d73b397ea5ddfc5f43ea1?s=96&d=mm&r=g","caption":"admin"},"sameAs":["https:\/\/encompaniastj.org"],"url":"https:\/\/encompaniastj.org\/pt-pt\/author\/sjdigital\/"}]}},"_links":{"self":[{"href":"https:\/\/encompaniastj.org\/pt-pt\/wp-json\/wp\/v2\/posts\/11940","targetHints":{"allow":["GET"]}}],"collection":[{"href":"https:\/\/encompaniastj.org\/pt-pt\/wp-json\/wp\/v2\/posts"}],"about":[{"href":"https:\/\/encompaniastj.org\/pt-pt\/wp-json\/wp\/v2\/types\/post"}],"author":[{"embeddable":true,"href":"https:\/\/encompaniastj.org\/pt-pt\/wp-json\/wp\/v2\/users\/1"}],"replies":[{"embeddable":true,"href":"https:\/\/encompaniastj.org\/pt-pt\/wp-json\/wp\/v2\/comments?post=11940"}],"version-history":[{"count":1,"href":"https:\/\/encompaniastj.org\/pt-pt\/wp-json\/wp\/v2\/posts\/11940\/revisions"}],"predecessor-version":[{"id":11941,"href":"https:\/\/encompaniastj.org\/pt-pt\/wp-json\/wp\/v2\/posts\/11940\/revisions\/11941"}],"wp:featuredmedia":[{"embeddable":true,"href":"https:\/\/encompaniastj.org\/pt-pt\/wp-json\/wp\/v2\/media\/8589"}],"wp:attachment":[{"href":"https:\/\/encompaniastj.org\/pt-pt\/wp-json\/wp\/v2\/media?parent=11940"}],"wp:term":[{"taxonomy":"category","embeddable":true,"href":"https:\/\/encompaniastj.org\/pt-pt\/wp-json\/wp\/v2\/categories?post=11940"},{"taxonomy":"post_tag","embeddable":true,"href":"https:\/\/encompaniastj.org\/pt-pt\/wp-json\/wp\/v2\/tags?post=11940"}],"curies":[{"name":"wp","href":"https:\/\/api.w.org\/{rel}","templated":true}]}}