{"id":11928,"date":"2024-03-01T07:26:42","date_gmt":"2024-03-01T06:26:42","guid":{"rendered":"https:\/\/encompaniastj.org\/visita-do-vigario-episcopal-sr-angel-camino-lamelas-as-comunidades-aligustre-e-miosotis\/"},"modified":"2025-07-07T16:24:59","modified_gmt":"2025-07-07T14:24:59","slug":"visita-do-vigario-episcopal-sr-angel-camino-lamelas-as-comunidades-aligustre-e-miosotis","status":"publish","type":"post","link":"https:\/\/encompaniastj.org\/pt-pt\/visita-do-vigario-episcopal-sr-angel-camino-lamelas-as-comunidades-aligustre-e-miosotis\/","title":{"rendered":"Visita do Vig\u00e1rio Sr. \u00c1ngel Camino Lamelas \u00e0s Comunidades Aligustre e Miosotis"},"content":{"rendered":"<p>As comunidades de Madrid, Miosotis e Aligustre tiveram, na tarde de 25 de fevereiro, um agrad\u00e1vel encontro com D. \u00c1ngel Camino Lamelas OSA Vig\u00e1rio episcopal da Vigararia VIII, \u00e0 qual pertencemos.<\/p>\n<p>Anteriormente, recebemos uma carta na qual se comunicava o desejo de D. \u00c1ngel de partilhar um momento com as comunidades de Vida Religiosa da sua vigararia, favorecendo um tempo de di\u00e1logo e encontro para &#8220;dar gra\u00e7as por tudo o que sois e fazeis na Vigararia&#8221;.<\/p>\n<p>Como ambas as comunidades pertencem \u00e0 mesma par\u00f3quia, concord\u00e1mos em ficar juntas em Miosotis. Durante duas horas e meia partilhamos um momento muito agrad\u00e1vel. Em torno da mesa, com um rico lanche, falamos com confian\u00e7a. A apresenta\u00e7\u00e3o de D. \u00c1ngel, e de cada uma de n\u00f3s, deu entrada a um sem fim de temas que nos aproximaram mais da realidade eclesial da nossa Vigararia e de tudo o que nela se realiza.<\/p>\n<p>Os dados que nos ofereceu de popula\u00e7\u00e3o, par\u00f3quias, sacerdotes e religiosos, hospitais, col\u00e9gios, resid\u00eancias, pris\u00e3o&#8230; n\u00e3o pareciam dados, porque estavam sempre acompanhados de uma palavra de elogio ou realismo, de reconhecimento de entrega de tantas pessoas, e de necessidades por cobrir, de caminho percorrido e tamb\u00e9m de car\u00eancias no mesmo.<\/p>\n<p>D. \u00c1ngel leva nove anos como vig\u00e1rio e n\u00e3o h\u00e1 d\u00favida de que conhece e quer \u00e0 Vigararia, e que, com a sua entrega, agradece a confian\u00e7a depositada nele.<\/p>\n<p>Para n\u00f3s foi um encontro cativante que nos aproximou um pouco mais da realidade eclesial e do nosso contexto. Agradecemos a iniciativa, e tamb\u00e9m o convite que nos serviu de &#8220;desculpa&#8221; para nos encontrarmos as duas comunidades. Cada vez vivemos com mais alegria o ser irm\u00e3s e o sentirmo-nos juntas ajudando-nos no que precisamos, vivemos e celebramos.<\/p>\n<p>Irm\u00e3s. comunidades Madrid-Miosotis e Madrid-Aligustre<\/p>\n","protected":false},"excerpt":{"rendered":"<p>As comunidades de Madrid, Miosotis e Aligustre tiveram, na tarde de 25 de fevereiro, um agrad\u00e1vel encontro com D. \u00c1ngel Camino Lamelas OSA Vig\u00e1rio episcopal da Vigararia VIII, \u00e0 qual [&hellip;]<\/p>\n","protected":false},"author":1,"featured_media":8580,"comment_status":"open","ping_status":"open","sticky":false,"template":"","format":"standard","meta":{"_acf_changed":false,"footnotes":""},"categories":[61,62,68],"tags":[],"class_list":["post-11928","post","type-post","status-publish","format-standard","has-post-thumbnail","hentry","category-noticias","category-otras","category-outras"],"acf":[],"yoast_head":"<!-- This site is optimized with the Yoast SEO plugin v27.5 - https:\/\/yoast.com\/product\/yoast-seo-wordpress\/ -->\n<title>Visita do Vig\u00e1rio Sr. \u00c1ngel Camino Lamelas \u00e0s Comunidades Aligustre e Miosotis - En Compa\u00f1\u00eda STJ<\/title>\n<meta name=\"robots\" content=\"index, follow, max-snippet:-1, max-image-preview:large, max-video-preview:-1\" \/>\n<link rel=\"canonical\" href=\"https:\/\/encompaniastj.org\/pt-pt\/visita-do-vigario-episcopal-sr-angel-camino-lamelas-as-comunidades-aligustre-e-miosotis\/\" \/>\n<meta property=\"og:locale\" content=\"pt_PT\" \/>\n<meta property=\"og:type\" content=\"article\" \/>\n<meta property=\"og:title\" content=\"Visita do Vig\u00e1rio Sr. \u00c1ngel Camino Lamelas \u00e0s Comunidades Aligustre e Miosotis - En Compa\u00f1\u00eda STJ\" \/>\n<meta property=\"og:description\" content=\"As comunidades de Madrid, Miosotis e Aligustre tiveram, na tarde de 25 de fevereiro, um agrad\u00e1vel encontro com D. \u00c1ngel Camino Lamelas OSA Vig\u00e1rio episcopal da Vigararia VIII, \u00e0 qual [&hellip;]\" \/>\n<meta property=\"og:url\" content=\"https:\/\/encompaniastj.org\/pt-pt\/visita-do-vigario-episcopal-sr-angel-camino-lamelas-as-comunidades-aligustre-e-miosotis\/\" \/>\n<meta property=\"og:site_name\" content=\"En Compa\u00f1\u00eda STJ\" \/>\n<meta property=\"article:published_time\" content=\"2024-03-01T06:26:42+00:00\" \/>\n<meta property=\"article:modified_time\" content=\"2025-07-07T14:24:59+00:00\" \/>\n<meta property=\"og:image\" content=\"https:\/\/encompaniastj.org\/wp-content\/uploads\/2025\/05\/Comunidades-Miosotis-y-Aligustre-con-D.-Angel-Vicariojpg-scaled-1.jpg\" \/>\n\t<meta property=\"og:image:width\" content=\"2560\" \/>\n\t<meta property=\"og:image:height\" content=\"1250\" \/>\n\t<meta property=\"og:image:type\" content=\"image\/jpeg\" \/>\n<meta name=\"author\" content=\"admin\" \/>\n<meta name=\"twitter:card\" content=\"summary_large_image\" \/>\n<meta name=\"twitter:label1\" content=\"Escrito por\" \/>\n\t<meta name=\"twitter:data1\" content=\"admin\" \/>\n\t<meta name=\"twitter:label2\" content=\"Tempo estimado de leitura\" \/>\n\t<meta name=\"twitter:data2\" content=\"2 minutos\" \/>\n<script type=\"application\/ld+json\" class=\"yoast-schema-graph\">{\"@context\":\"https:\\\/\\\/schema.org\",\"@graph\":[{\"@type\":\"Article\",\"@id\":\"https:\\\/\\\/encompaniastj.org\\\/pt-pt\\\/visita-do-vigario-episcopal-sr-angel-camino-lamelas-as-comunidades-aligustre-e-miosotis\\\/#article\",\"isPartOf\":{\"@id\":\"https:\\\/\\\/encompaniastj.org\\\/pt-pt\\\/visita-do-vigario-episcopal-sr-angel-camino-lamelas-as-comunidades-aligustre-e-miosotis\\\/\"},\"author\":{\"name\":\"admin\",\"@id\":\"https:\\\/\\\/encompaniastj.org\\\/pt-pt\\\/#\\\/schema\\\/person\\\/520e7ecc314793d40091993c2a02b651\"},\"headline\":\"Visita do Vig\u00e1rio Sr. \u00c1ngel Camino Lamelas \u00e0s Comunidades Aligustre e Miosotis\",\"datePublished\":\"2024-03-01T06:26:42+00:00\",\"dateModified\":\"2025-07-07T14:24:59+00:00\",\"mainEntityOfPage\":{\"@id\":\"https:\\\/\\\/encompaniastj.org\\\/pt-pt\\\/visita-do-vigario-episcopal-sr-angel-camino-lamelas-as-comunidades-aligustre-e-miosotis\\\/\"},\"wordCount\":324,\"commentCount\":0,\"publisher\":{\"@id\":\"https:\\\/\\\/encompaniastj.org\\\/pt-pt\\\/#organization\"},\"image\":{\"@id\":\"https:\\\/\\\/encompaniastj.org\\\/pt-pt\\\/visita-do-vigario-episcopal-sr-angel-camino-lamelas-as-comunidades-aligustre-e-miosotis\\\/#primaryimage\"},\"thumbnailUrl\":\"https:\\\/\\\/encompaniastj.org\\\/wp-content\\\/uploads\\\/2025\\\/05\\\/Comunidades-Miosotis-y-Aligustre-con-D.-Angel-Vicariojpg-scaled-1.jpg\",\"articleSection\":[\"Noticias\",\"Otras\",\"Outras\"],\"inLanguage\":\"pt-PT\",\"potentialAction\":[{\"@type\":\"CommentAction\",\"name\":\"Comment\",\"target\":[\"https:\\\/\\\/encompaniastj.org\\\/pt-pt\\\/visita-do-vigario-episcopal-sr-angel-camino-lamelas-as-comunidades-aligustre-e-miosotis\\\/#respond\"]}]},{\"@type\":\"WebPage\",\"@id\":\"https:\\\/\\\/encompaniastj.org\\\/pt-pt\\\/visita-do-vigario-episcopal-sr-angel-camino-lamelas-as-comunidades-aligustre-e-miosotis\\\/\",\"url\":\"https:\\\/\\\/encompaniastj.org\\\/pt-pt\\\/visita-do-vigario-episcopal-sr-angel-camino-lamelas-as-comunidades-aligustre-e-miosotis\\\/\",\"name\":\"Visita do Vig\u00e1rio Sr. \u00c1ngel Camino Lamelas \u00e0s Comunidades Aligustre e Miosotis - En Compa\u00f1\u00eda STJ\",\"isPartOf\":{\"@id\":\"https:\\\/\\\/encompaniastj.org\\\/pt-pt\\\/#website\"},\"primaryImageOfPage\":{\"@id\":\"https:\\\/\\\/encompaniastj.org\\\/pt-pt\\\/visita-do-vigario-episcopal-sr-angel-camino-lamelas-as-comunidades-aligustre-e-miosotis\\\/#primaryimage\"},\"image\":{\"@id\":\"https:\\\/\\\/encompaniastj.org\\\/pt-pt\\\/visita-do-vigario-episcopal-sr-angel-camino-lamelas-as-comunidades-aligustre-e-miosotis\\\/#primaryimage\"},\"thumbnailUrl\":\"https:\\\/\\\/encompaniastj.org\\\/wp-content\\\/uploads\\\/2025\\\/05\\\/Comunidades-Miosotis-y-Aligustre-con-D.-Angel-Vicariojpg-scaled-1.jpg\",\"datePublished\":\"2024-03-01T06:26:42+00:00\",\"dateModified\":\"2025-07-07T14:24:59+00:00\",\"breadcrumb\":{\"@id\":\"https:\\\/\\\/encompaniastj.org\\\/pt-pt\\\/visita-do-vigario-episcopal-sr-angel-camino-lamelas-as-comunidades-aligustre-e-miosotis\\\/#breadcrumb\"},\"inLanguage\":\"pt-PT\",\"potentialAction\":[{\"@type\":\"ReadAction\",\"target\":[\"https:\\\/\\\/encompaniastj.org\\\/pt-pt\\\/visita-do-vigario-episcopal-sr-angel-camino-lamelas-as-comunidades-aligustre-e-miosotis\\\/\"]}]},{\"@type\":\"ImageObject\",\"inLanguage\":\"pt-PT\",\"@id\":\"https:\\\/\\\/encompaniastj.org\\\/pt-pt\\\/visita-do-vigario-episcopal-sr-angel-camino-lamelas-as-comunidades-aligustre-e-miosotis\\\/#primaryimage\",\"url\":\"https:\\\/\\\/encompaniastj.org\\\/wp-content\\\/uploads\\\/2025\\\/05\\\/Comunidades-Miosotis-y-Aligustre-con-D.-Angel-Vicariojpg-scaled-1.jpg\",\"contentUrl\":\"https:\\\/\\\/encompaniastj.org\\\/wp-content\\\/uploads\\\/2025\\\/05\\\/Comunidades-Miosotis-y-Aligustre-con-D.-Angel-Vicariojpg-scaled-1.jpg\",\"width\":2560,\"height\":1250},{\"@type\":\"BreadcrumbList\",\"@id\":\"https:\\\/\\\/encompaniastj.org\\\/pt-pt\\\/visita-do-vigario-episcopal-sr-angel-camino-lamelas-as-comunidades-aligustre-e-miosotis\\\/#breadcrumb\",\"itemListElement\":[{\"@type\":\"ListItem\",\"position\":1,\"name\":\"Portada\",\"item\":\"https:\\\/\\\/encompaniastj.org\\\/pt-pt\\\/\"},{\"@type\":\"ListItem\",\"position\":2,\"name\":\"Visita do Vig\u00e1rio Sr. \u00c1ngel Camino Lamelas \u00e0s Comunidades Aligustre e Miosotis\"}]},{\"@type\":\"WebSite\",\"@id\":\"https:\\\/\\\/encompaniastj.org\\\/pt-pt\\\/#website\",\"url\":\"https:\\\/\\\/encompaniastj.org\\\/pt-pt\\\/\",\"name\":\"En Compa\u00f1\u00eda STJ\",\"description\":\"Bolet\u00edn de la Compa\u00f1\u00eda de Santa Teresa de Jes\u00fas\",\"publisher\":{\"@id\":\"https:\\\/\\\/encompaniastj.org\\\/pt-pt\\\/#organization\"},\"potentialAction\":[{\"@type\":\"SearchAction\",\"target\":{\"@type\":\"EntryPoint\",\"urlTemplate\":\"https:\\\/\\\/encompaniastj.org\\\/pt-pt\\\/?s={search_term_string}\"},\"query-input\":{\"@type\":\"PropertyValueSpecification\",\"valueRequired\":true,\"valueName\":\"search_term_string\"}}],\"inLanguage\":\"pt-PT\"},{\"@type\":\"Organization\",\"@id\":\"https:\\\/\\\/encompaniastj.org\\\/pt-pt\\\/#organization\",\"name\":\"Compa\u00f1\u00eda de Santa Teresa de Jes\u00fas\",\"url\":\"https:\\\/\\\/encompaniastj.org\\\/pt-pt\\\/\",\"logo\":{\"@type\":\"ImageObject\",\"inLanguage\":\"pt-PT\",\"@id\":\"https:\\\/\\\/encompaniastj.org\\\/pt-pt\\\/#\\\/schema\\\/logo\\\/image\\\/\",\"url\":\"https:\\\/\\\/encompaniastj.org\\\/wp-content\\\/uploads\\\/2025\\\/04\\\/logo_provincias02-1-3.png\",\"contentUrl\":\"https:\\\/\\\/encompaniastj.org\\\/wp-content\\\/uploads\\\/2025\\\/04\\\/logo_provincias02-1-3.png\",\"width\":2368,\"height\":825,\"caption\":\"Compa\u00f1\u00eda de Santa Teresa de Jes\u00fas\"},\"image\":{\"@id\":\"https:\\\/\\\/encompaniastj.org\\\/pt-pt\\\/#\\\/schema\\\/logo\\\/image\\\/\"}},{\"@type\":\"Person\",\"@id\":\"https:\\\/\\\/encompaniastj.org\\\/pt-pt\\\/#\\\/schema\\\/person\\\/520e7ecc314793d40091993c2a02b651\",\"name\":\"admin\",\"image\":{\"@type\":\"ImageObject\",\"inLanguage\":\"pt-PT\",\"@id\":\"https:\\\/\\\/secure.gravatar.com\\\/avatar\\\/948b492cce32b586ac2db0eaa926ee87024f7afe218d73b397ea5ddfc5f43ea1?s=96&d=mm&r=g\",\"url\":\"https:\\\/\\\/secure.gravatar.com\\\/avatar\\\/948b492cce32b586ac2db0eaa926ee87024f7afe218d73b397ea5ddfc5f43ea1?s=96&d=mm&r=g\",\"contentUrl\":\"https:\\\/\\\/secure.gravatar.com\\\/avatar\\\/948b492cce32b586ac2db0eaa926ee87024f7afe218d73b397ea5ddfc5f43ea1?s=96&d=mm&r=g\",\"caption\":\"admin\"},\"sameAs\":[\"https:\\\/\\\/encompaniastj.org\"],\"url\":\"https:\\\/\\\/encompaniastj.org\\\/pt-pt\\\/author\\\/sjdigital\\\/\"}]}<\/script>\n<!-- \/ Yoast SEO plugin. -->","yoast_head_json":{"title":"Visita do Vig\u00e1rio Sr. \u00c1ngel Camino Lamelas \u00e0s Comunidades Aligustre e Miosotis - En Compa\u00f1\u00eda STJ","robots":{"index":"index","follow":"follow","max-snippet":"max-snippet:-1","max-image-preview":"max-image-preview:large","max-video-preview":"max-video-preview:-1"},"canonical":"https:\/\/encompaniastj.org\/pt-pt\/visita-do-vigario-episcopal-sr-angel-camino-lamelas-as-comunidades-aligustre-e-miosotis\/","og_locale":"pt_PT","og_type":"article","og_title":"Visita do Vig\u00e1rio Sr. \u00c1ngel Camino Lamelas \u00e0s Comunidades Aligustre e Miosotis - En Compa\u00f1\u00eda STJ","og_description":"As comunidades de Madrid, Miosotis e Aligustre tiveram, na tarde de 25 de fevereiro, um agrad\u00e1vel encontro com D. \u00c1ngel Camino Lamelas OSA Vig\u00e1rio episcopal da Vigararia VIII, \u00e0 qual [&hellip;]","og_url":"https:\/\/encompaniastj.org\/pt-pt\/visita-do-vigario-episcopal-sr-angel-camino-lamelas-as-comunidades-aligustre-e-miosotis\/","og_site_name":"En Compa\u00f1\u00eda STJ","article_published_time":"2024-03-01T06:26:42+00:00","article_modified_time":"2025-07-07T14:24:59+00:00","og_image":[{"width":2560,"height":1250,"url":"https:\/\/encompaniastj.org\/wp-content\/uploads\/2025\/05\/Comunidades-Miosotis-y-Aligustre-con-D.-Angel-Vicariojpg-scaled-1.jpg","type":"image\/jpeg"}],"author":"admin","twitter_card":"summary_large_image","twitter_misc":{"Escrito por":"admin","Tempo estimado de leitura":"2 minutos"},"schema":{"@context":"https:\/\/schema.org","@graph":[{"@type":"Article","@id":"https:\/\/encompaniastj.org\/pt-pt\/visita-do-vigario-episcopal-sr-angel-camino-lamelas-as-comunidades-aligustre-e-miosotis\/#article","isPartOf":{"@id":"https:\/\/encompaniastj.org\/pt-pt\/visita-do-vigario-episcopal-sr-angel-camino-lamelas-as-comunidades-aligustre-e-miosotis\/"},"author":{"name":"admin","@id":"https:\/\/encompaniastj.org\/pt-pt\/#\/schema\/person\/520e7ecc314793d40091993c2a02b651"},"headline":"Visita do Vig\u00e1rio Sr. \u00c1ngel Camino Lamelas \u00e0s Comunidades Aligustre e Miosotis","datePublished":"2024-03-01T06:26:42+00:00","dateModified":"2025-07-07T14:24:59+00:00","mainEntityOfPage":{"@id":"https:\/\/encompaniastj.org\/pt-pt\/visita-do-vigario-episcopal-sr-angel-camino-lamelas-as-comunidades-aligustre-e-miosotis\/"},"wordCount":324,"commentCount":0,"publisher":{"@id":"https:\/\/encompaniastj.org\/pt-pt\/#organization"},"image":{"@id":"https:\/\/encompaniastj.org\/pt-pt\/visita-do-vigario-episcopal-sr-angel-camino-lamelas-as-comunidades-aligustre-e-miosotis\/#primaryimage"},"thumbnailUrl":"https:\/\/encompaniastj.org\/wp-content\/uploads\/2025\/05\/Comunidades-Miosotis-y-Aligustre-con-D.-Angel-Vicariojpg-scaled-1.jpg","articleSection":["Noticias","Otras","Outras"],"inLanguage":"pt-PT","potentialAction":[{"@type":"CommentAction","name":"Comment","target":["https:\/\/encompaniastj.org\/pt-pt\/visita-do-vigario-episcopal-sr-angel-camino-lamelas-as-comunidades-aligustre-e-miosotis\/#respond"]}]},{"@type":"WebPage","@id":"https:\/\/encompaniastj.org\/pt-pt\/visita-do-vigario-episcopal-sr-angel-camino-lamelas-as-comunidades-aligustre-e-miosotis\/","url":"https:\/\/encompaniastj.org\/pt-pt\/visita-do-vigario-episcopal-sr-angel-camino-lamelas-as-comunidades-aligustre-e-miosotis\/","name":"Visita do Vig\u00e1rio Sr. \u00c1ngel Camino Lamelas \u00e0s Comunidades Aligustre e Miosotis - En Compa\u00f1\u00eda STJ","isPartOf":{"@id":"https:\/\/encompaniastj.org\/pt-pt\/#website"},"primaryImageOfPage":{"@id":"https:\/\/encompaniastj.org\/pt-pt\/visita-do-vigario-episcopal-sr-angel-camino-lamelas-as-comunidades-aligustre-e-miosotis\/#primaryimage"},"image":{"@id":"https:\/\/encompaniastj.org\/pt-pt\/visita-do-vigario-episcopal-sr-angel-camino-lamelas-as-comunidades-aligustre-e-miosotis\/#primaryimage"},"thumbnailUrl":"https:\/\/encompaniastj.org\/wp-content\/uploads\/2025\/05\/Comunidades-Miosotis-y-Aligustre-con-D.-Angel-Vicariojpg-scaled-1.jpg","datePublished":"2024-03-01T06:26:42+00:00","dateModified":"2025-07-07T14:24:59+00:00","breadcrumb":{"@id":"https:\/\/encompaniastj.org\/pt-pt\/visita-do-vigario-episcopal-sr-angel-camino-lamelas-as-comunidades-aligustre-e-miosotis\/#breadcrumb"},"inLanguage":"pt-PT","potentialAction":[{"@type":"ReadAction","target":["https:\/\/encompaniastj.org\/pt-pt\/visita-do-vigario-episcopal-sr-angel-camino-lamelas-as-comunidades-aligustre-e-miosotis\/"]}]},{"@type":"ImageObject","inLanguage":"pt-PT","@id":"https:\/\/encompaniastj.org\/pt-pt\/visita-do-vigario-episcopal-sr-angel-camino-lamelas-as-comunidades-aligustre-e-miosotis\/#primaryimage","url":"https:\/\/encompaniastj.org\/wp-content\/uploads\/2025\/05\/Comunidades-Miosotis-y-Aligustre-con-D.-Angel-Vicariojpg-scaled-1.jpg","contentUrl":"https:\/\/encompaniastj.org\/wp-content\/uploads\/2025\/05\/Comunidades-Miosotis-y-Aligustre-con-D.-Angel-Vicariojpg-scaled-1.jpg","width":2560,"height":1250},{"@type":"BreadcrumbList","@id":"https:\/\/encompaniastj.org\/pt-pt\/visita-do-vigario-episcopal-sr-angel-camino-lamelas-as-comunidades-aligustre-e-miosotis\/#breadcrumb","itemListElement":[{"@type":"ListItem","position":1,"name":"Portada","item":"https:\/\/encompaniastj.org\/pt-pt\/"},{"@type":"ListItem","position":2,"name":"Visita do Vig\u00e1rio Sr. \u00c1ngel Camino Lamelas \u00e0s Comunidades Aligustre e Miosotis"}]},{"@type":"WebSite","@id":"https:\/\/encompaniastj.org\/pt-pt\/#website","url":"https:\/\/encompaniastj.org\/pt-pt\/","name":"En Compa\u00f1\u00eda STJ","description":"Bolet\u00edn de la Compa\u00f1\u00eda de Santa Teresa de Jes\u00fas","publisher":{"@id":"https:\/\/encompaniastj.org\/pt-pt\/#organization"},"potentialAction":[{"@type":"SearchAction","target":{"@type":"EntryPoint","urlTemplate":"https:\/\/encompaniastj.org\/pt-pt\/?s={search_term_string}"},"query-input":{"@type":"PropertyValueSpecification","valueRequired":true,"valueName":"search_term_string"}}],"inLanguage":"pt-PT"},{"@type":"Organization","@id":"https:\/\/encompaniastj.org\/pt-pt\/#organization","name":"Compa\u00f1\u00eda de Santa Teresa de Jes\u00fas","url":"https:\/\/encompaniastj.org\/pt-pt\/","logo":{"@type":"ImageObject","inLanguage":"pt-PT","@id":"https:\/\/encompaniastj.org\/pt-pt\/#\/schema\/logo\/image\/","url":"https:\/\/encompaniastj.org\/wp-content\/uploads\/2025\/04\/logo_provincias02-1-3.png","contentUrl":"https:\/\/encompaniastj.org\/wp-content\/uploads\/2025\/04\/logo_provincias02-1-3.png","width":2368,"height":825,"caption":"Compa\u00f1\u00eda de Santa Teresa de Jes\u00fas"},"image":{"@id":"https:\/\/encompaniastj.org\/pt-pt\/#\/schema\/logo\/image\/"}},{"@type":"Person","@id":"https:\/\/encompaniastj.org\/pt-pt\/#\/schema\/person\/520e7ecc314793d40091993c2a02b651","name":"admin","image":{"@type":"ImageObject","inLanguage":"pt-PT","@id":"https:\/\/secure.gravatar.com\/avatar\/948b492cce32b586ac2db0eaa926ee87024f7afe218d73b397ea5ddfc5f43ea1?s=96&d=mm&r=g","url":"https:\/\/secure.gravatar.com\/avatar\/948b492cce32b586ac2db0eaa926ee87024f7afe218d73b397ea5ddfc5f43ea1?s=96&d=mm&r=g","contentUrl":"https:\/\/secure.gravatar.com\/avatar\/948b492cce32b586ac2db0eaa926ee87024f7afe218d73b397ea5ddfc5f43ea1?s=96&d=mm&r=g","caption":"admin"},"sameAs":["https:\/\/encompaniastj.org"],"url":"https:\/\/encompaniastj.org\/pt-pt\/author\/sjdigital\/"}]}},"_links":{"self":[{"href":"https:\/\/encompaniastj.org\/pt-pt\/wp-json\/wp\/v2\/posts\/11928","targetHints":{"allow":["GET"]}}],"collection":[{"href":"https:\/\/encompaniastj.org\/pt-pt\/wp-json\/wp\/v2\/posts"}],"about":[{"href":"https:\/\/encompaniastj.org\/pt-pt\/wp-json\/wp\/v2\/types\/post"}],"author":[{"embeddable":true,"href":"https:\/\/encompaniastj.org\/pt-pt\/wp-json\/wp\/v2\/users\/1"}],"replies":[{"embeddable":true,"href":"https:\/\/encompaniastj.org\/pt-pt\/wp-json\/wp\/v2\/comments?post=11928"}],"version-history":[{"count":1,"href":"https:\/\/encompaniastj.org\/pt-pt\/wp-json\/wp\/v2\/posts\/11928\/revisions"}],"predecessor-version":[{"id":11929,"href":"https:\/\/encompaniastj.org\/pt-pt\/wp-json\/wp\/v2\/posts\/11928\/revisions\/11929"}],"wp:featuredmedia":[{"embeddable":true,"href":"https:\/\/encompaniastj.org\/pt-pt\/wp-json\/wp\/v2\/media\/8580"}],"wp:attachment":[{"href":"https:\/\/encompaniastj.org\/pt-pt\/wp-json\/wp\/v2\/media?parent=11928"}],"wp:term":[{"taxonomy":"category","embeddable":true,"href":"https:\/\/encompaniastj.org\/pt-pt\/wp-json\/wp\/v2\/categories?post=11928"},{"taxonomy":"post_tag","embeddable":true,"href":"https:\/\/encompaniastj.org\/pt-pt\/wp-json\/wp\/v2\/tags?post=11928"}],"curies":[{"name":"wp","href":"https:\/\/api.w.org\/{rel}","templated":true}]}}