{"id":11912,"date":"2024-02-13T11:30:08","date_gmt":"2024-02-13T10:30:08","guid":{"rendered":"https:\/\/encompaniastj.org\/diocese-de-cuenca-dia-do-catequista\/"},"modified":"2025-07-07T16:24:57","modified_gmt":"2025-07-07T14:24:57","slug":"diocese-de-cuenca-dia-do-catequista","status":"publish","type":"post","link":"https:\/\/encompaniastj.org\/pt-pt\/diocese-de-cuenca-dia-do-catequista\/","title":{"rendered":"Diocese de cuenca: Dia do Catequista"},"content":{"rendered":"<p>&nbsp;<\/p>\n<p>Na diocese de Cuenca, no dia 27 de janeiro celebra-se, desde h\u00e1 algum tempo, o \u201cDia do Catequista e do Catec\u00fameno\u201d. Este ano procuraram \u201cuma teresiana de Oss\u00f3\u201d que lhes desse a conhecer o seu patrono, santo Henrique de Oss\u00f3. \u00a0e Carmen Melchor teve a sorte de celebrar com eles a festa dos Catequistas. Al\u00e9m de uma confer\u00eancia sobre <em>\u201dHenrique de Oss\u00f3 e a Catequese\u201d<\/em> e um interessante col\u00f3quio com os assistentes, celebraram juntos a eucaristia \u2013presidida pelo\u00a0 Sr. Bispo \u2013\u00a0 e no final partilharam a comida.<\/p>\n<p>Foi uma bonita experi\u00eancia de encontro com uns catequistas que, sem pertencer \u00e0 fam\u00edlia teresiana de Henrique, sintonizam com a <em>sua alma de Mestre<\/em>.\u00a0 E que, contagiados pela sua paix\u00e3o por Jesus e pelos seus interesses, esperam eles tamb\u00e9m, \u201ccativar a alma das crian\u00e7as\u201d.<\/p>\n<p>&nbsp;<\/p>\n<p><img loading=\"lazy\" decoding=\"async\" class=\"aligncenter wp-image-12302 size-large\" src=\"https:\/\/encompaniastj.org\/wp-content\/uploads\/2025\/05\/IMG-20240128-WA0008.jpg\" alt=\"\" width=\"1024\" height=\"643\" \/><\/p>\n<p><img loading=\"lazy\" decoding=\"async\" class=\"aligncenter wp-image-12300 size-full\" src=\"https:\/\/encompaniastj.org\/wp-content\/uploads\/2025\/05\/IMG-20240128-WA0006.jpg\" alt=\"\" width=\"931\" height=\"498\" \/><\/p>\n<p><img loading=\"lazy\" decoding=\"async\" class=\"aligncenter wp-image-12304 size-full\" src=\"https:\/\/encompaniastj.org\/wp-content\/uploads\/2025\/05\/IMG-20240209-WA0000.jpg\" alt=\"\" width=\"934\" height=\"652\" \/><\/p>\n<p>&nbsp;<\/p>\n","protected":false},"excerpt":{"rendered":"<p>&nbsp; Na diocese de Cuenca, no dia 27 de janeiro celebra-se, desde h\u00e1 algum tempo, o \u201cDia do Catequista e do Catec\u00fameno\u201d. Este ano procuraram \u201cuma teresiana de Oss\u00f3\u201d que [&hellip;]<\/p>\n","protected":false},"author":1,"featured_media":8571,"comment_status":"open","ping_status":"open","sticky":false,"template":"","format":"standard","meta":{"_acf_changed":false,"footnotes":""},"categories":[61,80,78],"tags":[],"class_list":["post-11912","post","type-post","status-publish","format-standard","has-post-thumbnail","hentry","category-noticias","category-paroquial-eclesial","category-parroquial-eclesial"],"acf":[],"yoast_head":"<!-- This site is optimized with the Yoast SEO plugin v27.5 - https:\/\/yoast.com\/product\/yoast-seo-wordpress\/ -->\n<title>Diocese de cuenca: Dia do Catequista - En Compa\u00f1\u00eda STJ<\/title>\n<meta name=\"robots\" content=\"index, follow, max-snippet:-1, max-image-preview:large, max-video-preview:-1\" \/>\n<link rel=\"canonical\" href=\"https:\/\/encompaniastj.org\/pt-pt\/diocese-de-cuenca-dia-do-catequista\/\" \/>\n<meta property=\"og:locale\" content=\"pt_PT\" \/>\n<meta property=\"og:type\" content=\"article\" \/>\n<meta property=\"og:title\" content=\"Diocese de cuenca: Dia do Catequista - En Compa\u00f1\u00eda STJ\" \/>\n<meta property=\"og:description\" content=\"&nbsp; Na diocese de Cuenca, no dia 27 de janeiro celebra-se, desde h\u00e1 algum tempo, o \u201cDia do Catequista e do Catec\u00fameno\u201d. Este ano procuraram \u201cuma teresiana de Oss\u00f3\u201d que [&hellip;]\" \/>\n<meta property=\"og:url\" content=\"https:\/\/encompaniastj.org\/pt-pt\/diocese-de-cuenca-dia-do-catequista\/\" \/>\n<meta property=\"og:site_name\" content=\"En Compa\u00f1\u00eda STJ\" \/>\n<meta property=\"article:published_time\" content=\"2024-02-13T10:30:08+00:00\" \/>\n<meta property=\"article:modified_time\" content=\"2025-07-07T14:24:57+00:00\" \/>\n<meta property=\"og:image\" content=\"https:\/\/encompaniastj.org\/wp-content\/uploads\/2025\/05\/IMG-20240128-WA0004.jpg\" \/>\n\t<meta property=\"og:image:width\" content=\"1890\" \/>\n\t<meta property=\"og:image:height\" content=\"1530\" \/>\n\t<meta property=\"og:image:type\" content=\"image\/jpeg\" \/>\n<meta name=\"author\" content=\"admin\" \/>\n<meta name=\"twitter:card\" content=\"summary_large_image\" \/>\n<meta name=\"twitter:label1\" content=\"Escrito por\" \/>\n\t<meta name=\"twitter:data1\" content=\"admin\" \/>\n\t<meta name=\"twitter:label2\" content=\"Tempo estimado de leitura\" \/>\n\t<meta name=\"twitter:data2\" content=\"2 minutos\" \/>\n<script type=\"application\/ld+json\" class=\"yoast-schema-graph\">{\"@context\":\"https:\\\/\\\/schema.org\",\"@graph\":[{\"@type\":\"Article\",\"@id\":\"https:\\\/\\\/encompaniastj.org\\\/pt-pt\\\/diocese-de-cuenca-dia-do-catequista\\\/#article\",\"isPartOf\":{\"@id\":\"https:\\\/\\\/encompaniastj.org\\\/pt-pt\\\/diocese-de-cuenca-dia-do-catequista\\\/\"},\"author\":{\"name\":\"admin\",\"@id\":\"https:\\\/\\\/encompaniastj.org\\\/pt-pt\\\/#\\\/schema\\\/person\\\/520e7ecc314793d40091993c2a02b651\"},\"headline\":\"Diocese de cuenca: Dia do Catequista\",\"datePublished\":\"2024-02-13T10:30:08+00:00\",\"dateModified\":\"2025-07-07T14:24:57+00:00\",\"mainEntityOfPage\":{\"@id\":\"https:\\\/\\\/encompaniastj.org\\\/pt-pt\\\/diocese-de-cuenca-dia-do-catequista\\\/\"},\"wordCount\":146,\"commentCount\":0,\"publisher\":{\"@id\":\"https:\\\/\\\/encompaniastj.org\\\/pt-pt\\\/#organization\"},\"image\":{\"@id\":\"https:\\\/\\\/encompaniastj.org\\\/pt-pt\\\/diocese-de-cuenca-dia-do-catequista\\\/#primaryimage\"},\"thumbnailUrl\":\"https:\\\/\\\/encompaniastj.org\\\/wp-content\\\/uploads\\\/2025\\\/05\\\/IMG-20240128-WA0004.jpg\",\"articleSection\":[\"Noticias\",\"Paroquial - eclesial\",\"Parroquial - Eclesial\"],\"inLanguage\":\"pt-PT\",\"potentialAction\":[{\"@type\":\"CommentAction\",\"name\":\"Comment\",\"target\":[\"https:\\\/\\\/encompaniastj.org\\\/pt-pt\\\/diocese-de-cuenca-dia-do-catequista\\\/#respond\"]}]},{\"@type\":\"WebPage\",\"@id\":\"https:\\\/\\\/encompaniastj.org\\\/pt-pt\\\/diocese-de-cuenca-dia-do-catequista\\\/\",\"url\":\"https:\\\/\\\/encompaniastj.org\\\/pt-pt\\\/diocese-de-cuenca-dia-do-catequista\\\/\",\"name\":\"Diocese de cuenca: Dia do Catequista - En Compa\u00f1\u00eda STJ\",\"isPartOf\":{\"@id\":\"https:\\\/\\\/encompaniastj.org\\\/pt-pt\\\/#website\"},\"primaryImageOfPage\":{\"@id\":\"https:\\\/\\\/encompaniastj.org\\\/pt-pt\\\/diocese-de-cuenca-dia-do-catequista\\\/#primaryimage\"},\"image\":{\"@id\":\"https:\\\/\\\/encompaniastj.org\\\/pt-pt\\\/diocese-de-cuenca-dia-do-catequista\\\/#primaryimage\"},\"thumbnailUrl\":\"https:\\\/\\\/encompaniastj.org\\\/wp-content\\\/uploads\\\/2025\\\/05\\\/IMG-20240128-WA0004.jpg\",\"datePublished\":\"2024-02-13T10:30:08+00:00\",\"dateModified\":\"2025-07-07T14:24:57+00:00\",\"breadcrumb\":{\"@id\":\"https:\\\/\\\/encompaniastj.org\\\/pt-pt\\\/diocese-de-cuenca-dia-do-catequista\\\/#breadcrumb\"},\"inLanguage\":\"pt-PT\",\"potentialAction\":[{\"@type\":\"ReadAction\",\"target\":[\"https:\\\/\\\/encompaniastj.org\\\/pt-pt\\\/diocese-de-cuenca-dia-do-catequista\\\/\"]}]},{\"@type\":\"ImageObject\",\"inLanguage\":\"pt-PT\",\"@id\":\"https:\\\/\\\/encompaniastj.org\\\/pt-pt\\\/diocese-de-cuenca-dia-do-catequista\\\/#primaryimage\",\"url\":\"https:\\\/\\\/encompaniastj.org\\\/wp-content\\\/uploads\\\/2025\\\/05\\\/IMG-20240128-WA0004.jpg\",\"contentUrl\":\"https:\\\/\\\/encompaniastj.org\\\/wp-content\\\/uploads\\\/2025\\\/05\\\/IMG-20240128-WA0004.jpg\",\"width\":1890,\"height\":1530},{\"@type\":\"BreadcrumbList\",\"@id\":\"https:\\\/\\\/encompaniastj.org\\\/pt-pt\\\/diocese-de-cuenca-dia-do-catequista\\\/#breadcrumb\",\"itemListElement\":[{\"@type\":\"ListItem\",\"position\":1,\"name\":\"Portada\",\"item\":\"https:\\\/\\\/encompaniastj.org\\\/pt-pt\\\/\"},{\"@type\":\"ListItem\",\"position\":2,\"name\":\"Diocese de cuenca: Dia do Catequista\"}]},{\"@type\":\"WebSite\",\"@id\":\"https:\\\/\\\/encompaniastj.org\\\/pt-pt\\\/#website\",\"url\":\"https:\\\/\\\/encompaniastj.org\\\/pt-pt\\\/\",\"name\":\"En Compa\u00f1\u00eda STJ\",\"description\":\"Bolet\u00edn de la Compa\u00f1\u00eda de Santa Teresa de Jes\u00fas\",\"publisher\":{\"@id\":\"https:\\\/\\\/encompaniastj.org\\\/pt-pt\\\/#organization\"},\"potentialAction\":[{\"@type\":\"SearchAction\",\"target\":{\"@type\":\"EntryPoint\",\"urlTemplate\":\"https:\\\/\\\/encompaniastj.org\\\/pt-pt\\\/?s={search_term_string}\"},\"query-input\":{\"@type\":\"PropertyValueSpecification\",\"valueRequired\":true,\"valueName\":\"search_term_string\"}}],\"inLanguage\":\"pt-PT\"},{\"@type\":\"Organization\",\"@id\":\"https:\\\/\\\/encompaniastj.org\\\/pt-pt\\\/#organization\",\"name\":\"Compa\u00f1\u00eda de Santa Teresa de Jes\u00fas\",\"url\":\"https:\\\/\\\/encompaniastj.org\\\/pt-pt\\\/\",\"logo\":{\"@type\":\"ImageObject\",\"inLanguage\":\"pt-PT\",\"@id\":\"https:\\\/\\\/encompaniastj.org\\\/pt-pt\\\/#\\\/schema\\\/logo\\\/image\\\/\",\"url\":\"https:\\\/\\\/encompaniastj.org\\\/wp-content\\\/uploads\\\/2025\\\/04\\\/logo_provincias02-1-3.png\",\"contentUrl\":\"https:\\\/\\\/encompaniastj.org\\\/wp-content\\\/uploads\\\/2025\\\/04\\\/logo_provincias02-1-3.png\",\"width\":2368,\"height\":825,\"caption\":\"Compa\u00f1\u00eda de Santa Teresa de Jes\u00fas\"},\"image\":{\"@id\":\"https:\\\/\\\/encompaniastj.org\\\/pt-pt\\\/#\\\/schema\\\/logo\\\/image\\\/\"}},{\"@type\":\"Person\",\"@id\":\"https:\\\/\\\/encompaniastj.org\\\/pt-pt\\\/#\\\/schema\\\/person\\\/520e7ecc314793d40091993c2a02b651\",\"name\":\"admin\",\"image\":{\"@type\":\"ImageObject\",\"inLanguage\":\"pt-PT\",\"@id\":\"https:\\\/\\\/secure.gravatar.com\\\/avatar\\\/948b492cce32b586ac2db0eaa926ee87024f7afe218d73b397ea5ddfc5f43ea1?s=96&d=mm&r=g\",\"url\":\"https:\\\/\\\/secure.gravatar.com\\\/avatar\\\/948b492cce32b586ac2db0eaa926ee87024f7afe218d73b397ea5ddfc5f43ea1?s=96&d=mm&r=g\",\"contentUrl\":\"https:\\\/\\\/secure.gravatar.com\\\/avatar\\\/948b492cce32b586ac2db0eaa926ee87024f7afe218d73b397ea5ddfc5f43ea1?s=96&d=mm&r=g\",\"caption\":\"admin\"},\"sameAs\":[\"https:\\\/\\\/encompaniastj.org\"],\"url\":\"https:\\\/\\\/encompaniastj.org\\\/pt-pt\\\/author\\\/sjdigital\\\/\"}]}<\/script>\n<!-- \/ Yoast SEO plugin. -->","yoast_head_json":{"title":"Diocese de cuenca: Dia do Catequista - En Compa\u00f1\u00eda STJ","robots":{"index":"index","follow":"follow","max-snippet":"max-snippet:-1","max-image-preview":"max-image-preview:large","max-video-preview":"max-video-preview:-1"},"canonical":"https:\/\/encompaniastj.org\/pt-pt\/diocese-de-cuenca-dia-do-catequista\/","og_locale":"pt_PT","og_type":"article","og_title":"Diocese de cuenca: Dia do Catequista - En Compa\u00f1\u00eda STJ","og_description":"&nbsp; Na diocese de Cuenca, no dia 27 de janeiro celebra-se, desde h\u00e1 algum tempo, o \u201cDia do Catequista e do Catec\u00fameno\u201d. Este ano procuraram \u201cuma teresiana de Oss\u00f3\u201d que [&hellip;]","og_url":"https:\/\/encompaniastj.org\/pt-pt\/diocese-de-cuenca-dia-do-catequista\/","og_site_name":"En Compa\u00f1\u00eda STJ","article_published_time":"2024-02-13T10:30:08+00:00","article_modified_time":"2025-07-07T14:24:57+00:00","og_image":[{"width":1890,"height":1530,"url":"https:\/\/encompaniastj.org\/wp-content\/uploads\/2025\/05\/IMG-20240128-WA0004.jpg","type":"image\/jpeg"}],"author":"admin","twitter_card":"summary_large_image","twitter_misc":{"Escrito por":"admin","Tempo estimado de leitura":"2 minutos"},"schema":{"@context":"https:\/\/schema.org","@graph":[{"@type":"Article","@id":"https:\/\/encompaniastj.org\/pt-pt\/diocese-de-cuenca-dia-do-catequista\/#article","isPartOf":{"@id":"https:\/\/encompaniastj.org\/pt-pt\/diocese-de-cuenca-dia-do-catequista\/"},"author":{"name":"admin","@id":"https:\/\/encompaniastj.org\/pt-pt\/#\/schema\/person\/520e7ecc314793d40091993c2a02b651"},"headline":"Diocese de cuenca: Dia do Catequista","datePublished":"2024-02-13T10:30:08+00:00","dateModified":"2025-07-07T14:24:57+00:00","mainEntityOfPage":{"@id":"https:\/\/encompaniastj.org\/pt-pt\/diocese-de-cuenca-dia-do-catequista\/"},"wordCount":146,"commentCount":0,"publisher":{"@id":"https:\/\/encompaniastj.org\/pt-pt\/#organization"},"image":{"@id":"https:\/\/encompaniastj.org\/pt-pt\/diocese-de-cuenca-dia-do-catequista\/#primaryimage"},"thumbnailUrl":"https:\/\/encompaniastj.org\/wp-content\/uploads\/2025\/05\/IMG-20240128-WA0004.jpg","articleSection":["Noticias","Paroquial - eclesial","Parroquial - Eclesial"],"inLanguage":"pt-PT","potentialAction":[{"@type":"CommentAction","name":"Comment","target":["https:\/\/encompaniastj.org\/pt-pt\/diocese-de-cuenca-dia-do-catequista\/#respond"]}]},{"@type":"WebPage","@id":"https:\/\/encompaniastj.org\/pt-pt\/diocese-de-cuenca-dia-do-catequista\/","url":"https:\/\/encompaniastj.org\/pt-pt\/diocese-de-cuenca-dia-do-catequista\/","name":"Diocese de cuenca: Dia do Catequista - En Compa\u00f1\u00eda STJ","isPartOf":{"@id":"https:\/\/encompaniastj.org\/pt-pt\/#website"},"primaryImageOfPage":{"@id":"https:\/\/encompaniastj.org\/pt-pt\/diocese-de-cuenca-dia-do-catequista\/#primaryimage"},"image":{"@id":"https:\/\/encompaniastj.org\/pt-pt\/diocese-de-cuenca-dia-do-catequista\/#primaryimage"},"thumbnailUrl":"https:\/\/encompaniastj.org\/wp-content\/uploads\/2025\/05\/IMG-20240128-WA0004.jpg","datePublished":"2024-02-13T10:30:08+00:00","dateModified":"2025-07-07T14:24:57+00:00","breadcrumb":{"@id":"https:\/\/encompaniastj.org\/pt-pt\/diocese-de-cuenca-dia-do-catequista\/#breadcrumb"},"inLanguage":"pt-PT","potentialAction":[{"@type":"ReadAction","target":["https:\/\/encompaniastj.org\/pt-pt\/diocese-de-cuenca-dia-do-catequista\/"]}]},{"@type":"ImageObject","inLanguage":"pt-PT","@id":"https:\/\/encompaniastj.org\/pt-pt\/diocese-de-cuenca-dia-do-catequista\/#primaryimage","url":"https:\/\/encompaniastj.org\/wp-content\/uploads\/2025\/05\/IMG-20240128-WA0004.jpg","contentUrl":"https:\/\/encompaniastj.org\/wp-content\/uploads\/2025\/05\/IMG-20240128-WA0004.jpg","width":1890,"height":1530},{"@type":"BreadcrumbList","@id":"https:\/\/encompaniastj.org\/pt-pt\/diocese-de-cuenca-dia-do-catequista\/#breadcrumb","itemListElement":[{"@type":"ListItem","position":1,"name":"Portada","item":"https:\/\/encompaniastj.org\/pt-pt\/"},{"@type":"ListItem","position":2,"name":"Diocese de cuenca: Dia do Catequista"}]},{"@type":"WebSite","@id":"https:\/\/encompaniastj.org\/pt-pt\/#website","url":"https:\/\/encompaniastj.org\/pt-pt\/","name":"En Compa\u00f1\u00eda STJ","description":"Bolet\u00edn de la Compa\u00f1\u00eda de Santa Teresa de Jes\u00fas","publisher":{"@id":"https:\/\/encompaniastj.org\/pt-pt\/#organization"},"potentialAction":[{"@type":"SearchAction","target":{"@type":"EntryPoint","urlTemplate":"https:\/\/encompaniastj.org\/pt-pt\/?s={search_term_string}"},"query-input":{"@type":"PropertyValueSpecification","valueRequired":true,"valueName":"search_term_string"}}],"inLanguage":"pt-PT"},{"@type":"Organization","@id":"https:\/\/encompaniastj.org\/pt-pt\/#organization","name":"Compa\u00f1\u00eda de Santa Teresa de Jes\u00fas","url":"https:\/\/encompaniastj.org\/pt-pt\/","logo":{"@type":"ImageObject","inLanguage":"pt-PT","@id":"https:\/\/encompaniastj.org\/pt-pt\/#\/schema\/logo\/image\/","url":"https:\/\/encompaniastj.org\/wp-content\/uploads\/2025\/04\/logo_provincias02-1-3.png","contentUrl":"https:\/\/encompaniastj.org\/wp-content\/uploads\/2025\/04\/logo_provincias02-1-3.png","width":2368,"height":825,"caption":"Compa\u00f1\u00eda de Santa Teresa de Jes\u00fas"},"image":{"@id":"https:\/\/encompaniastj.org\/pt-pt\/#\/schema\/logo\/image\/"}},{"@type":"Person","@id":"https:\/\/encompaniastj.org\/pt-pt\/#\/schema\/person\/520e7ecc314793d40091993c2a02b651","name":"admin","image":{"@type":"ImageObject","inLanguage":"pt-PT","@id":"https:\/\/secure.gravatar.com\/avatar\/948b492cce32b586ac2db0eaa926ee87024f7afe218d73b397ea5ddfc5f43ea1?s=96&d=mm&r=g","url":"https:\/\/secure.gravatar.com\/avatar\/948b492cce32b586ac2db0eaa926ee87024f7afe218d73b397ea5ddfc5f43ea1?s=96&d=mm&r=g","contentUrl":"https:\/\/secure.gravatar.com\/avatar\/948b492cce32b586ac2db0eaa926ee87024f7afe218d73b397ea5ddfc5f43ea1?s=96&d=mm&r=g","caption":"admin"},"sameAs":["https:\/\/encompaniastj.org"],"url":"https:\/\/encompaniastj.org\/pt-pt\/author\/sjdigital\/"}]}},"_links":{"self":[{"href":"https:\/\/encompaniastj.org\/pt-pt\/wp-json\/wp\/v2\/posts\/11912","targetHints":{"allow":["GET"]}}],"collection":[{"href":"https:\/\/encompaniastj.org\/pt-pt\/wp-json\/wp\/v2\/posts"}],"about":[{"href":"https:\/\/encompaniastj.org\/pt-pt\/wp-json\/wp\/v2\/types\/post"}],"author":[{"embeddable":true,"href":"https:\/\/encompaniastj.org\/pt-pt\/wp-json\/wp\/v2\/users\/1"}],"replies":[{"embeddable":true,"href":"https:\/\/encompaniastj.org\/pt-pt\/wp-json\/wp\/v2\/comments?post=11912"}],"version-history":[{"count":1,"href":"https:\/\/encompaniastj.org\/pt-pt\/wp-json\/wp\/v2\/posts\/11912\/revisions"}],"predecessor-version":[{"id":11913,"href":"https:\/\/encompaniastj.org\/pt-pt\/wp-json\/wp\/v2\/posts\/11912\/revisions\/11913"}],"wp:featuredmedia":[{"embeddable":true,"href":"https:\/\/encompaniastj.org\/pt-pt\/wp-json\/wp\/v2\/media\/8571"}],"wp:attachment":[{"href":"https:\/\/encompaniastj.org\/pt-pt\/wp-json\/wp\/v2\/media?parent=11912"}],"wp:term":[{"taxonomy":"category","embeddable":true,"href":"https:\/\/encompaniastj.org\/pt-pt\/wp-json\/wp\/v2\/categories?post=11912"},{"taxonomy":"post_tag","embeddable":true,"href":"https:\/\/encompaniastj.org\/pt-pt\/wp-json\/wp\/v2\/tags?post=11912"}],"curies":[{"name":"wp","href":"https:\/\/api.w.org\/{rel}","templated":true}]}}