{"id":11894,"date":"2024-02-05T11:16:20","date_gmt":"2024-02-05T10:16:20","guid":{"rendered":"https:\/\/encompaniastj.org\/nao-deixes-o-timao-oh-pai-querido\/"},"modified":"2025-07-07T16:24:54","modified_gmt":"2025-07-07T14:24:54","slug":"nao-deixes-o-timao-oh-pai-querido","status":"publish","type":"post","link":"https:\/\/encompaniastj.org\/pt-pt\/nao-deixes-o-timao-oh-pai-querido\/","title":{"rendered":"\u201cN\u00e3o deixes o tim\u00e3o, oh! pai querido&#8230;\u201d"},"content":{"rendered":"<p><strong>Festa de Santo Henrique de Oss\u00f3, na sua par\u00f3quia<\/strong><\/p>\n<p>Penso que n\u00e3o deixei nenhum ano de celebrar, na par\u00f3quia de Can Vidalet, a festa de Santo Henrique, Nosso Padre. Em cada ano que celebro fico profundamente emocionada, at\u00e9 ao ponto de chorar, ao observar o carisma e o esp\u00edrito de Santo Henrique naquela comunidade paroquial. Acontece desde que n\u00e3o est\u00e3o as nossas Irm\u00e3s, gerando assim uma impress\u00e3o positiva e profunda: a capacidade de semear e que outros colham. Isso \u00e9 a par\u00e1bola do Reino e a maior alegria que podemos ter as Teresianas quando, depois de semear uns anos \u2013 mais ou menos, segundo as circunst\u00e2ncias -, tenhamos que sair e que outros colham o que se semeou.<\/p>\n<p>Essa \u00e9 a impress\u00e3o que cada ano tenho ao celebrar no domingo mais pr\u00f3ximo \u00e0 festividade de Santo Henrique de Oss\u00f3, a sua festa em Can Vidalet.<\/p>\n<p>Uma igreja de um tamanho consider\u00e1vel cheia de fi\u00e9is de todas as idades. Estava t\u00e3o repleta, que muitos em p\u00e9 ocuparam os espa\u00e7os laterais da grande nave.<\/p>\n<p>N\u00e3o sei se \u00e9 a velhice que me faz mais sens\u00edvel a tudo \u00f3 que \u00e9 belo e emotivo, o amor imenso que foi enchendo os meus anos e os meus dias desde aquele 1956 que tive a alegria de pertencer \u00e0 Companhia de Santa Teresa onde j\u00e1 tinham entrado duas das minhas irm\u00e3s, ou a capacidade que d\u00e1 a idade para se alegrar do inef\u00e1vel de um modo especial, mas o caso \u00e9 que \u2013 j\u00e1 passaram alguns os anos \u2013 e n\u00e3o posso deixar de limpar as l\u00e1grimas que escorrem \u00a0pelas minhas faces ao ouvir com todo o entusiasmo, cantar o \u201cTudo por Jesus\u201d, contemplar o coro com as t-shirts onde surge estampado o famoso rosto do Padre Henrique sorrindo, e uma multid\u00e3o entusiasmada beijando a rel\u00edquia do Nosso Fundador enquanto canta ao patrono da sua par\u00f3quia.<\/p>\n<p>Houve um momento culminante da Eucaristia \u2013 sem deixar de lado a homilia onde o esp\u00edrito e o carisma de Santo Henrique foi not\u00f3rio no seu af\u00e3 pela ora\u00e7\u00e3o, o amor a Maria, o conhecer e amar e fazer conhecer e amar a Jesus -, quando um grande grupo de todas as idades subiu ao amb\u00e3o para homenagear ao Patrono dos catequistas, miss\u00e3o que agora exercem na par\u00f3quia sob os ensinamentos do Santo que moveu centenas de meninos em muitas catequeses da Catalunha do s\u00e9culo XIX.<\/p>\n<p>O sofrimento que todas experimentamos quando se encerra algumas das nossas casas, fica mitigado ao ver como ficaram pegadas carism\u00e1ticas das Irm\u00e3s que ali estiveram e como os sacerdotes que v\u00e3o passando pela par\u00f3quia bebem das fontes do grande catequista.<\/p>\n<p>J\u00e1 h\u00e1 muito tempo que n\u00e3o via uma igreja repleta na Missa dominical, nem um grupo de catequistas de todas as idades, exercendo a educa\u00e7\u00e3o da f\u00e9 aos mais pequenos, que n\u00e3o contemplava tantas pessoas implicadas nos distintos departamentos pastorais, tanta f\u00e9, cantando estrofes inspiradas no carisma que nos legou Santo Henrique\u2026<\/p>\n<p>Quando, ao terminar a Eucaristia, a multid\u00e3o \u2013 porque era uma verdadeira multid\u00e3o de fi\u00e9is que enchiam a igreja \u2013 aproximou-se para beijar a rel\u00edquia de Santo Henrique e receber uma estampa com algumas das suas m\u00e1ximas \u2013 \u201cSe queres ir para o c\u00e9u, Maria \u00e9 a porta\u201d -, umas quantas de n\u00f3s, Teresianas que t\u00ednhamos ido, nos unimos ao coro dos jovens. Confesso que pouco pude cantar porque a emo\u00e7\u00e3o n\u00e3o me deixava. S\u00f3 podia agradecer ao Senhor o que outras Irm\u00e3s que passaram por esta comunidade semearam e que, com a b\u00ean\u00e7\u00e3o do nosso querido <em>Moss\u00e9n Enric d\u2019Oss\u00f3<\/em>, est\u00e1 a dar, uns anos depois, esta magn\u00edfica colheita, sim a nossa presen\u00e7a\u2026s\u00f3 com a riqueza da sua passagem pelo bairro. (Vict\u00f2ria Molins, stj.)<\/p>\n<p><img loading=\"lazy\" decoding=\"async\" class=\"aligncenter wp-image-12252 size-full\" src=\"https:\/\/encompaniastj.org\/wp-content\/uploads\/2025\/05\/c1-6.png\" alt=\"\" width=\"500\" height=\"500\" \/><\/p>\n<p><img loading=\"lazy\" decoding=\"async\" class=\"aligncenter wp-image-12254 size-full\" src=\"https:\/\/encompaniastj.org\/wp-content\/uploads\/2025\/05\/c2-6.png\" alt=\"\" width=\"500\" height=\"500\" \/><\/p>\n","protected":false},"excerpt":{"rendered":"<p>Festa de Santo Henrique de Oss\u00f3, na sua par\u00f3quia Penso que n\u00e3o deixei nenhum ano de celebrar, na par\u00f3quia de Can Vidalet, a festa de Santo Henrique, Nosso Padre. Em [&hellip;]<\/p>\n","protected":false},"author":1,"featured_media":8558,"comment_status":"open","ping_status":"open","sticky":false,"template":"","format":"standard","meta":{"_acf_changed":false,"footnotes":""},"categories":[61,68],"tags":[],"class_list":["post-11894","post","type-post","status-publish","format-standard","has-post-thumbnail","hentry","category-noticias","category-outras"],"acf":[],"yoast_head":"<!-- This site is optimized with the Yoast SEO plugin v27.5 - https:\/\/yoast.com\/product\/yoast-seo-wordpress\/ -->\n<title>\u201cN\u00e3o deixes o tim\u00e3o, oh! pai querido...\u201d - En Compa\u00f1\u00eda STJ<\/title>\n<meta name=\"robots\" content=\"index, follow, max-snippet:-1, max-image-preview:large, max-video-preview:-1\" \/>\n<link rel=\"canonical\" href=\"https:\/\/encompaniastj.org\/pt-pt\/nao-deixes-o-timao-oh-pai-querido\/\" \/>\n<meta property=\"og:locale\" content=\"pt_PT\" \/>\n<meta property=\"og:type\" content=\"article\" \/>\n<meta property=\"og:title\" content=\"\u201cN\u00e3o deixes o tim\u00e3o, oh! pai querido...\u201d - En Compa\u00f1\u00eda STJ\" \/>\n<meta property=\"og:description\" content=\"Festa de Santo Henrique de Oss\u00f3, na sua par\u00f3quia Penso que n\u00e3o deixei nenhum ano de celebrar, na par\u00f3quia de Can Vidalet, a festa de Santo Henrique, Nosso Padre. Em [&hellip;]\" \/>\n<meta property=\"og:url\" content=\"https:\/\/encompaniastj.org\/pt-pt\/nao-deixes-o-timao-oh-pai-querido\/\" \/>\n<meta property=\"og:site_name\" content=\"En Compa\u00f1\u00eda STJ\" \/>\n<meta property=\"article:published_time\" content=\"2024-02-05T10:16:20+00:00\" \/>\n<meta property=\"article:modified_time\" content=\"2025-07-07T14:24:54+00:00\" \/>\n<meta property=\"og:image\" content=\"https:\/\/encompaniastj.org\/wp-content\/uploads\/2025\/05\/20240128_121830-scaled-1.jpg\" \/>\n\t<meta property=\"og:image:width\" content=\"2560\" \/>\n\t<meta property=\"og:image:height\" content=\"1920\" \/>\n\t<meta property=\"og:image:type\" content=\"image\/jpeg\" \/>\n<meta name=\"author\" content=\"admin\" \/>\n<meta name=\"twitter:card\" content=\"summary_large_image\" \/>\n<meta name=\"twitter:label1\" content=\"Escrito por\" \/>\n\t<meta name=\"twitter:data1\" content=\"admin\" \/>\n\t<meta name=\"twitter:label2\" content=\"Tempo estimado de leitura\" \/>\n\t<meta name=\"twitter:data2\" content=\"4 minutos\" \/>\n<script type=\"application\/ld+json\" class=\"yoast-schema-graph\">{\"@context\":\"https:\\\/\\\/schema.org\",\"@graph\":[{\"@type\":\"Article\",\"@id\":\"https:\\\/\\\/encompaniastj.org\\\/pt-pt\\\/nao-deixes-o-timao-oh-pai-querido\\\/#article\",\"isPartOf\":{\"@id\":\"https:\\\/\\\/encompaniastj.org\\\/pt-pt\\\/nao-deixes-o-timao-oh-pai-querido\\\/\"},\"author\":{\"name\":\"admin\",\"@id\":\"https:\\\/\\\/encompaniastj.org\\\/pt-pt\\\/#\\\/schema\\\/person\\\/520e7ecc314793d40091993c2a02b651\"},\"headline\":\"\u201cN\u00e3o deixes o tim\u00e3o, oh! pai querido&#8230;\u201d\",\"datePublished\":\"2024-02-05T10:16:20+00:00\",\"dateModified\":\"2025-07-07T14:24:54+00:00\",\"mainEntityOfPage\":{\"@id\":\"https:\\\/\\\/encompaniastj.org\\\/pt-pt\\\/nao-deixes-o-timao-oh-pai-querido\\\/\"},\"wordCount\":663,\"commentCount\":0,\"publisher\":{\"@id\":\"https:\\\/\\\/encompaniastj.org\\\/pt-pt\\\/#organization\"},\"image\":{\"@id\":\"https:\\\/\\\/encompaniastj.org\\\/pt-pt\\\/nao-deixes-o-timao-oh-pai-querido\\\/#primaryimage\"},\"thumbnailUrl\":\"https:\\\/\\\/encompaniastj.org\\\/wp-content\\\/uploads\\\/2025\\\/05\\\/20240128_121830-scaled-1.jpg\",\"articleSection\":[\"Noticias\",\"Outras\"],\"inLanguage\":\"pt-PT\",\"potentialAction\":[{\"@type\":\"CommentAction\",\"name\":\"Comment\",\"target\":[\"https:\\\/\\\/encompaniastj.org\\\/pt-pt\\\/nao-deixes-o-timao-oh-pai-querido\\\/#respond\"]}]},{\"@type\":\"WebPage\",\"@id\":\"https:\\\/\\\/encompaniastj.org\\\/pt-pt\\\/nao-deixes-o-timao-oh-pai-querido\\\/\",\"url\":\"https:\\\/\\\/encompaniastj.org\\\/pt-pt\\\/nao-deixes-o-timao-oh-pai-querido\\\/\",\"name\":\"\u201cN\u00e3o deixes o tim\u00e3o, oh! pai querido...\u201d - En Compa\u00f1\u00eda STJ\",\"isPartOf\":{\"@id\":\"https:\\\/\\\/encompaniastj.org\\\/pt-pt\\\/#website\"},\"primaryImageOfPage\":{\"@id\":\"https:\\\/\\\/encompaniastj.org\\\/pt-pt\\\/nao-deixes-o-timao-oh-pai-querido\\\/#primaryimage\"},\"image\":{\"@id\":\"https:\\\/\\\/encompaniastj.org\\\/pt-pt\\\/nao-deixes-o-timao-oh-pai-querido\\\/#primaryimage\"},\"thumbnailUrl\":\"https:\\\/\\\/encompaniastj.org\\\/wp-content\\\/uploads\\\/2025\\\/05\\\/20240128_121830-scaled-1.jpg\",\"datePublished\":\"2024-02-05T10:16:20+00:00\",\"dateModified\":\"2025-07-07T14:24:54+00:00\",\"breadcrumb\":{\"@id\":\"https:\\\/\\\/encompaniastj.org\\\/pt-pt\\\/nao-deixes-o-timao-oh-pai-querido\\\/#breadcrumb\"},\"inLanguage\":\"pt-PT\",\"potentialAction\":[{\"@type\":\"ReadAction\",\"target\":[\"https:\\\/\\\/encompaniastj.org\\\/pt-pt\\\/nao-deixes-o-timao-oh-pai-querido\\\/\"]}]},{\"@type\":\"ImageObject\",\"inLanguage\":\"pt-PT\",\"@id\":\"https:\\\/\\\/encompaniastj.org\\\/pt-pt\\\/nao-deixes-o-timao-oh-pai-querido\\\/#primaryimage\",\"url\":\"https:\\\/\\\/encompaniastj.org\\\/wp-content\\\/uploads\\\/2025\\\/05\\\/20240128_121830-scaled-1.jpg\",\"contentUrl\":\"https:\\\/\\\/encompaniastj.org\\\/wp-content\\\/uploads\\\/2025\\\/05\\\/20240128_121830-scaled-1.jpg\",\"width\":2560,\"height\":1920},{\"@type\":\"BreadcrumbList\",\"@id\":\"https:\\\/\\\/encompaniastj.org\\\/pt-pt\\\/nao-deixes-o-timao-oh-pai-querido\\\/#breadcrumb\",\"itemListElement\":[{\"@type\":\"ListItem\",\"position\":1,\"name\":\"Portada\",\"item\":\"https:\\\/\\\/encompaniastj.org\\\/pt-pt\\\/\"},{\"@type\":\"ListItem\",\"position\":2,\"name\":\"\u201cN\u00e3o deixes o tim\u00e3o, oh! pai querido&#8230;\u201d\"}]},{\"@type\":\"WebSite\",\"@id\":\"https:\\\/\\\/encompaniastj.org\\\/pt-pt\\\/#website\",\"url\":\"https:\\\/\\\/encompaniastj.org\\\/pt-pt\\\/\",\"name\":\"En Compa\u00f1\u00eda STJ\",\"description\":\"Bolet\u00edn de la Compa\u00f1\u00eda de Santa Teresa de Jes\u00fas\",\"publisher\":{\"@id\":\"https:\\\/\\\/encompaniastj.org\\\/pt-pt\\\/#organization\"},\"potentialAction\":[{\"@type\":\"SearchAction\",\"target\":{\"@type\":\"EntryPoint\",\"urlTemplate\":\"https:\\\/\\\/encompaniastj.org\\\/pt-pt\\\/?s={search_term_string}\"},\"query-input\":{\"@type\":\"PropertyValueSpecification\",\"valueRequired\":true,\"valueName\":\"search_term_string\"}}],\"inLanguage\":\"pt-PT\"},{\"@type\":\"Organization\",\"@id\":\"https:\\\/\\\/encompaniastj.org\\\/pt-pt\\\/#organization\",\"name\":\"Compa\u00f1\u00eda de Santa Teresa de Jes\u00fas\",\"url\":\"https:\\\/\\\/encompaniastj.org\\\/pt-pt\\\/\",\"logo\":{\"@type\":\"ImageObject\",\"inLanguage\":\"pt-PT\",\"@id\":\"https:\\\/\\\/encompaniastj.org\\\/pt-pt\\\/#\\\/schema\\\/logo\\\/image\\\/\",\"url\":\"https:\\\/\\\/encompaniastj.org\\\/wp-content\\\/uploads\\\/2025\\\/04\\\/logo_provincias02-1-3.png\",\"contentUrl\":\"https:\\\/\\\/encompaniastj.org\\\/wp-content\\\/uploads\\\/2025\\\/04\\\/logo_provincias02-1-3.png\",\"width\":2368,\"height\":825,\"caption\":\"Compa\u00f1\u00eda de Santa Teresa de Jes\u00fas\"},\"image\":{\"@id\":\"https:\\\/\\\/encompaniastj.org\\\/pt-pt\\\/#\\\/schema\\\/logo\\\/image\\\/\"}},{\"@type\":\"Person\",\"@id\":\"https:\\\/\\\/encompaniastj.org\\\/pt-pt\\\/#\\\/schema\\\/person\\\/520e7ecc314793d40091993c2a02b651\",\"name\":\"admin\",\"image\":{\"@type\":\"ImageObject\",\"inLanguage\":\"pt-PT\",\"@id\":\"https:\\\/\\\/secure.gravatar.com\\\/avatar\\\/948b492cce32b586ac2db0eaa926ee87024f7afe218d73b397ea5ddfc5f43ea1?s=96&d=mm&r=g\",\"url\":\"https:\\\/\\\/secure.gravatar.com\\\/avatar\\\/948b492cce32b586ac2db0eaa926ee87024f7afe218d73b397ea5ddfc5f43ea1?s=96&d=mm&r=g\",\"contentUrl\":\"https:\\\/\\\/secure.gravatar.com\\\/avatar\\\/948b492cce32b586ac2db0eaa926ee87024f7afe218d73b397ea5ddfc5f43ea1?s=96&d=mm&r=g\",\"caption\":\"admin\"},\"sameAs\":[\"https:\\\/\\\/encompaniastj.org\"],\"url\":\"https:\\\/\\\/encompaniastj.org\\\/pt-pt\\\/author\\\/sjdigital\\\/\"}]}<\/script>\n<!-- \/ Yoast SEO plugin. -->","yoast_head_json":{"title":"\u201cN\u00e3o deixes o tim\u00e3o, oh! pai querido...\u201d - En Compa\u00f1\u00eda STJ","robots":{"index":"index","follow":"follow","max-snippet":"max-snippet:-1","max-image-preview":"max-image-preview:large","max-video-preview":"max-video-preview:-1"},"canonical":"https:\/\/encompaniastj.org\/pt-pt\/nao-deixes-o-timao-oh-pai-querido\/","og_locale":"pt_PT","og_type":"article","og_title":"\u201cN\u00e3o deixes o tim\u00e3o, oh! pai querido...\u201d - En Compa\u00f1\u00eda STJ","og_description":"Festa de Santo Henrique de Oss\u00f3, na sua par\u00f3quia Penso que n\u00e3o deixei nenhum ano de celebrar, na par\u00f3quia de Can Vidalet, a festa de Santo Henrique, Nosso Padre. Em [&hellip;]","og_url":"https:\/\/encompaniastj.org\/pt-pt\/nao-deixes-o-timao-oh-pai-querido\/","og_site_name":"En Compa\u00f1\u00eda STJ","article_published_time":"2024-02-05T10:16:20+00:00","article_modified_time":"2025-07-07T14:24:54+00:00","og_image":[{"width":2560,"height":1920,"url":"https:\/\/encompaniastj.org\/wp-content\/uploads\/2025\/05\/20240128_121830-scaled-1.jpg","type":"image\/jpeg"}],"author":"admin","twitter_card":"summary_large_image","twitter_misc":{"Escrito por":"admin","Tempo estimado de leitura":"4 minutos"},"schema":{"@context":"https:\/\/schema.org","@graph":[{"@type":"Article","@id":"https:\/\/encompaniastj.org\/pt-pt\/nao-deixes-o-timao-oh-pai-querido\/#article","isPartOf":{"@id":"https:\/\/encompaniastj.org\/pt-pt\/nao-deixes-o-timao-oh-pai-querido\/"},"author":{"name":"admin","@id":"https:\/\/encompaniastj.org\/pt-pt\/#\/schema\/person\/520e7ecc314793d40091993c2a02b651"},"headline":"\u201cN\u00e3o deixes o tim\u00e3o, oh! pai querido&#8230;\u201d","datePublished":"2024-02-05T10:16:20+00:00","dateModified":"2025-07-07T14:24:54+00:00","mainEntityOfPage":{"@id":"https:\/\/encompaniastj.org\/pt-pt\/nao-deixes-o-timao-oh-pai-querido\/"},"wordCount":663,"commentCount":0,"publisher":{"@id":"https:\/\/encompaniastj.org\/pt-pt\/#organization"},"image":{"@id":"https:\/\/encompaniastj.org\/pt-pt\/nao-deixes-o-timao-oh-pai-querido\/#primaryimage"},"thumbnailUrl":"https:\/\/encompaniastj.org\/wp-content\/uploads\/2025\/05\/20240128_121830-scaled-1.jpg","articleSection":["Noticias","Outras"],"inLanguage":"pt-PT","potentialAction":[{"@type":"CommentAction","name":"Comment","target":["https:\/\/encompaniastj.org\/pt-pt\/nao-deixes-o-timao-oh-pai-querido\/#respond"]}]},{"@type":"WebPage","@id":"https:\/\/encompaniastj.org\/pt-pt\/nao-deixes-o-timao-oh-pai-querido\/","url":"https:\/\/encompaniastj.org\/pt-pt\/nao-deixes-o-timao-oh-pai-querido\/","name":"\u201cN\u00e3o deixes o tim\u00e3o, oh! pai querido...\u201d - En Compa\u00f1\u00eda STJ","isPartOf":{"@id":"https:\/\/encompaniastj.org\/pt-pt\/#website"},"primaryImageOfPage":{"@id":"https:\/\/encompaniastj.org\/pt-pt\/nao-deixes-o-timao-oh-pai-querido\/#primaryimage"},"image":{"@id":"https:\/\/encompaniastj.org\/pt-pt\/nao-deixes-o-timao-oh-pai-querido\/#primaryimage"},"thumbnailUrl":"https:\/\/encompaniastj.org\/wp-content\/uploads\/2025\/05\/20240128_121830-scaled-1.jpg","datePublished":"2024-02-05T10:16:20+00:00","dateModified":"2025-07-07T14:24:54+00:00","breadcrumb":{"@id":"https:\/\/encompaniastj.org\/pt-pt\/nao-deixes-o-timao-oh-pai-querido\/#breadcrumb"},"inLanguage":"pt-PT","potentialAction":[{"@type":"ReadAction","target":["https:\/\/encompaniastj.org\/pt-pt\/nao-deixes-o-timao-oh-pai-querido\/"]}]},{"@type":"ImageObject","inLanguage":"pt-PT","@id":"https:\/\/encompaniastj.org\/pt-pt\/nao-deixes-o-timao-oh-pai-querido\/#primaryimage","url":"https:\/\/encompaniastj.org\/wp-content\/uploads\/2025\/05\/20240128_121830-scaled-1.jpg","contentUrl":"https:\/\/encompaniastj.org\/wp-content\/uploads\/2025\/05\/20240128_121830-scaled-1.jpg","width":2560,"height":1920},{"@type":"BreadcrumbList","@id":"https:\/\/encompaniastj.org\/pt-pt\/nao-deixes-o-timao-oh-pai-querido\/#breadcrumb","itemListElement":[{"@type":"ListItem","position":1,"name":"Portada","item":"https:\/\/encompaniastj.org\/pt-pt\/"},{"@type":"ListItem","position":2,"name":"\u201cN\u00e3o deixes o tim\u00e3o, oh! pai querido&#8230;\u201d"}]},{"@type":"WebSite","@id":"https:\/\/encompaniastj.org\/pt-pt\/#website","url":"https:\/\/encompaniastj.org\/pt-pt\/","name":"En Compa\u00f1\u00eda STJ","description":"Bolet\u00edn de la Compa\u00f1\u00eda de Santa Teresa de Jes\u00fas","publisher":{"@id":"https:\/\/encompaniastj.org\/pt-pt\/#organization"},"potentialAction":[{"@type":"SearchAction","target":{"@type":"EntryPoint","urlTemplate":"https:\/\/encompaniastj.org\/pt-pt\/?s={search_term_string}"},"query-input":{"@type":"PropertyValueSpecification","valueRequired":true,"valueName":"search_term_string"}}],"inLanguage":"pt-PT"},{"@type":"Organization","@id":"https:\/\/encompaniastj.org\/pt-pt\/#organization","name":"Compa\u00f1\u00eda de Santa Teresa de Jes\u00fas","url":"https:\/\/encompaniastj.org\/pt-pt\/","logo":{"@type":"ImageObject","inLanguage":"pt-PT","@id":"https:\/\/encompaniastj.org\/pt-pt\/#\/schema\/logo\/image\/","url":"https:\/\/encompaniastj.org\/wp-content\/uploads\/2025\/04\/logo_provincias02-1-3.png","contentUrl":"https:\/\/encompaniastj.org\/wp-content\/uploads\/2025\/04\/logo_provincias02-1-3.png","width":2368,"height":825,"caption":"Compa\u00f1\u00eda de Santa Teresa de Jes\u00fas"},"image":{"@id":"https:\/\/encompaniastj.org\/pt-pt\/#\/schema\/logo\/image\/"}},{"@type":"Person","@id":"https:\/\/encompaniastj.org\/pt-pt\/#\/schema\/person\/520e7ecc314793d40091993c2a02b651","name":"admin","image":{"@type":"ImageObject","inLanguage":"pt-PT","@id":"https:\/\/secure.gravatar.com\/avatar\/948b492cce32b586ac2db0eaa926ee87024f7afe218d73b397ea5ddfc5f43ea1?s=96&d=mm&r=g","url":"https:\/\/secure.gravatar.com\/avatar\/948b492cce32b586ac2db0eaa926ee87024f7afe218d73b397ea5ddfc5f43ea1?s=96&d=mm&r=g","contentUrl":"https:\/\/secure.gravatar.com\/avatar\/948b492cce32b586ac2db0eaa926ee87024f7afe218d73b397ea5ddfc5f43ea1?s=96&d=mm&r=g","caption":"admin"},"sameAs":["https:\/\/encompaniastj.org"],"url":"https:\/\/encompaniastj.org\/pt-pt\/author\/sjdigital\/"}]}},"_links":{"self":[{"href":"https:\/\/encompaniastj.org\/pt-pt\/wp-json\/wp\/v2\/posts\/11894","targetHints":{"allow":["GET"]}}],"collection":[{"href":"https:\/\/encompaniastj.org\/pt-pt\/wp-json\/wp\/v2\/posts"}],"about":[{"href":"https:\/\/encompaniastj.org\/pt-pt\/wp-json\/wp\/v2\/types\/post"}],"author":[{"embeddable":true,"href":"https:\/\/encompaniastj.org\/pt-pt\/wp-json\/wp\/v2\/users\/1"}],"replies":[{"embeddable":true,"href":"https:\/\/encompaniastj.org\/pt-pt\/wp-json\/wp\/v2\/comments?post=11894"}],"version-history":[{"count":1,"href":"https:\/\/encompaniastj.org\/pt-pt\/wp-json\/wp\/v2\/posts\/11894\/revisions"}],"predecessor-version":[{"id":11895,"href":"https:\/\/encompaniastj.org\/pt-pt\/wp-json\/wp\/v2\/posts\/11894\/revisions\/11895"}],"wp:featuredmedia":[{"embeddable":true,"href":"https:\/\/encompaniastj.org\/pt-pt\/wp-json\/wp\/v2\/media\/8558"}],"wp:attachment":[{"href":"https:\/\/encompaniastj.org\/pt-pt\/wp-json\/wp\/v2\/media?parent=11894"}],"wp:term":[{"taxonomy":"category","embeddable":true,"href":"https:\/\/encompaniastj.org\/pt-pt\/wp-json\/wp\/v2\/categories?post=11894"},{"taxonomy":"post_tag","embeddable":true,"href":"https:\/\/encompaniastj.org\/pt-pt\/wp-json\/wp\/v2\/tags?post=11894"}],"curies":[{"name":"wp","href":"https:\/\/api.w.org\/{rel}","templated":true}]}}