{"id":11880,"date":"2024-01-23T10:42:00","date_gmt":"2024-01-23T09:42:00","guid":{"rendered":"https:\/\/encompaniastj.org\/comecamos-a-trabalhar-como-governo-da-provincia\/"},"modified":"2025-07-07T16:24:53","modified_gmt":"2025-07-07T14:24:53","slug":"comecamos-a-trabalhar-como-governo-da-provincia","status":"publish","type":"post","link":"https:\/\/encompaniastj.org\/pt-pt\/comecamos-a-trabalhar-como-governo-da-provincia\/","title":{"rendered":"Come\u00e7amos a trabalhar como Governo da prov\u00edncia"},"content":{"rendered":"<p>As irm\u00e3s do governo provincial, Esther Medina, Mariola Iglesias, Gema Mero\u00f1o, Concei\u00e7\u00e3o Oliveira, Pepi Garc\u00eda, Rita Baz e Teresa Gil encontramo-nos de 8 a 11 de janeiro na Casa provincial de Madrid para ter o nosso segundo encontro como equipa.<\/p>\n<p>Depois do Cap\u00edtulo provincial, do primeiro encontro com as irm\u00e3s que terminavam o seu servi\u00e7o de governo, de ir terminando algumas obriga\u00e7\u00f5es pendentes, e da celebra\u00e7\u00e3o do Natal, de alguna forma, iniciamos uma nova etapa do nosso caminar provincial.<\/p>\n<p>Muitos s\u00e3o os temas que est\u00e3o sobre a mesa, porque somos uma prov\u00edncia numerosa na qual <strong>a vida e a miss\u00e3o, gra\u00e7as a Deus, \u00e9 muita. <\/strong>O que vivemos nos Cap\u00edtulos Geral e Provincial \u00e9 luz que ilumina e orienta o caminho que somos chamadas a viver com companheiras e companheiros de caminho, um caminho no qual precisamos estar em contacto com a realidade, escut\u00e1-la e olh\u00e1-la como Jesus. Neste \u201ccaminhar com\u201d situamo-nos como equipa e acolhemos a chamada espec\u00edfica a viver em modo sinodal, a gerar escuta, participa\u00e7\u00e3o de forma especial, para <em>\u201celaborar o planifica\u00e7\u00e3o provincial a partir de uma abordagem sinodal e participativa que acolha e propicie<\/em><em> a diversidade contando com todos e todas\u201d. (<\/em>Documento final Cap\u00edtulo Provincial-Dezembro, Tortosa)<em>.<\/em><\/p>\n<p>No dia 11 de janeiro, as irm\u00e3s \u00c2ngela Cuadra e Pili Liso, coordenadora geral e vig\u00e1ria, passaram pela Casa provincial e pudemos ter um tempo de encontro no qual experimentamos o dom de ser irm\u00e3s.<\/p>\n<p>Neste m\u00eas de janeiro confiamos a Santo Enrique a vida e a miss\u00e3o da prov\u00edncia e da Companhia.<\/p>\n<p>Irm\u00e3s do governo provincial.<\/p>\n","protected":false},"excerpt":{"rendered":"<p>As irm\u00e3s do governo provincial, Esther Medina, Mariola Iglesias, Gema Mero\u00f1o, Concei\u00e7\u00e3o Oliveira, Pepi Garc\u00eda, Rita Baz e Teresa Gil encontramo-nos de 8 a 11 de janeiro na Casa provincial [&hellip;]<\/p>\n","protected":false},"author":1,"featured_media":8549,"comment_status":"open","ping_status":"open","sticky":false,"template":"","format":"standard","meta":{"_acf_changed":false,"footnotes":""},"categories":[61,62,68],"tags":[],"class_list":["post-11880","post","type-post","status-publish","format-standard","has-post-thumbnail","hentry","category-noticias","category-otras","category-outras"],"acf":[],"yoast_head":"<!-- This site is optimized with the Yoast SEO plugin v27.5 - https:\/\/yoast.com\/product\/yoast-seo-wordpress\/ -->\n<title>Come\u00e7amos a trabalhar como Governo da prov\u00edncia - En Compa\u00f1\u00eda STJ<\/title>\n<meta name=\"robots\" content=\"index, follow, max-snippet:-1, max-image-preview:large, max-video-preview:-1\" \/>\n<link rel=\"canonical\" href=\"https:\/\/encompaniastj.org\/pt-pt\/comecamos-a-trabalhar-como-governo-da-provincia\/\" \/>\n<meta property=\"og:locale\" content=\"pt_PT\" \/>\n<meta property=\"og:type\" content=\"article\" \/>\n<meta property=\"og:title\" content=\"Come\u00e7amos a trabalhar como Governo da prov\u00edncia - En Compa\u00f1\u00eda STJ\" \/>\n<meta property=\"og:description\" content=\"As irm\u00e3s do governo provincial, Esther Medina, Mariola Iglesias, Gema Mero\u00f1o, Concei\u00e7\u00e3o Oliveira, Pepi Garc\u00eda, Rita Baz e Teresa Gil encontramo-nos de 8 a 11 de janeiro na Casa provincial [&hellip;]\" \/>\n<meta property=\"og:url\" content=\"https:\/\/encompaniastj.org\/pt-pt\/comecamos-a-trabalhar-como-governo-da-provincia\/\" \/>\n<meta property=\"og:site_name\" content=\"En Compa\u00f1\u00eda STJ\" \/>\n<meta property=\"article:published_time\" content=\"2024-01-23T09:42:00+00:00\" \/>\n<meta property=\"article:modified_time\" content=\"2025-07-07T14:24:53+00:00\" \/>\n<meta property=\"og:image\" content=\"https:\/\/encompaniastj.org\/wp-content\/uploads\/2025\/05\/Encuentro-hermanas-11-enero-2024-scaled-1.jpg\" \/>\n\t<meta property=\"og:image:width\" content=\"2560\" \/>\n\t<meta property=\"og:image:height\" content=\"1442\" \/>\n\t<meta property=\"og:image:type\" content=\"image\/jpeg\" \/>\n<meta name=\"author\" content=\"admin\" \/>\n<meta name=\"twitter:card\" content=\"summary_large_image\" \/>\n<meta name=\"twitter:label1\" content=\"Escrito por\" \/>\n\t<meta name=\"twitter:data1\" content=\"admin\" \/>\n\t<meta name=\"twitter:label2\" content=\"Tempo estimado de leitura\" \/>\n\t<meta name=\"twitter:data2\" content=\"2 minutos\" \/>\n<script type=\"application\/ld+json\" class=\"yoast-schema-graph\">{\"@context\":\"https:\\\/\\\/schema.org\",\"@graph\":[{\"@type\":\"Article\",\"@id\":\"https:\\\/\\\/encompaniastj.org\\\/pt-pt\\\/comecamos-a-trabalhar-como-governo-da-provincia\\\/#article\",\"isPartOf\":{\"@id\":\"https:\\\/\\\/encompaniastj.org\\\/pt-pt\\\/comecamos-a-trabalhar-como-governo-da-provincia\\\/\"},\"author\":{\"name\":\"admin\",\"@id\":\"https:\\\/\\\/encompaniastj.org\\\/pt-pt\\\/#\\\/schema\\\/person\\\/520e7ecc314793d40091993c2a02b651\"},\"headline\":\"Come\u00e7amos a trabalhar como Governo da prov\u00edncia\",\"datePublished\":\"2024-01-23T09:42:00+00:00\",\"dateModified\":\"2025-07-07T14:24:53+00:00\",\"mainEntityOfPage\":{\"@id\":\"https:\\\/\\\/encompaniastj.org\\\/pt-pt\\\/comecamos-a-trabalhar-como-governo-da-provincia\\\/\"},\"wordCount\":289,\"commentCount\":0,\"publisher\":{\"@id\":\"https:\\\/\\\/encompaniastj.org\\\/pt-pt\\\/#organization\"},\"image\":{\"@id\":\"https:\\\/\\\/encompaniastj.org\\\/pt-pt\\\/comecamos-a-trabalhar-como-governo-da-provincia\\\/#primaryimage\"},\"thumbnailUrl\":\"https:\\\/\\\/encompaniastj.org\\\/wp-content\\\/uploads\\\/2025\\\/05\\\/Encuentro-hermanas-11-enero-2024-scaled-1.jpg\",\"articleSection\":[\"Noticias\",\"Otras\",\"Outras\"],\"inLanguage\":\"pt-PT\",\"potentialAction\":[{\"@type\":\"CommentAction\",\"name\":\"Comment\",\"target\":[\"https:\\\/\\\/encompaniastj.org\\\/pt-pt\\\/comecamos-a-trabalhar-como-governo-da-provincia\\\/#respond\"]}]},{\"@type\":\"WebPage\",\"@id\":\"https:\\\/\\\/encompaniastj.org\\\/pt-pt\\\/comecamos-a-trabalhar-como-governo-da-provincia\\\/\",\"url\":\"https:\\\/\\\/encompaniastj.org\\\/pt-pt\\\/comecamos-a-trabalhar-como-governo-da-provincia\\\/\",\"name\":\"Come\u00e7amos a trabalhar como Governo da prov\u00edncia - En Compa\u00f1\u00eda STJ\",\"isPartOf\":{\"@id\":\"https:\\\/\\\/encompaniastj.org\\\/pt-pt\\\/#website\"},\"primaryImageOfPage\":{\"@id\":\"https:\\\/\\\/encompaniastj.org\\\/pt-pt\\\/comecamos-a-trabalhar-como-governo-da-provincia\\\/#primaryimage\"},\"image\":{\"@id\":\"https:\\\/\\\/encompaniastj.org\\\/pt-pt\\\/comecamos-a-trabalhar-como-governo-da-provincia\\\/#primaryimage\"},\"thumbnailUrl\":\"https:\\\/\\\/encompaniastj.org\\\/wp-content\\\/uploads\\\/2025\\\/05\\\/Encuentro-hermanas-11-enero-2024-scaled-1.jpg\",\"datePublished\":\"2024-01-23T09:42:00+00:00\",\"dateModified\":\"2025-07-07T14:24:53+00:00\",\"breadcrumb\":{\"@id\":\"https:\\\/\\\/encompaniastj.org\\\/pt-pt\\\/comecamos-a-trabalhar-como-governo-da-provincia\\\/#breadcrumb\"},\"inLanguage\":\"pt-PT\",\"potentialAction\":[{\"@type\":\"ReadAction\",\"target\":[\"https:\\\/\\\/encompaniastj.org\\\/pt-pt\\\/comecamos-a-trabalhar-como-governo-da-provincia\\\/\"]}]},{\"@type\":\"ImageObject\",\"inLanguage\":\"pt-PT\",\"@id\":\"https:\\\/\\\/encompaniastj.org\\\/pt-pt\\\/comecamos-a-trabalhar-como-governo-da-provincia\\\/#primaryimage\",\"url\":\"https:\\\/\\\/encompaniastj.org\\\/wp-content\\\/uploads\\\/2025\\\/05\\\/Encuentro-hermanas-11-enero-2024-scaled-1.jpg\",\"contentUrl\":\"https:\\\/\\\/encompaniastj.org\\\/wp-content\\\/uploads\\\/2025\\\/05\\\/Encuentro-hermanas-11-enero-2024-scaled-1.jpg\",\"width\":2560,\"height\":1442},{\"@type\":\"BreadcrumbList\",\"@id\":\"https:\\\/\\\/encompaniastj.org\\\/pt-pt\\\/comecamos-a-trabalhar-como-governo-da-provincia\\\/#breadcrumb\",\"itemListElement\":[{\"@type\":\"ListItem\",\"position\":1,\"name\":\"Portada\",\"item\":\"https:\\\/\\\/encompaniastj.org\\\/pt-pt\\\/\"},{\"@type\":\"ListItem\",\"position\":2,\"name\":\"Come\u00e7amos a trabalhar como Governo da prov\u00edncia\"}]},{\"@type\":\"WebSite\",\"@id\":\"https:\\\/\\\/encompaniastj.org\\\/pt-pt\\\/#website\",\"url\":\"https:\\\/\\\/encompaniastj.org\\\/pt-pt\\\/\",\"name\":\"En Compa\u00f1\u00eda STJ\",\"description\":\"Bolet\u00edn de la Compa\u00f1\u00eda de Santa Teresa de Jes\u00fas\",\"publisher\":{\"@id\":\"https:\\\/\\\/encompaniastj.org\\\/pt-pt\\\/#organization\"},\"potentialAction\":[{\"@type\":\"SearchAction\",\"target\":{\"@type\":\"EntryPoint\",\"urlTemplate\":\"https:\\\/\\\/encompaniastj.org\\\/pt-pt\\\/?s={search_term_string}\"},\"query-input\":{\"@type\":\"PropertyValueSpecification\",\"valueRequired\":true,\"valueName\":\"search_term_string\"}}],\"inLanguage\":\"pt-PT\"},{\"@type\":\"Organization\",\"@id\":\"https:\\\/\\\/encompaniastj.org\\\/pt-pt\\\/#organization\",\"name\":\"Compa\u00f1\u00eda de Santa Teresa de Jes\u00fas\",\"url\":\"https:\\\/\\\/encompaniastj.org\\\/pt-pt\\\/\",\"logo\":{\"@type\":\"ImageObject\",\"inLanguage\":\"pt-PT\",\"@id\":\"https:\\\/\\\/encompaniastj.org\\\/pt-pt\\\/#\\\/schema\\\/logo\\\/image\\\/\",\"url\":\"https:\\\/\\\/encompaniastj.org\\\/wp-content\\\/uploads\\\/2025\\\/04\\\/logo_provincias02-1-3.png\",\"contentUrl\":\"https:\\\/\\\/encompaniastj.org\\\/wp-content\\\/uploads\\\/2025\\\/04\\\/logo_provincias02-1-3.png\",\"width\":2368,\"height\":825,\"caption\":\"Compa\u00f1\u00eda de Santa Teresa de Jes\u00fas\"},\"image\":{\"@id\":\"https:\\\/\\\/encompaniastj.org\\\/pt-pt\\\/#\\\/schema\\\/logo\\\/image\\\/\"}},{\"@type\":\"Person\",\"@id\":\"https:\\\/\\\/encompaniastj.org\\\/pt-pt\\\/#\\\/schema\\\/person\\\/520e7ecc314793d40091993c2a02b651\",\"name\":\"admin\",\"image\":{\"@type\":\"ImageObject\",\"inLanguage\":\"pt-PT\",\"@id\":\"https:\\\/\\\/secure.gravatar.com\\\/avatar\\\/948b492cce32b586ac2db0eaa926ee87024f7afe218d73b397ea5ddfc5f43ea1?s=96&d=mm&r=g\",\"url\":\"https:\\\/\\\/secure.gravatar.com\\\/avatar\\\/948b492cce32b586ac2db0eaa926ee87024f7afe218d73b397ea5ddfc5f43ea1?s=96&d=mm&r=g\",\"contentUrl\":\"https:\\\/\\\/secure.gravatar.com\\\/avatar\\\/948b492cce32b586ac2db0eaa926ee87024f7afe218d73b397ea5ddfc5f43ea1?s=96&d=mm&r=g\",\"caption\":\"admin\"},\"sameAs\":[\"https:\\\/\\\/encompaniastj.org\"],\"url\":\"https:\\\/\\\/encompaniastj.org\\\/pt-pt\\\/author\\\/sjdigital\\\/\"}]}<\/script>\n<!-- \/ Yoast SEO plugin. -->","yoast_head_json":{"title":"Come\u00e7amos a trabalhar como Governo da prov\u00edncia - En Compa\u00f1\u00eda STJ","robots":{"index":"index","follow":"follow","max-snippet":"max-snippet:-1","max-image-preview":"max-image-preview:large","max-video-preview":"max-video-preview:-1"},"canonical":"https:\/\/encompaniastj.org\/pt-pt\/comecamos-a-trabalhar-como-governo-da-provincia\/","og_locale":"pt_PT","og_type":"article","og_title":"Come\u00e7amos a trabalhar como Governo da prov\u00edncia - En Compa\u00f1\u00eda STJ","og_description":"As irm\u00e3s do governo provincial, Esther Medina, Mariola Iglesias, Gema Mero\u00f1o, Concei\u00e7\u00e3o Oliveira, Pepi Garc\u00eda, Rita Baz e Teresa Gil encontramo-nos de 8 a 11 de janeiro na Casa provincial [&hellip;]","og_url":"https:\/\/encompaniastj.org\/pt-pt\/comecamos-a-trabalhar-como-governo-da-provincia\/","og_site_name":"En Compa\u00f1\u00eda STJ","article_published_time":"2024-01-23T09:42:00+00:00","article_modified_time":"2025-07-07T14:24:53+00:00","og_image":[{"width":2560,"height":1442,"url":"https:\/\/encompaniastj.org\/wp-content\/uploads\/2025\/05\/Encuentro-hermanas-11-enero-2024-scaled-1.jpg","type":"image\/jpeg"}],"author":"admin","twitter_card":"summary_large_image","twitter_misc":{"Escrito por":"admin","Tempo estimado de leitura":"2 minutos"},"schema":{"@context":"https:\/\/schema.org","@graph":[{"@type":"Article","@id":"https:\/\/encompaniastj.org\/pt-pt\/comecamos-a-trabalhar-como-governo-da-provincia\/#article","isPartOf":{"@id":"https:\/\/encompaniastj.org\/pt-pt\/comecamos-a-trabalhar-como-governo-da-provincia\/"},"author":{"name":"admin","@id":"https:\/\/encompaniastj.org\/pt-pt\/#\/schema\/person\/520e7ecc314793d40091993c2a02b651"},"headline":"Come\u00e7amos a trabalhar como Governo da prov\u00edncia","datePublished":"2024-01-23T09:42:00+00:00","dateModified":"2025-07-07T14:24:53+00:00","mainEntityOfPage":{"@id":"https:\/\/encompaniastj.org\/pt-pt\/comecamos-a-trabalhar-como-governo-da-provincia\/"},"wordCount":289,"commentCount":0,"publisher":{"@id":"https:\/\/encompaniastj.org\/pt-pt\/#organization"},"image":{"@id":"https:\/\/encompaniastj.org\/pt-pt\/comecamos-a-trabalhar-como-governo-da-provincia\/#primaryimage"},"thumbnailUrl":"https:\/\/encompaniastj.org\/wp-content\/uploads\/2025\/05\/Encuentro-hermanas-11-enero-2024-scaled-1.jpg","articleSection":["Noticias","Otras","Outras"],"inLanguage":"pt-PT","potentialAction":[{"@type":"CommentAction","name":"Comment","target":["https:\/\/encompaniastj.org\/pt-pt\/comecamos-a-trabalhar-como-governo-da-provincia\/#respond"]}]},{"@type":"WebPage","@id":"https:\/\/encompaniastj.org\/pt-pt\/comecamos-a-trabalhar-como-governo-da-provincia\/","url":"https:\/\/encompaniastj.org\/pt-pt\/comecamos-a-trabalhar-como-governo-da-provincia\/","name":"Come\u00e7amos a trabalhar como Governo da prov\u00edncia - En Compa\u00f1\u00eda STJ","isPartOf":{"@id":"https:\/\/encompaniastj.org\/pt-pt\/#website"},"primaryImageOfPage":{"@id":"https:\/\/encompaniastj.org\/pt-pt\/comecamos-a-trabalhar-como-governo-da-provincia\/#primaryimage"},"image":{"@id":"https:\/\/encompaniastj.org\/pt-pt\/comecamos-a-trabalhar-como-governo-da-provincia\/#primaryimage"},"thumbnailUrl":"https:\/\/encompaniastj.org\/wp-content\/uploads\/2025\/05\/Encuentro-hermanas-11-enero-2024-scaled-1.jpg","datePublished":"2024-01-23T09:42:00+00:00","dateModified":"2025-07-07T14:24:53+00:00","breadcrumb":{"@id":"https:\/\/encompaniastj.org\/pt-pt\/comecamos-a-trabalhar-como-governo-da-provincia\/#breadcrumb"},"inLanguage":"pt-PT","potentialAction":[{"@type":"ReadAction","target":["https:\/\/encompaniastj.org\/pt-pt\/comecamos-a-trabalhar-como-governo-da-provincia\/"]}]},{"@type":"ImageObject","inLanguage":"pt-PT","@id":"https:\/\/encompaniastj.org\/pt-pt\/comecamos-a-trabalhar-como-governo-da-provincia\/#primaryimage","url":"https:\/\/encompaniastj.org\/wp-content\/uploads\/2025\/05\/Encuentro-hermanas-11-enero-2024-scaled-1.jpg","contentUrl":"https:\/\/encompaniastj.org\/wp-content\/uploads\/2025\/05\/Encuentro-hermanas-11-enero-2024-scaled-1.jpg","width":2560,"height":1442},{"@type":"BreadcrumbList","@id":"https:\/\/encompaniastj.org\/pt-pt\/comecamos-a-trabalhar-como-governo-da-provincia\/#breadcrumb","itemListElement":[{"@type":"ListItem","position":1,"name":"Portada","item":"https:\/\/encompaniastj.org\/pt-pt\/"},{"@type":"ListItem","position":2,"name":"Come\u00e7amos a trabalhar como Governo da prov\u00edncia"}]},{"@type":"WebSite","@id":"https:\/\/encompaniastj.org\/pt-pt\/#website","url":"https:\/\/encompaniastj.org\/pt-pt\/","name":"En Compa\u00f1\u00eda STJ","description":"Bolet\u00edn de la Compa\u00f1\u00eda de Santa Teresa de Jes\u00fas","publisher":{"@id":"https:\/\/encompaniastj.org\/pt-pt\/#organization"},"potentialAction":[{"@type":"SearchAction","target":{"@type":"EntryPoint","urlTemplate":"https:\/\/encompaniastj.org\/pt-pt\/?s={search_term_string}"},"query-input":{"@type":"PropertyValueSpecification","valueRequired":true,"valueName":"search_term_string"}}],"inLanguage":"pt-PT"},{"@type":"Organization","@id":"https:\/\/encompaniastj.org\/pt-pt\/#organization","name":"Compa\u00f1\u00eda de Santa Teresa de Jes\u00fas","url":"https:\/\/encompaniastj.org\/pt-pt\/","logo":{"@type":"ImageObject","inLanguage":"pt-PT","@id":"https:\/\/encompaniastj.org\/pt-pt\/#\/schema\/logo\/image\/","url":"https:\/\/encompaniastj.org\/wp-content\/uploads\/2025\/04\/logo_provincias02-1-3.png","contentUrl":"https:\/\/encompaniastj.org\/wp-content\/uploads\/2025\/04\/logo_provincias02-1-3.png","width":2368,"height":825,"caption":"Compa\u00f1\u00eda de Santa Teresa de Jes\u00fas"},"image":{"@id":"https:\/\/encompaniastj.org\/pt-pt\/#\/schema\/logo\/image\/"}},{"@type":"Person","@id":"https:\/\/encompaniastj.org\/pt-pt\/#\/schema\/person\/520e7ecc314793d40091993c2a02b651","name":"admin","image":{"@type":"ImageObject","inLanguage":"pt-PT","@id":"https:\/\/secure.gravatar.com\/avatar\/948b492cce32b586ac2db0eaa926ee87024f7afe218d73b397ea5ddfc5f43ea1?s=96&d=mm&r=g","url":"https:\/\/secure.gravatar.com\/avatar\/948b492cce32b586ac2db0eaa926ee87024f7afe218d73b397ea5ddfc5f43ea1?s=96&d=mm&r=g","contentUrl":"https:\/\/secure.gravatar.com\/avatar\/948b492cce32b586ac2db0eaa926ee87024f7afe218d73b397ea5ddfc5f43ea1?s=96&d=mm&r=g","caption":"admin"},"sameAs":["https:\/\/encompaniastj.org"],"url":"https:\/\/encompaniastj.org\/pt-pt\/author\/sjdigital\/"}]}},"_links":{"self":[{"href":"https:\/\/encompaniastj.org\/pt-pt\/wp-json\/wp\/v2\/posts\/11880","targetHints":{"allow":["GET"]}}],"collection":[{"href":"https:\/\/encompaniastj.org\/pt-pt\/wp-json\/wp\/v2\/posts"}],"about":[{"href":"https:\/\/encompaniastj.org\/pt-pt\/wp-json\/wp\/v2\/types\/post"}],"author":[{"embeddable":true,"href":"https:\/\/encompaniastj.org\/pt-pt\/wp-json\/wp\/v2\/users\/1"}],"replies":[{"embeddable":true,"href":"https:\/\/encompaniastj.org\/pt-pt\/wp-json\/wp\/v2\/comments?post=11880"}],"version-history":[{"count":1,"href":"https:\/\/encompaniastj.org\/pt-pt\/wp-json\/wp\/v2\/posts\/11880\/revisions"}],"predecessor-version":[{"id":11881,"href":"https:\/\/encompaniastj.org\/pt-pt\/wp-json\/wp\/v2\/posts\/11880\/revisions\/11881"}],"wp:featuredmedia":[{"embeddable":true,"href":"https:\/\/encompaniastj.org\/pt-pt\/wp-json\/wp\/v2\/media\/8549"}],"wp:attachment":[{"href":"https:\/\/encompaniastj.org\/pt-pt\/wp-json\/wp\/v2\/media?parent=11880"}],"wp:term":[{"taxonomy":"category","embeddable":true,"href":"https:\/\/encompaniastj.org\/pt-pt\/wp-json\/wp\/v2\/categories?post=11880"},{"taxonomy":"post_tag","embeddable":true,"href":"https:\/\/encompaniastj.org\/pt-pt\/wp-json\/wp\/v2\/tags?post=11880"}],"curies":[{"name":"wp","href":"https:\/\/api.w.org\/{rel}","templated":true}]}}