{"id":11874,"date":"2024-01-23T10:17:56","date_gmt":"2024-01-23T09:17:56","guid":{"rendered":"https:\/\/encompaniastj.org\/bodas-de-ouro\/"},"modified":"2025-07-07T16:24:52","modified_gmt":"2025-07-07T14:24:52","slug":"bodas-de-ouro","status":"publish","type":"post","link":"https:\/\/encompaniastj.org\/pt-pt\/bodas-de-ouro\/","title":{"rendered":"Bodas de Ouro da Irm\u00e3 M\u00aa \u00c1ngeles Garc\u00eda Montero"},"content":{"rendered":"<p>Madrid, 12 de janeiro de 2024<\/p>\n<p>Quando percebi que se aproximavam os 50 anos da minha entrada na Companhia, comecei a pensar em como poderia agradecer a Deus pela sua fidelidade neste tempo, pela sua paci\u00eancia com as minhas limita\u00e7\u00f5es, com o meu ego\u00edsmo, &#8230; em suma, com a minha pobreza. E tamb\u00e9m agradecer a certeza de que sempre esteve l\u00e1.<\/p>\n<p>Pensei numa simples celebra\u00e7\u00e3o, porque a aten\u00e7\u00e3o \u00e0 minha m\u00e3e n\u00e3o me d\u00e1 espa\u00e7o para muito mais; com a minha comunidade, a que temos agora, que t\u00e3o bem me acolheu. Foram elas, as minhas irm\u00e3s, que me ajudaram a descobrir e celebrar tudo o que me \u00e9 dado todos os dias na vida religiosa. E pude celebrar a riqueza de ter muitas mais irm\u00e3s, com quem partilhei o meu caminho di\u00e1rio de querer ser \u00abToda de Jesus\u00bb; Alguns estiveram presentes na celebra\u00e7\u00e3o do dia 12 de janeiro, na missa paroquial da tarde, e outras expressaram a sua presen\u00e7a e proximidade comigo desde outros lugares e de diferentes formas.<\/p>\n<p>A Par\u00f3quia Virgem Peregrina abriu-nos as portas naquela tarde para celebrar o caminho destes cinquenta anos, para agradecer e pedir a gra\u00e7a de continuar a caminhar. Neste ambiente \u00absinodal\u00bb, era palp\u00e1vel a afirma\u00e7\u00e3o: <strong>\u00abSomos com os outros e outras. &#8230; s\u00f3 nos entendemos na vida e na miss\u00e3o COM OUTRAS E OUTROS.&#8221; <\/strong>Pude agradecer por me sentir chamada a fazer parte desta Igreja de homens e mulheres fr\u00e1geis e confiantes, que se acompanham e apoiam mutuamente para aliviar o sofrimento, companheiras de fraquezas e esperan\u00e7as, \u00e0 maneira de Jesus.<\/p>\n<p>Na Eucaristia revivi a import\u00e2ncia da miss\u00e3o com a minha m\u00e3e que agora precisa da minha aten\u00e7\u00e3o e afeto, com os leigos do MTA, com os amigos e com os fi\u00e9is da par\u00f3quia com quem partilho a ora\u00e7\u00e3o e a vida eclesial. Acima de tudo, celebrei o que Deus est\u00e1 a fazer com a minha vida a partir da minha pequenez, e a alegria de ser toda Jesus, com outras na Companhia. (M\u00aa \u00c1ngeles Garc\u00eda)<\/p>\n<p><img loading=\"lazy\" decoding=\"async\" class=\"aligncenter wp-image-12200 size-large\" src=\"https:\/\/encompaniastj.org\/wp-content\/uploads\/2025\/05\/PHOTO-2024-01-12-23-10-04.jpg\" alt=\"\" width=\"1024\" height=\"461\" \/><\/p>\n<p><img loading=\"lazy\" decoding=\"async\" class=\"aligncenter wp-image-12204 size-large\" src=\"https:\/\/encompaniastj.org\/wp-content\/uploads\/2025\/05\/PHOTO-2024-01-16-11-00-50-1.jpg\" alt=\"\" width=\"1024\" height=\"613\" \/><\/p>\n<p>&nbsp;<\/p>\n<p>&nbsp;<\/p>\n","protected":false},"excerpt":{"rendered":"<p>Madrid, 12 de janeiro de 2024 Quando percebi que se aproximavam os 50 anos da minha entrada na Companhia, comecei a pensar em como poderia agradecer a Deus pela sua [&hellip;]<\/p>\n","protected":false},"author":1,"featured_media":8547,"comment_status":"open","ping_status":"open","sticky":false,"template":"","format":"standard","meta":{"_acf_changed":false,"footnotes":""},"categories":[61,68],"tags":[],"class_list":["post-11874","post","type-post","status-publish","format-standard","has-post-thumbnail","hentry","category-noticias","category-outras"],"acf":[],"yoast_head":"<!-- This site is optimized with the Yoast SEO plugin v27.5 - https:\/\/yoast.com\/product\/yoast-seo-wordpress\/ -->\n<title>Bodas de Ouro da Irm\u00e3 M\u00aa \u00c1ngeles Garc\u00eda Montero - En Compa\u00f1\u00eda STJ<\/title>\n<meta name=\"robots\" content=\"index, follow, max-snippet:-1, max-image-preview:large, max-video-preview:-1\" \/>\n<link rel=\"canonical\" href=\"https:\/\/encompaniastj.org\/pt-pt\/bodas-de-ouro\/\" \/>\n<meta property=\"og:locale\" content=\"pt_PT\" \/>\n<meta property=\"og:type\" content=\"article\" \/>\n<meta property=\"og:title\" content=\"Bodas de Ouro da Irm\u00e3 M\u00aa \u00c1ngeles Garc\u00eda Montero - En Compa\u00f1\u00eda STJ\" \/>\n<meta property=\"og:description\" content=\"Madrid, 12 de janeiro de 2024 Quando percebi que se aproximavam os 50 anos da minha entrada na Companhia, comecei a pensar em como poderia agradecer a Deus pela sua [&hellip;]\" \/>\n<meta property=\"og:url\" content=\"https:\/\/encompaniastj.org\/pt-pt\/bodas-de-ouro\/\" \/>\n<meta property=\"og:site_name\" content=\"En Compa\u00f1\u00eda STJ\" \/>\n<meta property=\"article:published_time\" content=\"2024-01-23T09:17:56+00:00\" \/>\n<meta property=\"article:modified_time\" content=\"2025-07-07T14:24:52+00:00\" \/>\n<meta property=\"og:image\" content=\"https:\/\/encompaniastj.org\/wp-content\/uploads\/2025\/05\/PHOTO-2024-01-12-22-08-26.jpg\" \/>\n\t<meta property=\"og:image:width\" content=\"1600\" \/>\n\t<meta property=\"og:image:height\" content=\"538\" \/>\n\t<meta property=\"og:image:type\" content=\"image\/jpeg\" \/>\n<meta name=\"author\" content=\"admin\" \/>\n<meta name=\"twitter:card\" content=\"summary_large_image\" \/>\n<meta name=\"twitter:label1\" content=\"Escrito por\" \/>\n\t<meta name=\"twitter:data1\" content=\"admin\" \/>\n\t<meta name=\"twitter:label2\" content=\"Tempo estimado de leitura\" \/>\n\t<meta name=\"twitter:data2\" content=\"3 minutos\" \/>\n<script type=\"application\/ld+json\" class=\"yoast-schema-graph\">{\"@context\":\"https:\\\/\\\/schema.org\",\"@graph\":[{\"@type\":\"Article\",\"@id\":\"https:\\\/\\\/encompaniastj.org\\\/pt-pt\\\/bodas-de-ouro\\\/#article\",\"isPartOf\":{\"@id\":\"https:\\\/\\\/encompaniastj.org\\\/pt-pt\\\/bodas-de-ouro\\\/\"},\"author\":{\"name\":\"admin\",\"@id\":\"https:\\\/\\\/encompaniastj.org\\\/pt-pt\\\/#\\\/schema\\\/person\\\/520e7ecc314793d40091993c2a02b651\"},\"headline\":\"Bodas de Ouro da Irm\u00e3 M\u00aa \u00c1ngeles Garc\u00eda Montero\",\"datePublished\":\"2024-01-23T09:17:56+00:00\",\"dateModified\":\"2025-07-07T14:24:52+00:00\",\"mainEntityOfPage\":{\"@id\":\"https:\\\/\\\/encompaniastj.org\\\/pt-pt\\\/bodas-de-ouro\\\/\"},\"wordCount\":366,\"commentCount\":0,\"publisher\":{\"@id\":\"https:\\\/\\\/encompaniastj.org\\\/pt-pt\\\/#organization\"},\"image\":{\"@id\":\"https:\\\/\\\/encompaniastj.org\\\/pt-pt\\\/bodas-de-ouro\\\/#primaryimage\"},\"thumbnailUrl\":\"https:\\\/\\\/encompaniastj.org\\\/wp-content\\\/uploads\\\/2025\\\/05\\\/PHOTO-2024-01-12-22-08-26.jpg\",\"articleSection\":[\"Noticias\",\"Outras\"],\"inLanguage\":\"pt-PT\",\"potentialAction\":[{\"@type\":\"CommentAction\",\"name\":\"Comment\",\"target\":[\"https:\\\/\\\/encompaniastj.org\\\/pt-pt\\\/bodas-de-ouro\\\/#respond\"]}]},{\"@type\":\"WebPage\",\"@id\":\"https:\\\/\\\/encompaniastj.org\\\/pt-pt\\\/bodas-de-ouro\\\/\",\"url\":\"https:\\\/\\\/encompaniastj.org\\\/pt-pt\\\/bodas-de-ouro\\\/\",\"name\":\"Bodas de Ouro da Irm\u00e3 M\u00aa \u00c1ngeles Garc\u00eda Montero - En Compa\u00f1\u00eda STJ\",\"isPartOf\":{\"@id\":\"https:\\\/\\\/encompaniastj.org\\\/pt-pt\\\/#website\"},\"primaryImageOfPage\":{\"@id\":\"https:\\\/\\\/encompaniastj.org\\\/pt-pt\\\/bodas-de-ouro\\\/#primaryimage\"},\"image\":{\"@id\":\"https:\\\/\\\/encompaniastj.org\\\/pt-pt\\\/bodas-de-ouro\\\/#primaryimage\"},\"thumbnailUrl\":\"https:\\\/\\\/encompaniastj.org\\\/wp-content\\\/uploads\\\/2025\\\/05\\\/PHOTO-2024-01-12-22-08-26.jpg\",\"datePublished\":\"2024-01-23T09:17:56+00:00\",\"dateModified\":\"2025-07-07T14:24:52+00:00\",\"breadcrumb\":{\"@id\":\"https:\\\/\\\/encompaniastj.org\\\/pt-pt\\\/bodas-de-ouro\\\/#breadcrumb\"},\"inLanguage\":\"pt-PT\",\"potentialAction\":[{\"@type\":\"ReadAction\",\"target\":[\"https:\\\/\\\/encompaniastj.org\\\/pt-pt\\\/bodas-de-ouro\\\/\"]}]},{\"@type\":\"ImageObject\",\"inLanguage\":\"pt-PT\",\"@id\":\"https:\\\/\\\/encompaniastj.org\\\/pt-pt\\\/bodas-de-ouro\\\/#primaryimage\",\"url\":\"https:\\\/\\\/encompaniastj.org\\\/wp-content\\\/uploads\\\/2025\\\/05\\\/PHOTO-2024-01-12-22-08-26.jpg\",\"contentUrl\":\"https:\\\/\\\/encompaniastj.org\\\/wp-content\\\/uploads\\\/2025\\\/05\\\/PHOTO-2024-01-12-22-08-26.jpg\",\"width\":1600,\"height\":538},{\"@type\":\"BreadcrumbList\",\"@id\":\"https:\\\/\\\/encompaniastj.org\\\/pt-pt\\\/bodas-de-ouro\\\/#breadcrumb\",\"itemListElement\":[{\"@type\":\"ListItem\",\"position\":1,\"name\":\"Portada\",\"item\":\"https:\\\/\\\/encompaniastj.org\\\/pt-pt\\\/\"},{\"@type\":\"ListItem\",\"position\":2,\"name\":\"Bodas de Ouro da Irm\u00e3 M\u00aa \u00c1ngeles Garc\u00eda Montero\"}]},{\"@type\":\"WebSite\",\"@id\":\"https:\\\/\\\/encompaniastj.org\\\/pt-pt\\\/#website\",\"url\":\"https:\\\/\\\/encompaniastj.org\\\/pt-pt\\\/\",\"name\":\"En Compa\u00f1\u00eda STJ\",\"description\":\"Bolet\u00edn de la Compa\u00f1\u00eda de Santa Teresa de Jes\u00fas\",\"publisher\":{\"@id\":\"https:\\\/\\\/encompaniastj.org\\\/pt-pt\\\/#organization\"},\"potentialAction\":[{\"@type\":\"SearchAction\",\"target\":{\"@type\":\"EntryPoint\",\"urlTemplate\":\"https:\\\/\\\/encompaniastj.org\\\/pt-pt\\\/?s={search_term_string}\"},\"query-input\":{\"@type\":\"PropertyValueSpecification\",\"valueRequired\":true,\"valueName\":\"search_term_string\"}}],\"inLanguage\":\"pt-PT\"},{\"@type\":\"Organization\",\"@id\":\"https:\\\/\\\/encompaniastj.org\\\/pt-pt\\\/#organization\",\"name\":\"Compa\u00f1\u00eda de Santa Teresa de Jes\u00fas\",\"url\":\"https:\\\/\\\/encompaniastj.org\\\/pt-pt\\\/\",\"logo\":{\"@type\":\"ImageObject\",\"inLanguage\":\"pt-PT\",\"@id\":\"https:\\\/\\\/encompaniastj.org\\\/pt-pt\\\/#\\\/schema\\\/logo\\\/image\\\/\",\"url\":\"https:\\\/\\\/encompaniastj.org\\\/wp-content\\\/uploads\\\/2025\\\/04\\\/logo_provincias02-1-3.png\",\"contentUrl\":\"https:\\\/\\\/encompaniastj.org\\\/wp-content\\\/uploads\\\/2025\\\/04\\\/logo_provincias02-1-3.png\",\"width\":2368,\"height\":825,\"caption\":\"Compa\u00f1\u00eda de Santa Teresa de Jes\u00fas\"},\"image\":{\"@id\":\"https:\\\/\\\/encompaniastj.org\\\/pt-pt\\\/#\\\/schema\\\/logo\\\/image\\\/\"}},{\"@type\":\"Person\",\"@id\":\"https:\\\/\\\/encompaniastj.org\\\/pt-pt\\\/#\\\/schema\\\/person\\\/520e7ecc314793d40091993c2a02b651\",\"name\":\"admin\",\"image\":{\"@type\":\"ImageObject\",\"inLanguage\":\"pt-PT\",\"@id\":\"https:\\\/\\\/secure.gravatar.com\\\/avatar\\\/948b492cce32b586ac2db0eaa926ee87024f7afe218d73b397ea5ddfc5f43ea1?s=96&d=mm&r=g\",\"url\":\"https:\\\/\\\/secure.gravatar.com\\\/avatar\\\/948b492cce32b586ac2db0eaa926ee87024f7afe218d73b397ea5ddfc5f43ea1?s=96&d=mm&r=g\",\"contentUrl\":\"https:\\\/\\\/secure.gravatar.com\\\/avatar\\\/948b492cce32b586ac2db0eaa926ee87024f7afe218d73b397ea5ddfc5f43ea1?s=96&d=mm&r=g\",\"caption\":\"admin\"},\"sameAs\":[\"https:\\\/\\\/encompaniastj.org\"],\"url\":\"https:\\\/\\\/encompaniastj.org\\\/pt-pt\\\/author\\\/sjdigital\\\/\"}]}<\/script>\n<!-- \/ Yoast SEO plugin. -->","yoast_head_json":{"title":"Bodas de Ouro da Irm\u00e3 M\u00aa \u00c1ngeles Garc\u00eda Montero - En Compa\u00f1\u00eda STJ","robots":{"index":"index","follow":"follow","max-snippet":"max-snippet:-1","max-image-preview":"max-image-preview:large","max-video-preview":"max-video-preview:-1"},"canonical":"https:\/\/encompaniastj.org\/pt-pt\/bodas-de-ouro\/","og_locale":"pt_PT","og_type":"article","og_title":"Bodas de Ouro da Irm\u00e3 M\u00aa \u00c1ngeles Garc\u00eda Montero - En Compa\u00f1\u00eda STJ","og_description":"Madrid, 12 de janeiro de 2024 Quando percebi que se aproximavam os 50 anos da minha entrada na Companhia, comecei a pensar em como poderia agradecer a Deus pela sua [&hellip;]","og_url":"https:\/\/encompaniastj.org\/pt-pt\/bodas-de-ouro\/","og_site_name":"En Compa\u00f1\u00eda STJ","article_published_time":"2024-01-23T09:17:56+00:00","article_modified_time":"2025-07-07T14:24:52+00:00","og_image":[{"width":1600,"height":538,"url":"https:\/\/encompaniastj.org\/wp-content\/uploads\/2025\/05\/PHOTO-2024-01-12-22-08-26.jpg","type":"image\/jpeg"}],"author":"admin","twitter_card":"summary_large_image","twitter_misc":{"Escrito por":"admin","Tempo estimado de leitura":"3 minutos"},"schema":{"@context":"https:\/\/schema.org","@graph":[{"@type":"Article","@id":"https:\/\/encompaniastj.org\/pt-pt\/bodas-de-ouro\/#article","isPartOf":{"@id":"https:\/\/encompaniastj.org\/pt-pt\/bodas-de-ouro\/"},"author":{"name":"admin","@id":"https:\/\/encompaniastj.org\/pt-pt\/#\/schema\/person\/520e7ecc314793d40091993c2a02b651"},"headline":"Bodas de Ouro da Irm\u00e3 M\u00aa \u00c1ngeles Garc\u00eda Montero","datePublished":"2024-01-23T09:17:56+00:00","dateModified":"2025-07-07T14:24:52+00:00","mainEntityOfPage":{"@id":"https:\/\/encompaniastj.org\/pt-pt\/bodas-de-ouro\/"},"wordCount":366,"commentCount":0,"publisher":{"@id":"https:\/\/encompaniastj.org\/pt-pt\/#organization"},"image":{"@id":"https:\/\/encompaniastj.org\/pt-pt\/bodas-de-ouro\/#primaryimage"},"thumbnailUrl":"https:\/\/encompaniastj.org\/wp-content\/uploads\/2025\/05\/PHOTO-2024-01-12-22-08-26.jpg","articleSection":["Noticias","Outras"],"inLanguage":"pt-PT","potentialAction":[{"@type":"CommentAction","name":"Comment","target":["https:\/\/encompaniastj.org\/pt-pt\/bodas-de-ouro\/#respond"]}]},{"@type":"WebPage","@id":"https:\/\/encompaniastj.org\/pt-pt\/bodas-de-ouro\/","url":"https:\/\/encompaniastj.org\/pt-pt\/bodas-de-ouro\/","name":"Bodas de Ouro da Irm\u00e3 M\u00aa \u00c1ngeles Garc\u00eda Montero - En Compa\u00f1\u00eda STJ","isPartOf":{"@id":"https:\/\/encompaniastj.org\/pt-pt\/#website"},"primaryImageOfPage":{"@id":"https:\/\/encompaniastj.org\/pt-pt\/bodas-de-ouro\/#primaryimage"},"image":{"@id":"https:\/\/encompaniastj.org\/pt-pt\/bodas-de-ouro\/#primaryimage"},"thumbnailUrl":"https:\/\/encompaniastj.org\/wp-content\/uploads\/2025\/05\/PHOTO-2024-01-12-22-08-26.jpg","datePublished":"2024-01-23T09:17:56+00:00","dateModified":"2025-07-07T14:24:52+00:00","breadcrumb":{"@id":"https:\/\/encompaniastj.org\/pt-pt\/bodas-de-ouro\/#breadcrumb"},"inLanguage":"pt-PT","potentialAction":[{"@type":"ReadAction","target":["https:\/\/encompaniastj.org\/pt-pt\/bodas-de-ouro\/"]}]},{"@type":"ImageObject","inLanguage":"pt-PT","@id":"https:\/\/encompaniastj.org\/pt-pt\/bodas-de-ouro\/#primaryimage","url":"https:\/\/encompaniastj.org\/wp-content\/uploads\/2025\/05\/PHOTO-2024-01-12-22-08-26.jpg","contentUrl":"https:\/\/encompaniastj.org\/wp-content\/uploads\/2025\/05\/PHOTO-2024-01-12-22-08-26.jpg","width":1600,"height":538},{"@type":"BreadcrumbList","@id":"https:\/\/encompaniastj.org\/pt-pt\/bodas-de-ouro\/#breadcrumb","itemListElement":[{"@type":"ListItem","position":1,"name":"Portada","item":"https:\/\/encompaniastj.org\/pt-pt\/"},{"@type":"ListItem","position":2,"name":"Bodas de Ouro da Irm\u00e3 M\u00aa \u00c1ngeles Garc\u00eda Montero"}]},{"@type":"WebSite","@id":"https:\/\/encompaniastj.org\/pt-pt\/#website","url":"https:\/\/encompaniastj.org\/pt-pt\/","name":"En Compa\u00f1\u00eda STJ","description":"Bolet\u00edn de la Compa\u00f1\u00eda de Santa Teresa de Jes\u00fas","publisher":{"@id":"https:\/\/encompaniastj.org\/pt-pt\/#organization"},"potentialAction":[{"@type":"SearchAction","target":{"@type":"EntryPoint","urlTemplate":"https:\/\/encompaniastj.org\/pt-pt\/?s={search_term_string}"},"query-input":{"@type":"PropertyValueSpecification","valueRequired":true,"valueName":"search_term_string"}}],"inLanguage":"pt-PT"},{"@type":"Organization","@id":"https:\/\/encompaniastj.org\/pt-pt\/#organization","name":"Compa\u00f1\u00eda de Santa Teresa de Jes\u00fas","url":"https:\/\/encompaniastj.org\/pt-pt\/","logo":{"@type":"ImageObject","inLanguage":"pt-PT","@id":"https:\/\/encompaniastj.org\/pt-pt\/#\/schema\/logo\/image\/","url":"https:\/\/encompaniastj.org\/wp-content\/uploads\/2025\/04\/logo_provincias02-1-3.png","contentUrl":"https:\/\/encompaniastj.org\/wp-content\/uploads\/2025\/04\/logo_provincias02-1-3.png","width":2368,"height":825,"caption":"Compa\u00f1\u00eda de Santa Teresa de Jes\u00fas"},"image":{"@id":"https:\/\/encompaniastj.org\/pt-pt\/#\/schema\/logo\/image\/"}},{"@type":"Person","@id":"https:\/\/encompaniastj.org\/pt-pt\/#\/schema\/person\/520e7ecc314793d40091993c2a02b651","name":"admin","image":{"@type":"ImageObject","inLanguage":"pt-PT","@id":"https:\/\/secure.gravatar.com\/avatar\/948b492cce32b586ac2db0eaa926ee87024f7afe218d73b397ea5ddfc5f43ea1?s=96&d=mm&r=g","url":"https:\/\/secure.gravatar.com\/avatar\/948b492cce32b586ac2db0eaa926ee87024f7afe218d73b397ea5ddfc5f43ea1?s=96&d=mm&r=g","contentUrl":"https:\/\/secure.gravatar.com\/avatar\/948b492cce32b586ac2db0eaa926ee87024f7afe218d73b397ea5ddfc5f43ea1?s=96&d=mm&r=g","caption":"admin"},"sameAs":["https:\/\/encompaniastj.org"],"url":"https:\/\/encompaniastj.org\/pt-pt\/author\/sjdigital\/"}]}},"_links":{"self":[{"href":"https:\/\/encompaniastj.org\/pt-pt\/wp-json\/wp\/v2\/posts\/11874","targetHints":{"allow":["GET"]}}],"collection":[{"href":"https:\/\/encompaniastj.org\/pt-pt\/wp-json\/wp\/v2\/posts"}],"about":[{"href":"https:\/\/encompaniastj.org\/pt-pt\/wp-json\/wp\/v2\/types\/post"}],"author":[{"embeddable":true,"href":"https:\/\/encompaniastj.org\/pt-pt\/wp-json\/wp\/v2\/users\/1"}],"replies":[{"embeddable":true,"href":"https:\/\/encompaniastj.org\/pt-pt\/wp-json\/wp\/v2\/comments?post=11874"}],"version-history":[{"count":1,"href":"https:\/\/encompaniastj.org\/pt-pt\/wp-json\/wp\/v2\/posts\/11874\/revisions"}],"predecessor-version":[{"id":11875,"href":"https:\/\/encompaniastj.org\/pt-pt\/wp-json\/wp\/v2\/posts\/11874\/revisions\/11875"}],"wp:featuredmedia":[{"embeddable":true,"href":"https:\/\/encompaniastj.org\/pt-pt\/wp-json\/wp\/v2\/media\/8547"}],"wp:attachment":[{"href":"https:\/\/encompaniastj.org\/pt-pt\/wp-json\/wp\/v2\/media?parent=11874"}],"wp:term":[{"taxonomy":"category","embeddable":true,"href":"https:\/\/encompaniastj.org\/pt-pt\/wp-json\/wp\/v2\/categories?post=11874"},{"taxonomy":"post_tag","embeddable":true,"href":"https:\/\/encompaniastj.org\/pt-pt\/wp-json\/wp\/v2\/tags?post=11874"}],"curies":[{"name":"wp","href":"https:\/\/api.w.org\/{rel}","templated":true}]}}