{"id":11872,"date":"2024-01-15T10:59:26","date_gmt":"2024-01-15T09:59:26","guid":{"rendered":"https:\/\/encompaniastj.org\/encontro-com-as-carmelitas\/"},"modified":"2025-07-07T16:24:51","modified_gmt":"2025-07-07T14:24:51","slug":"encontro-com-as-carmelitas","status":"publish","type":"post","link":"https:\/\/encompaniastj.org\/pt-pt\/encontro-com-as-carmelitas\/","title":{"rendered":"Encontro com as Carmelitas"},"content":{"rendered":"<p>Como todos os anos tivemos um detalhe de Natal com as irm\u00e3s carmelitas que vivem em Toledo, no sop\u00e9 do Naranco, bem perto da nossa casa quando vamos a p\u00e9 e, um pouco mais longe, quando temos que ir no carro por causa do desvio que se tem que fazer.<\/p>\n<p>Desta vez convidaram-nos a passar uma tarde com elas, por isso fomos no dia 26 de dezembro. N\u00e3o t\u00ednhamos muita rela\u00e7\u00e3o com elas e n\u00e3o sabiamos muito bem como ia ser o encontro. Vimo-las no m\u00eas de outubro quando as acompanhamos no funeral de uma das irm\u00e3s e nesse momento fomos favoravelmente surpreendidas pelo \u00a0carinho com que a fam\u00edlia da falecida agradeceu\u00a0 \u00e0 comunidade por ter acolhido esta irm\u00e3, que tinha vivido pouco tempo aqui, pois provinha do mosteiro de Orense, que se tinha fechado.<\/p>\n<p>Encontramo-nos com treze monjas, algumas asturianas e outras castelhanas, bem como uma catal\u00e3, uma polaca e uma argentina. Faltava uma delas que nesse momento estava a refor\u00e7ar a comunidade de Alba de Tormes.<\/p>\n<p>Depois de nos apresentarmos, conversamos sobre muitos temas e gostamos da sua vis\u00e3o atual da realidade, especialmente sobre a quest\u00e3o da mulher e o seu papel na Igreja e nos mosteiros carmelitas. Diziam-nos que preferem visitadoras can\u00f3nicas mulheres e fizeram Exerc\u00edcios Espirituais \u00a0dinamizados por mulheres. A prioreza recordava como muito bons os que tinha feito sobre as Moradas com Chus Sanz.<\/p>\n<p>Maria, uma das mais velhas, \u00e9 vivaz, alegre, interessada em todos os assuntos. As outras tamb\u00e9m s\u00e3o, mas essa mulher destacou-se pela sua inquieta\u00e7\u00e3o, tanto que pediu que as fotos que tiramos fossem enviadas para o correio da comunidade para que as pudessem ver. Tamb\u00e9m as enviamos via WhatsApp para que pudessem partilh\u00e1-las com as outras comunidades da federa\u00e7\u00e3o.<\/p>\n<p>Qualquer not\u00edcia que tenham \u00e9-lhes comunicada desta forma, como n\u00e3o pode ser de outra maneira.<\/p>\n<p>E lanchamos com elas. Um caf\u00e9 com os seus doces artesanais. Nestes dias estavam atarefadas pois em Oviedo, no mercado de natal, tinham umas bancas de doces conventuais, supervisados pela Funda\u00e7\u00e3o Contemplare. A venda estava a ter muito \u00eaxito, coisa que lhes convinha muito bem, e estavam atarefadas.<\/p>\n<p>Como se pode ver na imagem, n\u00e3o houve separa\u00e7\u00e3o. Primeiro a mesa estava posta para o lanche, mas quando conversamos sobre a foto, elas calmamente pediram-nos para ir com elas.<\/p>\n<p>Al\u00e9m de um momento agrad\u00e1vel, foi bom descobri-las como pessoas pr\u00f3ximas, acolhedoras e realistas. Um detalhe que nos chamou a aten\u00e7\u00e3o foi como falavam das &#8220;outras&#8221; carmelitas, referindo-se a elas, com muito respeito, como as das Constitui\u00e7\u00f5es de 1990. Disseram-nos tamb\u00e9m que t\u00eam a quinta funda\u00e7\u00e3o, Toledo, em usufruto, para que n\u00e3o feche. E Elsa, a prioresa daqui, contou como tinha convivido com elas durante alguns dias. Pequenos detalhes da sinodalidade em que todos temos muito a fazer. E que estas carmelitas tamb\u00e9m vivam assim.<\/p>\n<p>Se vos recordardes pedi por elas e pelas suas inten\u00e7\u00f5es.<\/p>\n","protected":false},"excerpt":{"rendered":"<p>Como todos os anos tivemos um detalhe de Natal com as irm\u00e3s carmelitas que vivem em Toledo, no sop\u00e9 do Naranco, bem perto da nossa casa quando vamos a p\u00e9 [&hellip;]<\/p>\n","protected":false},"author":1,"featured_media":8544,"comment_status":"open","ping_status":"open","sticky":false,"template":"","format":"standard","meta":{"_acf_changed":false,"footnotes":""},"categories":[61,62,68],"tags":[],"class_list":["post-11872","post","type-post","status-publish","format-standard","has-post-thumbnail","hentry","category-noticias","category-otras","category-outras"],"acf":[],"yoast_head":"<!-- This site is optimized with the Yoast SEO plugin v27.5 - https:\/\/yoast.com\/product\/yoast-seo-wordpress\/ -->\n<title>Encontro com as Carmelitas - En Compa\u00f1\u00eda STJ<\/title>\n<meta name=\"robots\" content=\"index, follow, max-snippet:-1, max-image-preview:large, max-video-preview:-1\" \/>\n<link rel=\"canonical\" href=\"https:\/\/encompaniastj.org\/pt-pt\/encontro-com-as-carmelitas\/\" \/>\n<meta property=\"og:locale\" content=\"pt_PT\" \/>\n<meta property=\"og:type\" content=\"article\" \/>\n<meta property=\"og:title\" content=\"Encontro com as Carmelitas - En Compa\u00f1\u00eda STJ\" \/>\n<meta property=\"og:description\" content=\"Como todos os anos tivemos um detalhe de Natal com as irm\u00e3s carmelitas que vivem em Toledo, no sop\u00e9 do Naranco, bem perto da nossa casa quando vamos a p\u00e9 [&hellip;]\" \/>\n<meta property=\"og:url\" content=\"https:\/\/encompaniastj.org\/pt-pt\/encontro-com-as-carmelitas\/\" \/>\n<meta property=\"og:site_name\" content=\"En Compa\u00f1\u00eda STJ\" \/>\n<meta property=\"article:published_time\" content=\"2024-01-15T09:59:26+00:00\" \/>\n<meta property=\"article:modified_time\" content=\"2025-07-07T14:24:51+00:00\" \/>\n<meta property=\"og:image\" content=\"https:\/\/encompaniastj.org\/wp-content\/uploads\/2025\/05\/IMG_20231226_183745-scaled-1.jpg\" \/>\n\t<meta property=\"og:image:width\" content=\"2560\" \/>\n\t<meta property=\"og:image:height\" content=\"1916\" \/>\n\t<meta property=\"og:image:type\" content=\"image\/jpeg\" \/>\n<meta name=\"author\" content=\"admin\" \/>\n<meta name=\"twitter:card\" content=\"summary_large_image\" \/>\n<meta name=\"twitter:label1\" content=\"Escrito por\" \/>\n\t<meta name=\"twitter:data1\" content=\"admin\" \/>\n\t<meta name=\"twitter:label2\" content=\"Tempo estimado de leitura\" \/>\n\t<meta name=\"twitter:data2\" content=\"3 minutos\" \/>\n<script type=\"application\/ld+json\" class=\"yoast-schema-graph\">{\"@context\":\"https:\\\/\\\/schema.org\",\"@graph\":[{\"@type\":\"Article\",\"@id\":\"https:\\\/\\\/encompaniastj.org\\\/pt-pt\\\/encontro-com-as-carmelitas\\\/#article\",\"isPartOf\":{\"@id\":\"https:\\\/\\\/encompaniastj.org\\\/pt-pt\\\/encontro-com-as-carmelitas\\\/\"},\"author\":{\"name\":\"admin\",\"@id\":\"https:\\\/\\\/encompaniastj.org\\\/pt-pt\\\/#\\\/schema\\\/person\\\/520e7ecc314793d40091993c2a02b651\"},\"headline\":\"Encontro com as Carmelitas\",\"datePublished\":\"2024-01-15T09:59:26+00:00\",\"dateModified\":\"2025-07-07T14:24:51+00:00\",\"mainEntityOfPage\":{\"@id\":\"https:\\\/\\\/encompaniastj.org\\\/pt-pt\\\/encontro-com-as-carmelitas\\\/\"},\"wordCount\":511,\"commentCount\":0,\"publisher\":{\"@id\":\"https:\\\/\\\/encompaniastj.org\\\/pt-pt\\\/#organization\"},\"image\":{\"@id\":\"https:\\\/\\\/encompaniastj.org\\\/pt-pt\\\/encontro-com-as-carmelitas\\\/#primaryimage\"},\"thumbnailUrl\":\"https:\\\/\\\/encompaniastj.org\\\/wp-content\\\/uploads\\\/2025\\\/05\\\/IMG_20231226_183745-scaled-1.jpg\",\"articleSection\":[\"Noticias\",\"Otras\",\"Outras\"],\"inLanguage\":\"pt-PT\",\"potentialAction\":[{\"@type\":\"CommentAction\",\"name\":\"Comment\",\"target\":[\"https:\\\/\\\/encompaniastj.org\\\/pt-pt\\\/encontro-com-as-carmelitas\\\/#respond\"]}]},{\"@type\":\"WebPage\",\"@id\":\"https:\\\/\\\/encompaniastj.org\\\/pt-pt\\\/encontro-com-as-carmelitas\\\/\",\"url\":\"https:\\\/\\\/encompaniastj.org\\\/pt-pt\\\/encontro-com-as-carmelitas\\\/\",\"name\":\"Encontro com as Carmelitas - En Compa\u00f1\u00eda STJ\",\"isPartOf\":{\"@id\":\"https:\\\/\\\/encompaniastj.org\\\/pt-pt\\\/#website\"},\"primaryImageOfPage\":{\"@id\":\"https:\\\/\\\/encompaniastj.org\\\/pt-pt\\\/encontro-com-as-carmelitas\\\/#primaryimage\"},\"image\":{\"@id\":\"https:\\\/\\\/encompaniastj.org\\\/pt-pt\\\/encontro-com-as-carmelitas\\\/#primaryimage\"},\"thumbnailUrl\":\"https:\\\/\\\/encompaniastj.org\\\/wp-content\\\/uploads\\\/2025\\\/05\\\/IMG_20231226_183745-scaled-1.jpg\",\"datePublished\":\"2024-01-15T09:59:26+00:00\",\"dateModified\":\"2025-07-07T14:24:51+00:00\",\"breadcrumb\":{\"@id\":\"https:\\\/\\\/encompaniastj.org\\\/pt-pt\\\/encontro-com-as-carmelitas\\\/#breadcrumb\"},\"inLanguage\":\"pt-PT\",\"potentialAction\":[{\"@type\":\"ReadAction\",\"target\":[\"https:\\\/\\\/encompaniastj.org\\\/pt-pt\\\/encontro-com-as-carmelitas\\\/\"]}]},{\"@type\":\"ImageObject\",\"inLanguage\":\"pt-PT\",\"@id\":\"https:\\\/\\\/encompaniastj.org\\\/pt-pt\\\/encontro-com-as-carmelitas\\\/#primaryimage\",\"url\":\"https:\\\/\\\/encompaniastj.org\\\/wp-content\\\/uploads\\\/2025\\\/05\\\/IMG_20231226_183745-scaled-1.jpg\",\"contentUrl\":\"https:\\\/\\\/encompaniastj.org\\\/wp-content\\\/uploads\\\/2025\\\/05\\\/IMG_20231226_183745-scaled-1.jpg\",\"width\":2560,\"height\":1916},{\"@type\":\"BreadcrumbList\",\"@id\":\"https:\\\/\\\/encompaniastj.org\\\/pt-pt\\\/encontro-com-as-carmelitas\\\/#breadcrumb\",\"itemListElement\":[{\"@type\":\"ListItem\",\"position\":1,\"name\":\"Portada\",\"item\":\"https:\\\/\\\/encompaniastj.org\\\/pt-pt\\\/\"},{\"@type\":\"ListItem\",\"position\":2,\"name\":\"Encontro com as Carmelitas\"}]},{\"@type\":\"WebSite\",\"@id\":\"https:\\\/\\\/encompaniastj.org\\\/pt-pt\\\/#website\",\"url\":\"https:\\\/\\\/encompaniastj.org\\\/pt-pt\\\/\",\"name\":\"En Compa\u00f1\u00eda STJ\",\"description\":\"Bolet\u00edn de la Compa\u00f1\u00eda de Santa Teresa de Jes\u00fas\",\"publisher\":{\"@id\":\"https:\\\/\\\/encompaniastj.org\\\/pt-pt\\\/#organization\"},\"potentialAction\":[{\"@type\":\"SearchAction\",\"target\":{\"@type\":\"EntryPoint\",\"urlTemplate\":\"https:\\\/\\\/encompaniastj.org\\\/pt-pt\\\/?s={search_term_string}\"},\"query-input\":{\"@type\":\"PropertyValueSpecification\",\"valueRequired\":true,\"valueName\":\"search_term_string\"}}],\"inLanguage\":\"pt-PT\"},{\"@type\":\"Organization\",\"@id\":\"https:\\\/\\\/encompaniastj.org\\\/pt-pt\\\/#organization\",\"name\":\"Compa\u00f1\u00eda de Santa Teresa de Jes\u00fas\",\"url\":\"https:\\\/\\\/encompaniastj.org\\\/pt-pt\\\/\",\"logo\":{\"@type\":\"ImageObject\",\"inLanguage\":\"pt-PT\",\"@id\":\"https:\\\/\\\/encompaniastj.org\\\/pt-pt\\\/#\\\/schema\\\/logo\\\/image\\\/\",\"url\":\"https:\\\/\\\/encompaniastj.org\\\/wp-content\\\/uploads\\\/2025\\\/04\\\/logo_provincias02-1-3.png\",\"contentUrl\":\"https:\\\/\\\/encompaniastj.org\\\/wp-content\\\/uploads\\\/2025\\\/04\\\/logo_provincias02-1-3.png\",\"width\":2368,\"height\":825,\"caption\":\"Compa\u00f1\u00eda de Santa Teresa de Jes\u00fas\"},\"image\":{\"@id\":\"https:\\\/\\\/encompaniastj.org\\\/pt-pt\\\/#\\\/schema\\\/logo\\\/image\\\/\"}},{\"@type\":\"Person\",\"@id\":\"https:\\\/\\\/encompaniastj.org\\\/pt-pt\\\/#\\\/schema\\\/person\\\/520e7ecc314793d40091993c2a02b651\",\"name\":\"admin\",\"image\":{\"@type\":\"ImageObject\",\"inLanguage\":\"pt-PT\",\"@id\":\"https:\\\/\\\/secure.gravatar.com\\\/avatar\\\/948b492cce32b586ac2db0eaa926ee87024f7afe218d73b397ea5ddfc5f43ea1?s=96&d=mm&r=g\",\"url\":\"https:\\\/\\\/secure.gravatar.com\\\/avatar\\\/948b492cce32b586ac2db0eaa926ee87024f7afe218d73b397ea5ddfc5f43ea1?s=96&d=mm&r=g\",\"contentUrl\":\"https:\\\/\\\/secure.gravatar.com\\\/avatar\\\/948b492cce32b586ac2db0eaa926ee87024f7afe218d73b397ea5ddfc5f43ea1?s=96&d=mm&r=g\",\"caption\":\"admin\"},\"sameAs\":[\"https:\\\/\\\/encompaniastj.org\"],\"url\":\"https:\\\/\\\/encompaniastj.org\\\/pt-pt\\\/author\\\/sjdigital\\\/\"}]}<\/script>\n<!-- \/ Yoast SEO plugin. -->","yoast_head_json":{"title":"Encontro com as Carmelitas - En Compa\u00f1\u00eda STJ","robots":{"index":"index","follow":"follow","max-snippet":"max-snippet:-1","max-image-preview":"max-image-preview:large","max-video-preview":"max-video-preview:-1"},"canonical":"https:\/\/encompaniastj.org\/pt-pt\/encontro-com-as-carmelitas\/","og_locale":"pt_PT","og_type":"article","og_title":"Encontro com as Carmelitas - En Compa\u00f1\u00eda STJ","og_description":"Como todos os anos tivemos um detalhe de Natal com as irm\u00e3s carmelitas que vivem em Toledo, no sop\u00e9 do Naranco, bem perto da nossa casa quando vamos a p\u00e9 [&hellip;]","og_url":"https:\/\/encompaniastj.org\/pt-pt\/encontro-com-as-carmelitas\/","og_site_name":"En Compa\u00f1\u00eda STJ","article_published_time":"2024-01-15T09:59:26+00:00","article_modified_time":"2025-07-07T14:24:51+00:00","og_image":[{"width":2560,"height":1916,"url":"https:\/\/encompaniastj.org\/wp-content\/uploads\/2025\/05\/IMG_20231226_183745-scaled-1.jpg","type":"image\/jpeg"}],"author":"admin","twitter_card":"summary_large_image","twitter_misc":{"Escrito por":"admin","Tempo estimado de leitura":"3 minutos"},"schema":{"@context":"https:\/\/schema.org","@graph":[{"@type":"Article","@id":"https:\/\/encompaniastj.org\/pt-pt\/encontro-com-as-carmelitas\/#article","isPartOf":{"@id":"https:\/\/encompaniastj.org\/pt-pt\/encontro-com-as-carmelitas\/"},"author":{"name":"admin","@id":"https:\/\/encompaniastj.org\/pt-pt\/#\/schema\/person\/520e7ecc314793d40091993c2a02b651"},"headline":"Encontro com as Carmelitas","datePublished":"2024-01-15T09:59:26+00:00","dateModified":"2025-07-07T14:24:51+00:00","mainEntityOfPage":{"@id":"https:\/\/encompaniastj.org\/pt-pt\/encontro-com-as-carmelitas\/"},"wordCount":511,"commentCount":0,"publisher":{"@id":"https:\/\/encompaniastj.org\/pt-pt\/#organization"},"image":{"@id":"https:\/\/encompaniastj.org\/pt-pt\/encontro-com-as-carmelitas\/#primaryimage"},"thumbnailUrl":"https:\/\/encompaniastj.org\/wp-content\/uploads\/2025\/05\/IMG_20231226_183745-scaled-1.jpg","articleSection":["Noticias","Otras","Outras"],"inLanguage":"pt-PT","potentialAction":[{"@type":"CommentAction","name":"Comment","target":["https:\/\/encompaniastj.org\/pt-pt\/encontro-com-as-carmelitas\/#respond"]}]},{"@type":"WebPage","@id":"https:\/\/encompaniastj.org\/pt-pt\/encontro-com-as-carmelitas\/","url":"https:\/\/encompaniastj.org\/pt-pt\/encontro-com-as-carmelitas\/","name":"Encontro com as Carmelitas - En Compa\u00f1\u00eda STJ","isPartOf":{"@id":"https:\/\/encompaniastj.org\/pt-pt\/#website"},"primaryImageOfPage":{"@id":"https:\/\/encompaniastj.org\/pt-pt\/encontro-com-as-carmelitas\/#primaryimage"},"image":{"@id":"https:\/\/encompaniastj.org\/pt-pt\/encontro-com-as-carmelitas\/#primaryimage"},"thumbnailUrl":"https:\/\/encompaniastj.org\/wp-content\/uploads\/2025\/05\/IMG_20231226_183745-scaled-1.jpg","datePublished":"2024-01-15T09:59:26+00:00","dateModified":"2025-07-07T14:24:51+00:00","breadcrumb":{"@id":"https:\/\/encompaniastj.org\/pt-pt\/encontro-com-as-carmelitas\/#breadcrumb"},"inLanguage":"pt-PT","potentialAction":[{"@type":"ReadAction","target":["https:\/\/encompaniastj.org\/pt-pt\/encontro-com-as-carmelitas\/"]}]},{"@type":"ImageObject","inLanguage":"pt-PT","@id":"https:\/\/encompaniastj.org\/pt-pt\/encontro-com-as-carmelitas\/#primaryimage","url":"https:\/\/encompaniastj.org\/wp-content\/uploads\/2025\/05\/IMG_20231226_183745-scaled-1.jpg","contentUrl":"https:\/\/encompaniastj.org\/wp-content\/uploads\/2025\/05\/IMG_20231226_183745-scaled-1.jpg","width":2560,"height":1916},{"@type":"BreadcrumbList","@id":"https:\/\/encompaniastj.org\/pt-pt\/encontro-com-as-carmelitas\/#breadcrumb","itemListElement":[{"@type":"ListItem","position":1,"name":"Portada","item":"https:\/\/encompaniastj.org\/pt-pt\/"},{"@type":"ListItem","position":2,"name":"Encontro com as Carmelitas"}]},{"@type":"WebSite","@id":"https:\/\/encompaniastj.org\/pt-pt\/#website","url":"https:\/\/encompaniastj.org\/pt-pt\/","name":"En Compa\u00f1\u00eda STJ","description":"Bolet\u00edn de la Compa\u00f1\u00eda de Santa Teresa de Jes\u00fas","publisher":{"@id":"https:\/\/encompaniastj.org\/pt-pt\/#organization"},"potentialAction":[{"@type":"SearchAction","target":{"@type":"EntryPoint","urlTemplate":"https:\/\/encompaniastj.org\/pt-pt\/?s={search_term_string}"},"query-input":{"@type":"PropertyValueSpecification","valueRequired":true,"valueName":"search_term_string"}}],"inLanguage":"pt-PT"},{"@type":"Organization","@id":"https:\/\/encompaniastj.org\/pt-pt\/#organization","name":"Compa\u00f1\u00eda de Santa Teresa de Jes\u00fas","url":"https:\/\/encompaniastj.org\/pt-pt\/","logo":{"@type":"ImageObject","inLanguage":"pt-PT","@id":"https:\/\/encompaniastj.org\/pt-pt\/#\/schema\/logo\/image\/","url":"https:\/\/encompaniastj.org\/wp-content\/uploads\/2025\/04\/logo_provincias02-1-3.png","contentUrl":"https:\/\/encompaniastj.org\/wp-content\/uploads\/2025\/04\/logo_provincias02-1-3.png","width":2368,"height":825,"caption":"Compa\u00f1\u00eda de Santa Teresa de Jes\u00fas"},"image":{"@id":"https:\/\/encompaniastj.org\/pt-pt\/#\/schema\/logo\/image\/"}},{"@type":"Person","@id":"https:\/\/encompaniastj.org\/pt-pt\/#\/schema\/person\/520e7ecc314793d40091993c2a02b651","name":"admin","image":{"@type":"ImageObject","inLanguage":"pt-PT","@id":"https:\/\/secure.gravatar.com\/avatar\/948b492cce32b586ac2db0eaa926ee87024f7afe218d73b397ea5ddfc5f43ea1?s=96&d=mm&r=g","url":"https:\/\/secure.gravatar.com\/avatar\/948b492cce32b586ac2db0eaa926ee87024f7afe218d73b397ea5ddfc5f43ea1?s=96&d=mm&r=g","contentUrl":"https:\/\/secure.gravatar.com\/avatar\/948b492cce32b586ac2db0eaa926ee87024f7afe218d73b397ea5ddfc5f43ea1?s=96&d=mm&r=g","caption":"admin"},"sameAs":["https:\/\/encompaniastj.org"],"url":"https:\/\/encompaniastj.org\/pt-pt\/author\/sjdigital\/"}]}},"_links":{"self":[{"href":"https:\/\/encompaniastj.org\/pt-pt\/wp-json\/wp\/v2\/posts\/11872","targetHints":{"allow":["GET"]}}],"collection":[{"href":"https:\/\/encompaniastj.org\/pt-pt\/wp-json\/wp\/v2\/posts"}],"about":[{"href":"https:\/\/encompaniastj.org\/pt-pt\/wp-json\/wp\/v2\/types\/post"}],"author":[{"embeddable":true,"href":"https:\/\/encompaniastj.org\/pt-pt\/wp-json\/wp\/v2\/users\/1"}],"replies":[{"embeddable":true,"href":"https:\/\/encompaniastj.org\/pt-pt\/wp-json\/wp\/v2\/comments?post=11872"}],"version-history":[{"count":1,"href":"https:\/\/encompaniastj.org\/pt-pt\/wp-json\/wp\/v2\/posts\/11872\/revisions"}],"predecessor-version":[{"id":11873,"href":"https:\/\/encompaniastj.org\/pt-pt\/wp-json\/wp\/v2\/posts\/11872\/revisions\/11873"}],"wp:featuredmedia":[{"embeddable":true,"href":"https:\/\/encompaniastj.org\/pt-pt\/wp-json\/wp\/v2\/media\/8544"}],"wp:attachment":[{"href":"https:\/\/encompaniastj.org\/pt-pt\/wp-json\/wp\/v2\/media?parent=11872"}],"wp:term":[{"taxonomy":"category","embeddable":true,"href":"https:\/\/encompaniastj.org\/pt-pt\/wp-json\/wp\/v2\/categories?post=11872"},{"taxonomy":"post_tag","embeddable":true,"href":"https:\/\/encompaniastj.org\/pt-pt\/wp-json\/wp\/v2\/tags?post=11872"}],"curies":[{"name":"wp","href":"https:\/\/api.w.org\/{rel}","templated":true}]}}