{"id":11826,"date":"2023-11-28T13:02:12","date_gmt":"2023-11-28T12:02:12","guid":{"rendered":"https:\/\/encompaniastj.org\/dois-reconhecimentos-para-agradecer-a-deus\/"},"modified":"2025-07-07T16:24:47","modified_gmt":"2025-07-07T14:24:47","slug":"dois-reconhecimentos-para-agradecer-a-deus","status":"publish","type":"post","link":"https:\/\/encompaniastj.org\/pt-pt\/dois-reconhecimentos-para-agradecer-a-deus\/","title":{"rendered":"Dois \u201creconhecimentos\u201d para agradecer a Deus"},"content":{"rendered":"<p>Qualquer uma das a\u00e7\u00f5es, atua\u00e7\u00f5es e projetos de uma Irm\u00e3 da Companhia de Santa Teresa de Jesus \u00e9 a\u00e7\u00e3o, atua\u00e7\u00e3o e projeto de toda a Companhia. \u00c9 por isso que todas podemos participar nestes acontecimentos.<\/p>\n<p>Ultimamente \u2013 talvez no final de uma carreira \u2013 ou seja, dos meus \u00faltimos ou pen\u00faltimos anos, fui premiada, elogiada e considerado. Gra\u00e7as a Deus, isso me surpreendeu numa idade em que se v\u00ea claramente a verdade de In\u00e1cio de Loyola de que \u201cn\u00e3o somos melhores quando nos elogiam, nem piores quando nos insultam\u201d.<\/p>\n<p>De qualquer forma, a minha posi\u00e7\u00e3o \u00e9 a de agradecer a Deus e \u00e0s minhas irm\u00e3s por esses momentos. A Deus porque tudo depende Dele e para Ele retorna. E \u00e0s minhas irm\u00e3s porque sempre me senti parte da comunidade e em Seu nome a recebi.<\/p>\n<p>O primeiro foi o inesperado pr\u00e9mio da ONCE ao servi\u00e7o social que me deu a oportunidade de conhecer o louv\u00e1vel trabalho desta institui\u00e7\u00e3o que \u00e9 apenas dois anos mais nova que eu, pois nasceu em 1938.<\/p>\n<p>Uma linda festa onde algumas Irm\u00e3s da Companhia puderam participar e daqui agrade\u00e7o a presen\u00e7a.<\/p>\n<p>E agora a inaugura\u00e7\u00e3o da \u201cFunda\u00e7\u00e3o Viqui Molins\u201d na qual se perpetuar\u00e1 um trabalho precioso que muito valorizo, como os chamados \u201cApartamentos de Oportunidades\u201d para jovens em situa\u00e7\u00e3o de risco. Lembro-me das palavras da Irm\u00e3 Genoveva Massip, uma Irm\u00e3 da Caridade que sempre digo que foi minha \u201cprofessora de <em>tendresa<\/em>\u201d (ternura, em portugu\u00eas) e, quando estava prestes a morrer, perguntou-me: \u201cViqui, quando eu morrer, tu continuar\u00e1s com os nossos?&#8221; \u201cE muito\u201d, respondi-lhe.<\/p>\n<p>Agora posso dizer que, gra\u00e7as \u00e0 Funda\u00e7\u00e3o que acaba de nascer \u2013 Funda\u00e7\u00e3o Viqui Molins \u2013 poderei continuar depois que o Senhor me chamar. Quando me disseram que iriam cri\u00e1-la, n\u00e3o queria acreditar nem me parecia oportuna. Mas esse pensamento de continuar depois de ir para o Pai encorajou-me a aceit\u00e1-lo.<\/p>\n<p>Ontem esta Funda\u00e7\u00e3o foi apresentada em Santa Anna, numa igreja cheia de gente e sobretudo com a alegria de me sentir rodeada num determinado momento de jovens que nestes momento ou estavam a desfrutar dos \u201capartamentos de oportunidades\u201d ou j\u00e1 tinha passado por eles e obtiveram a sua legaliza\u00e7\u00e3o, autoriza\u00e7\u00e3o de trabalho e o pr\u00f3prio emprego.<\/p>\n<p>Foi um lindo evento no qual pude desfrutar tamb\u00e9m da presen\u00e7a das minhas irm\u00e3s da Comunidade e das formosas palavras de Ana Cifri\u00e1n que falou sobre nossos anos no Raval, e as de Tere Torres nossa Coordenadora, que falou em nome da Companhia de Santa Teresa, dando-me assim a maior alegria. Tudo o que sou, o que fa\u00e7o \u2013 reconhecido ou n\u00e3o \u2013 fa\u00e7o-o por Jesus, pelo Evangelho e pela Companhia. E foi assim que sempre me senti.<\/p>\n<p>Por isso, quando me apresentam nos meios de comunica\u00e7\u00e3o social sempre exijo esse apelido, \u201cfreira teresiana\u201d, como costumam dizer para a compreens\u00e3o das pessoas.<\/p>\n<p>As fotos que envio de ambos os eventos mostram a necessidade de dar gra\u00e7as a Deus que \u00e9 quem age em n\u00f3s e connosco. E agrade\u00e7o do fundo do cora\u00e7\u00e3o o dom que me \u00e9 dado todos os dias de estar com os vulner\u00e1veis \u200b\u200bt\u00e3o amados por Jesus e pela Companhia de Santa Teresa de Jesus em nome da qual da qual atuo. (Vict\u00f3ria Molins)<\/p>\n<p><img loading=\"lazy\" decoding=\"async\" class=\"aligncenter wp-image-12043\" src=\"https:\/\/encompaniastj.org\/wp-content\/uploads\/2025\/05\/IMG-20231122-WA0012-1.jpg\" alt=\"\" width=\"500\" height=\"375\" \/><\/p>\n<p><img loading=\"lazy\" decoding=\"async\" class=\"aligncenter wp-image-12039 size-full\" src=\"https:\/\/encompaniastj.org\/wp-content\/uploads\/2025\/05\/c4-3.png\" alt=\"\" width=\"500\" height=\"500\" \/><\/p>\n<p><img loading=\"lazy\" decoding=\"async\" class=\"aligncenter wp-image-12037 size-full\" src=\"https:\/\/encompaniastj.org\/wp-content\/uploads\/2025\/05\/c2-5.png\" alt=\"\" width=\"500\" height=\"500\" \/><\/p>\n<p>&nbsp;<\/p>\n","protected":false},"excerpt":{"rendered":"<p>Qualquer uma das a\u00e7\u00f5es, atua\u00e7\u00f5es e projetos de uma Irm\u00e3 da Companhia de Santa Teresa de Jesus \u00e9 a\u00e7\u00e3o, atua\u00e7\u00e3o e projeto de toda a Companhia. \u00c9 por isso que [&hellip;]<\/p>\n","protected":false},"author":1,"featured_media":8518,"comment_status":"open","ping_status":"open","sticky":false,"template":"","format":"standard","meta":{"_acf_changed":false,"footnotes":""},"categories":[61,62,68],"tags":[],"class_list":["post-11826","post","type-post","status-publish","format-standard","has-post-thumbnail","hentry","category-noticias","category-otras","category-outras"],"acf":[],"yoast_head":"<!-- This site is optimized with the Yoast SEO plugin v27.5 - https:\/\/yoast.com\/product\/yoast-seo-wordpress\/ -->\n<title>Dois \u201creconhecimentos\u201d para agradecer a Deus - En Compa\u00f1\u00eda STJ<\/title>\n<meta name=\"robots\" content=\"index, follow, max-snippet:-1, max-image-preview:large, max-video-preview:-1\" \/>\n<link rel=\"canonical\" href=\"https:\/\/encompaniastj.org\/pt-pt\/dois-reconhecimentos-para-agradecer-a-deus\/\" \/>\n<meta property=\"og:locale\" content=\"pt_PT\" \/>\n<meta property=\"og:type\" content=\"article\" \/>\n<meta property=\"og:title\" content=\"Dois \u201creconhecimentos\u201d para agradecer a Deus - En Compa\u00f1\u00eda STJ\" \/>\n<meta property=\"og:description\" content=\"Qualquer uma das a\u00e7\u00f5es, atua\u00e7\u00f5es e projetos de uma Irm\u00e3 da Companhia de Santa Teresa de Jesus \u00e9 a\u00e7\u00e3o, atua\u00e7\u00e3o e projeto de toda a Companhia. \u00c9 por isso que [&hellip;]\" \/>\n<meta property=\"og:url\" content=\"https:\/\/encompaniastj.org\/pt-pt\/dois-reconhecimentos-para-agradecer-a-deus\/\" \/>\n<meta property=\"og:site_name\" content=\"En Compa\u00f1\u00eda STJ\" \/>\n<meta property=\"article:published_time\" content=\"2023-11-28T12:02:12+00:00\" \/>\n<meta property=\"article:modified_time\" content=\"2025-07-07T14:24:47+00:00\" \/>\n<meta property=\"og:image\" content=\"https:\/\/encompaniastj.org\/wp-content\/uploads\/2025\/05\/IMG_20231121_202319-scaled-1.jpg\" \/>\n\t<meta property=\"og:image:width\" content=\"2560\" \/>\n\t<meta property=\"og:image:height\" content=\"1153\" \/>\n\t<meta property=\"og:image:type\" content=\"image\/jpeg\" \/>\n<meta name=\"author\" content=\"admin\" \/>\n<meta name=\"twitter:card\" content=\"summary_large_image\" \/>\n<meta name=\"twitter:label1\" content=\"Escrito por\" \/>\n\t<meta name=\"twitter:data1\" content=\"admin\" \/>\n\t<meta name=\"twitter:label2\" content=\"Tempo estimado de leitura\" \/>\n\t<meta name=\"twitter:data2\" content=\"4 minutos\" \/>\n<script type=\"application\/ld+json\" class=\"yoast-schema-graph\">{\"@context\":\"https:\\\/\\\/schema.org\",\"@graph\":[{\"@type\":\"Article\",\"@id\":\"https:\\\/\\\/encompaniastj.org\\\/pt-pt\\\/dois-reconhecimentos-para-agradecer-a-deus\\\/#article\",\"isPartOf\":{\"@id\":\"https:\\\/\\\/encompaniastj.org\\\/pt-pt\\\/dois-reconhecimentos-para-agradecer-a-deus\\\/\"},\"author\":{\"name\":\"admin\",\"@id\":\"https:\\\/\\\/encompaniastj.org\\\/pt-pt\\\/#\\\/schema\\\/person\\\/520e7ecc314793d40091993c2a02b651\"},\"headline\":\"Dois \u201creconhecimentos\u201d para agradecer a Deus\",\"datePublished\":\"2023-11-28T12:02:12+00:00\",\"dateModified\":\"2025-07-07T14:24:47+00:00\",\"mainEntityOfPage\":{\"@id\":\"https:\\\/\\\/encompaniastj.org\\\/pt-pt\\\/dois-reconhecimentos-para-agradecer-a-deus\\\/\"},\"wordCount\":574,\"commentCount\":0,\"publisher\":{\"@id\":\"https:\\\/\\\/encompaniastj.org\\\/pt-pt\\\/#organization\"},\"image\":{\"@id\":\"https:\\\/\\\/encompaniastj.org\\\/pt-pt\\\/dois-reconhecimentos-para-agradecer-a-deus\\\/#primaryimage\"},\"thumbnailUrl\":\"https:\\\/\\\/encompaniastj.org\\\/wp-content\\\/uploads\\\/2025\\\/05\\\/IMG_20231121_202319-scaled-1.jpg\",\"articleSection\":[\"Noticias\",\"Otras\",\"Outras\"],\"inLanguage\":\"pt-PT\",\"potentialAction\":[{\"@type\":\"CommentAction\",\"name\":\"Comment\",\"target\":[\"https:\\\/\\\/encompaniastj.org\\\/pt-pt\\\/dois-reconhecimentos-para-agradecer-a-deus\\\/#respond\"]}]},{\"@type\":\"WebPage\",\"@id\":\"https:\\\/\\\/encompaniastj.org\\\/pt-pt\\\/dois-reconhecimentos-para-agradecer-a-deus\\\/\",\"url\":\"https:\\\/\\\/encompaniastj.org\\\/pt-pt\\\/dois-reconhecimentos-para-agradecer-a-deus\\\/\",\"name\":\"Dois \u201creconhecimentos\u201d para agradecer a Deus - En Compa\u00f1\u00eda STJ\",\"isPartOf\":{\"@id\":\"https:\\\/\\\/encompaniastj.org\\\/pt-pt\\\/#website\"},\"primaryImageOfPage\":{\"@id\":\"https:\\\/\\\/encompaniastj.org\\\/pt-pt\\\/dois-reconhecimentos-para-agradecer-a-deus\\\/#primaryimage\"},\"image\":{\"@id\":\"https:\\\/\\\/encompaniastj.org\\\/pt-pt\\\/dois-reconhecimentos-para-agradecer-a-deus\\\/#primaryimage\"},\"thumbnailUrl\":\"https:\\\/\\\/encompaniastj.org\\\/wp-content\\\/uploads\\\/2025\\\/05\\\/IMG_20231121_202319-scaled-1.jpg\",\"datePublished\":\"2023-11-28T12:02:12+00:00\",\"dateModified\":\"2025-07-07T14:24:47+00:00\",\"breadcrumb\":{\"@id\":\"https:\\\/\\\/encompaniastj.org\\\/pt-pt\\\/dois-reconhecimentos-para-agradecer-a-deus\\\/#breadcrumb\"},\"inLanguage\":\"pt-PT\",\"potentialAction\":[{\"@type\":\"ReadAction\",\"target\":[\"https:\\\/\\\/encompaniastj.org\\\/pt-pt\\\/dois-reconhecimentos-para-agradecer-a-deus\\\/\"]}]},{\"@type\":\"ImageObject\",\"inLanguage\":\"pt-PT\",\"@id\":\"https:\\\/\\\/encompaniastj.org\\\/pt-pt\\\/dois-reconhecimentos-para-agradecer-a-deus\\\/#primaryimage\",\"url\":\"https:\\\/\\\/encompaniastj.org\\\/wp-content\\\/uploads\\\/2025\\\/05\\\/IMG_20231121_202319-scaled-1.jpg\",\"contentUrl\":\"https:\\\/\\\/encompaniastj.org\\\/wp-content\\\/uploads\\\/2025\\\/05\\\/IMG_20231121_202319-scaled-1.jpg\",\"width\":2560,\"height\":1153},{\"@type\":\"BreadcrumbList\",\"@id\":\"https:\\\/\\\/encompaniastj.org\\\/pt-pt\\\/dois-reconhecimentos-para-agradecer-a-deus\\\/#breadcrumb\",\"itemListElement\":[{\"@type\":\"ListItem\",\"position\":1,\"name\":\"Portada\",\"item\":\"https:\\\/\\\/encompaniastj.org\\\/pt-pt\\\/\"},{\"@type\":\"ListItem\",\"position\":2,\"name\":\"Dois \u201creconhecimentos\u201d para agradecer a Deus\"}]},{\"@type\":\"WebSite\",\"@id\":\"https:\\\/\\\/encompaniastj.org\\\/pt-pt\\\/#website\",\"url\":\"https:\\\/\\\/encompaniastj.org\\\/pt-pt\\\/\",\"name\":\"En Compa\u00f1\u00eda STJ\",\"description\":\"Bolet\u00edn de la Compa\u00f1\u00eda de Santa Teresa de Jes\u00fas\",\"publisher\":{\"@id\":\"https:\\\/\\\/encompaniastj.org\\\/pt-pt\\\/#organization\"},\"potentialAction\":[{\"@type\":\"SearchAction\",\"target\":{\"@type\":\"EntryPoint\",\"urlTemplate\":\"https:\\\/\\\/encompaniastj.org\\\/pt-pt\\\/?s={search_term_string}\"},\"query-input\":{\"@type\":\"PropertyValueSpecification\",\"valueRequired\":true,\"valueName\":\"search_term_string\"}}],\"inLanguage\":\"pt-PT\"},{\"@type\":\"Organization\",\"@id\":\"https:\\\/\\\/encompaniastj.org\\\/pt-pt\\\/#organization\",\"name\":\"Compa\u00f1\u00eda de Santa Teresa de Jes\u00fas\",\"url\":\"https:\\\/\\\/encompaniastj.org\\\/pt-pt\\\/\",\"logo\":{\"@type\":\"ImageObject\",\"inLanguage\":\"pt-PT\",\"@id\":\"https:\\\/\\\/encompaniastj.org\\\/pt-pt\\\/#\\\/schema\\\/logo\\\/image\\\/\",\"url\":\"https:\\\/\\\/encompaniastj.org\\\/wp-content\\\/uploads\\\/2025\\\/04\\\/logo_provincias02-1-3.png\",\"contentUrl\":\"https:\\\/\\\/encompaniastj.org\\\/wp-content\\\/uploads\\\/2025\\\/04\\\/logo_provincias02-1-3.png\",\"width\":2368,\"height\":825,\"caption\":\"Compa\u00f1\u00eda de Santa Teresa de Jes\u00fas\"},\"image\":{\"@id\":\"https:\\\/\\\/encompaniastj.org\\\/pt-pt\\\/#\\\/schema\\\/logo\\\/image\\\/\"}},{\"@type\":\"Person\",\"@id\":\"https:\\\/\\\/encompaniastj.org\\\/pt-pt\\\/#\\\/schema\\\/person\\\/520e7ecc314793d40091993c2a02b651\",\"name\":\"admin\",\"image\":{\"@type\":\"ImageObject\",\"inLanguage\":\"pt-PT\",\"@id\":\"https:\\\/\\\/secure.gravatar.com\\\/avatar\\\/948b492cce32b586ac2db0eaa926ee87024f7afe218d73b397ea5ddfc5f43ea1?s=96&d=mm&r=g\",\"url\":\"https:\\\/\\\/secure.gravatar.com\\\/avatar\\\/948b492cce32b586ac2db0eaa926ee87024f7afe218d73b397ea5ddfc5f43ea1?s=96&d=mm&r=g\",\"contentUrl\":\"https:\\\/\\\/secure.gravatar.com\\\/avatar\\\/948b492cce32b586ac2db0eaa926ee87024f7afe218d73b397ea5ddfc5f43ea1?s=96&d=mm&r=g\",\"caption\":\"admin\"},\"sameAs\":[\"https:\\\/\\\/encompaniastj.org\"],\"url\":\"https:\\\/\\\/encompaniastj.org\\\/pt-pt\\\/author\\\/sjdigital\\\/\"}]}<\/script>\n<!-- \/ Yoast SEO plugin. -->","yoast_head_json":{"title":"Dois \u201creconhecimentos\u201d para agradecer a Deus - En Compa\u00f1\u00eda STJ","robots":{"index":"index","follow":"follow","max-snippet":"max-snippet:-1","max-image-preview":"max-image-preview:large","max-video-preview":"max-video-preview:-1"},"canonical":"https:\/\/encompaniastj.org\/pt-pt\/dois-reconhecimentos-para-agradecer-a-deus\/","og_locale":"pt_PT","og_type":"article","og_title":"Dois \u201creconhecimentos\u201d para agradecer a Deus - En Compa\u00f1\u00eda STJ","og_description":"Qualquer uma das a\u00e7\u00f5es, atua\u00e7\u00f5es e projetos de uma Irm\u00e3 da Companhia de Santa Teresa de Jesus \u00e9 a\u00e7\u00e3o, atua\u00e7\u00e3o e projeto de toda a Companhia. \u00c9 por isso que [&hellip;]","og_url":"https:\/\/encompaniastj.org\/pt-pt\/dois-reconhecimentos-para-agradecer-a-deus\/","og_site_name":"En Compa\u00f1\u00eda STJ","article_published_time":"2023-11-28T12:02:12+00:00","article_modified_time":"2025-07-07T14:24:47+00:00","og_image":[{"width":2560,"height":1153,"url":"https:\/\/encompaniastj.org\/wp-content\/uploads\/2025\/05\/IMG_20231121_202319-scaled-1.jpg","type":"image\/jpeg"}],"author":"admin","twitter_card":"summary_large_image","twitter_misc":{"Escrito por":"admin","Tempo estimado de leitura":"4 minutos"},"schema":{"@context":"https:\/\/schema.org","@graph":[{"@type":"Article","@id":"https:\/\/encompaniastj.org\/pt-pt\/dois-reconhecimentos-para-agradecer-a-deus\/#article","isPartOf":{"@id":"https:\/\/encompaniastj.org\/pt-pt\/dois-reconhecimentos-para-agradecer-a-deus\/"},"author":{"name":"admin","@id":"https:\/\/encompaniastj.org\/pt-pt\/#\/schema\/person\/520e7ecc314793d40091993c2a02b651"},"headline":"Dois \u201creconhecimentos\u201d para agradecer a Deus","datePublished":"2023-11-28T12:02:12+00:00","dateModified":"2025-07-07T14:24:47+00:00","mainEntityOfPage":{"@id":"https:\/\/encompaniastj.org\/pt-pt\/dois-reconhecimentos-para-agradecer-a-deus\/"},"wordCount":574,"commentCount":0,"publisher":{"@id":"https:\/\/encompaniastj.org\/pt-pt\/#organization"},"image":{"@id":"https:\/\/encompaniastj.org\/pt-pt\/dois-reconhecimentos-para-agradecer-a-deus\/#primaryimage"},"thumbnailUrl":"https:\/\/encompaniastj.org\/wp-content\/uploads\/2025\/05\/IMG_20231121_202319-scaled-1.jpg","articleSection":["Noticias","Otras","Outras"],"inLanguage":"pt-PT","potentialAction":[{"@type":"CommentAction","name":"Comment","target":["https:\/\/encompaniastj.org\/pt-pt\/dois-reconhecimentos-para-agradecer-a-deus\/#respond"]}]},{"@type":"WebPage","@id":"https:\/\/encompaniastj.org\/pt-pt\/dois-reconhecimentos-para-agradecer-a-deus\/","url":"https:\/\/encompaniastj.org\/pt-pt\/dois-reconhecimentos-para-agradecer-a-deus\/","name":"Dois \u201creconhecimentos\u201d para agradecer a Deus - En Compa\u00f1\u00eda STJ","isPartOf":{"@id":"https:\/\/encompaniastj.org\/pt-pt\/#website"},"primaryImageOfPage":{"@id":"https:\/\/encompaniastj.org\/pt-pt\/dois-reconhecimentos-para-agradecer-a-deus\/#primaryimage"},"image":{"@id":"https:\/\/encompaniastj.org\/pt-pt\/dois-reconhecimentos-para-agradecer-a-deus\/#primaryimage"},"thumbnailUrl":"https:\/\/encompaniastj.org\/wp-content\/uploads\/2025\/05\/IMG_20231121_202319-scaled-1.jpg","datePublished":"2023-11-28T12:02:12+00:00","dateModified":"2025-07-07T14:24:47+00:00","breadcrumb":{"@id":"https:\/\/encompaniastj.org\/pt-pt\/dois-reconhecimentos-para-agradecer-a-deus\/#breadcrumb"},"inLanguage":"pt-PT","potentialAction":[{"@type":"ReadAction","target":["https:\/\/encompaniastj.org\/pt-pt\/dois-reconhecimentos-para-agradecer-a-deus\/"]}]},{"@type":"ImageObject","inLanguage":"pt-PT","@id":"https:\/\/encompaniastj.org\/pt-pt\/dois-reconhecimentos-para-agradecer-a-deus\/#primaryimage","url":"https:\/\/encompaniastj.org\/wp-content\/uploads\/2025\/05\/IMG_20231121_202319-scaled-1.jpg","contentUrl":"https:\/\/encompaniastj.org\/wp-content\/uploads\/2025\/05\/IMG_20231121_202319-scaled-1.jpg","width":2560,"height":1153},{"@type":"BreadcrumbList","@id":"https:\/\/encompaniastj.org\/pt-pt\/dois-reconhecimentos-para-agradecer-a-deus\/#breadcrumb","itemListElement":[{"@type":"ListItem","position":1,"name":"Portada","item":"https:\/\/encompaniastj.org\/pt-pt\/"},{"@type":"ListItem","position":2,"name":"Dois \u201creconhecimentos\u201d para agradecer a Deus"}]},{"@type":"WebSite","@id":"https:\/\/encompaniastj.org\/pt-pt\/#website","url":"https:\/\/encompaniastj.org\/pt-pt\/","name":"En Compa\u00f1\u00eda STJ","description":"Bolet\u00edn de la Compa\u00f1\u00eda de Santa Teresa de Jes\u00fas","publisher":{"@id":"https:\/\/encompaniastj.org\/pt-pt\/#organization"},"potentialAction":[{"@type":"SearchAction","target":{"@type":"EntryPoint","urlTemplate":"https:\/\/encompaniastj.org\/pt-pt\/?s={search_term_string}"},"query-input":{"@type":"PropertyValueSpecification","valueRequired":true,"valueName":"search_term_string"}}],"inLanguage":"pt-PT"},{"@type":"Organization","@id":"https:\/\/encompaniastj.org\/pt-pt\/#organization","name":"Compa\u00f1\u00eda de Santa Teresa de Jes\u00fas","url":"https:\/\/encompaniastj.org\/pt-pt\/","logo":{"@type":"ImageObject","inLanguage":"pt-PT","@id":"https:\/\/encompaniastj.org\/pt-pt\/#\/schema\/logo\/image\/","url":"https:\/\/encompaniastj.org\/wp-content\/uploads\/2025\/04\/logo_provincias02-1-3.png","contentUrl":"https:\/\/encompaniastj.org\/wp-content\/uploads\/2025\/04\/logo_provincias02-1-3.png","width":2368,"height":825,"caption":"Compa\u00f1\u00eda de Santa Teresa de Jes\u00fas"},"image":{"@id":"https:\/\/encompaniastj.org\/pt-pt\/#\/schema\/logo\/image\/"}},{"@type":"Person","@id":"https:\/\/encompaniastj.org\/pt-pt\/#\/schema\/person\/520e7ecc314793d40091993c2a02b651","name":"admin","image":{"@type":"ImageObject","inLanguage":"pt-PT","@id":"https:\/\/secure.gravatar.com\/avatar\/948b492cce32b586ac2db0eaa926ee87024f7afe218d73b397ea5ddfc5f43ea1?s=96&d=mm&r=g","url":"https:\/\/secure.gravatar.com\/avatar\/948b492cce32b586ac2db0eaa926ee87024f7afe218d73b397ea5ddfc5f43ea1?s=96&d=mm&r=g","contentUrl":"https:\/\/secure.gravatar.com\/avatar\/948b492cce32b586ac2db0eaa926ee87024f7afe218d73b397ea5ddfc5f43ea1?s=96&d=mm&r=g","caption":"admin"},"sameAs":["https:\/\/encompaniastj.org"],"url":"https:\/\/encompaniastj.org\/pt-pt\/author\/sjdigital\/"}]}},"_links":{"self":[{"href":"https:\/\/encompaniastj.org\/pt-pt\/wp-json\/wp\/v2\/posts\/11826","targetHints":{"allow":["GET"]}}],"collection":[{"href":"https:\/\/encompaniastj.org\/pt-pt\/wp-json\/wp\/v2\/posts"}],"about":[{"href":"https:\/\/encompaniastj.org\/pt-pt\/wp-json\/wp\/v2\/types\/post"}],"author":[{"embeddable":true,"href":"https:\/\/encompaniastj.org\/pt-pt\/wp-json\/wp\/v2\/users\/1"}],"replies":[{"embeddable":true,"href":"https:\/\/encompaniastj.org\/pt-pt\/wp-json\/wp\/v2\/comments?post=11826"}],"version-history":[{"count":1,"href":"https:\/\/encompaniastj.org\/pt-pt\/wp-json\/wp\/v2\/posts\/11826\/revisions"}],"predecessor-version":[{"id":11827,"href":"https:\/\/encompaniastj.org\/pt-pt\/wp-json\/wp\/v2\/posts\/11826\/revisions\/11827"}],"wp:featuredmedia":[{"embeddable":true,"href":"https:\/\/encompaniastj.org\/pt-pt\/wp-json\/wp\/v2\/media\/8518"}],"wp:attachment":[{"href":"https:\/\/encompaniastj.org\/pt-pt\/wp-json\/wp\/v2\/media?parent=11826"}],"wp:term":[{"taxonomy":"category","embeddable":true,"href":"https:\/\/encompaniastj.org\/pt-pt\/wp-json\/wp\/v2\/categories?post=11826"},{"taxonomy":"post_tag","embeddable":true,"href":"https:\/\/encompaniastj.org\/pt-pt\/wp-json\/wp\/v2\/tags?post=11826"}],"curies":[{"name":"wp","href":"https:\/\/api.w.org\/{rel}","templated":true}]}}