{"id":11816,"date":"2023-11-22T07:06:24","date_gmt":"2023-11-22T06:06:24","guid":{"rendered":"https:\/\/encompaniastj.org\/comove-te-com-henrique-em-familia\/"},"modified":"2025-07-07T16:24:46","modified_gmt":"2025-07-07T14:24:46","slug":"comove-te-com-henrique-em-familia","status":"publish","type":"post","link":"https:\/\/encompaniastj.org\/pt-pt\/comove-te-com-henrique-em-familia\/","title":{"rendered":"\u201cCoMove-te com Henrique em famil\u00eda\u201d"},"content":{"rendered":"<p>No passado dia 4 de novembro, uma boa representa\u00e7\u00e3o da Fam\u00edlia Teresiana de Val\u00eancia passou um agrad\u00e1vel dia de encontro em Tortosa, sob o lema <em>\u201cCoMove-te com Henrique em Fam\u00edlia\u201d<\/em>.<\/p>\n<p>O encontro come\u00e7ou com boas-vindas e almo\u00e7o nos jardins do Noviciado. Quase setenta teresianos e teresianas cheg\u00e1mos de Val\u00eancia e Torrent: Irm\u00e3s, estudantes, mestres e professores e pessoal administrativo e de servi\u00e7o da escola El Vedat; pais e m\u00e3es, ex-alunos, membros do MTA e do FundEO. A primeira atividade foi uma gincana para as crian\u00e7as na horta, e uma interessante apresenta\u00e7\u00e3o de Carmen Melchor stj, sobre <em>Henrique<\/em><em> de Oss\u00f3 educador<\/em>, para os adultos. A confer\u00eancia teve como momento especial a entrada das crian\u00e7as na sala com frases do padre Henrique que descobriram na gincana. Assim, crian\u00e7as e adultos, unimo-nos numa singela homenagem ao Catequista Henrique de Oss\u00f3.<\/p>\n<p>Ao meio-dia sabore\u00e1mos a comida que nos foi servida no antigo refeit\u00f3rio do Noviciado. E \u00e0 tarde visit\u00e1mos a Casa de Espiritualidade. Que maravilhoso edif\u00edcio do Noviciado, constru\u00eddo com materiais de grande nobreza, de grande volumetria e com numerosos s\u00edmbolos teresianos. E que sorte ter esse patrim\u00f3nio t\u00e3o bem preservado para podermos aproveit\u00e1-lo!<\/p>\n<p>Descobrimos tamb\u00e9m a Casa Museu Padre Henrique. Pudemos percorrer os quartos onde ele morou e que atualmente guardam escritos, objetos e pertences pessoais.<\/p>\n<p>Antes de nos despedirmos junt\u00e1mo-nos na formosa capela do noviciado e, junto do P. Henrique, fizemos o Quarto de Hora de Ora\u00e7\u00e3o. Havia-o preparado a equipa de pastoral e uniram-se \u00e0 nossa ora\u00e7\u00e3o algumas irm\u00e3s da Casa. Terminamos <em>pedindo a santo Henrique for\u00e7as para caminhar juntas na apaixonante miss\u00e3o de conhecer e amar a Jesus e d\u00e1-lo a conhecer e amar no nosso mundo<\/em>.<\/p>\n<p>Foi um belo dia. Uma boa lembran\u00e7a da Fam\u00edlia Teresiana e da arquitetura. Muito obrigado pelo dia!<\/p>\n<p>(<strong>Encarna Sanch\u00eds e Salu Cervera: Masquealumnos).<\/strong><\/p>\n<p><img loading=\"lazy\" decoding=\"async\" class=\"aligncenter wp-image-11997 size-large\" src=\"https:\/\/encompaniastj.org\/wp-content\/uploads\/2025\/05\/2-12.jpg\" alt=\"\" width=\"1024\" height=\"768\" \/><\/p>\n<p><img loading=\"lazy\" decoding=\"async\" class=\"aligncenter wp-image-11999 size-full\" src=\"https:\/\/encompaniastj.org\/wp-content\/uploads\/2025\/05\/8-1.jpg\" alt=\"\" width=\"768\" height=\"1024\" \/><\/p>\n","protected":false},"excerpt":{"rendered":"<p>No passado dia 4 de novembro, uma boa representa\u00e7\u00e3o da Fam\u00edlia Teresiana de Val\u00eancia passou um agrad\u00e1vel dia de encontro em Tortosa, sob o lema \u201cCoMove-te com Henrique em Fam\u00edlia\u201d. [&hellip;]<\/p>\n","protected":false},"author":1,"featured_media":8514,"comment_status":"open","ping_status":"open","sticky":false,"template":"","format":"standard","meta":{"_acf_changed":false,"footnotes":""},"categories":[79,81],"tags":[],"class_list":["post-11816","post","type-post","status-publish","format-standard","has-post-thumbnail","hentry","category-stj","category-stj-pt"],"acf":[],"yoast_head":"<!-- This site is optimized with the Yoast SEO plugin v27.5 - https:\/\/yoast.com\/product\/yoast-seo-wordpress\/ -->\n<title>\u201cCoMove-te com Henrique em famil\u00eda\u201d - En Compa\u00f1\u00eda STJ<\/title>\n<meta name=\"robots\" content=\"index, follow, max-snippet:-1, max-image-preview:large, max-video-preview:-1\" \/>\n<link rel=\"canonical\" href=\"https:\/\/encompaniastj.org\/pt-pt\/comove-te-com-henrique-em-familia\/\" \/>\n<meta property=\"og:locale\" content=\"pt_PT\" \/>\n<meta property=\"og:type\" content=\"article\" \/>\n<meta property=\"og:title\" content=\"\u201cCoMove-te com Henrique em famil\u00eda\u201d - En Compa\u00f1\u00eda STJ\" \/>\n<meta property=\"og:description\" content=\"No passado dia 4 de novembro, uma boa representa\u00e7\u00e3o da Fam\u00edlia Teresiana de Val\u00eancia passou um agrad\u00e1vel dia de encontro em Tortosa, sob o lema \u201cCoMove-te com Henrique em Fam\u00edlia\u201d. [&hellip;]\" \/>\n<meta property=\"og:url\" content=\"https:\/\/encompaniastj.org\/pt-pt\/comove-te-com-henrique-em-familia\/\" \/>\n<meta property=\"og:site_name\" content=\"En Compa\u00f1\u00eda STJ\" \/>\n<meta property=\"article:published_time\" content=\"2023-11-22T06:06:24+00:00\" \/>\n<meta property=\"article:modified_time\" content=\"2025-07-07T14:24:46+00:00\" \/>\n<meta property=\"og:image\" content=\"https:\/\/encompaniastj.org\/wp-content\/uploads\/2025\/05\/1-710x1024.png\" \/>\n\t<meta property=\"og:image:width\" content=\"710\" \/>\n\t<meta property=\"og:image:height\" content=\"1024\" \/>\n\t<meta property=\"og:image:type\" content=\"image\/png\" \/>\n<meta name=\"author\" content=\"admin\" \/>\n<meta name=\"twitter:card\" content=\"summary_large_image\" \/>\n<meta name=\"twitter:label1\" content=\"Escrito por\" \/>\n\t<meta name=\"twitter:data1\" content=\"admin\" \/>\n\t<meta name=\"twitter:label2\" content=\"Tempo estimado de leitura\" \/>\n\t<meta name=\"twitter:data2\" content=\"2 minutos\" \/>\n<script type=\"application\/ld+json\" class=\"yoast-schema-graph\">{\"@context\":\"https:\\\/\\\/schema.org\",\"@graph\":[{\"@type\":\"Article\",\"@id\":\"https:\\\/\\\/encompaniastj.org\\\/pt-pt\\\/comove-te-com-henrique-em-familia\\\/#article\",\"isPartOf\":{\"@id\":\"https:\\\/\\\/encompaniastj.org\\\/pt-pt\\\/comove-te-com-henrique-em-familia\\\/\"},\"author\":{\"name\":\"admin\",\"@id\":\"https:\\\/\\\/encompaniastj.org\\\/pt-pt\\\/#\\\/schema\\\/person\\\/520e7ecc314793d40091993c2a02b651\"},\"headline\":\"\u201cCoMove-te com Henrique em famil\u00eda\u201d\",\"datePublished\":\"2023-11-22T06:06:24+00:00\",\"dateModified\":\"2025-07-07T14:24:46+00:00\",\"mainEntityOfPage\":{\"@id\":\"https:\\\/\\\/encompaniastj.org\\\/pt-pt\\\/comove-te-com-henrique-em-familia\\\/\"},\"wordCount\":340,\"commentCount\":0,\"publisher\":{\"@id\":\"https:\\\/\\\/encompaniastj.org\\\/pt-pt\\\/#organization\"},\"image\":{\"@id\":\"https:\\\/\\\/encompaniastj.org\\\/pt-pt\\\/comove-te-com-henrique-em-familia\\\/#primaryimage\"},\"thumbnailUrl\":\"https:\\\/\\\/encompaniastj.org\\\/wp-content\\\/uploads\\\/2025\\\/05\\\/1.png\",\"articleSection\":[\"STJ\",\"STJ pt\"],\"inLanguage\":\"pt-PT\",\"potentialAction\":[{\"@type\":\"CommentAction\",\"name\":\"Comment\",\"target\":[\"https:\\\/\\\/encompaniastj.org\\\/pt-pt\\\/comove-te-com-henrique-em-familia\\\/#respond\"]}]},{\"@type\":\"WebPage\",\"@id\":\"https:\\\/\\\/encompaniastj.org\\\/pt-pt\\\/comove-te-com-henrique-em-familia\\\/\",\"url\":\"https:\\\/\\\/encompaniastj.org\\\/pt-pt\\\/comove-te-com-henrique-em-familia\\\/\",\"name\":\"\u201cCoMove-te com Henrique em famil\u00eda\u201d - En Compa\u00f1\u00eda STJ\",\"isPartOf\":{\"@id\":\"https:\\\/\\\/encompaniastj.org\\\/pt-pt\\\/#website\"},\"primaryImageOfPage\":{\"@id\":\"https:\\\/\\\/encompaniastj.org\\\/pt-pt\\\/comove-te-com-henrique-em-familia\\\/#primaryimage\"},\"image\":{\"@id\":\"https:\\\/\\\/encompaniastj.org\\\/pt-pt\\\/comove-te-com-henrique-em-familia\\\/#primaryimage\"},\"thumbnailUrl\":\"https:\\\/\\\/encompaniastj.org\\\/wp-content\\\/uploads\\\/2025\\\/05\\\/1.png\",\"datePublished\":\"2023-11-22T06:06:24+00:00\",\"dateModified\":\"2025-07-07T14:24:46+00:00\",\"breadcrumb\":{\"@id\":\"https:\\\/\\\/encompaniastj.org\\\/pt-pt\\\/comove-te-com-henrique-em-familia\\\/#breadcrumb\"},\"inLanguage\":\"pt-PT\",\"potentialAction\":[{\"@type\":\"ReadAction\",\"target\":[\"https:\\\/\\\/encompaniastj.org\\\/pt-pt\\\/comove-te-com-henrique-em-familia\\\/\"]}]},{\"@type\":\"ImageObject\",\"inLanguage\":\"pt-PT\",\"@id\":\"https:\\\/\\\/encompaniastj.org\\\/pt-pt\\\/comove-te-com-henrique-em-familia\\\/#primaryimage\",\"url\":\"https:\\\/\\\/encompaniastj.org\\\/wp-content\\\/uploads\\\/2025\\\/05\\\/1.png\",\"contentUrl\":\"https:\\\/\\\/encompaniastj.org\\\/wp-content\\\/uploads\\\/2025\\\/05\\\/1.png\",\"width\":828,\"height\":1194},{\"@type\":\"BreadcrumbList\",\"@id\":\"https:\\\/\\\/encompaniastj.org\\\/pt-pt\\\/comove-te-com-henrique-em-familia\\\/#breadcrumb\",\"itemListElement\":[{\"@type\":\"ListItem\",\"position\":1,\"name\":\"Portada\",\"item\":\"https:\\\/\\\/encompaniastj.org\\\/pt-pt\\\/\"},{\"@type\":\"ListItem\",\"position\":2,\"name\":\"\u201cCoMove-te com Henrique em famil\u00eda\u201d\"}]},{\"@type\":\"WebSite\",\"@id\":\"https:\\\/\\\/encompaniastj.org\\\/pt-pt\\\/#website\",\"url\":\"https:\\\/\\\/encompaniastj.org\\\/pt-pt\\\/\",\"name\":\"En Compa\u00f1\u00eda STJ\",\"description\":\"Bolet\u00edn de la Compa\u00f1\u00eda de Santa Teresa de Jes\u00fas\",\"publisher\":{\"@id\":\"https:\\\/\\\/encompaniastj.org\\\/pt-pt\\\/#organization\"},\"potentialAction\":[{\"@type\":\"SearchAction\",\"target\":{\"@type\":\"EntryPoint\",\"urlTemplate\":\"https:\\\/\\\/encompaniastj.org\\\/pt-pt\\\/?s={search_term_string}\"},\"query-input\":{\"@type\":\"PropertyValueSpecification\",\"valueRequired\":true,\"valueName\":\"search_term_string\"}}],\"inLanguage\":\"pt-PT\"},{\"@type\":\"Organization\",\"@id\":\"https:\\\/\\\/encompaniastj.org\\\/pt-pt\\\/#organization\",\"name\":\"Compa\u00f1\u00eda de Santa Teresa de Jes\u00fas\",\"url\":\"https:\\\/\\\/encompaniastj.org\\\/pt-pt\\\/\",\"logo\":{\"@type\":\"ImageObject\",\"inLanguage\":\"pt-PT\",\"@id\":\"https:\\\/\\\/encompaniastj.org\\\/pt-pt\\\/#\\\/schema\\\/logo\\\/image\\\/\",\"url\":\"https:\\\/\\\/encompaniastj.org\\\/wp-content\\\/uploads\\\/2025\\\/04\\\/logo_provincias02-1-3.png\",\"contentUrl\":\"https:\\\/\\\/encompaniastj.org\\\/wp-content\\\/uploads\\\/2025\\\/04\\\/logo_provincias02-1-3.png\",\"width\":2368,\"height\":825,\"caption\":\"Compa\u00f1\u00eda de Santa Teresa de Jes\u00fas\"},\"image\":{\"@id\":\"https:\\\/\\\/encompaniastj.org\\\/pt-pt\\\/#\\\/schema\\\/logo\\\/image\\\/\"}},{\"@type\":\"Person\",\"@id\":\"https:\\\/\\\/encompaniastj.org\\\/pt-pt\\\/#\\\/schema\\\/person\\\/520e7ecc314793d40091993c2a02b651\",\"name\":\"admin\",\"image\":{\"@type\":\"ImageObject\",\"inLanguage\":\"pt-PT\",\"@id\":\"https:\\\/\\\/secure.gravatar.com\\\/avatar\\\/948b492cce32b586ac2db0eaa926ee87024f7afe218d73b397ea5ddfc5f43ea1?s=96&d=mm&r=g\",\"url\":\"https:\\\/\\\/secure.gravatar.com\\\/avatar\\\/948b492cce32b586ac2db0eaa926ee87024f7afe218d73b397ea5ddfc5f43ea1?s=96&d=mm&r=g\",\"contentUrl\":\"https:\\\/\\\/secure.gravatar.com\\\/avatar\\\/948b492cce32b586ac2db0eaa926ee87024f7afe218d73b397ea5ddfc5f43ea1?s=96&d=mm&r=g\",\"caption\":\"admin\"},\"sameAs\":[\"https:\\\/\\\/encompaniastj.org\"],\"url\":\"https:\\\/\\\/encompaniastj.org\\\/pt-pt\\\/author\\\/sjdigital\\\/\"}]}<\/script>\n<!-- \/ Yoast SEO plugin. -->","yoast_head_json":{"title":"\u201cCoMove-te com Henrique em famil\u00eda\u201d - En Compa\u00f1\u00eda STJ","robots":{"index":"index","follow":"follow","max-snippet":"max-snippet:-1","max-image-preview":"max-image-preview:large","max-video-preview":"max-video-preview:-1"},"canonical":"https:\/\/encompaniastj.org\/pt-pt\/comove-te-com-henrique-em-familia\/","og_locale":"pt_PT","og_type":"article","og_title":"\u201cCoMove-te com Henrique em famil\u00eda\u201d - En Compa\u00f1\u00eda STJ","og_description":"No passado dia 4 de novembro, uma boa representa\u00e7\u00e3o da Fam\u00edlia Teresiana de Val\u00eancia passou um agrad\u00e1vel dia de encontro em Tortosa, sob o lema \u201cCoMove-te com Henrique em Fam\u00edlia\u201d. [&hellip;]","og_url":"https:\/\/encompaniastj.org\/pt-pt\/comove-te-com-henrique-em-familia\/","og_site_name":"En Compa\u00f1\u00eda STJ","article_published_time":"2023-11-22T06:06:24+00:00","article_modified_time":"2025-07-07T14:24:46+00:00","og_image":[{"width":710,"height":1024,"url":"https:\/\/encompaniastj.org\/wp-content\/uploads\/2025\/05\/1-710x1024.png","type":"image\/png"}],"author":"admin","twitter_card":"summary_large_image","twitter_misc":{"Escrito por":"admin","Tempo estimado de leitura":"2 minutos"},"schema":{"@context":"https:\/\/schema.org","@graph":[{"@type":"Article","@id":"https:\/\/encompaniastj.org\/pt-pt\/comove-te-com-henrique-em-familia\/#article","isPartOf":{"@id":"https:\/\/encompaniastj.org\/pt-pt\/comove-te-com-henrique-em-familia\/"},"author":{"name":"admin","@id":"https:\/\/encompaniastj.org\/pt-pt\/#\/schema\/person\/520e7ecc314793d40091993c2a02b651"},"headline":"\u201cCoMove-te com Henrique em famil\u00eda\u201d","datePublished":"2023-11-22T06:06:24+00:00","dateModified":"2025-07-07T14:24:46+00:00","mainEntityOfPage":{"@id":"https:\/\/encompaniastj.org\/pt-pt\/comove-te-com-henrique-em-familia\/"},"wordCount":340,"commentCount":0,"publisher":{"@id":"https:\/\/encompaniastj.org\/pt-pt\/#organization"},"image":{"@id":"https:\/\/encompaniastj.org\/pt-pt\/comove-te-com-henrique-em-familia\/#primaryimage"},"thumbnailUrl":"https:\/\/encompaniastj.org\/wp-content\/uploads\/2025\/05\/1.png","articleSection":["STJ","STJ pt"],"inLanguage":"pt-PT","potentialAction":[{"@type":"CommentAction","name":"Comment","target":["https:\/\/encompaniastj.org\/pt-pt\/comove-te-com-henrique-em-familia\/#respond"]}]},{"@type":"WebPage","@id":"https:\/\/encompaniastj.org\/pt-pt\/comove-te-com-henrique-em-familia\/","url":"https:\/\/encompaniastj.org\/pt-pt\/comove-te-com-henrique-em-familia\/","name":"\u201cCoMove-te com Henrique em famil\u00eda\u201d - En Compa\u00f1\u00eda STJ","isPartOf":{"@id":"https:\/\/encompaniastj.org\/pt-pt\/#website"},"primaryImageOfPage":{"@id":"https:\/\/encompaniastj.org\/pt-pt\/comove-te-com-henrique-em-familia\/#primaryimage"},"image":{"@id":"https:\/\/encompaniastj.org\/pt-pt\/comove-te-com-henrique-em-familia\/#primaryimage"},"thumbnailUrl":"https:\/\/encompaniastj.org\/wp-content\/uploads\/2025\/05\/1.png","datePublished":"2023-11-22T06:06:24+00:00","dateModified":"2025-07-07T14:24:46+00:00","breadcrumb":{"@id":"https:\/\/encompaniastj.org\/pt-pt\/comove-te-com-henrique-em-familia\/#breadcrumb"},"inLanguage":"pt-PT","potentialAction":[{"@type":"ReadAction","target":["https:\/\/encompaniastj.org\/pt-pt\/comove-te-com-henrique-em-familia\/"]}]},{"@type":"ImageObject","inLanguage":"pt-PT","@id":"https:\/\/encompaniastj.org\/pt-pt\/comove-te-com-henrique-em-familia\/#primaryimage","url":"https:\/\/encompaniastj.org\/wp-content\/uploads\/2025\/05\/1.png","contentUrl":"https:\/\/encompaniastj.org\/wp-content\/uploads\/2025\/05\/1.png","width":828,"height":1194},{"@type":"BreadcrumbList","@id":"https:\/\/encompaniastj.org\/pt-pt\/comove-te-com-henrique-em-familia\/#breadcrumb","itemListElement":[{"@type":"ListItem","position":1,"name":"Portada","item":"https:\/\/encompaniastj.org\/pt-pt\/"},{"@type":"ListItem","position":2,"name":"\u201cCoMove-te com Henrique em famil\u00eda\u201d"}]},{"@type":"WebSite","@id":"https:\/\/encompaniastj.org\/pt-pt\/#website","url":"https:\/\/encompaniastj.org\/pt-pt\/","name":"En Compa\u00f1\u00eda STJ","description":"Bolet\u00edn de la Compa\u00f1\u00eda de Santa Teresa de Jes\u00fas","publisher":{"@id":"https:\/\/encompaniastj.org\/pt-pt\/#organization"},"potentialAction":[{"@type":"SearchAction","target":{"@type":"EntryPoint","urlTemplate":"https:\/\/encompaniastj.org\/pt-pt\/?s={search_term_string}"},"query-input":{"@type":"PropertyValueSpecification","valueRequired":true,"valueName":"search_term_string"}}],"inLanguage":"pt-PT"},{"@type":"Organization","@id":"https:\/\/encompaniastj.org\/pt-pt\/#organization","name":"Compa\u00f1\u00eda de Santa Teresa de Jes\u00fas","url":"https:\/\/encompaniastj.org\/pt-pt\/","logo":{"@type":"ImageObject","inLanguage":"pt-PT","@id":"https:\/\/encompaniastj.org\/pt-pt\/#\/schema\/logo\/image\/","url":"https:\/\/encompaniastj.org\/wp-content\/uploads\/2025\/04\/logo_provincias02-1-3.png","contentUrl":"https:\/\/encompaniastj.org\/wp-content\/uploads\/2025\/04\/logo_provincias02-1-3.png","width":2368,"height":825,"caption":"Compa\u00f1\u00eda de Santa Teresa de Jes\u00fas"},"image":{"@id":"https:\/\/encompaniastj.org\/pt-pt\/#\/schema\/logo\/image\/"}},{"@type":"Person","@id":"https:\/\/encompaniastj.org\/pt-pt\/#\/schema\/person\/520e7ecc314793d40091993c2a02b651","name":"admin","image":{"@type":"ImageObject","inLanguage":"pt-PT","@id":"https:\/\/secure.gravatar.com\/avatar\/948b492cce32b586ac2db0eaa926ee87024f7afe218d73b397ea5ddfc5f43ea1?s=96&d=mm&r=g","url":"https:\/\/secure.gravatar.com\/avatar\/948b492cce32b586ac2db0eaa926ee87024f7afe218d73b397ea5ddfc5f43ea1?s=96&d=mm&r=g","contentUrl":"https:\/\/secure.gravatar.com\/avatar\/948b492cce32b586ac2db0eaa926ee87024f7afe218d73b397ea5ddfc5f43ea1?s=96&d=mm&r=g","caption":"admin"},"sameAs":["https:\/\/encompaniastj.org"],"url":"https:\/\/encompaniastj.org\/pt-pt\/author\/sjdigital\/"}]}},"_links":{"self":[{"href":"https:\/\/encompaniastj.org\/pt-pt\/wp-json\/wp\/v2\/posts\/11816","targetHints":{"allow":["GET"]}}],"collection":[{"href":"https:\/\/encompaniastj.org\/pt-pt\/wp-json\/wp\/v2\/posts"}],"about":[{"href":"https:\/\/encompaniastj.org\/pt-pt\/wp-json\/wp\/v2\/types\/post"}],"author":[{"embeddable":true,"href":"https:\/\/encompaniastj.org\/pt-pt\/wp-json\/wp\/v2\/users\/1"}],"replies":[{"embeddable":true,"href":"https:\/\/encompaniastj.org\/pt-pt\/wp-json\/wp\/v2\/comments?post=11816"}],"version-history":[{"count":1,"href":"https:\/\/encompaniastj.org\/pt-pt\/wp-json\/wp\/v2\/posts\/11816\/revisions"}],"predecessor-version":[{"id":11817,"href":"https:\/\/encompaniastj.org\/pt-pt\/wp-json\/wp\/v2\/posts\/11816\/revisions\/11817"}],"wp:featuredmedia":[{"embeddable":true,"href":"https:\/\/encompaniastj.org\/pt-pt\/wp-json\/wp\/v2\/media\/8514"}],"wp:attachment":[{"href":"https:\/\/encompaniastj.org\/pt-pt\/wp-json\/wp\/v2\/media?parent=11816"}],"wp:term":[{"taxonomy":"category","embeddable":true,"href":"https:\/\/encompaniastj.org\/pt-pt\/wp-json\/wp\/v2\/categories?post=11816"},{"taxonomy":"post_tag","embeddable":true,"href":"https:\/\/encompaniastj.org\/pt-pt\/wp-json\/wp\/v2\/tags?post=11816"}],"curies":[{"name":"wp","href":"https:\/\/api.w.org\/{rel}","templated":true}]}}