{"id":11802,"date":"2023-11-16T13:02:12","date_gmt":"2023-11-16T12:02:12","guid":{"rendered":"https:\/\/encompaniastj.org\/11978\/"},"modified":"2025-07-07T16:24:44","modified_gmt":"2025-07-07T14:24:44","slug":"11978","status":"publish","type":"post","link":"https:\/\/encompaniastj.org\/pt-pt\/11978\/","title":{"rendered":"JMJ\u2013\u201cum peda\u00e7o de c\u00e9u na terra\u201d"},"content":{"rendered":"<p>Muito se falou e fala ainda, gra\u00e7as a Deus, deste grande evento, que foi a JMJ, em Lisboa, de 1 a 6 de agosto passado, com as pr\u00e9 jornadas de 26 a 31 de julho nas v\u00e1rias dioceses de Portugal e nas sedes dos principais movimentos da Igreja e das v\u00e1rias associa\u00e7\u00f5es cat\u00f3licas espalhadas pelo mundo.<\/p>\n<p>Foi uma grande onda de Esperan\u00e7a, Confian\u00e7a e F\u00e9 \u00a0pois quem estava ao leme \u00a0do \u201cbarco organizativo \u201c era o pr\u00f3prio centro das Jornadas, Jesus Cristo, que desejava que \u201ctodos, todos, todos, sem excluir ningu\u00e9m \u201d, encontrassem as portas abertas da Igreja que fundou, que n\u00e3o pode ser sen\u00e3o a \u201cCasa da Alegria\u201d, onde todos nos sintamos acolhidos, amados e pr\u00f3ximos.<\/p>\n<p>Por isso classifico este evento da Igreja como <em>\u201cUM PEDA\u00c7O DE C\u00c9U\u201d . <\/em><\/p>\n<p>E porqu\u00ea?<em> \u00a0<\/em><\/p>\n<p>1.Onda de Solidariedade<\/p>\n<p>Esta \u201conda de solidariedade\u201d verificou-se\u00a0 a todos os n\u00edveis, com ricos e pobres, com crian\u00e7as e jovens, com adultos e idosos a colaborarem com ofertas em dinheiro e bens, e com tempo e m\u00e3os\u00a0 para colaborarem num esfor\u00e7o solid\u00e1rio incomum<\/p>\n<p>E que dizer dos quase 50 mil volunt\u00e1rios que estiveram nos dias da JMJ em Lisboa. De T-shirt amarela e com um grande <strong>\u201cV\u201d<\/strong> nas costas, os jovens espalharam-se pelas ruas, pelas Igrejas, desde o Parque Eduardo VII ( a colina do Encontro) at\u00e9 ao Parque Tejo, os jovens volunt\u00e1rios sorriam a todos com um grande brilho nos olhos, e faziam as tarefas que lhe eram pedidas, em cada centro e momentos vividos com o papa. Tamb\u00e9m a solidariedade de muitos levaram a JMJ aos lares de idosos, centros de toxicodepend\u00eancia, hospitais, pris\u00f5es e centros de pessoas com defici\u00eancia, etc. Ningu\u00e9m poderia ficar de fora neste grande evento da Igreja cat\u00f3lica, cuja mensagem era dizer a todos<strong><em>: Jesus ama-te, preocupa-se contigo e quer chegar ao teu cora\u00e7\u00e3o.<\/em><\/strong> Vi gestos t\u00e3o lindos, em tantos em volunt\u00e1rios e peregrinos de todas as idades, que perguntava muitas vezes a mim mesma: <strong>Porque n\u00e3o h\u00e1- de ser sempre assim? Estes gestos sabiam-me a c\u00e9u, a para\u00edso<\/strong><\/p>\n<p>2. Onda de evangeliza\u00e7\u00e3o e de ora\u00e7\u00e3o<\/p>\n<p>Ao longo do tempo de prepara\u00e7\u00e3o da JMJ em Lisboa, os jovens das par\u00f3quias e afetos aos v\u00e1rios movimentos juvenis da Igreja, foram-se preparando com catequeses feitas para o efeito, com tempos fortes de ora\u00e7\u00e3o e reflex\u00e3o.<\/p>\n<p>Sei de jovens que, j\u00e1 no mundo do trabalho se reuniam, noite fora, para as catequeses de prepara\u00e7\u00e3o e momentos de ora\u00e7\u00e3o. As reuni\u00f5es, por zoom, eram frequentes e separados por muitos quil\u00f3metros os jovens reuniam-se e partilhavam a vontade e a esperan\u00e7a de puderem participar na JMJ. Muitos at\u00e9 tiraram f\u00e9rias para essa altura, para puderem participar em todas as atividades da JMJ e estarem presentes a tempo inteiro. Nunca houve tantos momentos de ora\u00e7\u00e3o pessoal e em grupo, veladas de ora\u00e7\u00e3o, vias-sacras e recita\u00e7\u00e3o do ros\u00e1rio. Os conventos de clausura tamb\u00e9m se associaram \u00e0 JMJ pela ora\u00e7\u00e3o, pelo acolhimento a jovens que chegavam para rezar e descansar, etc. Experimentei uma Igreja unida em sinodalidade, \u201ccaminhado juntos\u201d, para que os objetivos da JMJ fossem atingidos \u00a0\u00a0Basta recordar a beleza da Via-Sacra, no Parque Eduardo VII onde se rezou,\u00a0 com gestos e s\u00edmbolos, os\u00a0 sofrimentos dos jovens de hoje , a vig\u00edlia de ora\u00e7\u00e3o no parque Tejo, onde nos arrepiamos com o sil\u00eancio dos jovens, com os momentos de c\u00e2ntico cheio de interioridade e espiritualidade, basta recordar o c\u00e2ntico, <em>\u201cTU \u00c9S A ESTRELA\u201d<\/em> de Carminho, as homilias simples e interpelantes do papa Francisco , a Eucaristia de envio, etc. Todos estes momentos me remetiam para o bem estar interior e sentir a presen\u00e7a de Jesus dentro de mim e ali ao meu lado a mesma presen\u00e7a no milh\u00e3o e meio de jovens que rezavam comigo. Todos estes momentos, profundos, alegres e coloridos me faziam balbuciar interiormente: \u201cJMJ, um pedacinho de c\u00e9u\u201d.<\/p>\n<p>3. Onda de amor ao jeito de Maria a Senhora \u201capressada\u201d<\/p>\n<p>Como disse o papa Francisco, \u201c os dois grandes protagonistas da JMJ\u00a0 foram JESUS e MARIA. Por eles fomos \u00e0 JMJ, com eles aprendemos a amar e a servir. Como eles seremos LUZ num mundo que teima em viver nas trevas. Na Eucaristia do envio, no dia 6 de agosto, no Parque Tejo o papa convidou-nos a partir para a vida procurando <em>\u201cAmar como Jesus, isto torna-nos luminosos, isto leva-nos a fazer obras de amor\u201d.<\/em><\/p>\n<p>E o papa convidou-nos a viver cada dia nesta onda de Amor, porque quem ama n\u00e3o fica de bra\u00e7os cruzados, quem ama serve, quem ama corre para servir, quem ama vive empenhado no servi\u00e7o dos outros. Com Jesus e Maria aprendemos a amar, a servir, a viver com Esperan\u00e7a, a n\u00e3o ter medo. E no encontro com os volunt\u00e1rios na tarde do dia 6, o papa recordando os surfistas de Nazar\u00e9 o papa pediu: \u201cContinuai a cavalgar as ondas do Amor, as ondas da caridade. <em>Sede surfistas do AMOR\u2026<\/em><\/p>\n<p><em>Que o servi\u00e7o prestado por v\u00f3s nesta JMJ seja a primeira de tantas ondas de bem, cada vez sereis levados mais alto, mais perto de Deus e isto permitir-vos- \u00e1 ver \u00a0duma perspetiva melhor o vosso caminho.\u201d<\/em><\/p>\n<p>Porque tudo o que vivi, experimentei e ouvi me falava de AMOR e de CARIDADE, \u00e9 que posso afirmar que a JMJ foi, e tem que continuar a ser, pelos nossos pequenos passos dados cada dia\u00a0 na estrada do servi\u00e7o, respeito pelas diferen\u00e7as, pelas sendas da bondade, proximidade e AMOR,\u00a0 um\u00a0 \u201cpeda\u00e7o de c\u00e9u na terra\u201d. <strong>Maria de F\u00e1tima Magalh\u00e3es stj<\/strong><\/p>\n","protected":false},"excerpt":{"rendered":"<p>Muito se falou e fala ainda, gra\u00e7as a Deus, deste grande evento, que foi a JMJ, em Lisboa, de 1 a 6 de agosto passado, com as pr\u00e9 jornadas de [&hellip;]<\/p>\n","protected":false},"author":1,"featured_media":8507,"comment_status":"open","ping_status":"open","sticky":false,"template":"","format":"standard","meta":{"_acf_changed":false,"footnotes":""},"categories":[61,68],"tags":[],"class_list":["post-11802","post","type-post","status-publish","format-standard","has-post-thumbnail","hentry","category-noticias","category-outras"],"acf":[],"yoast_head":"<!-- This site is optimized with the Yoast SEO plugin v27.5 - https:\/\/yoast.com\/product\/yoast-seo-wordpress\/ -->\n<title>JMJ\u2013\u201cum peda\u00e7o de c\u00e9u na terra\u201d - En Compa\u00f1\u00eda STJ<\/title>\n<meta name=\"robots\" content=\"index, follow, max-snippet:-1, max-image-preview:large, max-video-preview:-1\" \/>\n<link rel=\"canonical\" href=\"https:\/\/encompaniastj.org\/pt-pt\/11978\/\" \/>\n<meta property=\"og:locale\" content=\"pt_PT\" \/>\n<meta property=\"og:type\" content=\"article\" \/>\n<meta property=\"og:title\" content=\"JMJ\u2013\u201cum peda\u00e7o de c\u00e9u na terra\u201d - En Compa\u00f1\u00eda STJ\" \/>\n<meta property=\"og:description\" content=\"Muito se falou e fala ainda, gra\u00e7as a Deus, deste grande evento, que foi a JMJ, em Lisboa, de 1 a 6 de agosto passado, com as pr\u00e9 jornadas de [&hellip;]\" \/>\n<meta property=\"og:url\" content=\"https:\/\/encompaniastj.org\/pt-pt\/11978\/\" \/>\n<meta property=\"og:site_name\" content=\"En Compa\u00f1\u00eda STJ\" \/>\n<meta property=\"article:published_time\" content=\"2023-11-16T12:02:12+00:00\" \/>\n<meta property=\"article:modified_time\" content=\"2025-07-07T14:24:44+00:00\" \/>\n<meta property=\"og:image\" content=\"https:\/\/encompaniastj.org\/wp-content\/uploads\/2025\/05\/FOTO-1-3.jpg\" \/>\n\t<meta property=\"og:image:width\" content=\"225\" \/>\n\t<meta property=\"og:image:height\" content=\"225\" \/>\n\t<meta property=\"og:image:type\" content=\"image\/jpeg\" \/>\n<meta name=\"author\" content=\"admin\" \/>\n<meta name=\"twitter:card\" content=\"summary_large_image\" \/>\n<meta name=\"twitter:label1\" content=\"Escrito por\" \/>\n\t<meta name=\"twitter:data1\" content=\"admin\" \/>\n\t<meta name=\"twitter:label2\" content=\"Tempo estimado de leitura\" \/>\n\t<meta name=\"twitter:data2\" content=\"5 minutos\" \/>\n<script type=\"application\/ld+json\" class=\"yoast-schema-graph\">{\"@context\":\"https:\\\/\\\/schema.org\",\"@graph\":[{\"@type\":\"Article\",\"@id\":\"https:\\\/\\\/encompaniastj.org\\\/pt-pt\\\/11978\\\/#article\",\"isPartOf\":{\"@id\":\"https:\\\/\\\/encompaniastj.org\\\/pt-pt\\\/11978\\\/\"},\"author\":{\"name\":\"admin\",\"@id\":\"https:\\\/\\\/encompaniastj.org\\\/pt-pt\\\/#\\\/schema\\\/person\\\/520e7ecc314793d40091993c2a02b651\"},\"headline\":\"JMJ\u2013\u201cum peda\u00e7o de c\u00e9u na terra\u201d\",\"datePublished\":\"2023-11-16T12:02:12+00:00\",\"dateModified\":\"2025-07-07T14:24:44+00:00\",\"mainEntityOfPage\":{\"@id\":\"https:\\\/\\\/encompaniastj.org\\\/pt-pt\\\/11978\\\/\"},\"wordCount\":971,\"commentCount\":0,\"publisher\":{\"@id\":\"https:\\\/\\\/encompaniastj.org\\\/pt-pt\\\/#organization\"},\"image\":{\"@id\":\"https:\\\/\\\/encompaniastj.org\\\/pt-pt\\\/11978\\\/#primaryimage\"},\"thumbnailUrl\":\"https:\\\/\\\/encompaniastj.org\\\/wp-content\\\/uploads\\\/2025\\\/05\\\/FOTO-1-3.jpg\",\"articleSection\":[\"Noticias\",\"Outras\"],\"inLanguage\":\"pt-PT\",\"potentialAction\":[{\"@type\":\"CommentAction\",\"name\":\"Comment\",\"target\":[\"https:\\\/\\\/encompaniastj.org\\\/pt-pt\\\/11978\\\/#respond\"]}]},{\"@type\":\"WebPage\",\"@id\":\"https:\\\/\\\/encompaniastj.org\\\/pt-pt\\\/11978\\\/\",\"url\":\"https:\\\/\\\/encompaniastj.org\\\/pt-pt\\\/11978\\\/\",\"name\":\"JMJ\u2013\u201cum peda\u00e7o de c\u00e9u na terra\u201d - En Compa\u00f1\u00eda STJ\",\"isPartOf\":{\"@id\":\"https:\\\/\\\/encompaniastj.org\\\/pt-pt\\\/#website\"},\"primaryImageOfPage\":{\"@id\":\"https:\\\/\\\/encompaniastj.org\\\/pt-pt\\\/11978\\\/#primaryimage\"},\"image\":{\"@id\":\"https:\\\/\\\/encompaniastj.org\\\/pt-pt\\\/11978\\\/#primaryimage\"},\"thumbnailUrl\":\"https:\\\/\\\/encompaniastj.org\\\/wp-content\\\/uploads\\\/2025\\\/05\\\/FOTO-1-3.jpg\",\"datePublished\":\"2023-11-16T12:02:12+00:00\",\"dateModified\":\"2025-07-07T14:24:44+00:00\",\"breadcrumb\":{\"@id\":\"https:\\\/\\\/encompaniastj.org\\\/pt-pt\\\/11978\\\/#breadcrumb\"},\"inLanguage\":\"pt-PT\",\"potentialAction\":[{\"@type\":\"ReadAction\",\"target\":[\"https:\\\/\\\/encompaniastj.org\\\/pt-pt\\\/11978\\\/\"]}]},{\"@type\":\"ImageObject\",\"inLanguage\":\"pt-PT\",\"@id\":\"https:\\\/\\\/encompaniastj.org\\\/pt-pt\\\/11978\\\/#primaryimage\",\"url\":\"https:\\\/\\\/encompaniastj.org\\\/wp-content\\\/uploads\\\/2025\\\/05\\\/FOTO-1-3.jpg\",\"contentUrl\":\"https:\\\/\\\/encompaniastj.org\\\/wp-content\\\/uploads\\\/2025\\\/05\\\/FOTO-1-3.jpg\",\"width\":225,\"height\":225},{\"@type\":\"BreadcrumbList\",\"@id\":\"https:\\\/\\\/encompaniastj.org\\\/pt-pt\\\/11978\\\/#breadcrumb\",\"itemListElement\":[{\"@type\":\"ListItem\",\"position\":1,\"name\":\"Portada\",\"item\":\"https:\\\/\\\/encompaniastj.org\\\/pt-pt\\\/\"},{\"@type\":\"ListItem\",\"position\":2,\"name\":\"JMJ\u2013\u201cum peda\u00e7o de c\u00e9u na terra\u201d\"}]},{\"@type\":\"WebSite\",\"@id\":\"https:\\\/\\\/encompaniastj.org\\\/pt-pt\\\/#website\",\"url\":\"https:\\\/\\\/encompaniastj.org\\\/pt-pt\\\/\",\"name\":\"En Compa\u00f1\u00eda STJ\",\"description\":\"Bolet\u00edn de la Compa\u00f1\u00eda de Santa Teresa de Jes\u00fas\",\"publisher\":{\"@id\":\"https:\\\/\\\/encompaniastj.org\\\/pt-pt\\\/#organization\"},\"potentialAction\":[{\"@type\":\"SearchAction\",\"target\":{\"@type\":\"EntryPoint\",\"urlTemplate\":\"https:\\\/\\\/encompaniastj.org\\\/pt-pt\\\/?s={search_term_string}\"},\"query-input\":{\"@type\":\"PropertyValueSpecification\",\"valueRequired\":true,\"valueName\":\"search_term_string\"}}],\"inLanguage\":\"pt-PT\"},{\"@type\":\"Organization\",\"@id\":\"https:\\\/\\\/encompaniastj.org\\\/pt-pt\\\/#organization\",\"name\":\"Compa\u00f1\u00eda de Santa Teresa de Jes\u00fas\",\"url\":\"https:\\\/\\\/encompaniastj.org\\\/pt-pt\\\/\",\"logo\":{\"@type\":\"ImageObject\",\"inLanguage\":\"pt-PT\",\"@id\":\"https:\\\/\\\/encompaniastj.org\\\/pt-pt\\\/#\\\/schema\\\/logo\\\/image\\\/\",\"url\":\"https:\\\/\\\/encompaniastj.org\\\/wp-content\\\/uploads\\\/2025\\\/04\\\/logo_provincias02-1-3.png\",\"contentUrl\":\"https:\\\/\\\/encompaniastj.org\\\/wp-content\\\/uploads\\\/2025\\\/04\\\/logo_provincias02-1-3.png\",\"width\":2368,\"height\":825,\"caption\":\"Compa\u00f1\u00eda de Santa Teresa de Jes\u00fas\"},\"image\":{\"@id\":\"https:\\\/\\\/encompaniastj.org\\\/pt-pt\\\/#\\\/schema\\\/logo\\\/image\\\/\"}},{\"@type\":\"Person\",\"@id\":\"https:\\\/\\\/encompaniastj.org\\\/pt-pt\\\/#\\\/schema\\\/person\\\/520e7ecc314793d40091993c2a02b651\",\"name\":\"admin\",\"image\":{\"@type\":\"ImageObject\",\"inLanguage\":\"pt-PT\",\"@id\":\"https:\\\/\\\/secure.gravatar.com\\\/avatar\\\/948b492cce32b586ac2db0eaa926ee87024f7afe218d73b397ea5ddfc5f43ea1?s=96&d=mm&r=g\",\"url\":\"https:\\\/\\\/secure.gravatar.com\\\/avatar\\\/948b492cce32b586ac2db0eaa926ee87024f7afe218d73b397ea5ddfc5f43ea1?s=96&d=mm&r=g\",\"contentUrl\":\"https:\\\/\\\/secure.gravatar.com\\\/avatar\\\/948b492cce32b586ac2db0eaa926ee87024f7afe218d73b397ea5ddfc5f43ea1?s=96&d=mm&r=g\",\"caption\":\"admin\"},\"sameAs\":[\"https:\\\/\\\/encompaniastj.org\"],\"url\":\"https:\\\/\\\/encompaniastj.org\\\/pt-pt\\\/author\\\/sjdigital\\\/\"}]}<\/script>\n<!-- \/ Yoast SEO plugin. -->","yoast_head_json":{"title":"JMJ\u2013\u201cum peda\u00e7o de c\u00e9u na terra\u201d - En Compa\u00f1\u00eda STJ","robots":{"index":"index","follow":"follow","max-snippet":"max-snippet:-1","max-image-preview":"max-image-preview:large","max-video-preview":"max-video-preview:-1"},"canonical":"https:\/\/encompaniastj.org\/pt-pt\/11978\/","og_locale":"pt_PT","og_type":"article","og_title":"JMJ\u2013\u201cum peda\u00e7o de c\u00e9u na terra\u201d - En Compa\u00f1\u00eda STJ","og_description":"Muito se falou e fala ainda, gra\u00e7as a Deus, deste grande evento, que foi a JMJ, em Lisboa, de 1 a 6 de agosto passado, com as pr\u00e9 jornadas de [&hellip;]","og_url":"https:\/\/encompaniastj.org\/pt-pt\/11978\/","og_site_name":"En Compa\u00f1\u00eda STJ","article_published_time":"2023-11-16T12:02:12+00:00","article_modified_time":"2025-07-07T14:24:44+00:00","og_image":[{"width":225,"height":225,"url":"https:\/\/encompaniastj.org\/wp-content\/uploads\/2025\/05\/FOTO-1-3.jpg","type":"image\/jpeg"}],"author":"admin","twitter_card":"summary_large_image","twitter_misc":{"Escrito por":"admin","Tempo estimado de leitura":"5 minutos"},"schema":{"@context":"https:\/\/schema.org","@graph":[{"@type":"Article","@id":"https:\/\/encompaniastj.org\/pt-pt\/11978\/#article","isPartOf":{"@id":"https:\/\/encompaniastj.org\/pt-pt\/11978\/"},"author":{"name":"admin","@id":"https:\/\/encompaniastj.org\/pt-pt\/#\/schema\/person\/520e7ecc314793d40091993c2a02b651"},"headline":"JMJ\u2013\u201cum peda\u00e7o de c\u00e9u na terra\u201d","datePublished":"2023-11-16T12:02:12+00:00","dateModified":"2025-07-07T14:24:44+00:00","mainEntityOfPage":{"@id":"https:\/\/encompaniastj.org\/pt-pt\/11978\/"},"wordCount":971,"commentCount":0,"publisher":{"@id":"https:\/\/encompaniastj.org\/pt-pt\/#organization"},"image":{"@id":"https:\/\/encompaniastj.org\/pt-pt\/11978\/#primaryimage"},"thumbnailUrl":"https:\/\/encompaniastj.org\/wp-content\/uploads\/2025\/05\/FOTO-1-3.jpg","articleSection":["Noticias","Outras"],"inLanguage":"pt-PT","potentialAction":[{"@type":"CommentAction","name":"Comment","target":["https:\/\/encompaniastj.org\/pt-pt\/11978\/#respond"]}]},{"@type":"WebPage","@id":"https:\/\/encompaniastj.org\/pt-pt\/11978\/","url":"https:\/\/encompaniastj.org\/pt-pt\/11978\/","name":"JMJ\u2013\u201cum peda\u00e7o de c\u00e9u na terra\u201d - En Compa\u00f1\u00eda STJ","isPartOf":{"@id":"https:\/\/encompaniastj.org\/pt-pt\/#website"},"primaryImageOfPage":{"@id":"https:\/\/encompaniastj.org\/pt-pt\/11978\/#primaryimage"},"image":{"@id":"https:\/\/encompaniastj.org\/pt-pt\/11978\/#primaryimage"},"thumbnailUrl":"https:\/\/encompaniastj.org\/wp-content\/uploads\/2025\/05\/FOTO-1-3.jpg","datePublished":"2023-11-16T12:02:12+00:00","dateModified":"2025-07-07T14:24:44+00:00","breadcrumb":{"@id":"https:\/\/encompaniastj.org\/pt-pt\/11978\/#breadcrumb"},"inLanguage":"pt-PT","potentialAction":[{"@type":"ReadAction","target":["https:\/\/encompaniastj.org\/pt-pt\/11978\/"]}]},{"@type":"ImageObject","inLanguage":"pt-PT","@id":"https:\/\/encompaniastj.org\/pt-pt\/11978\/#primaryimage","url":"https:\/\/encompaniastj.org\/wp-content\/uploads\/2025\/05\/FOTO-1-3.jpg","contentUrl":"https:\/\/encompaniastj.org\/wp-content\/uploads\/2025\/05\/FOTO-1-3.jpg","width":225,"height":225},{"@type":"BreadcrumbList","@id":"https:\/\/encompaniastj.org\/pt-pt\/11978\/#breadcrumb","itemListElement":[{"@type":"ListItem","position":1,"name":"Portada","item":"https:\/\/encompaniastj.org\/pt-pt\/"},{"@type":"ListItem","position":2,"name":"JMJ\u2013\u201cum peda\u00e7o de c\u00e9u na terra\u201d"}]},{"@type":"WebSite","@id":"https:\/\/encompaniastj.org\/pt-pt\/#website","url":"https:\/\/encompaniastj.org\/pt-pt\/","name":"En Compa\u00f1\u00eda STJ","description":"Bolet\u00edn de la Compa\u00f1\u00eda de Santa Teresa de Jes\u00fas","publisher":{"@id":"https:\/\/encompaniastj.org\/pt-pt\/#organization"},"potentialAction":[{"@type":"SearchAction","target":{"@type":"EntryPoint","urlTemplate":"https:\/\/encompaniastj.org\/pt-pt\/?s={search_term_string}"},"query-input":{"@type":"PropertyValueSpecification","valueRequired":true,"valueName":"search_term_string"}}],"inLanguage":"pt-PT"},{"@type":"Organization","@id":"https:\/\/encompaniastj.org\/pt-pt\/#organization","name":"Compa\u00f1\u00eda de Santa Teresa de Jes\u00fas","url":"https:\/\/encompaniastj.org\/pt-pt\/","logo":{"@type":"ImageObject","inLanguage":"pt-PT","@id":"https:\/\/encompaniastj.org\/pt-pt\/#\/schema\/logo\/image\/","url":"https:\/\/encompaniastj.org\/wp-content\/uploads\/2025\/04\/logo_provincias02-1-3.png","contentUrl":"https:\/\/encompaniastj.org\/wp-content\/uploads\/2025\/04\/logo_provincias02-1-3.png","width":2368,"height":825,"caption":"Compa\u00f1\u00eda de Santa Teresa de Jes\u00fas"},"image":{"@id":"https:\/\/encompaniastj.org\/pt-pt\/#\/schema\/logo\/image\/"}},{"@type":"Person","@id":"https:\/\/encompaniastj.org\/pt-pt\/#\/schema\/person\/520e7ecc314793d40091993c2a02b651","name":"admin","image":{"@type":"ImageObject","inLanguage":"pt-PT","@id":"https:\/\/secure.gravatar.com\/avatar\/948b492cce32b586ac2db0eaa926ee87024f7afe218d73b397ea5ddfc5f43ea1?s=96&d=mm&r=g","url":"https:\/\/secure.gravatar.com\/avatar\/948b492cce32b586ac2db0eaa926ee87024f7afe218d73b397ea5ddfc5f43ea1?s=96&d=mm&r=g","contentUrl":"https:\/\/secure.gravatar.com\/avatar\/948b492cce32b586ac2db0eaa926ee87024f7afe218d73b397ea5ddfc5f43ea1?s=96&d=mm&r=g","caption":"admin"},"sameAs":["https:\/\/encompaniastj.org"],"url":"https:\/\/encompaniastj.org\/pt-pt\/author\/sjdigital\/"}]}},"_links":{"self":[{"href":"https:\/\/encompaniastj.org\/pt-pt\/wp-json\/wp\/v2\/posts\/11802","targetHints":{"allow":["GET"]}}],"collection":[{"href":"https:\/\/encompaniastj.org\/pt-pt\/wp-json\/wp\/v2\/posts"}],"about":[{"href":"https:\/\/encompaniastj.org\/pt-pt\/wp-json\/wp\/v2\/types\/post"}],"author":[{"embeddable":true,"href":"https:\/\/encompaniastj.org\/pt-pt\/wp-json\/wp\/v2\/users\/1"}],"replies":[{"embeddable":true,"href":"https:\/\/encompaniastj.org\/pt-pt\/wp-json\/wp\/v2\/comments?post=11802"}],"version-history":[{"count":1,"href":"https:\/\/encompaniastj.org\/pt-pt\/wp-json\/wp\/v2\/posts\/11802\/revisions"}],"predecessor-version":[{"id":11803,"href":"https:\/\/encompaniastj.org\/pt-pt\/wp-json\/wp\/v2\/posts\/11802\/revisions\/11803"}],"wp:featuredmedia":[{"embeddable":true,"href":"https:\/\/encompaniastj.org\/pt-pt\/wp-json\/wp\/v2\/media\/8507"}],"wp:attachment":[{"href":"https:\/\/encompaniastj.org\/pt-pt\/wp-json\/wp\/v2\/media?parent=11802"}],"wp:term":[{"taxonomy":"category","embeddable":true,"href":"https:\/\/encompaniastj.org\/pt-pt\/wp-json\/wp\/v2\/categories?post=11802"},{"taxonomy":"post_tag","embeddable":true,"href":"https:\/\/encompaniastj.org\/pt-pt\/wp-json\/wp\/v2\/tags?post=11802"}],"curies":[{"name":"wp","href":"https:\/\/api.w.org\/{rel}","templated":true}]}}