{"id":11788,"date":"2023-11-02T08:33:05","date_gmt":"2023-11-02T07:33:05","guid":{"rendered":"https:\/\/encompaniastj.org\/a-familia-teresiana-de-jesus-e-tortosa-continuam-a-rota-de-henrique-de-osso\/"},"modified":"2025-07-07T16:24:44","modified_gmt":"2025-07-07T14:24:44","slug":"a-familia-teresiana-de-jesus-e-tortosa-continuam-a-rota-de-henrique-de-osso","status":"publish","type":"post","link":"https:\/\/encompaniastj.org\/pt-pt\/a-familia-teresiana-de-jesus-e-tortosa-continuam-a-rota-de-henrique-de-osso\/","title":{"rendered":"A Fam\u00edlia Teresiana de Jesus e Tortosa continuam a \u201cRota de Henrique de Oss\u00f3\u201d"},"content":{"rendered":"<p>A Fam\u00edlia Teresiana de Jesus e Tortosa, seguindo as pegadas de Henrique de Oss\u00f3, fomos a Montserrat, com o desejo de que cres\u00e7a em n\u00f3s o amor a Jesus, t\u00e3o forte como o dele, e que nos ajude a viver o TUDO POR JESUS.<\/p>\n<p>Durante o caminho fomos entendendo o que ir\u00edamos experimentar. Particip\u00e1mos na Missa Conventual. Apresent\u00e1mo-nos como Fam\u00edlia Teresiana de Henrique de Oss\u00f3 que, como ele, fomos aos p\u00e9s da Moreneta para pedir a sua b\u00ean\u00e7\u00e3o de M\u00e3e.<\/p>\n<p>No final, na pra\u00e7a, homenagem ao Padre Henrique.<\/p>\n<p>Recordamos a sua primeira visita a Montserrat e como isso o marcou para toda a vida. Ele mesmo nos diz: \u201cN\u00e3o sei come\u00e7ar nada nem continuar nada sem que a Moreneta veja\u201d. Termin\u00e1mos com a oferta de alguns rebentos de oliveira da Resid\u00eancia de Jesus, plantados com solos de \u00c1vila, Vinebre, Jesus e Tortosa. Estavam ligados com as cores da Companhia. Que essa oliveira simbolize o nosso desejo de sermos artes\u00e3os da paz num mundo que sofre tanta guerra.<\/p>\n<p>Agradecemos que as irm\u00e3s de Ganduxer \u201cCasa Madre\u201d e da zona Franca se tenham unido a n\u00f3s em Montserrat.<\/p>\n<p><strong>\u00a0E CONTINUAMOS NA ROTA DE OSS\u00d3!!<\/strong><\/p>\n<p><strong>Que seguindo o seu desejo \u201cvamos como peregrinos e nos tornemos ap\u00f3stolos\u201d<\/strong><\/p>\n","protected":false},"excerpt":{"rendered":"<p>A Fam\u00edlia Teresiana de Jesus e Tortosa, seguindo as pegadas de Henrique de Oss\u00f3, fomos a Montserrat, com o desejo de que cres\u00e7a em n\u00f3s o amor a Jesus, t\u00e3o [&hellip;]<\/p>\n","protected":false},"author":1,"featured_media":8501,"comment_status":"open","ping_status":"open","sticky":false,"template":"","format":"standard","meta":{"_acf_changed":false,"footnotes":""},"categories":[79,81],"tags":[],"class_list":["post-11788","post","type-post","status-publish","format-standard","has-post-thumbnail","hentry","category-stj","category-stj-pt"],"acf":[],"yoast_head":"<!-- This site is optimized with the Yoast SEO plugin v27.5 - https:\/\/yoast.com\/product\/yoast-seo-wordpress\/ -->\n<title>A Fam\u00edlia Teresiana de Jesus e Tortosa continuam a \u201cRota de Henrique de Oss\u00f3\u201d - En Compa\u00f1\u00eda STJ<\/title>\n<meta name=\"robots\" content=\"index, follow, max-snippet:-1, max-image-preview:large, max-video-preview:-1\" \/>\n<link rel=\"canonical\" href=\"https:\/\/encompaniastj.org\/pt-pt\/a-familia-teresiana-de-jesus-e-tortosa-continuam-a-rota-de-henrique-de-osso\/\" \/>\n<meta property=\"og:locale\" content=\"pt_PT\" \/>\n<meta property=\"og:type\" content=\"article\" \/>\n<meta property=\"og:title\" content=\"A Fam\u00edlia Teresiana de Jesus e Tortosa continuam a \u201cRota de Henrique de Oss\u00f3\u201d - En Compa\u00f1\u00eda STJ\" \/>\n<meta property=\"og:description\" content=\"A Fam\u00edlia Teresiana de Jesus e Tortosa, seguindo as pegadas de Henrique de Oss\u00f3, fomos a Montserrat, com o desejo de que cres\u00e7a em n\u00f3s o amor a Jesus, t\u00e3o [&hellip;]\" \/>\n<meta property=\"og:url\" content=\"https:\/\/encompaniastj.org\/pt-pt\/a-familia-teresiana-de-jesus-e-tortosa-continuam-a-rota-de-henrique-de-osso\/\" \/>\n<meta property=\"og:site_name\" content=\"En Compa\u00f1\u00eda STJ\" \/>\n<meta property=\"article:published_time\" content=\"2023-11-02T07:33:05+00:00\" \/>\n<meta property=\"article:modified_time\" content=\"2025-07-07T14:24:44+00:00\" \/>\n<meta property=\"og:image\" content=\"https:\/\/encompaniastj.org\/wp-content\/uploads\/2025\/05\/foto-6.jpg\" \/>\n\t<meta property=\"og:image:width\" content=\"2000\" \/>\n\t<meta property=\"og:image:height\" content=\"1500\" \/>\n\t<meta property=\"og:image:type\" content=\"image\/jpeg\" \/>\n<meta name=\"author\" content=\"admin\" \/>\n<meta name=\"twitter:card\" content=\"summary_large_image\" \/>\n<meta name=\"twitter:label1\" content=\"Escrito por\" \/>\n\t<meta name=\"twitter:data1\" content=\"admin\" \/>\n\t<meta name=\"twitter:label2\" content=\"Tempo estimado de leitura\" \/>\n\t<meta name=\"twitter:data2\" content=\"1 minuto\" \/>\n<script type=\"application\/ld+json\" class=\"yoast-schema-graph\">{\"@context\":\"https:\\\/\\\/schema.org\",\"@graph\":[{\"@type\":\"Article\",\"@id\":\"https:\\\/\\\/encompaniastj.org\\\/pt-pt\\\/a-familia-teresiana-de-jesus-e-tortosa-continuam-a-rota-de-henrique-de-osso\\\/#article\",\"isPartOf\":{\"@id\":\"https:\\\/\\\/encompaniastj.org\\\/pt-pt\\\/a-familia-teresiana-de-jesus-e-tortosa-continuam-a-rota-de-henrique-de-osso\\\/\"},\"author\":{\"name\":\"admin\",\"@id\":\"https:\\\/\\\/encompaniastj.org\\\/pt-pt\\\/#\\\/schema\\\/person\\\/520e7ecc314793d40091993c2a02b651\"},\"headline\":\"A Fam\u00edlia Teresiana de Jesus e Tortosa continuam a \u201cRota de Henrique de Oss\u00f3\u201d\",\"datePublished\":\"2023-11-02T07:33:05+00:00\",\"dateModified\":\"2025-07-07T14:24:44+00:00\",\"mainEntityOfPage\":{\"@id\":\"https:\\\/\\\/encompaniastj.org\\\/pt-pt\\\/a-familia-teresiana-de-jesus-e-tortosa-continuam-a-rota-de-henrique-de-osso\\\/\"},\"wordCount\":240,\"commentCount\":0,\"publisher\":{\"@id\":\"https:\\\/\\\/encompaniastj.org\\\/pt-pt\\\/#organization\"},\"image\":{\"@id\":\"https:\\\/\\\/encompaniastj.org\\\/pt-pt\\\/a-familia-teresiana-de-jesus-e-tortosa-continuam-a-rota-de-henrique-de-osso\\\/#primaryimage\"},\"thumbnailUrl\":\"https:\\\/\\\/encompaniastj.org\\\/wp-content\\\/uploads\\\/2025\\\/05\\\/foto-6.jpg\",\"articleSection\":[\"STJ\",\"STJ pt\"],\"inLanguage\":\"pt-PT\",\"potentialAction\":[{\"@type\":\"CommentAction\",\"name\":\"Comment\",\"target\":[\"https:\\\/\\\/encompaniastj.org\\\/pt-pt\\\/a-familia-teresiana-de-jesus-e-tortosa-continuam-a-rota-de-henrique-de-osso\\\/#respond\"]}]},{\"@type\":\"WebPage\",\"@id\":\"https:\\\/\\\/encompaniastj.org\\\/pt-pt\\\/a-familia-teresiana-de-jesus-e-tortosa-continuam-a-rota-de-henrique-de-osso\\\/\",\"url\":\"https:\\\/\\\/encompaniastj.org\\\/pt-pt\\\/a-familia-teresiana-de-jesus-e-tortosa-continuam-a-rota-de-henrique-de-osso\\\/\",\"name\":\"A Fam\u00edlia Teresiana de Jesus e Tortosa continuam a \u201cRota de Henrique de Oss\u00f3\u201d - En Compa\u00f1\u00eda STJ\",\"isPartOf\":{\"@id\":\"https:\\\/\\\/encompaniastj.org\\\/pt-pt\\\/#website\"},\"primaryImageOfPage\":{\"@id\":\"https:\\\/\\\/encompaniastj.org\\\/pt-pt\\\/a-familia-teresiana-de-jesus-e-tortosa-continuam-a-rota-de-henrique-de-osso\\\/#primaryimage\"},\"image\":{\"@id\":\"https:\\\/\\\/encompaniastj.org\\\/pt-pt\\\/a-familia-teresiana-de-jesus-e-tortosa-continuam-a-rota-de-henrique-de-osso\\\/#primaryimage\"},\"thumbnailUrl\":\"https:\\\/\\\/encompaniastj.org\\\/wp-content\\\/uploads\\\/2025\\\/05\\\/foto-6.jpg\",\"datePublished\":\"2023-11-02T07:33:05+00:00\",\"dateModified\":\"2025-07-07T14:24:44+00:00\",\"breadcrumb\":{\"@id\":\"https:\\\/\\\/encompaniastj.org\\\/pt-pt\\\/a-familia-teresiana-de-jesus-e-tortosa-continuam-a-rota-de-henrique-de-osso\\\/#breadcrumb\"},\"inLanguage\":\"pt-PT\",\"potentialAction\":[{\"@type\":\"ReadAction\",\"target\":[\"https:\\\/\\\/encompaniastj.org\\\/pt-pt\\\/a-familia-teresiana-de-jesus-e-tortosa-continuam-a-rota-de-henrique-de-osso\\\/\"]}]},{\"@type\":\"ImageObject\",\"inLanguage\":\"pt-PT\",\"@id\":\"https:\\\/\\\/encompaniastj.org\\\/pt-pt\\\/a-familia-teresiana-de-jesus-e-tortosa-continuam-a-rota-de-henrique-de-osso\\\/#primaryimage\",\"url\":\"https:\\\/\\\/encompaniastj.org\\\/wp-content\\\/uploads\\\/2025\\\/05\\\/foto-6.jpg\",\"contentUrl\":\"https:\\\/\\\/encompaniastj.org\\\/wp-content\\\/uploads\\\/2025\\\/05\\\/foto-6.jpg\",\"width\":2000,\"height\":1500},{\"@type\":\"BreadcrumbList\",\"@id\":\"https:\\\/\\\/encompaniastj.org\\\/pt-pt\\\/a-familia-teresiana-de-jesus-e-tortosa-continuam-a-rota-de-henrique-de-osso\\\/#breadcrumb\",\"itemListElement\":[{\"@type\":\"ListItem\",\"position\":1,\"name\":\"Portada\",\"item\":\"https:\\\/\\\/encompaniastj.org\\\/pt-pt\\\/\"},{\"@type\":\"ListItem\",\"position\":2,\"name\":\"A Fam\u00edlia Teresiana de Jesus e Tortosa continuam a \u201cRota de Henrique de Oss\u00f3\u201d\"}]},{\"@type\":\"WebSite\",\"@id\":\"https:\\\/\\\/encompaniastj.org\\\/pt-pt\\\/#website\",\"url\":\"https:\\\/\\\/encompaniastj.org\\\/pt-pt\\\/\",\"name\":\"En Compa\u00f1\u00eda STJ\",\"description\":\"Bolet\u00edn de la Compa\u00f1\u00eda de Santa Teresa de Jes\u00fas\",\"publisher\":{\"@id\":\"https:\\\/\\\/encompaniastj.org\\\/pt-pt\\\/#organization\"},\"potentialAction\":[{\"@type\":\"SearchAction\",\"target\":{\"@type\":\"EntryPoint\",\"urlTemplate\":\"https:\\\/\\\/encompaniastj.org\\\/pt-pt\\\/?s={search_term_string}\"},\"query-input\":{\"@type\":\"PropertyValueSpecification\",\"valueRequired\":true,\"valueName\":\"search_term_string\"}}],\"inLanguage\":\"pt-PT\"},{\"@type\":\"Organization\",\"@id\":\"https:\\\/\\\/encompaniastj.org\\\/pt-pt\\\/#organization\",\"name\":\"Compa\u00f1\u00eda de Santa Teresa de Jes\u00fas\",\"url\":\"https:\\\/\\\/encompaniastj.org\\\/pt-pt\\\/\",\"logo\":{\"@type\":\"ImageObject\",\"inLanguage\":\"pt-PT\",\"@id\":\"https:\\\/\\\/encompaniastj.org\\\/pt-pt\\\/#\\\/schema\\\/logo\\\/image\\\/\",\"url\":\"https:\\\/\\\/encompaniastj.org\\\/wp-content\\\/uploads\\\/2025\\\/04\\\/logo_provincias02-1-3.png\",\"contentUrl\":\"https:\\\/\\\/encompaniastj.org\\\/wp-content\\\/uploads\\\/2025\\\/04\\\/logo_provincias02-1-3.png\",\"width\":2368,\"height\":825,\"caption\":\"Compa\u00f1\u00eda de Santa Teresa de Jes\u00fas\"},\"image\":{\"@id\":\"https:\\\/\\\/encompaniastj.org\\\/pt-pt\\\/#\\\/schema\\\/logo\\\/image\\\/\"}},{\"@type\":\"Person\",\"@id\":\"https:\\\/\\\/encompaniastj.org\\\/pt-pt\\\/#\\\/schema\\\/person\\\/520e7ecc314793d40091993c2a02b651\",\"name\":\"admin\",\"image\":{\"@type\":\"ImageObject\",\"inLanguage\":\"pt-PT\",\"@id\":\"https:\\\/\\\/secure.gravatar.com\\\/avatar\\\/948b492cce32b586ac2db0eaa926ee87024f7afe218d73b397ea5ddfc5f43ea1?s=96&d=mm&r=g\",\"url\":\"https:\\\/\\\/secure.gravatar.com\\\/avatar\\\/948b492cce32b586ac2db0eaa926ee87024f7afe218d73b397ea5ddfc5f43ea1?s=96&d=mm&r=g\",\"contentUrl\":\"https:\\\/\\\/secure.gravatar.com\\\/avatar\\\/948b492cce32b586ac2db0eaa926ee87024f7afe218d73b397ea5ddfc5f43ea1?s=96&d=mm&r=g\",\"caption\":\"admin\"},\"sameAs\":[\"https:\\\/\\\/encompaniastj.org\"],\"url\":\"https:\\\/\\\/encompaniastj.org\\\/pt-pt\\\/author\\\/sjdigital\\\/\"}]}<\/script>\n<!-- \/ Yoast SEO plugin. -->","yoast_head_json":{"title":"A Fam\u00edlia Teresiana de Jesus e Tortosa continuam a \u201cRota de Henrique de Oss\u00f3\u201d - En Compa\u00f1\u00eda STJ","robots":{"index":"index","follow":"follow","max-snippet":"max-snippet:-1","max-image-preview":"max-image-preview:large","max-video-preview":"max-video-preview:-1"},"canonical":"https:\/\/encompaniastj.org\/pt-pt\/a-familia-teresiana-de-jesus-e-tortosa-continuam-a-rota-de-henrique-de-osso\/","og_locale":"pt_PT","og_type":"article","og_title":"A Fam\u00edlia Teresiana de Jesus e Tortosa continuam a \u201cRota de Henrique de Oss\u00f3\u201d - En Compa\u00f1\u00eda STJ","og_description":"A Fam\u00edlia Teresiana de Jesus e Tortosa, seguindo as pegadas de Henrique de Oss\u00f3, fomos a Montserrat, com o desejo de que cres\u00e7a em n\u00f3s o amor a Jesus, t\u00e3o [&hellip;]","og_url":"https:\/\/encompaniastj.org\/pt-pt\/a-familia-teresiana-de-jesus-e-tortosa-continuam-a-rota-de-henrique-de-osso\/","og_site_name":"En Compa\u00f1\u00eda STJ","article_published_time":"2023-11-02T07:33:05+00:00","article_modified_time":"2025-07-07T14:24:44+00:00","og_image":[{"width":2000,"height":1500,"url":"https:\/\/encompaniastj.org\/wp-content\/uploads\/2025\/05\/foto-6.jpg","type":"image\/jpeg"}],"author":"admin","twitter_card":"summary_large_image","twitter_misc":{"Escrito por":"admin","Tempo estimado de leitura":"1 minuto"},"schema":{"@context":"https:\/\/schema.org","@graph":[{"@type":"Article","@id":"https:\/\/encompaniastj.org\/pt-pt\/a-familia-teresiana-de-jesus-e-tortosa-continuam-a-rota-de-henrique-de-osso\/#article","isPartOf":{"@id":"https:\/\/encompaniastj.org\/pt-pt\/a-familia-teresiana-de-jesus-e-tortosa-continuam-a-rota-de-henrique-de-osso\/"},"author":{"name":"admin","@id":"https:\/\/encompaniastj.org\/pt-pt\/#\/schema\/person\/520e7ecc314793d40091993c2a02b651"},"headline":"A Fam\u00edlia Teresiana de Jesus e Tortosa continuam a \u201cRota de Henrique de Oss\u00f3\u201d","datePublished":"2023-11-02T07:33:05+00:00","dateModified":"2025-07-07T14:24:44+00:00","mainEntityOfPage":{"@id":"https:\/\/encompaniastj.org\/pt-pt\/a-familia-teresiana-de-jesus-e-tortosa-continuam-a-rota-de-henrique-de-osso\/"},"wordCount":240,"commentCount":0,"publisher":{"@id":"https:\/\/encompaniastj.org\/pt-pt\/#organization"},"image":{"@id":"https:\/\/encompaniastj.org\/pt-pt\/a-familia-teresiana-de-jesus-e-tortosa-continuam-a-rota-de-henrique-de-osso\/#primaryimage"},"thumbnailUrl":"https:\/\/encompaniastj.org\/wp-content\/uploads\/2025\/05\/foto-6.jpg","articleSection":["STJ","STJ pt"],"inLanguage":"pt-PT","potentialAction":[{"@type":"CommentAction","name":"Comment","target":["https:\/\/encompaniastj.org\/pt-pt\/a-familia-teresiana-de-jesus-e-tortosa-continuam-a-rota-de-henrique-de-osso\/#respond"]}]},{"@type":"WebPage","@id":"https:\/\/encompaniastj.org\/pt-pt\/a-familia-teresiana-de-jesus-e-tortosa-continuam-a-rota-de-henrique-de-osso\/","url":"https:\/\/encompaniastj.org\/pt-pt\/a-familia-teresiana-de-jesus-e-tortosa-continuam-a-rota-de-henrique-de-osso\/","name":"A Fam\u00edlia Teresiana de Jesus e Tortosa continuam a \u201cRota de Henrique de Oss\u00f3\u201d - En Compa\u00f1\u00eda STJ","isPartOf":{"@id":"https:\/\/encompaniastj.org\/pt-pt\/#website"},"primaryImageOfPage":{"@id":"https:\/\/encompaniastj.org\/pt-pt\/a-familia-teresiana-de-jesus-e-tortosa-continuam-a-rota-de-henrique-de-osso\/#primaryimage"},"image":{"@id":"https:\/\/encompaniastj.org\/pt-pt\/a-familia-teresiana-de-jesus-e-tortosa-continuam-a-rota-de-henrique-de-osso\/#primaryimage"},"thumbnailUrl":"https:\/\/encompaniastj.org\/wp-content\/uploads\/2025\/05\/foto-6.jpg","datePublished":"2023-11-02T07:33:05+00:00","dateModified":"2025-07-07T14:24:44+00:00","breadcrumb":{"@id":"https:\/\/encompaniastj.org\/pt-pt\/a-familia-teresiana-de-jesus-e-tortosa-continuam-a-rota-de-henrique-de-osso\/#breadcrumb"},"inLanguage":"pt-PT","potentialAction":[{"@type":"ReadAction","target":["https:\/\/encompaniastj.org\/pt-pt\/a-familia-teresiana-de-jesus-e-tortosa-continuam-a-rota-de-henrique-de-osso\/"]}]},{"@type":"ImageObject","inLanguage":"pt-PT","@id":"https:\/\/encompaniastj.org\/pt-pt\/a-familia-teresiana-de-jesus-e-tortosa-continuam-a-rota-de-henrique-de-osso\/#primaryimage","url":"https:\/\/encompaniastj.org\/wp-content\/uploads\/2025\/05\/foto-6.jpg","contentUrl":"https:\/\/encompaniastj.org\/wp-content\/uploads\/2025\/05\/foto-6.jpg","width":2000,"height":1500},{"@type":"BreadcrumbList","@id":"https:\/\/encompaniastj.org\/pt-pt\/a-familia-teresiana-de-jesus-e-tortosa-continuam-a-rota-de-henrique-de-osso\/#breadcrumb","itemListElement":[{"@type":"ListItem","position":1,"name":"Portada","item":"https:\/\/encompaniastj.org\/pt-pt\/"},{"@type":"ListItem","position":2,"name":"A Fam\u00edlia Teresiana de Jesus e Tortosa continuam a \u201cRota de Henrique de Oss\u00f3\u201d"}]},{"@type":"WebSite","@id":"https:\/\/encompaniastj.org\/pt-pt\/#website","url":"https:\/\/encompaniastj.org\/pt-pt\/","name":"En Compa\u00f1\u00eda STJ","description":"Bolet\u00edn de la Compa\u00f1\u00eda de Santa Teresa de Jes\u00fas","publisher":{"@id":"https:\/\/encompaniastj.org\/pt-pt\/#organization"},"potentialAction":[{"@type":"SearchAction","target":{"@type":"EntryPoint","urlTemplate":"https:\/\/encompaniastj.org\/pt-pt\/?s={search_term_string}"},"query-input":{"@type":"PropertyValueSpecification","valueRequired":true,"valueName":"search_term_string"}}],"inLanguage":"pt-PT"},{"@type":"Organization","@id":"https:\/\/encompaniastj.org\/pt-pt\/#organization","name":"Compa\u00f1\u00eda de Santa Teresa de Jes\u00fas","url":"https:\/\/encompaniastj.org\/pt-pt\/","logo":{"@type":"ImageObject","inLanguage":"pt-PT","@id":"https:\/\/encompaniastj.org\/pt-pt\/#\/schema\/logo\/image\/","url":"https:\/\/encompaniastj.org\/wp-content\/uploads\/2025\/04\/logo_provincias02-1-3.png","contentUrl":"https:\/\/encompaniastj.org\/wp-content\/uploads\/2025\/04\/logo_provincias02-1-3.png","width":2368,"height":825,"caption":"Compa\u00f1\u00eda de Santa Teresa de Jes\u00fas"},"image":{"@id":"https:\/\/encompaniastj.org\/pt-pt\/#\/schema\/logo\/image\/"}},{"@type":"Person","@id":"https:\/\/encompaniastj.org\/pt-pt\/#\/schema\/person\/520e7ecc314793d40091993c2a02b651","name":"admin","image":{"@type":"ImageObject","inLanguage":"pt-PT","@id":"https:\/\/secure.gravatar.com\/avatar\/948b492cce32b586ac2db0eaa926ee87024f7afe218d73b397ea5ddfc5f43ea1?s=96&d=mm&r=g","url":"https:\/\/secure.gravatar.com\/avatar\/948b492cce32b586ac2db0eaa926ee87024f7afe218d73b397ea5ddfc5f43ea1?s=96&d=mm&r=g","contentUrl":"https:\/\/secure.gravatar.com\/avatar\/948b492cce32b586ac2db0eaa926ee87024f7afe218d73b397ea5ddfc5f43ea1?s=96&d=mm&r=g","caption":"admin"},"sameAs":["https:\/\/encompaniastj.org"],"url":"https:\/\/encompaniastj.org\/pt-pt\/author\/sjdigital\/"}]}},"_links":{"self":[{"href":"https:\/\/encompaniastj.org\/pt-pt\/wp-json\/wp\/v2\/posts\/11788","targetHints":{"allow":["GET"]}}],"collection":[{"href":"https:\/\/encompaniastj.org\/pt-pt\/wp-json\/wp\/v2\/posts"}],"about":[{"href":"https:\/\/encompaniastj.org\/pt-pt\/wp-json\/wp\/v2\/types\/post"}],"author":[{"embeddable":true,"href":"https:\/\/encompaniastj.org\/pt-pt\/wp-json\/wp\/v2\/users\/1"}],"replies":[{"embeddable":true,"href":"https:\/\/encompaniastj.org\/pt-pt\/wp-json\/wp\/v2\/comments?post=11788"}],"version-history":[{"count":1,"href":"https:\/\/encompaniastj.org\/pt-pt\/wp-json\/wp\/v2\/posts\/11788\/revisions"}],"predecessor-version":[{"id":11789,"href":"https:\/\/encompaniastj.org\/pt-pt\/wp-json\/wp\/v2\/posts\/11788\/revisions\/11789"}],"wp:featuredmedia":[{"embeddable":true,"href":"https:\/\/encompaniastj.org\/pt-pt\/wp-json\/wp\/v2\/media\/8501"}],"wp:attachment":[{"href":"https:\/\/encompaniastj.org\/pt-pt\/wp-json\/wp\/v2\/media?parent=11788"}],"wp:term":[{"taxonomy":"category","embeddable":true,"href":"https:\/\/encompaniastj.org\/pt-pt\/wp-json\/wp\/v2\/categories?post=11788"},{"taxonomy":"post_tag","embeddable":true,"href":"https:\/\/encompaniastj.org\/pt-pt\/wp-json\/wp\/v2\/tags?post=11788"}],"curies":[{"name":"wp","href":"https:\/\/api.w.org\/{rel}","templated":true}]}}