{"id":11716,"date":"2023-08-29T06:20:56","date_gmt":"2023-08-29T04:20:56","guid":{"rendered":"https:\/\/encompaniastj.org\/jornada-mundial-da-juventude-lisboa-2023\/"},"modified":"2025-07-07T16:24:37","modified_gmt":"2025-07-07T14:24:37","slug":"jornada-mundial-da-juventude-lisboa-2023","status":"publish","type":"post","link":"https:\/\/encompaniastj.org\/pt-pt\/jornada-mundial-da-juventude-lisboa-2023\/","title":{"rendered":"Jornada Mundial da Juventude \u2013 Lisboa 2023"},"content":{"rendered":"<p><strong>Testemunho<\/strong><\/p>\n<p>Finalmente, o sonho tornou-se realidade. Desde 2019 esper\u00e1vamos a realiza\u00e7\u00e3o deste evento. Como todos sabemos, n\u00e3o se realizou em 2022 devido \u00e0 pandemia de COVID-19.<\/p>\n<p>Assim, de 1 a 6 de agosto de 2023, Lisboa tornou-se o centro do mundo, o palco de v\u00e1rias culturas. Alargou a sua \u201ctenda\u201d e acolheu um milh\u00e3o e meio de jovens e menos jovens vindos dos quatro cantos do mundo.<\/p>\n<p>Alegria contagiante, cor, coragem, aten\u00e7\u00e3o ao outro, paz, respeito, serenidade, energia, entusiasmo, festa, encontro, testemunhos, sil\u00eancio, organiza\u00e7\u00e3o, arte, di\u00e1logo, ora\u00e7\u00e3o, reconcilia\u00e7\u00e3o, diversidade de culturas, \u2026 alguns dos v\u00e1rios voc\u00e1bulos para exprimir um pouco o que vivi ao longo destes dias. Era bem vis\u00edvel o mar de gente que caminhava em Lisboa. As festas na rua transformaram as pra\u00e7as e jardins de Lisboa em palcos de m\u00fasica, arte e dan\u00e7a.<\/p>\n<p>\u00c9 imposs\u00edvel manifestar toda a gama de sentimentos vividos. Apenas focar-me-ei em alguns encontros que participei.<\/p>\n<p>Desde logo a possibilidade que tive de integrar o grupo que de 1 a 4 esteve no STAND da Companhia. Foi um local de grandes emo\u00e7\u00f5es. O primeiro grupo que visitou o nosso stand foi um grupo de jovens da Guatemala. A ele sucederam-se muitos, muitos\u2026 Os jovens transmitiam-me alegria, entusiamo. Os seus olhos com brilho e expressividade estabeleciam rapidamente uma comunica\u00e7\u00e3o fluida. Cada grupo, cada jovem, diferente na sua cultura, na sua pr\u00f3pria especificidade revelava o mesmo desejo, a mesma \u00e2nsia; saber quem era Santa Teresa, onde a Companhia estava presente e a nossa miss\u00e3o\u2026 A Fam\u00edlia Teresiana n\u00e3o podia deixar de se fazer presente, assim como, amigos de longa data das diversas zonas do globo.<\/p>\n<p>Outro momento que n\u00e3o posso deixar passar sem o explicitar, foi a ora\u00e7\u00e3o de v\u00e9speras no Mosteiro dos Jer\u00f3nimos, lugar t\u00e3o emblem\u00e1tico para a alma lusa. Agrade\u00e7o \u00e0 Isabel del Valle e \u00e0 Am\u00e9lia que t\u00e3o amavelmente delegaram em mim a presen\u00e7a da Prov\u00edncia, neste encontro. O meu muito obrigada. O Papa Francisco com a sua caracter\u00edstica t\u00e3o peculiar de proximidade, deixou aos respons\u00e1veis da Igreja portuguesa, aos consagrados\/as desafios muito realistas. O primeiro <em>\u201cFaz-te ao largo\u201d<\/em> como arriscou em tempos passados S\u00e3o Jo\u00e3o de Brito, indo at\u00e9 aos confins da \u00cdndia sem medo. No segundo, o Papa Francisco serviu-se de uma imagem que tem a ver com a cal\u00e7ada portuguesa, onde uma pedra desajustada faz perder o equil\u00edbrio, exortando assim, a desenvolver juntos uma pastoral, <em>na barca de Pedro deve haver lugar para todos<\/em>.\u00a0 No terceiro persuadiu-nos a tornar-nos pescadores de homens. Fomos convidados\/as a fazermo-nos ao largo nas \u00e1guas deste mar, lan\u00e7ando a rede do Evangelho.<\/p>\n<p>O Papa Francisco incitou os jovens a serem \u201ccore\u00f3grafos das suas vidas\u201d. Surgiram na JMJ, protagonistas com nomes e com vidas\u2026 Uma das maiores alegrias foi assistir ao reencontro da f\u00e9 com express\u00f5es contempor\u00e2neas atrav\u00e9s da arte. Os core\u00f3grafos nos diversos encontros n\u00e3o foram parcos em unir a arte \u00e0 mensagem que desejavam transmitir. Muita criatividade! Os destinat\u00e1rios dos textos e da m\u00fasica eram visivelmente os jovens. Penso que todos se reviam nos textos e nas coreografias. Momentos profundos de sil\u00eancio, emo\u00e7\u00e3o e ora\u00e7\u00e3o.<\/p>\n<p>Neste evento t\u00e3o grandioso e significativo n\u00e3o faltou o fado, express\u00e3o da alma portuguesa. Mariza, na cerim\u00f3nia de acolhimento ao Papa Francisco, interpretando \u201cFoi Deus\u201d e na Vig\u00edlia a fadista Carminho interpretou \u201cUma estrela\u201d. Nos dois momentos, o sil\u00eancio foi a voz eloquente dos peregrinos.<\/p>\n<p>Passo concluir com uma cita\u00e7\u00e3o do Papa Francisco. <em>\u201cA JMJ mostrou a todos que outro mundo \u00e9 poss\u00edvel: um mundo de irm\u00e3os e irm\u00e3s, onde as bandeiras de todos os povos ondeiam juntas sem \u00f3dio, sem medo sem armas\u201d.<\/em><\/p>\n<p>A JMJ 2023 ficar\u00e1 na hist\u00f3ria, sobretudo no cora\u00e7\u00e3o dos portugueses! \u00a0 \u00a0 \u00a0 \u00a0 \u00a0 \u00a0 \u00a0 \u00a0 \u00a0 \u00a0 \u00a0 \u00a0 \u00a0 \u00a0 \u00a0 \u00a0 \u00a0 \u00a0 \u00a0 \u00a0 \u00a0 \u00a0 \u00a0 \u00a0 \u00a0 Concei\u00e7\u00e3o Marques, stj<\/p>\n<p><img loading=\"lazy\" decoding=\"async\" class=\"aligncenter wp-image-11711 size-large\" src=\"https:\/\/encompaniastj.org\/wp-content\/uploads\/2025\/05\/foto-4-1.jpg\" alt=\"\" width=\"1024\" height=\"712\" \/><\/p>\n<p><img loading=\"lazy\" decoding=\"async\" class=\"aligncenter wp-image-11669 size-large\" src=\"https:\/\/encompaniastj.org\/wp-content\/uploads\/2025\/05\/20230803_123457-scaled-1.jpg\" alt=\"\" width=\"1024\" height=\"768\" \/><\/p>\n<p><img loading=\"lazy\" decoding=\"async\" class=\"aligncenter wp-image-11665 size-large\" src=\"https:\/\/encompaniastj.org\/wp-content\/uploads\/2025\/05\/20230801_105737-scaled-1.jpg\" alt=\"\" width=\"1024\" height=\"768\" \/><\/p>\n<p>&nbsp;<\/p>\n<p><img loading=\"lazy\" decoding=\"async\" class=\"aligncenter wp-image-11671 size-large\" src=\"https:\/\/encompaniastj.org\/wp-content\/uploads\/2025\/05\/20230804_143410-scaled-1.jpg\" alt=\"\" width=\"768\" height=\"1024\" \/><\/p>\n<p><img loading=\"lazy\" decoding=\"async\" class=\"aligncenter wp-image-11675 size-large\" src=\"https:\/\/encompaniastj.org\/wp-content\/uploads\/2025\/05\/20230802_130510-1-scaled-1.jpg\" alt=\"\" width=\"1024\" height=\"768\" \/><\/p>\n<p>&nbsp;<\/p>\n","protected":false},"excerpt":{"rendered":"<p>Testemunho Finalmente, o sonho tornou-se realidade. Desde 2019 esper\u00e1vamos a realiza\u00e7\u00e3o deste evento. Como todos sabemos, n\u00e3o se realizou em 2022 devido \u00e0 pandemia de COVID-19. Assim, de 1 a [&hellip;]<\/p>\n","protected":false},"author":1,"featured_media":8443,"comment_status":"open","ping_status":"open","sticky":false,"template":"","format":"standard","meta":{"_acf_changed":false,"footnotes":""},"categories":[61,64],"tags":[],"class_list":["post-11716","post","type-post","status-publish","format-standard","has-post-thumbnail","hentry","category-noticias","category-pjvt"],"acf":[],"yoast_head":"<!-- This site is optimized with the Yoast SEO plugin v27.5 - https:\/\/yoast.com\/product\/yoast-seo-wordpress\/ -->\n<title>Jornada Mundial da Juventude \u2013 Lisboa 2023 - En Compa\u00f1\u00eda STJ<\/title>\n<meta name=\"robots\" content=\"index, follow, max-snippet:-1, max-image-preview:large, max-video-preview:-1\" \/>\n<link rel=\"canonical\" href=\"https:\/\/encompaniastj.org\/pt-pt\/jornada-mundial-da-juventude-lisboa-2023\/\" \/>\n<meta property=\"og:locale\" content=\"pt_PT\" \/>\n<meta property=\"og:type\" content=\"article\" \/>\n<meta property=\"og:title\" content=\"Jornada Mundial da Juventude \u2013 Lisboa 2023 - En Compa\u00f1\u00eda STJ\" \/>\n<meta property=\"og:description\" content=\"Testemunho Finalmente, o sonho tornou-se realidade. Desde 2019 esper\u00e1vamos a realiza\u00e7\u00e3o deste evento. Como todos sabemos, n\u00e3o se realizou em 2022 devido \u00e0 pandemia de COVID-19. Assim, de 1 a [&hellip;]\" \/>\n<meta property=\"og:url\" content=\"https:\/\/encompaniastj.org\/pt-pt\/jornada-mundial-da-juventude-lisboa-2023\/\" \/>\n<meta property=\"og:site_name\" content=\"En Compa\u00f1\u00eda STJ\" \/>\n<meta property=\"article:published_time\" content=\"2023-08-29T04:20:56+00:00\" \/>\n<meta property=\"article:modified_time\" content=\"2025-07-07T14:24:37+00:00\" \/>\n<meta property=\"og:image\" content=\"https:\/\/encompaniastj.org\/wp-content\/uploads\/2025\/05\/foto-5-1.jpg\" \/>\n\t<meta property=\"og:image:width\" content=\"1080\" \/>\n\t<meta property=\"og:image:height\" content=\"608\" \/>\n\t<meta property=\"og:image:type\" content=\"image\/jpeg\" \/>\n<meta name=\"author\" content=\"admin\" \/>\n<meta name=\"twitter:card\" content=\"summary_large_image\" \/>\n<meta name=\"twitter:label1\" content=\"Escrito por\" \/>\n\t<meta name=\"twitter:data1\" content=\"admin\" \/>\n\t<meta name=\"twitter:label2\" content=\"Tempo estimado de leitura\" \/>\n\t<meta name=\"twitter:data2\" content=\"4 minutos\" \/>\n<script type=\"application\/ld+json\" class=\"yoast-schema-graph\">{\"@context\":\"https:\\\/\\\/schema.org\",\"@graph\":[{\"@type\":\"Article\",\"@id\":\"https:\\\/\\\/encompaniastj.org\\\/pt-pt\\\/jornada-mundial-da-juventude-lisboa-2023\\\/#article\",\"isPartOf\":{\"@id\":\"https:\\\/\\\/encompaniastj.org\\\/pt-pt\\\/jornada-mundial-da-juventude-lisboa-2023\\\/\"},\"author\":{\"name\":\"admin\",\"@id\":\"https:\\\/\\\/encompaniastj.org\\\/pt-pt\\\/#\\\/schema\\\/person\\\/520e7ecc314793d40091993c2a02b651\"},\"headline\":\"Jornada Mundial da Juventude \u2013 Lisboa 2023\",\"datePublished\":\"2023-08-29T04:20:56+00:00\",\"dateModified\":\"2025-07-07T14:24:37+00:00\",\"mainEntityOfPage\":{\"@id\":\"https:\\\/\\\/encompaniastj.org\\\/pt-pt\\\/jornada-mundial-da-juventude-lisboa-2023\\\/\"},\"wordCount\":670,\"commentCount\":0,\"publisher\":{\"@id\":\"https:\\\/\\\/encompaniastj.org\\\/pt-pt\\\/#organization\"},\"image\":{\"@id\":\"https:\\\/\\\/encompaniastj.org\\\/pt-pt\\\/jornada-mundial-da-juventude-lisboa-2023\\\/#primaryimage\"},\"thumbnailUrl\":\"https:\\\/\\\/encompaniastj.org\\\/wp-content\\\/uploads\\\/2025\\\/05\\\/foto-5-1.jpg\",\"articleSection\":[\"Noticias\",\"PJVT\"],\"inLanguage\":\"pt-PT\",\"potentialAction\":[{\"@type\":\"CommentAction\",\"name\":\"Comment\",\"target\":[\"https:\\\/\\\/encompaniastj.org\\\/pt-pt\\\/jornada-mundial-da-juventude-lisboa-2023\\\/#respond\"]}]},{\"@type\":\"WebPage\",\"@id\":\"https:\\\/\\\/encompaniastj.org\\\/pt-pt\\\/jornada-mundial-da-juventude-lisboa-2023\\\/\",\"url\":\"https:\\\/\\\/encompaniastj.org\\\/pt-pt\\\/jornada-mundial-da-juventude-lisboa-2023\\\/\",\"name\":\"Jornada Mundial da Juventude \u2013 Lisboa 2023 - En Compa\u00f1\u00eda STJ\",\"isPartOf\":{\"@id\":\"https:\\\/\\\/encompaniastj.org\\\/pt-pt\\\/#website\"},\"primaryImageOfPage\":{\"@id\":\"https:\\\/\\\/encompaniastj.org\\\/pt-pt\\\/jornada-mundial-da-juventude-lisboa-2023\\\/#primaryimage\"},\"image\":{\"@id\":\"https:\\\/\\\/encompaniastj.org\\\/pt-pt\\\/jornada-mundial-da-juventude-lisboa-2023\\\/#primaryimage\"},\"thumbnailUrl\":\"https:\\\/\\\/encompaniastj.org\\\/wp-content\\\/uploads\\\/2025\\\/05\\\/foto-5-1.jpg\",\"datePublished\":\"2023-08-29T04:20:56+00:00\",\"dateModified\":\"2025-07-07T14:24:37+00:00\",\"breadcrumb\":{\"@id\":\"https:\\\/\\\/encompaniastj.org\\\/pt-pt\\\/jornada-mundial-da-juventude-lisboa-2023\\\/#breadcrumb\"},\"inLanguage\":\"pt-PT\",\"potentialAction\":[{\"@type\":\"ReadAction\",\"target\":[\"https:\\\/\\\/encompaniastj.org\\\/pt-pt\\\/jornada-mundial-da-juventude-lisboa-2023\\\/\"]}]},{\"@type\":\"ImageObject\",\"inLanguage\":\"pt-PT\",\"@id\":\"https:\\\/\\\/encompaniastj.org\\\/pt-pt\\\/jornada-mundial-da-juventude-lisboa-2023\\\/#primaryimage\",\"url\":\"https:\\\/\\\/encompaniastj.org\\\/wp-content\\\/uploads\\\/2025\\\/05\\\/foto-5-1.jpg\",\"contentUrl\":\"https:\\\/\\\/encompaniastj.org\\\/wp-content\\\/uploads\\\/2025\\\/05\\\/foto-5-1.jpg\",\"width\":1080,\"height\":608},{\"@type\":\"BreadcrumbList\",\"@id\":\"https:\\\/\\\/encompaniastj.org\\\/pt-pt\\\/jornada-mundial-da-juventude-lisboa-2023\\\/#breadcrumb\",\"itemListElement\":[{\"@type\":\"ListItem\",\"position\":1,\"name\":\"Portada\",\"item\":\"https:\\\/\\\/encompaniastj.org\\\/pt-pt\\\/\"},{\"@type\":\"ListItem\",\"position\":2,\"name\":\"Jornada Mundial da Juventude \u2013 Lisboa 2023\"}]},{\"@type\":\"WebSite\",\"@id\":\"https:\\\/\\\/encompaniastj.org\\\/pt-pt\\\/#website\",\"url\":\"https:\\\/\\\/encompaniastj.org\\\/pt-pt\\\/\",\"name\":\"En Compa\u00f1\u00eda STJ\",\"description\":\"Bolet\u00edn de la Compa\u00f1\u00eda de Santa Teresa de Jes\u00fas\",\"publisher\":{\"@id\":\"https:\\\/\\\/encompaniastj.org\\\/pt-pt\\\/#organization\"},\"potentialAction\":[{\"@type\":\"SearchAction\",\"target\":{\"@type\":\"EntryPoint\",\"urlTemplate\":\"https:\\\/\\\/encompaniastj.org\\\/pt-pt\\\/?s={search_term_string}\"},\"query-input\":{\"@type\":\"PropertyValueSpecification\",\"valueRequired\":true,\"valueName\":\"search_term_string\"}}],\"inLanguage\":\"pt-PT\"},{\"@type\":\"Organization\",\"@id\":\"https:\\\/\\\/encompaniastj.org\\\/pt-pt\\\/#organization\",\"name\":\"Compa\u00f1\u00eda de Santa Teresa de Jes\u00fas\",\"url\":\"https:\\\/\\\/encompaniastj.org\\\/pt-pt\\\/\",\"logo\":{\"@type\":\"ImageObject\",\"inLanguage\":\"pt-PT\",\"@id\":\"https:\\\/\\\/encompaniastj.org\\\/pt-pt\\\/#\\\/schema\\\/logo\\\/image\\\/\",\"url\":\"https:\\\/\\\/encompaniastj.org\\\/wp-content\\\/uploads\\\/2025\\\/04\\\/logo_provincias02-1-3.png\",\"contentUrl\":\"https:\\\/\\\/encompaniastj.org\\\/wp-content\\\/uploads\\\/2025\\\/04\\\/logo_provincias02-1-3.png\",\"width\":2368,\"height\":825,\"caption\":\"Compa\u00f1\u00eda de Santa Teresa de Jes\u00fas\"},\"image\":{\"@id\":\"https:\\\/\\\/encompaniastj.org\\\/pt-pt\\\/#\\\/schema\\\/logo\\\/image\\\/\"}},{\"@type\":\"Person\",\"@id\":\"https:\\\/\\\/encompaniastj.org\\\/pt-pt\\\/#\\\/schema\\\/person\\\/520e7ecc314793d40091993c2a02b651\",\"name\":\"admin\",\"image\":{\"@type\":\"ImageObject\",\"inLanguage\":\"pt-PT\",\"@id\":\"https:\\\/\\\/secure.gravatar.com\\\/avatar\\\/948b492cce32b586ac2db0eaa926ee87024f7afe218d73b397ea5ddfc5f43ea1?s=96&d=mm&r=g\",\"url\":\"https:\\\/\\\/secure.gravatar.com\\\/avatar\\\/948b492cce32b586ac2db0eaa926ee87024f7afe218d73b397ea5ddfc5f43ea1?s=96&d=mm&r=g\",\"contentUrl\":\"https:\\\/\\\/secure.gravatar.com\\\/avatar\\\/948b492cce32b586ac2db0eaa926ee87024f7afe218d73b397ea5ddfc5f43ea1?s=96&d=mm&r=g\",\"caption\":\"admin\"},\"sameAs\":[\"https:\\\/\\\/encompaniastj.org\"],\"url\":\"https:\\\/\\\/encompaniastj.org\\\/pt-pt\\\/author\\\/sjdigital\\\/\"}]}<\/script>\n<!-- \/ Yoast SEO plugin. -->","yoast_head_json":{"title":"Jornada Mundial da Juventude \u2013 Lisboa 2023 - En Compa\u00f1\u00eda STJ","robots":{"index":"index","follow":"follow","max-snippet":"max-snippet:-1","max-image-preview":"max-image-preview:large","max-video-preview":"max-video-preview:-1"},"canonical":"https:\/\/encompaniastj.org\/pt-pt\/jornada-mundial-da-juventude-lisboa-2023\/","og_locale":"pt_PT","og_type":"article","og_title":"Jornada Mundial da Juventude \u2013 Lisboa 2023 - En Compa\u00f1\u00eda STJ","og_description":"Testemunho Finalmente, o sonho tornou-se realidade. Desde 2019 esper\u00e1vamos a realiza\u00e7\u00e3o deste evento. Como todos sabemos, n\u00e3o se realizou em 2022 devido \u00e0 pandemia de COVID-19. Assim, de 1 a [&hellip;]","og_url":"https:\/\/encompaniastj.org\/pt-pt\/jornada-mundial-da-juventude-lisboa-2023\/","og_site_name":"En Compa\u00f1\u00eda STJ","article_published_time":"2023-08-29T04:20:56+00:00","article_modified_time":"2025-07-07T14:24:37+00:00","og_image":[{"width":1080,"height":608,"url":"https:\/\/encompaniastj.org\/wp-content\/uploads\/2025\/05\/foto-5-1.jpg","type":"image\/jpeg"}],"author":"admin","twitter_card":"summary_large_image","twitter_misc":{"Escrito por":"admin","Tempo estimado de leitura":"4 minutos"},"schema":{"@context":"https:\/\/schema.org","@graph":[{"@type":"Article","@id":"https:\/\/encompaniastj.org\/pt-pt\/jornada-mundial-da-juventude-lisboa-2023\/#article","isPartOf":{"@id":"https:\/\/encompaniastj.org\/pt-pt\/jornada-mundial-da-juventude-lisboa-2023\/"},"author":{"name":"admin","@id":"https:\/\/encompaniastj.org\/pt-pt\/#\/schema\/person\/520e7ecc314793d40091993c2a02b651"},"headline":"Jornada Mundial da Juventude \u2013 Lisboa 2023","datePublished":"2023-08-29T04:20:56+00:00","dateModified":"2025-07-07T14:24:37+00:00","mainEntityOfPage":{"@id":"https:\/\/encompaniastj.org\/pt-pt\/jornada-mundial-da-juventude-lisboa-2023\/"},"wordCount":670,"commentCount":0,"publisher":{"@id":"https:\/\/encompaniastj.org\/pt-pt\/#organization"},"image":{"@id":"https:\/\/encompaniastj.org\/pt-pt\/jornada-mundial-da-juventude-lisboa-2023\/#primaryimage"},"thumbnailUrl":"https:\/\/encompaniastj.org\/wp-content\/uploads\/2025\/05\/foto-5-1.jpg","articleSection":["Noticias","PJVT"],"inLanguage":"pt-PT","potentialAction":[{"@type":"CommentAction","name":"Comment","target":["https:\/\/encompaniastj.org\/pt-pt\/jornada-mundial-da-juventude-lisboa-2023\/#respond"]}]},{"@type":"WebPage","@id":"https:\/\/encompaniastj.org\/pt-pt\/jornada-mundial-da-juventude-lisboa-2023\/","url":"https:\/\/encompaniastj.org\/pt-pt\/jornada-mundial-da-juventude-lisboa-2023\/","name":"Jornada Mundial da Juventude \u2013 Lisboa 2023 - En Compa\u00f1\u00eda STJ","isPartOf":{"@id":"https:\/\/encompaniastj.org\/pt-pt\/#website"},"primaryImageOfPage":{"@id":"https:\/\/encompaniastj.org\/pt-pt\/jornada-mundial-da-juventude-lisboa-2023\/#primaryimage"},"image":{"@id":"https:\/\/encompaniastj.org\/pt-pt\/jornada-mundial-da-juventude-lisboa-2023\/#primaryimage"},"thumbnailUrl":"https:\/\/encompaniastj.org\/wp-content\/uploads\/2025\/05\/foto-5-1.jpg","datePublished":"2023-08-29T04:20:56+00:00","dateModified":"2025-07-07T14:24:37+00:00","breadcrumb":{"@id":"https:\/\/encompaniastj.org\/pt-pt\/jornada-mundial-da-juventude-lisboa-2023\/#breadcrumb"},"inLanguage":"pt-PT","potentialAction":[{"@type":"ReadAction","target":["https:\/\/encompaniastj.org\/pt-pt\/jornada-mundial-da-juventude-lisboa-2023\/"]}]},{"@type":"ImageObject","inLanguage":"pt-PT","@id":"https:\/\/encompaniastj.org\/pt-pt\/jornada-mundial-da-juventude-lisboa-2023\/#primaryimage","url":"https:\/\/encompaniastj.org\/wp-content\/uploads\/2025\/05\/foto-5-1.jpg","contentUrl":"https:\/\/encompaniastj.org\/wp-content\/uploads\/2025\/05\/foto-5-1.jpg","width":1080,"height":608},{"@type":"BreadcrumbList","@id":"https:\/\/encompaniastj.org\/pt-pt\/jornada-mundial-da-juventude-lisboa-2023\/#breadcrumb","itemListElement":[{"@type":"ListItem","position":1,"name":"Portada","item":"https:\/\/encompaniastj.org\/pt-pt\/"},{"@type":"ListItem","position":2,"name":"Jornada Mundial da Juventude \u2013 Lisboa 2023"}]},{"@type":"WebSite","@id":"https:\/\/encompaniastj.org\/pt-pt\/#website","url":"https:\/\/encompaniastj.org\/pt-pt\/","name":"En Compa\u00f1\u00eda STJ","description":"Bolet\u00edn de la Compa\u00f1\u00eda de Santa Teresa de Jes\u00fas","publisher":{"@id":"https:\/\/encompaniastj.org\/pt-pt\/#organization"},"potentialAction":[{"@type":"SearchAction","target":{"@type":"EntryPoint","urlTemplate":"https:\/\/encompaniastj.org\/pt-pt\/?s={search_term_string}"},"query-input":{"@type":"PropertyValueSpecification","valueRequired":true,"valueName":"search_term_string"}}],"inLanguage":"pt-PT"},{"@type":"Organization","@id":"https:\/\/encompaniastj.org\/pt-pt\/#organization","name":"Compa\u00f1\u00eda de Santa Teresa de Jes\u00fas","url":"https:\/\/encompaniastj.org\/pt-pt\/","logo":{"@type":"ImageObject","inLanguage":"pt-PT","@id":"https:\/\/encompaniastj.org\/pt-pt\/#\/schema\/logo\/image\/","url":"https:\/\/encompaniastj.org\/wp-content\/uploads\/2025\/04\/logo_provincias02-1-3.png","contentUrl":"https:\/\/encompaniastj.org\/wp-content\/uploads\/2025\/04\/logo_provincias02-1-3.png","width":2368,"height":825,"caption":"Compa\u00f1\u00eda de Santa Teresa de Jes\u00fas"},"image":{"@id":"https:\/\/encompaniastj.org\/pt-pt\/#\/schema\/logo\/image\/"}},{"@type":"Person","@id":"https:\/\/encompaniastj.org\/pt-pt\/#\/schema\/person\/520e7ecc314793d40091993c2a02b651","name":"admin","image":{"@type":"ImageObject","inLanguage":"pt-PT","@id":"https:\/\/secure.gravatar.com\/avatar\/948b492cce32b586ac2db0eaa926ee87024f7afe218d73b397ea5ddfc5f43ea1?s=96&d=mm&r=g","url":"https:\/\/secure.gravatar.com\/avatar\/948b492cce32b586ac2db0eaa926ee87024f7afe218d73b397ea5ddfc5f43ea1?s=96&d=mm&r=g","contentUrl":"https:\/\/secure.gravatar.com\/avatar\/948b492cce32b586ac2db0eaa926ee87024f7afe218d73b397ea5ddfc5f43ea1?s=96&d=mm&r=g","caption":"admin"},"sameAs":["https:\/\/encompaniastj.org"],"url":"https:\/\/encompaniastj.org\/pt-pt\/author\/sjdigital\/"}]}},"_links":{"self":[{"href":"https:\/\/encompaniastj.org\/pt-pt\/wp-json\/wp\/v2\/posts\/11716","targetHints":{"allow":["GET"]}}],"collection":[{"href":"https:\/\/encompaniastj.org\/pt-pt\/wp-json\/wp\/v2\/posts"}],"about":[{"href":"https:\/\/encompaniastj.org\/pt-pt\/wp-json\/wp\/v2\/types\/post"}],"author":[{"embeddable":true,"href":"https:\/\/encompaniastj.org\/pt-pt\/wp-json\/wp\/v2\/users\/1"}],"replies":[{"embeddable":true,"href":"https:\/\/encompaniastj.org\/pt-pt\/wp-json\/wp\/v2\/comments?post=11716"}],"version-history":[{"count":1,"href":"https:\/\/encompaniastj.org\/pt-pt\/wp-json\/wp\/v2\/posts\/11716\/revisions"}],"predecessor-version":[{"id":11717,"href":"https:\/\/encompaniastj.org\/pt-pt\/wp-json\/wp\/v2\/posts\/11716\/revisions\/11717"}],"wp:featuredmedia":[{"embeddable":true,"href":"https:\/\/encompaniastj.org\/pt-pt\/wp-json\/wp\/v2\/media\/8443"}],"wp:attachment":[{"href":"https:\/\/encompaniastj.org\/pt-pt\/wp-json\/wp\/v2\/media?parent=11716"}],"wp:term":[{"taxonomy":"category","embeddable":true,"href":"https:\/\/encompaniastj.org\/pt-pt\/wp-json\/wp\/v2\/categories?post=11716"},{"taxonomy":"post_tag","embeddable":true,"href":"https:\/\/encompaniastj.org\/pt-pt\/wp-json\/wp\/v2\/tags?post=11716"}],"curies":[{"name":"wp","href":"https:\/\/api.w.org\/{rel}","templated":true}]}}