{"id":11712,"date":"2023-08-23T11:32:08","date_gmt":"2023-08-23T09:32:08","guid":{"rendered":"https:\/\/encompaniastj.org\/pre-jmj-em-avila\/"},"modified":"2025-07-07T16:24:37","modified_gmt":"2025-07-07T14:24:37","slug":"pre-jmj-em-avila","status":"publish","type":"post","link":"https:\/\/encompaniastj.org\/pt-pt\/pre-jmj-em-avila\/","title":{"rendered":"PR\u00c9-JMJ em \u00c1vila"},"content":{"rendered":"<p>No dia 27 de junho, as portas da nossa casa de \u00c1vila abriram-se para acolher durante tr\u00eas dias mais de uma centena de jovens teresianos de diversas partes do mundo. O seu cora\u00e7\u00e3o estava inquieto para se preparar para viverem em profundidade a experi\u00eancia da JMJ de Lisboa.<\/p>\n<p>No primeiro dia, nosso Padre Henrique encarregou-se de iluminar o seu cora\u00e7\u00e3o e, levados de m\u00e3o dada com ele, foi um tempo de acolher a realidade do nosso mundo atrav\u00e9s dos testemunhos de jovens teresianos de diversos pa\u00edses. Atrav\u00e9s de momentos de ora\u00e7\u00e3o, workshops e grupos de vida, eles determinaram-se a ser condutores da chama do amor de Jesus.<\/p>\n<p>No segundo dia, Santa Teresa apoiou-os no caminho, encorajando-os e confirmando-os no amor de um Jesus amigo que nos habita e que \u00e9 a chispa que nos leva a ser a sua imagem no nosso dia a dia. Foi lindo testemunhar como as suas almas se comoviam ao visitarem os lugares da nossa Santa e rezar na capela primitiva do convento de S\u00e3o Jos\u00e9. A noite envolveu-os numa vig\u00edlia de luz em torno da imagem de Teresa que preside o jardim da nossa casa. Realmente, todos sent\u00edamos que os nossos jovens eram \u201cluzes\u201d nos quais o caminho da ora\u00e7\u00e3o os aproximava de Jesus e deixavam a vida repousar nas suas m\u00e3os para pensar, sentir e amar como Ele.<\/p>\n<p>No terceiro dia, Jesus os surpreendeu com um convite: Levantem-se e dancem! Era hora de mostrar que vale a pena lutar por um amigo t\u00e3o bom. Reconhecer que Jesus \u00e9 a nossa for\u00e7a, alimento, Palavra e que nos chamou de amigos porque nos revelou o qu\u00e3o bela a m\u00fasica de Deus soa nas nossas vidas. E assim, como irm\u00e3os reunidos no colo do nosso Padre, dan\u00e7aram e celebraram a vida que lhes foi dada. Uma vida que j\u00e1 n\u00e3o \u00e9 nossa, mas que colocamos nas suas m\u00e3os porque \u00e9 urgente viver da luz para aproximar Jesus de tantas realidades feridas.<\/p>\n<p>O chamamento de Henrique de Oss\u00f3 ganhou vida neles e Jesus acampou nos seus cora\u00e7\u00f5es. Depois destes tr\u00eas dias de fraternidade, os nossos jovens tomaram a decis\u00e3o de viver a JMJ como irm\u00e3os e continuar caminhando com todas n\u00f3s para descobrir o projeto de vida que Deus sonhou para eles.<\/p>\n<p>Com o cora\u00e7\u00e3o pleno e agradecido, no dia 1 de agosto dirigiram-se para Lisboa para se encontrarem com o Papa Francisco. Esta grande fam\u00edlia estava preparando-se para outro encontro que iria marcar as suas vidas para sempre.<\/p>\n<p><img loading=\"lazy\" decoding=\"async\" class=\"aligncenter wp-image-11642 size-large\" src=\"https:\/\/encompaniastj.org\/wp-content\/uploads\/2025\/05\/foto-grupo-de-vida-scaled-1.jpeg\" alt=\"\" width=\"1024\" height=\"576\" \/><\/p>\n","protected":false},"excerpt":{"rendered":"<p>No dia 27 de junho, as portas da nossa casa de \u00c1vila abriram-se para acolher durante tr\u00eas dias mais de uma centena de jovens teresianos de diversas partes do mundo. [&hellip;]<\/p>\n","protected":false},"author":1,"featured_media":8435,"comment_status":"open","ping_status":"open","sticky":false,"template":"","format":"standard","meta":{"_acf_changed":false,"footnotes":""},"categories":[61,62,68],"tags":[],"class_list":["post-11712","post","type-post","status-publish","format-standard","has-post-thumbnail","hentry","category-noticias","category-otras","category-outras"],"acf":[],"yoast_head":"<!-- This site is optimized with the Yoast SEO plugin v27.5 - https:\/\/yoast.com\/product\/yoast-seo-wordpress\/ -->\n<title>PR\u00c9-JMJ em \u00c1vila - En Compa\u00f1\u00eda STJ<\/title>\n<meta name=\"robots\" content=\"index, follow, max-snippet:-1, max-image-preview:large, max-video-preview:-1\" \/>\n<link rel=\"canonical\" href=\"https:\/\/encompaniastj.org\/pt-pt\/pre-jmj-em-avila\/\" \/>\n<meta property=\"og:locale\" content=\"pt_PT\" \/>\n<meta property=\"og:type\" content=\"article\" \/>\n<meta property=\"og:title\" content=\"PR\u00c9-JMJ em \u00c1vila - En Compa\u00f1\u00eda STJ\" \/>\n<meta property=\"og:description\" content=\"No dia 27 de junho, as portas da nossa casa de \u00c1vila abriram-se para acolher durante tr\u00eas dias mais de uma centena de jovens teresianos de diversas partes do mundo. [&hellip;]\" \/>\n<meta property=\"og:url\" content=\"https:\/\/encompaniastj.org\/pt-pt\/pre-jmj-em-avila\/\" \/>\n<meta property=\"og:site_name\" content=\"En Compa\u00f1\u00eda STJ\" \/>\n<meta property=\"article:published_time\" content=\"2023-08-23T09:32:08+00:00\" \/>\n<meta property=\"article:modified_time\" content=\"2025-07-07T14:24:37+00:00\" \/>\n<meta property=\"og:image\" content=\"https:\/\/encompaniastj.org\/wp-content\/uploads\/2025\/05\/foto-grupo-capilla.jpg\" \/>\n\t<meta property=\"og:image:width\" content=\"2000\" \/>\n\t<meta property=\"og:image:height\" content=\"1500\" \/>\n\t<meta property=\"og:image:type\" content=\"image\/jpeg\" \/>\n<meta name=\"author\" content=\"admin\" \/>\n<meta name=\"twitter:card\" content=\"summary_large_image\" \/>\n<meta name=\"twitter:label1\" content=\"Escrito por\" \/>\n\t<meta name=\"twitter:data1\" content=\"admin\" \/>\n\t<meta name=\"twitter:label2\" content=\"Tempo estimado de leitura\" \/>\n\t<meta name=\"twitter:data2\" content=\"3 minutos\" \/>\n<script type=\"application\/ld+json\" class=\"yoast-schema-graph\">{\"@context\":\"https:\\\/\\\/schema.org\",\"@graph\":[{\"@type\":\"Article\",\"@id\":\"https:\\\/\\\/encompaniastj.org\\\/pt-pt\\\/pre-jmj-em-avila\\\/#article\",\"isPartOf\":{\"@id\":\"https:\\\/\\\/encompaniastj.org\\\/pt-pt\\\/pre-jmj-em-avila\\\/\"},\"author\":{\"name\":\"admin\",\"@id\":\"https:\\\/\\\/encompaniastj.org\\\/pt-pt\\\/#\\\/schema\\\/person\\\/520e7ecc314793d40091993c2a02b651\"},\"headline\":\"PR\u00c9-JMJ em \u00c1vila\",\"datePublished\":\"2023-08-23T09:32:08+00:00\",\"dateModified\":\"2025-07-07T14:24:37+00:00\",\"mainEntityOfPage\":{\"@id\":\"https:\\\/\\\/encompaniastj.org\\\/pt-pt\\\/pre-jmj-em-avila\\\/\"},\"wordCount\":439,\"commentCount\":0,\"publisher\":{\"@id\":\"https:\\\/\\\/encompaniastj.org\\\/pt-pt\\\/#organization\"},\"image\":{\"@id\":\"https:\\\/\\\/encompaniastj.org\\\/pt-pt\\\/pre-jmj-em-avila\\\/#primaryimage\"},\"thumbnailUrl\":\"https:\\\/\\\/encompaniastj.org\\\/wp-content\\\/uploads\\\/2025\\\/05\\\/foto-grupo-capilla.jpg\",\"articleSection\":[\"Noticias\",\"Otras\",\"Outras\"],\"inLanguage\":\"pt-PT\",\"potentialAction\":[{\"@type\":\"CommentAction\",\"name\":\"Comment\",\"target\":[\"https:\\\/\\\/encompaniastj.org\\\/pt-pt\\\/pre-jmj-em-avila\\\/#respond\"]}]},{\"@type\":\"WebPage\",\"@id\":\"https:\\\/\\\/encompaniastj.org\\\/pt-pt\\\/pre-jmj-em-avila\\\/\",\"url\":\"https:\\\/\\\/encompaniastj.org\\\/pt-pt\\\/pre-jmj-em-avila\\\/\",\"name\":\"PR\u00c9-JMJ em \u00c1vila - En Compa\u00f1\u00eda STJ\",\"isPartOf\":{\"@id\":\"https:\\\/\\\/encompaniastj.org\\\/pt-pt\\\/#website\"},\"primaryImageOfPage\":{\"@id\":\"https:\\\/\\\/encompaniastj.org\\\/pt-pt\\\/pre-jmj-em-avila\\\/#primaryimage\"},\"image\":{\"@id\":\"https:\\\/\\\/encompaniastj.org\\\/pt-pt\\\/pre-jmj-em-avila\\\/#primaryimage\"},\"thumbnailUrl\":\"https:\\\/\\\/encompaniastj.org\\\/wp-content\\\/uploads\\\/2025\\\/05\\\/foto-grupo-capilla.jpg\",\"datePublished\":\"2023-08-23T09:32:08+00:00\",\"dateModified\":\"2025-07-07T14:24:37+00:00\",\"breadcrumb\":{\"@id\":\"https:\\\/\\\/encompaniastj.org\\\/pt-pt\\\/pre-jmj-em-avila\\\/#breadcrumb\"},\"inLanguage\":\"pt-PT\",\"potentialAction\":[{\"@type\":\"ReadAction\",\"target\":[\"https:\\\/\\\/encompaniastj.org\\\/pt-pt\\\/pre-jmj-em-avila\\\/\"]}]},{\"@type\":\"ImageObject\",\"inLanguage\":\"pt-PT\",\"@id\":\"https:\\\/\\\/encompaniastj.org\\\/pt-pt\\\/pre-jmj-em-avila\\\/#primaryimage\",\"url\":\"https:\\\/\\\/encompaniastj.org\\\/wp-content\\\/uploads\\\/2025\\\/05\\\/foto-grupo-capilla.jpg\",\"contentUrl\":\"https:\\\/\\\/encompaniastj.org\\\/wp-content\\\/uploads\\\/2025\\\/05\\\/foto-grupo-capilla.jpg\",\"width\":2000,\"height\":1500},{\"@type\":\"BreadcrumbList\",\"@id\":\"https:\\\/\\\/encompaniastj.org\\\/pt-pt\\\/pre-jmj-em-avila\\\/#breadcrumb\",\"itemListElement\":[{\"@type\":\"ListItem\",\"position\":1,\"name\":\"Portada\",\"item\":\"https:\\\/\\\/encompaniastj.org\\\/pt-pt\\\/\"},{\"@type\":\"ListItem\",\"position\":2,\"name\":\"PR\u00c9-JMJ em \u00c1vila\"}]},{\"@type\":\"WebSite\",\"@id\":\"https:\\\/\\\/encompaniastj.org\\\/pt-pt\\\/#website\",\"url\":\"https:\\\/\\\/encompaniastj.org\\\/pt-pt\\\/\",\"name\":\"En Compa\u00f1\u00eda STJ\",\"description\":\"Bolet\u00edn de la Compa\u00f1\u00eda de Santa Teresa de Jes\u00fas\",\"publisher\":{\"@id\":\"https:\\\/\\\/encompaniastj.org\\\/pt-pt\\\/#organization\"},\"potentialAction\":[{\"@type\":\"SearchAction\",\"target\":{\"@type\":\"EntryPoint\",\"urlTemplate\":\"https:\\\/\\\/encompaniastj.org\\\/pt-pt\\\/?s={search_term_string}\"},\"query-input\":{\"@type\":\"PropertyValueSpecification\",\"valueRequired\":true,\"valueName\":\"search_term_string\"}}],\"inLanguage\":\"pt-PT\"},{\"@type\":\"Organization\",\"@id\":\"https:\\\/\\\/encompaniastj.org\\\/pt-pt\\\/#organization\",\"name\":\"Compa\u00f1\u00eda de Santa Teresa de Jes\u00fas\",\"url\":\"https:\\\/\\\/encompaniastj.org\\\/pt-pt\\\/\",\"logo\":{\"@type\":\"ImageObject\",\"inLanguage\":\"pt-PT\",\"@id\":\"https:\\\/\\\/encompaniastj.org\\\/pt-pt\\\/#\\\/schema\\\/logo\\\/image\\\/\",\"url\":\"https:\\\/\\\/encompaniastj.org\\\/wp-content\\\/uploads\\\/2025\\\/04\\\/logo_provincias02-1-3.png\",\"contentUrl\":\"https:\\\/\\\/encompaniastj.org\\\/wp-content\\\/uploads\\\/2025\\\/04\\\/logo_provincias02-1-3.png\",\"width\":2368,\"height\":825,\"caption\":\"Compa\u00f1\u00eda de Santa Teresa de Jes\u00fas\"},\"image\":{\"@id\":\"https:\\\/\\\/encompaniastj.org\\\/pt-pt\\\/#\\\/schema\\\/logo\\\/image\\\/\"}},{\"@type\":\"Person\",\"@id\":\"https:\\\/\\\/encompaniastj.org\\\/pt-pt\\\/#\\\/schema\\\/person\\\/520e7ecc314793d40091993c2a02b651\",\"name\":\"admin\",\"image\":{\"@type\":\"ImageObject\",\"inLanguage\":\"pt-PT\",\"@id\":\"https:\\\/\\\/secure.gravatar.com\\\/avatar\\\/948b492cce32b586ac2db0eaa926ee87024f7afe218d73b397ea5ddfc5f43ea1?s=96&d=mm&r=g\",\"url\":\"https:\\\/\\\/secure.gravatar.com\\\/avatar\\\/948b492cce32b586ac2db0eaa926ee87024f7afe218d73b397ea5ddfc5f43ea1?s=96&d=mm&r=g\",\"contentUrl\":\"https:\\\/\\\/secure.gravatar.com\\\/avatar\\\/948b492cce32b586ac2db0eaa926ee87024f7afe218d73b397ea5ddfc5f43ea1?s=96&d=mm&r=g\",\"caption\":\"admin\"},\"sameAs\":[\"https:\\\/\\\/encompaniastj.org\"],\"url\":\"https:\\\/\\\/encompaniastj.org\\\/pt-pt\\\/author\\\/sjdigital\\\/\"}]}<\/script>\n<!-- \/ Yoast SEO plugin. -->","yoast_head_json":{"title":"PR\u00c9-JMJ em \u00c1vila - En Compa\u00f1\u00eda STJ","robots":{"index":"index","follow":"follow","max-snippet":"max-snippet:-1","max-image-preview":"max-image-preview:large","max-video-preview":"max-video-preview:-1"},"canonical":"https:\/\/encompaniastj.org\/pt-pt\/pre-jmj-em-avila\/","og_locale":"pt_PT","og_type":"article","og_title":"PR\u00c9-JMJ em \u00c1vila - En Compa\u00f1\u00eda STJ","og_description":"No dia 27 de junho, as portas da nossa casa de \u00c1vila abriram-se para acolher durante tr\u00eas dias mais de uma centena de jovens teresianos de diversas partes do mundo. [&hellip;]","og_url":"https:\/\/encompaniastj.org\/pt-pt\/pre-jmj-em-avila\/","og_site_name":"En Compa\u00f1\u00eda STJ","article_published_time":"2023-08-23T09:32:08+00:00","article_modified_time":"2025-07-07T14:24:37+00:00","og_image":[{"width":2000,"height":1500,"url":"https:\/\/encompaniastj.org\/wp-content\/uploads\/2025\/05\/foto-grupo-capilla.jpg","type":"image\/jpeg"}],"author":"admin","twitter_card":"summary_large_image","twitter_misc":{"Escrito por":"admin","Tempo estimado de leitura":"3 minutos"},"schema":{"@context":"https:\/\/schema.org","@graph":[{"@type":"Article","@id":"https:\/\/encompaniastj.org\/pt-pt\/pre-jmj-em-avila\/#article","isPartOf":{"@id":"https:\/\/encompaniastj.org\/pt-pt\/pre-jmj-em-avila\/"},"author":{"name":"admin","@id":"https:\/\/encompaniastj.org\/pt-pt\/#\/schema\/person\/520e7ecc314793d40091993c2a02b651"},"headline":"PR\u00c9-JMJ em \u00c1vila","datePublished":"2023-08-23T09:32:08+00:00","dateModified":"2025-07-07T14:24:37+00:00","mainEntityOfPage":{"@id":"https:\/\/encompaniastj.org\/pt-pt\/pre-jmj-em-avila\/"},"wordCount":439,"commentCount":0,"publisher":{"@id":"https:\/\/encompaniastj.org\/pt-pt\/#organization"},"image":{"@id":"https:\/\/encompaniastj.org\/pt-pt\/pre-jmj-em-avila\/#primaryimage"},"thumbnailUrl":"https:\/\/encompaniastj.org\/wp-content\/uploads\/2025\/05\/foto-grupo-capilla.jpg","articleSection":["Noticias","Otras","Outras"],"inLanguage":"pt-PT","potentialAction":[{"@type":"CommentAction","name":"Comment","target":["https:\/\/encompaniastj.org\/pt-pt\/pre-jmj-em-avila\/#respond"]}]},{"@type":"WebPage","@id":"https:\/\/encompaniastj.org\/pt-pt\/pre-jmj-em-avila\/","url":"https:\/\/encompaniastj.org\/pt-pt\/pre-jmj-em-avila\/","name":"PR\u00c9-JMJ em \u00c1vila - En Compa\u00f1\u00eda STJ","isPartOf":{"@id":"https:\/\/encompaniastj.org\/pt-pt\/#website"},"primaryImageOfPage":{"@id":"https:\/\/encompaniastj.org\/pt-pt\/pre-jmj-em-avila\/#primaryimage"},"image":{"@id":"https:\/\/encompaniastj.org\/pt-pt\/pre-jmj-em-avila\/#primaryimage"},"thumbnailUrl":"https:\/\/encompaniastj.org\/wp-content\/uploads\/2025\/05\/foto-grupo-capilla.jpg","datePublished":"2023-08-23T09:32:08+00:00","dateModified":"2025-07-07T14:24:37+00:00","breadcrumb":{"@id":"https:\/\/encompaniastj.org\/pt-pt\/pre-jmj-em-avila\/#breadcrumb"},"inLanguage":"pt-PT","potentialAction":[{"@type":"ReadAction","target":["https:\/\/encompaniastj.org\/pt-pt\/pre-jmj-em-avila\/"]}]},{"@type":"ImageObject","inLanguage":"pt-PT","@id":"https:\/\/encompaniastj.org\/pt-pt\/pre-jmj-em-avila\/#primaryimage","url":"https:\/\/encompaniastj.org\/wp-content\/uploads\/2025\/05\/foto-grupo-capilla.jpg","contentUrl":"https:\/\/encompaniastj.org\/wp-content\/uploads\/2025\/05\/foto-grupo-capilla.jpg","width":2000,"height":1500},{"@type":"BreadcrumbList","@id":"https:\/\/encompaniastj.org\/pt-pt\/pre-jmj-em-avila\/#breadcrumb","itemListElement":[{"@type":"ListItem","position":1,"name":"Portada","item":"https:\/\/encompaniastj.org\/pt-pt\/"},{"@type":"ListItem","position":2,"name":"PR\u00c9-JMJ em \u00c1vila"}]},{"@type":"WebSite","@id":"https:\/\/encompaniastj.org\/pt-pt\/#website","url":"https:\/\/encompaniastj.org\/pt-pt\/","name":"En Compa\u00f1\u00eda STJ","description":"Bolet\u00edn de la Compa\u00f1\u00eda de Santa Teresa de Jes\u00fas","publisher":{"@id":"https:\/\/encompaniastj.org\/pt-pt\/#organization"},"potentialAction":[{"@type":"SearchAction","target":{"@type":"EntryPoint","urlTemplate":"https:\/\/encompaniastj.org\/pt-pt\/?s={search_term_string}"},"query-input":{"@type":"PropertyValueSpecification","valueRequired":true,"valueName":"search_term_string"}}],"inLanguage":"pt-PT"},{"@type":"Organization","@id":"https:\/\/encompaniastj.org\/pt-pt\/#organization","name":"Compa\u00f1\u00eda de Santa Teresa de Jes\u00fas","url":"https:\/\/encompaniastj.org\/pt-pt\/","logo":{"@type":"ImageObject","inLanguage":"pt-PT","@id":"https:\/\/encompaniastj.org\/pt-pt\/#\/schema\/logo\/image\/","url":"https:\/\/encompaniastj.org\/wp-content\/uploads\/2025\/04\/logo_provincias02-1-3.png","contentUrl":"https:\/\/encompaniastj.org\/wp-content\/uploads\/2025\/04\/logo_provincias02-1-3.png","width":2368,"height":825,"caption":"Compa\u00f1\u00eda de Santa Teresa de Jes\u00fas"},"image":{"@id":"https:\/\/encompaniastj.org\/pt-pt\/#\/schema\/logo\/image\/"}},{"@type":"Person","@id":"https:\/\/encompaniastj.org\/pt-pt\/#\/schema\/person\/520e7ecc314793d40091993c2a02b651","name":"admin","image":{"@type":"ImageObject","inLanguage":"pt-PT","@id":"https:\/\/secure.gravatar.com\/avatar\/948b492cce32b586ac2db0eaa926ee87024f7afe218d73b397ea5ddfc5f43ea1?s=96&d=mm&r=g","url":"https:\/\/secure.gravatar.com\/avatar\/948b492cce32b586ac2db0eaa926ee87024f7afe218d73b397ea5ddfc5f43ea1?s=96&d=mm&r=g","contentUrl":"https:\/\/secure.gravatar.com\/avatar\/948b492cce32b586ac2db0eaa926ee87024f7afe218d73b397ea5ddfc5f43ea1?s=96&d=mm&r=g","caption":"admin"},"sameAs":["https:\/\/encompaniastj.org"],"url":"https:\/\/encompaniastj.org\/pt-pt\/author\/sjdigital\/"}]}},"_links":{"self":[{"href":"https:\/\/encompaniastj.org\/pt-pt\/wp-json\/wp\/v2\/posts\/11712","targetHints":{"allow":["GET"]}}],"collection":[{"href":"https:\/\/encompaniastj.org\/pt-pt\/wp-json\/wp\/v2\/posts"}],"about":[{"href":"https:\/\/encompaniastj.org\/pt-pt\/wp-json\/wp\/v2\/types\/post"}],"author":[{"embeddable":true,"href":"https:\/\/encompaniastj.org\/pt-pt\/wp-json\/wp\/v2\/users\/1"}],"replies":[{"embeddable":true,"href":"https:\/\/encompaniastj.org\/pt-pt\/wp-json\/wp\/v2\/comments?post=11712"}],"version-history":[{"count":1,"href":"https:\/\/encompaniastj.org\/pt-pt\/wp-json\/wp\/v2\/posts\/11712\/revisions"}],"predecessor-version":[{"id":11713,"href":"https:\/\/encompaniastj.org\/pt-pt\/wp-json\/wp\/v2\/posts\/11712\/revisions\/11713"}],"wp:featuredmedia":[{"embeddable":true,"href":"https:\/\/encompaniastj.org\/pt-pt\/wp-json\/wp\/v2\/media\/8435"}],"wp:attachment":[{"href":"https:\/\/encompaniastj.org\/pt-pt\/wp-json\/wp\/v2\/media?parent=11712"}],"wp:term":[{"taxonomy":"category","embeddable":true,"href":"https:\/\/encompaniastj.org\/pt-pt\/wp-json\/wp\/v2\/categories?post=11712"},{"taxonomy":"post_tag","embeddable":true,"href":"https:\/\/encompaniastj.org\/pt-pt\/wp-json\/wp\/v2\/tags?post=11712"}],"curies":[{"name":"wp","href":"https:\/\/api.w.org\/{rel}","templated":true}]}}