{"id":11698,"date":"2023-07-18T09:55:23","date_gmt":"2023-07-18T07:55:23","guid":{"rendered":"https:\/\/encompaniastj.org\/acampamento-levanta-te-e-anda-atos-36\/"},"modified":"2025-07-07T16:24:34","modified_gmt":"2025-07-07T14:24:34","slug":"acampamento-levanta-te-e-anda-atos-36","status":"publish","type":"post","link":"https:\/\/encompaniastj.org\/pt-pt\/acampamento-levanta-te-e-anda-atos-36\/","title":{"rendered":"Acampamento, \u201cLEVANTA-TE E ANDA\u201d \u00a0(Atos 3,6)"},"content":{"rendered":"<p>4 a 9 de Julho de 2023<\/p>\n<p>Testemunhos dos participantes<\/p>\n<p>Assim foi o Acampamento, &#8220;LEVANTA-TE E ANDA&#8221;. (Actos 3).<\/p>\n<p>Organizado pelo MTA, Centro de Elvas, Portugal<\/p>\n<p>De 4 a 9 de julho, estivemos acantonados na Quinta de S. Jo\u00e3o- S .Vicente, Elvas, 36 jovens do MTA, entre monitores e participantes<\/p>\n<p>Foram dias cheios de vida, tempos de muitas atividades l\u00fadicas, desportos, contactos com a \u00e1gua e a natureza, etc.<\/p>\n<p>As can\u00e7\u00f5es, os momentos de ora\u00e7\u00e3o, reflex\u00e3o e partilha, os testemunhos de monitores e da nossa assessora, Irm\u00e3 F\u00e1tima Magalh\u00e3es, ajudaram-nos a crescer na Amizade, na F\u00e9 e no conhecimento e Amor aos nossos Mestres, JESUS; MARIA, TERESA E HENRIQUE<\/p>\n<p>Sobretudo pela noite, a ver e ouvir, as estrelas e o sil\u00eancio, entr\u00e1mos no nosso\u00a0 \u201cCastelo interior\u201d e crescemos em Interioridade e na certeza de que somos habitados<\/p>\n<p>Estes dias ajudaram-nos a crescer no autoconhecimento, no cuidado das boas rela\u00e7\u00f5es entre todos e a ganharmos responsabilidades ajudando nas tarefas do campo, como cuidado da limpeza, refeit\u00f3rio, camaratas, cozinha, etc.<\/p>\n<p>Crescemos no valor da solidariedade pela ajuda m\u00fatua e pela visita aos idosos do Lar Ant\u00f3nio Gon\u00e7alves, ali ao lado.<\/p>\n<p>Fomos muito ajudados pela equipa do MTA de adultos que nos ajudou nas tarefas de servir refei\u00e7\u00f5es, lavar a lou\u00e7a e ofertas de bens. Um casal do MTA ofereceu-nos uma bela tarde de lazer na sua bela Quinta com piscina e ofereceu-nos um belo lanche.<\/p>\n<p>A Eucaristia do \u00faltimo dia, 9 de Julho, contou com a presen\u00e7a de Pais e amigos do MTA e foi um grande momento de louvor e festa por tantos dons recebidos.<\/p>\n<p><strong>O Participante do acampamento, \u201clevanta-te e anda\u201d, <\/strong><strong>Miguel Reis -MTA Centro de Elvas Portugal<\/strong><\/p>\n<p><img loading=\"lazy\" decoding=\"async\" class=\"aligncenter wp-image-11607 size-large\" src=\"https:\/\/encompaniastj.org\/wp-content\/uploads\/2025\/05\/AC-2-scaled.jpg\" alt=\"\" width=\"1024\" height=\"683\" \/><\/p>\n<p><img loading=\"lazy\" decoding=\"async\" class=\"aligncenter wp-image-11615 size-large\" src=\"https:\/\/encompaniastj.org\/wp-content\/uploads\/2025\/05\/AC16-scaled.jpg\" alt=\"\" width=\"1024\" height=\"683\" \/><\/p>\n<p>&nbsp;<\/p>\n<p><img loading=\"lazy\" decoding=\"async\" class=\"aligncenter wp-image-11619 size-large\" src=\"https:\/\/encompaniastj.org\/wp-content\/uploads\/2025\/05\/AC20-scaled.jpg\" alt=\"\" width=\"1024\" height=\"683\" \/><\/p>\n<p><img loading=\"lazy\" decoding=\"async\" class=\"aligncenter wp-image-11621 size-large\" src=\"https:\/\/encompaniastj.org\/wp-content\/uploads\/2025\/05\/AC22-scaled.jpeg\" alt=\"\" width=\"1024\" height=\"683\" \/><\/p>\n<p>&nbsp;<\/p>\n","protected":false},"excerpt":{"rendered":"<p>4 a 9 de Julho de 2023 Testemunhos dos participantes Assim foi o Acampamento, &#8220;LEVANTA-TE E ANDA&#8221;. (Actos 3). Organizado pelo MTA, Centro de Elvas, Portugal De 4 a 9 [&hellip;]<\/p>\n","protected":false},"author":1,"featured_media":8424,"comment_status":"open","ping_status":"open","sticky":false,"template":"","format":"standard","meta":{"_acf_changed":false,"footnotes":""},"categories":[81],"tags":[],"class_list":["post-11698","post","type-post","status-publish","format-standard","has-post-thumbnail","hentry","category-stj-pt"],"acf":[],"yoast_head":"<!-- This site is optimized with the Yoast SEO plugin v27.5 - https:\/\/yoast.com\/product\/yoast-seo-wordpress\/ -->\n<title>Acampamento, \u201cLEVANTA-TE E ANDA\u201d \u00a0(Atos 3,6) - En Compa\u00f1\u00eda STJ<\/title>\n<meta name=\"robots\" content=\"index, follow, max-snippet:-1, max-image-preview:large, max-video-preview:-1\" \/>\n<link rel=\"canonical\" href=\"https:\/\/encompaniastj.org\/pt-pt\/acampamento-levanta-te-e-anda-atos-36\/\" \/>\n<meta property=\"og:locale\" content=\"pt_PT\" \/>\n<meta property=\"og:type\" content=\"article\" \/>\n<meta property=\"og:title\" content=\"Acampamento, \u201cLEVANTA-TE E ANDA\u201d \u00a0(Atos 3,6) - En Compa\u00f1\u00eda STJ\" \/>\n<meta property=\"og:description\" content=\"4 a 9 de Julho de 2023 Testemunhos dos participantes Assim foi o Acampamento, &#8220;LEVANTA-TE E ANDA&#8221;. (Actos 3). Organizado pelo MTA, Centro de Elvas, Portugal De 4 a 9 [&hellip;]\" \/>\n<meta property=\"og:url\" content=\"https:\/\/encompaniastj.org\/pt-pt\/acampamento-levanta-te-e-anda-atos-36\/\" \/>\n<meta property=\"og:site_name\" content=\"En Compa\u00f1\u00eda STJ\" \/>\n<meta property=\"article:published_time\" content=\"2023-07-18T07:55:23+00:00\" \/>\n<meta property=\"article:modified_time\" content=\"2025-07-07T14:24:34+00:00\" \/>\n<meta property=\"og:image\" content=\"https:\/\/encompaniastj.org\/wp-content\/uploads\/2025\/05\/AC13-scaled-1.jpg\" \/>\n\t<meta property=\"og:image:width\" content=\"2560\" \/>\n\t<meta property=\"og:image:height\" content=\"1707\" \/>\n\t<meta property=\"og:image:type\" content=\"image\/jpeg\" \/>\n<meta name=\"author\" content=\"admin\" \/>\n<meta name=\"twitter:card\" content=\"summary_large_image\" \/>\n<meta name=\"twitter:label1\" content=\"Escrito por\" \/>\n\t<meta name=\"twitter:data1\" content=\"admin\" \/>\n\t<meta name=\"twitter:label2\" content=\"Tempo estimado de leitura\" \/>\n\t<meta name=\"twitter:data2\" content=\"3 minutos\" \/>\n<script type=\"application\/ld+json\" class=\"yoast-schema-graph\">{\"@context\":\"https:\\\/\\\/schema.org\",\"@graph\":[{\"@type\":\"Article\",\"@id\":\"https:\\\/\\\/encompaniastj.org\\\/pt-pt\\\/acampamento-levanta-te-e-anda-atos-36\\\/#article\",\"isPartOf\":{\"@id\":\"https:\\\/\\\/encompaniastj.org\\\/pt-pt\\\/acampamento-levanta-te-e-anda-atos-36\\\/\"},\"author\":{\"name\":\"admin\",\"@id\":\"https:\\\/\\\/encompaniastj.org\\\/pt-pt\\\/#\\\/schema\\\/person\\\/520e7ecc314793d40091993c2a02b651\"},\"headline\":\"Acampamento, \u201cLEVANTA-TE E ANDA\u201d \u00a0(Atos 3,6)\",\"datePublished\":\"2023-07-18T07:55:23+00:00\",\"dateModified\":\"2025-07-07T14:24:34+00:00\",\"mainEntityOfPage\":{\"@id\":\"https:\\\/\\\/encompaniastj.org\\\/pt-pt\\\/acampamento-levanta-te-e-anda-atos-36\\\/\"},\"wordCount\":294,\"commentCount\":0,\"publisher\":{\"@id\":\"https:\\\/\\\/encompaniastj.org\\\/pt-pt\\\/#organization\"},\"image\":{\"@id\":\"https:\\\/\\\/encompaniastj.org\\\/pt-pt\\\/acampamento-levanta-te-e-anda-atos-36\\\/#primaryimage\"},\"thumbnailUrl\":\"https:\\\/\\\/encompaniastj.org\\\/wp-content\\\/uploads\\\/2025\\\/05\\\/AC13-scaled-1.jpg\",\"articleSection\":[\"STJ pt\"],\"inLanguage\":\"pt-PT\",\"potentialAction\":[{\"@type\":\"CommentAction\",\"name\":\"Comment\",\"target\":[\"https:\\\/\\\/encompaniastj.org\\\/pt-pt\\\/acampamento-levanta-te-e-anda-atos-36\\\/#respond\"]}]},{\"@type\":\"WebPage\",\"@id\":\"https:\\\/\\\/encompaniastj.org\\\/pt-pt\\\/acampamento-levanta-te-e-anda-atos-36\\\/\",\"url\":\"https:\\\/\\\/encompaniastj.org\\\/pt-pt\\\/acampamento-levanta-te-e-anda-atos-36\\\/\",\"name\":\"Acampamento, \u201cLEVANTA-TE E ANDA\u201d \u00a0(Atos 3,6) - En Compa\u00f1\u00eda STJ\",\"isPartOf\":{\"@id\":\"https:\\\/\\\/encompaniastj.org\\\/pt-pt\\\/#website\"},\"primaryImageOfPage\":{\"@id\":\"https:\\\/\\\/encompaniastj.org\\\/pt-pt\\\/acampamento-levanta-te-e-anda-atos-36\\\/#primaryimage\"},\"image\":{\"@id\":\"https:\\\/\\\/encompaniastj.org\\\/pt-pt\\\/acampamento-levanta-te-e-anda-atos-36\\\/#primaryimage\"},\"thumbnailUrl\":\"https:\\\/\\\/encompaniastj.org\\\/wp-content\\\/uploads\\\/2025\\\/05\\\/AC13-scaled-1.jpg\",\"datePublished\":\"2023-07-18T07:55:23+00:00\",\"dateModified\":\"2025-07-07T14:24:34+00:00\",\"breadcrumb\":{\"@id\":\"https:\\\/\\\/encompaniastj.org\\\/pt-pt\\\/acampamento-levanta-te-e-anda-atos-36\\\/#breadcrumb\"},\"inLanguage\":\"pt-PT\",\"potentialAction\":[{\"@type\":\"ReadAction\",\"target\":[\"https:\\\/\\\/encompaniastj.org\\\/pt-pt\\\/acampamento-levanta-te-e-anda-atos-36\\\/\"]}]},{\"@type\":\"ImageObject\",\"inLanguage\":\"pt-PT\",\"@id\":\"https:\\\/\\\/encompaniastj.org\\\/pt-pt\\\/acampamento-levanta-te-e-anda-atos-36\\\/#primaryimage\",\"url\":\"https:\\\/\\\/encompaniastj.org\\\/wp-content\\\/uploads\\\/2025\\\/05\\\/AC13-scaled-1.jpg\",\"contentUrl\":\"https:\\\/\\\/encompaniastj.org\\\/wp-content\\\/uploads\\\/2025\\\/05\\\/AC13-scaled-1.jpg\",\"width\":2560,\"height\":1707},{\"@type\":\"BreadcrumbList\",\"@id\":\"https:\\\/\\\/encompaniastj.org\\\/pt-pt\\\/acampamento-levanta-te-e-anda-atos-36\\\/#breadcrumb\",\"itemListElement\":[{\"@type\":\"ListItem\",\"position\":1,\"name\":\"Portada\",\"item\":\"https:\\\/\\\/encompaniastj.org\\\/pt-pt\\\/\"},{\"@type\":\"ListItem\",\"position\":2,\"name\":\"Acampamento, \u201cLEVANTA-TE E ANDA\u201d \u00a0(Atos 3,6)\"}]},{\"@type\":\"WebSite\",\"@id\":\"https:\\\/\\\/encompaniastj.org\\\/pt-pt\\\/#website\",\"url\":\"https:\\\/\\\/encompaniastj.org\\\/pt-pt\\\/\",\"name\":\"En Compa\u00f1\u00eda STJ\",\"description\":\"Bolet\u00edn de la Compa\u00f1\u00eda de Santa Teresa de Jes\u00fas\",\"publisher\":{\"@id\":\"https:\\\/\\\/encompaniastj.org\\\/pt-pt\\\/#organization\"},\"potentialAction\":[{\"@type\":\"SearchAction\",\"target\":{\"@type\":\"EntryPoint\",\"urlTemplate\":\"https:\\\/\\\/encompaniastj.org\\\/pt-pt\\\/?s={search_term_string}\"},\"query-input\":{\"@type\":\"PropertyValueSpecification\",\"valueRequired\":true,\"valueName\":\"search_term_string\"}}],\"inLanguage\":\"pt-PT\"},{\"@type\":\"Organization\",\"@id\":\"https:\\\/\\\/encompaniastj.org\\\/pt-pt\\\/#organization\",\"name\":\"Compa\u00f1\u00eda de Santa Teresa de Jes\u00fas\",\"url\":\"https:\\\/\\\/encompaniastj.org\\\/pt-pt\\\/\",\"logo\":{\"@type\":\"ImageObject\",\"inLanguage\":\"pt-PT\",\"@id\":\"https:\\\/\\\/encompaniastj.org\\\/pt-pt\\\/#\\\/schema\\\/logo\\\/image\\\/\",\"url\":\"https:\\\/\\\/encompaniastj.org\\\/wp-content\\\/uploads\\\/2025\\\/04\\\/logo_provincias02-1-3.png\",\"contentUrl\":\"https:\\\/\\\/encompaniastj.org\\\/wp-content\\\/uploads\\\/2025\\\/04\\\/logo_provincias02-1-3.png\",\"width\":2368,\"height\":825,\"caption\":\"Compa\u00f1\u00eda de Santa Teresa de Jes\u00fas\"},\"image\":{\"@id\":\"https:\\\/\\\/encompaniastj.org\\\/pt-pt\\\/#\\\/schema\\\/logo\\\/image\\\/\"}},{\"@type\":\"Person\",\"@id\":\"https:\\\/\\\/encompaniastj.org\\\/pt-pt\\\/#\\\/schema\\\/person\\\/520e7ecc314793d40091993c2a02b651\",\"name\":\"admin\",\"image\":{\"@type\":\"ImageObject\",\"inLanguage\":\"pt-PT\",\"@id\":\"https:\\\/\\\/secure.gravatar.com\\\/avatar\\\/948b492cce32b586ac2db0eaa926ee87024f7afe218d73b397ea5ddfc5f43ea1?s=96&d=mm&r=g\",\"url\":\"https:\\\/\\\/secure.gravatar.com\\\/avatar\\\/948b492cce32b586ac2db0eaa926ee87024f7afe218d73b397ea5ddfc5f43ea1?s=96&d=mm&r=g\",\"contentUrl\":\"https:\\\/\\\/secure.gravatar.com\\\/avatar\\\/948b492cce32b586ac2db0eaa926ee87024f7afe218d73b397ea5ddfc5f43ea1?s=96&d=mm&r=g\",\"caption\":\"admin\"},\"sameAs\":[\"https:\\\/\\\/encompaniastj.org\"],\"url\":\"https:\\\/\\\/encompaniastj.org\\\/pt-pt\\\/author\\\/sjdigital\\\/\"}]}<\/script>\n<!-- \/ Yoast SEO plugin. -->","yoast_head_json":{"title":"Acampamento, \u201cLEVANTA-TE E ANDA\u201d \u00a0(Atos 3,6) - En Compa\u00f1\u00eda STJ","robots":{"index":"index","follow":"follow","max-snippet":"max-snippet:-1","max-image-preview":"max-image-preview:large","max-video-preview":"max-video-preview:-1"},"canonical":"https:\/\/encompaniastj.org\/pt-pt\/acampamento-levanta-te-e-anda-atos-36\/","og_locale":"pt_PT","og_type":"article","og_title":"Acampamento, \u201cLEVANTA-TE E ANDA\u201d \u00a0(Atos 3,6) - En Compa\u00f1\u00eda STJ","og_description":"4 a 9 de Julho de 2023 Testemunhos dos participantes Assim foi o Acampamento, &#8220;LEVANTA-TE E ANDA&#8221;. (Actos 3). Organizado pelo MTA, Centro de Elvas, Portugal De 4 a 9 [&hellip;]","og_url":"https:\/\/encompaniastj.org\/pt-pt\/acampamento-levanta-te-e-anda-atos-36\/","og_site_name":"En Compa\u00f1\u00eda STJ","article_published_time":"2023-07-18T07:55:23+00:00","article_modified_time":"2025-07-07T14:24:34+00:00","og_image":[{"width":2560,"height":1707,"url":"https:\/\/encompaniastj.org\/wp-content\/uploads\/2025\/05\/AC13-scaled-1.jpg","type":"image\/jpeg"}],"author":"admin","twitter_card":"summary_large_image","twitter_misc":{"Escrito por":"admin","Tempo estimado de leitura":"3 minutos"},"schema":{"@context":"https:\/\/schema.org","@graph":[{"@type":"Article","@id":"https:\/\/encompaniastj.org\/pt-pt\/acampamento-levanta-te-e-anda-atos-36\/#article","isPartOf":{"@id":"https:\/\/encompaniastj.org\/pt-pt\/acampamento-levanta-te-e-anda-atos-36\/"},"author":{"name":"admin","@id":"https:\/\/encompaniastj.org\/pt-pt\/#\/schema\/person\/520e7ecc314793d40091993c2a02b651"},"headline":"Acampamento, \u201cLEVANTA-TE E ANDA\u201d \u00a0(Atos 3,6)","datePublished":"2023-07-18T07:55:23+00:00","dateModified":"2025-07-07T14:24:34+00:00","mainEntityOfPage":{"@id":"https:\/\/encompaniastj.org\/pt-pt\/acampamento-levanta-te-e-anda-atos-36\/"},"wordCount":294,"commentCount":0,"publisher":{"@id":"https:\/\/encompaniastj.org\/pt-pt\/#organization"},"image":{"@id":"https:\/\/encompaniastj.org\/pt-pt\/acampamento-levanta-te-e-anda-atos-36\/#primaryimage"},"thumbnailUrl":"https:\/\/encompaniastj.org\/wp-content\/uploads\/2025\/05\/AC13-scaled-1.jpg","articleSection":["STJ pt"],"inLanguage":"pt-PT","potentialAction":[{"@type":"CommentAction","name":"Comment","target":["https:\/\/encompaniastj.org\/pt-pt\/acampamento-levanta-te-e-anda-atos-36\/#respond"]}]},{"@type":"WebPage","@id":"https:\/\/encompaniastj.org\/pt-pt\/acampamento-levanta-te-e-anda-atos-36\/","url":"https:\/\/encompaniastj.org\/pt-pt\/acampamento-levanta-te-e-anda-atos-36\/","name":"Acampamento, \u201cLEVANTA-TE E ANDA\u201d \u00a0(Atos 3,6) - En Compa\u00f1\u00eda STJ","isPartOf":{"@id":"https:\/\/encompaniastj.org\/pt-pt\/#website"},"primaryImageOfPage":{"@id":"https:\/\/encompaniastj.org\/pt-pt\/acampamento-levanta-te-e-anda-atos-36\/#primaryimage"},"image":{"@id":"https:\/\/encompaniastj.org\/pt-pt\/acampamento-levanta-te-e-anda-atos-36\/#primaryimage"},"thumbnailUrl":"https:\/\/encompaniastj.org\/wp-content\/uploads\/2025\/05\/AC13-scaled-1.jpg","datePublished":"2023-07-18T07:55:23+00:00","dateModified":"2025-07-07T14:24:34+00:00","breadcrumb":{"@id":"https:\/\/encompaniastj.org\/pt-pt\/acampamento-levanta-te-e-anda-atos-36\/#breadcrumb"},"inLanguage":"pt-PT","potentialAction":[{"@type":"ReadAction","target":["https:\/\/encompaniastj.org\/pt-pt\/acampamento-levanta-te-e-anda-atos-36\/"]}]},{"@type":"ImageObject","inLanguage":"pt-PT","@id":"https:\/\/encompaniastj.org\/pt-pt\/acampamento-levanta-te-e-anda-atos-36\/#primaryimage","url":"https:\/\/encompaniastj.org\/wp-content\/uploads\/2025\/05\/AC13-scaled-1.jpg","contentUrl":"https:\/\/encompaniastj.org\/wp-content\/uploads\/2025\/05\/AC13-scaled-1.jpg","width":2560,"height":1707},{"@type":"BreadcrumbList","@id":"https:\/\/encompaniastj.org\/pt-pt\/acampamento-levanta-te-e-anda-atos-36\/#breadcrumb","itemListElement":[{"@type":"ListItem","position":1,"name":"Portada","item":"https:\/\/encompaniastj.org\/pt-pt\/"},{"@type":"ListItem","position":2,"name":"Acampamento, \u201cLEVANTA-TE E ANDA\u201d \u00a0(Atos 3,6)"}]},{"@type":"WebSite","@id":"https:\/\/encompaniastj.org\/pt-pt\/#website","url":"https:\/\/encompaniastj.org\/pt-pt\/","name":"En Compa\u00f1\u00eda STJ","description":"Bolet\u00edn de la Compa\u00f1\u00eda de Santa Teresa de Jes\u00fas","publisher":{"@id":"https:\/\/encompaniastj.org\/pt-pt\/#organization"},"potentialAction":[{"@type":"SearchAction","target":{"@type":"EntryPoint","urlTemplate":"https:\/\/encompaniastj.org\/pt-pt\/?s={search_term_string}"},"query-input":{"@type":"PropertyValueSpecification","valueRequired":true,"valueName":"search_term_string"}}],"inLanguage":"pt-PT"},{"@type":"Organization","@id":"https:\/\/encompaniastj.org\/pt-pt\/#organization","name":"Compa\u00f1\u00eda de Santa Teresa de Jes\u00fas","url":"https:\/\/encompaniastj.org\/pt-pt\/","logo":{"@type":"ImageObject","inLanguage":"pt-PT","@id":"https:\/\/encompaniastj.org\/pt-pt\/#\/schema\/logo\/image\/","url":"https:\/\/encompaniastj.org\/wp-content\/uploads\/2025\/04\/logo_provincias02-1-3.png","contentUrl":"https:\/\/encompaniastj.org\/wp-content\/uploads\/2025\/04\/logo_provincias02-1-3.png","width":2368,"height":825,"caption":"Compa\u00f1\u00eda de Santa Teresa de Jes\u00fas"},"image":{"@id":"https:\/\/encompaniastj.org\/pt-pt\/#\/schema\/logo\/image\/"}},{"@type":"Person","@id":"https:\/\/encompaniastj.org\/pt-pt\/#\/schema\/person\/520e7ecc314793d40091993c2a02b651","name":"admin","image":{"@type":"ImageObject","inLanguage":"pt-PT","@id":"https:\/\/secure.gravatar.com\/avatar\/948b492cce32b586ac2db0eaa926ee87024f7afe218d73b397ea5ddfc5f43ea1?s=96&d=mm&r=g","url":"https:\/\/secure.gravatar.com\/avatar\/948b492cce32b586ac2db0eaa926ee87024f7afe218d73b397ea5ddfc5f43ea1?s=96&d=mm&r=g","contentUrl":"https:\/\/secure.gravatar.com\/avatar\/948b492cce32b586ac2db0eaa926ee87024f7afe218d73b397ea5ddfc5f43ea1?s=96&d=mm&r=g","caption":"admin"},"sameAs":["https:\/\/encompaniastj.org"],"url":"https:\/\/encompaniastj.org\/pt-pt\/author\/sjdigital\/"}]}},"_links":{"self":[{"href":"https:\/\/encompaniastj.org\/pt-pt\/wp-json\/wp\/v2\/posts\/11698","targetHints":{"allow":["GET"]}}],"collection":[{"href":"https:\/\/encompaniastj.org\/pt-pt\/wp-json\/wp\/v2\/posts"}],"about":[{"href":"https:\/\/encompaniastj.org\/pt-pt\/wp-json\/wp\/v2\/types\/post"}],"author":[{"embeddable":true,"href":"https:\/\/encompaniastj.org\/pt-pt\/wp-json\/wp\/v2\/users\/1"}],"replies":[{"embeddable":true,"href":"https:\/\/encompaniastj.org\/pt-pt\/wp-json\/wp\/v2\/comments?post=11698"}],"version-history":[{"count":1,"href":"https:\/\/encompaniastj.org\/pt-pt\/wp-json\/wp\/v2\/posts\/11698\/revisions"}],"predecessor-version":[{"id":11699,"href":"https:\/\/encompaniastj.org\/pt-pt\/wp-json\/wp\/v2\/posts\/11698\/revisions\/11699"}],"wp:featuredmedia":[{"embeddable":true,"href":"https:\/\/encompaniastj.org\/pt-pt\/wp-json\/wp\/v2\/media\/8424"}],"wp:attachment":[{"href":"https:\/\/encompaniastj.org\/pt-pt\/wp-json\/wp\/v2\/media?parent=11698"}],"wp:term":[{"taxonomy":"category","embeddable":true,"href":"https:\/\/encompaniastj.org\/pt-pt\/wp-json\/wp\/v2\/categories?post=11698"},{"taxonomy":"post_tag","embeddable":true,"href":"https:\/\/encompaniastj.org\/pt-pt\/wp-json\/wp\/v2\/tags?post=11698"}],"curies":[{"name":"wp","href":"https:\/\/api.w.org\/{rel}","templated":true}]}}