{"id":11660,"date":"2023-06-20T10:44:43","date_gmt":"2023-06-20T08:44:43","guid":{"rendered":"https:\/\/encompaniastj.org\/encontro-3a-etapa-de-formacao-tortosa\/"},"modified":"2025-07-07T16:24:32","modified_gmt":"2025-07-07T14:24:32","slug":"encontro-3a-etapa-de-formacao-tortosa","status":"publish","type":"post","link":"https:\/\/encompaniastj.org\/pt-pt\/encontro-3a-etapa-de-formacao-tortosa\/","title":{"rendered":"Encontro 3\u00aa Etapa de Forma\u00e7\u00e3o - Tortosa"},"content":{"rendered":"<p>De 29 de maio a 3 de junho, um grupo de 37 irm\u00e3s da 3\u00aa etapa da forma\u00e7\u00e3o reuniu-se em Tortosa para reviver e aprofundar a experi\u00eancia pascal de Henrique de Oss\u00f3. Que lugar melhor para passar pelo cora\u00e7\u00e3o as suas aventuras, palavras, experi\u00eancias&#8230;! A nossa irm\u00e3 Carmen Franch, grande conhecedora dos escritos do Nosso Padre, ajudou-nos nas reflex\u00f5es. Tamb\u00e9m aproveit\u00e1mos bastante o tempo pessoal para conviver com ele, reler a sua mensagem, admirar mais uma vez a sua santidade e deixar-nos contagiar pelo seu amor por Jesus. Os pequenos grupos favoreceram a partilha fraterna e o sentido de fam\u00edlia.<\/p>\n<p>Al\u00e9m disso, visit\u00e1mos Vinebre, lugares significativos em Tortosa, o Deserto de Las Palmas e Sancti Spiritus. Em cada lugar encontr\u00e1mos a sua pegada. Tudo nos falava de Santo Henrique. Claro que t\u00ednhamos muito presente as nossas comunidades, as obras apost\u00f3licas, a fam\u00edlia teresiana&#8230; e pedimos-lhe a gra\u00e7a de poder viver unificadas pelo amor, que nos contasse o segredo para poder unir a ora\u00e7\u00e3o cont\u00ednua com a incans\u00e1vel atividade apost\u00f3lica.<\/p>\n<p>No caminho de regresso, em Val\u00eancia, v\u00e1rias irm\u00e3s tivemos a sorte de poder visitar as nossas irm\u00e3s da Resid\u00eancia del Vedat. Tamb\u00e9m nos encontr\u00e1mos com as irm\u00e3s de Almazora e &#8220;nos assom\u00e1mos&#8221; para saudar a Virgem dos Desamparados&#8230; estava fechado e n\u00e3o pudemos entrar, mas ela viu-nos.<\/p>\n<p>Dos dias vividos, fica-nos a gratid\u00e3o e os desejos de sermos as Teresianas que Ele sonhou.<\/p>\n<p><img loading=\"lazy\" decoding=\"async\" class=\"aligncenter wp-image-11506 size-full\" src=\"https:\/\/encompaniastj.org\/wp-content\/uploads\/2025\/05\/c8.png\" alt=\"\" width=\"500\" height=\"500\" \/><\/p>\n<p><img loading=\"lazy\" decoding=\"async\" class=\"aligncenter wp-image-11504 size-full\" src=\"https:\/\/encompaniastj.org\/wp-content\/uploads\/2025\/05\/c4-2.png\" alt=\"\" width=\"500\" height=\"500\" \/><\/p>\n<p>&nbsp;<\/p>\n<p><img loading=\"lazy\" decoding=\"async\" class=\"aligncenter wp-image-11514 size-large\" src=\"https:\/\/encompaniastj.org\/wp-content\/uploads\/2025\/05\/20230602_113008-scaled-1.jpg\" alt=\"\" width=\"1024\" height=\"576\" \/><\/p>\n<p><img loading=\"lazy\" decoding=\"async\" class=\"aligncenter wp-image-11502 size-large\" src=\"https:\/\/encompaniastj.org\/wp-content\/uploads\/2025\/05\/20230602_141847-scaled-1.jpg\" alt=\"\" width=\"576\" height=\"1024\" \/><\/p>\n","protected":false},"excerpt":{"rendered":"<p>De 29 de maio a 3 de junho, um grupo de 37 irm\u00e3s da 3\u00aa etapa da forma\u00e7\u00e3o reuniu-se em Tortosa para reviver e aprofundar a experi\u00eancia pascal de Henrique [&hellip;]<\/p>\n","protected":false},"author":1,"featured_media":8397,"comment_status":"open","ping_status":"open","sticky":false,"template":"","format":"standard","meta":{"_acf_changed":false,"footnotes":""},"categories":[61,62,68],"tags":[],"class_list":["post-11660","post","type-post","status-publish","format-standard","has-post-thumbnail","hentry","category-noticias","category-otras","category-outras"],"acf":[],"yoast_head":"<!-- This site is optimized with the Yoast SEO plugin v27.5 - https:\/\/yoast.com\/product\/yoast-seo-wordpress\/ -->\n<title>Encontro 3\u00aa Etapa de Forma\u00e7\u00e3o - Tortosa - En Compa\u00f1\u00eda STJ<\/title>\n<meta name=\"robots\" content=\"index, follow, max-snippet:-1, max-image-preview:large, max-video-preview:-1\" \/>\n<link rel=\"canonical\" href=\"https:\/\/encompaniastj.org\/pt-pt\/encontro-3a-etapa-de-formacao-tortosa\/\" \/>\n<meta property=\"og:locale\" content=\"pt_PT\" \/>\n<meta property=\"og:type\" content=\"article\" \/>\n<meta property=\"og:title\" content=\"Encontro 3\u00aa Etapa de Forma\u00e7\u00e3o - Tortosa - En Compa\u00f1\u00eda STJ\" \/>\n<meta property=\"og:description\" content=\"De 29 de maio a 3 de junho, um grupo de 37 irm\u00e3s da 3\u00aa etapa da forma\u00e7\u00e3o reuniu-se em Tortosa para reviver e aprofundar a experi\u00eancia pascal de Henrique [&hellip;]\" \/>\n<meta property=\"og:url\" content=\"https:\/\/encompaniastj.org\/pt-pt\/encontro-3a-etapa-de-formacao-tortosa\/\" \/>\n<meta property=\"og:site_name\" content=\"En Compa\u00f1\u00eda STJ\" \/>\n<meta property=\"article:published_time\" content=\"2023-06-20T08:44:43+00:00\" \/>\n<meta property=\"article:modified_time\" content=\"2025-07-07T14:24:32+00:00\" \/>\n<meta property=\"og:image\" content=\"https:\/\/encompaniastj.org\/wp-content\/uploads\/2025\/05\/IMG-20230531-WA0010.jpg\" \/>\n\t<meta property=\"og:image:width\" content=\"2048\" \/>\n\t<meta property=\"og:image:height\" content=\"1536\" \/>\n\t<meta property=\"og:image:type\" content=\"image\/jpeg\" \/>\n<meta name=\"author\" content=\"admin\" \/>\n<meta name=\"twitter:card\" content=\"summary_large_image\" \/>\n<meta name=\"twitter:label1\" content=\"Escrito por\" \/>\n\t<meta name=\"twitter:data1\" content=\"admin\" \/>\n\t<meta name=\"twitter:label2\" content=\"Tempo estimado de leitura\" \/>\n\t<meta name=\"twitter:data2\" content=\"2 minutos\" \/>\n<script type=\"application\/ld+json\" class=\"yoast-schema-graph\">{\"@context\":\"https:\\\/\\\/schema.org\",\"@graph\":[{\"@type\":\"Article\",\"@id\":\"https:\\\/\\\/encompaniastj.org\\\/pt-pt\\\/encontro-3a-etapa-de-formacao-tortosa\\\/#article\",\"isPartOf\":{\"@id\":\"https:\\\/\\\/encompaniastj.org\\\/pt-pt\\\/encontro-3a-etapa-de-formacao-tortosa\\\/\"},\"author\":{\"name\":\"admin\",\"@id\":\"https:\\\/\\\/encompaniastj.org\\\/pt-pt\\\/#\\\/schema\\\/person\\\/520e7ecc314793d40091993c2a02b651\"},\"headline\":\"Encontro 3\u00aa Etapa de Forma\u00e7\u00e3o - Tortosa\",\"datePublished\":\"2023-06-20T08:44:43+00:00\",\"dateModified\":\"2025-07-07T14:24:32+00:00\",\"mainEntityOfPage\":{\"@id\":\"https:\\\/\\\/encompaniastj.org\\\/pt-pt\\\/encontro-3a-etapa-de-formacao-tortosa\\\/\"},\"wordCount\":267,\"commentCount\":0,\"publisher\":{\"@id\":\"https:\\\/\\\/encompaniastj.org\\\/pt-pt\\\/#organization\"},\"image\":{\"@id\":\"https:\\\/\\\/encompaniastj.org\\\/pt-pt\\\/encontro-3a-etapa-de-formacao-tortosa\\\/#primaryimage\"},\"thumbnailUrl\":\"https:\\\/\\\/encompaniastj.org\\\/wp-content\\\/uploads\\\/2025\\\/05\\\/IMG-20230531-WA0010.jpg\",\"articleSection\":[\"Noticias\",\"Otras\",\"Outras\"],\"inLanguage\":\"pt-PT\",\"potentialAction\":[{\"@type\":\"CommentAction\",\"name\":\"Comment\",\"target\":[\"https:\\\/\\\/encompaniastj.org\\\/pt-pt\\\/encontro-3a-etapa-de-formacao-tortosa\\\/#respond\"]}]},{\"@type\":\"WebPage\",\"@id\":\"https:\\\/\\\/encompaniastj.org\\\/pt-pt\\\/encontro-3a-etapa-de-formacao-tortosa\\\/\",\"url\":\"https:\\\/\\\/encompaniastj.org\\\/pt-pt\\\/encontro-3a-etapa-de-formacao-tortosa\\\/\",\"name\":\"Encontro 3\u00aa Etapa de Forma\u00e7\u00e3o - Tortosa - En Compa\u00f1\u00eda STJ\",\"isPartOf\":{\"@id\":\"https:\\\/\\\/encompaniastj.org\\\/pt-pt\\\/#website\"},\"primaryImageOfPage\":{\"@id\":\"https:\\\/\\\/encompaniastj.org\\\/pt-pt\\\/encontro-3a-etapa-de-formacao-tortosa\\\/#primaryimage\"},\"image\":{\"@id\":\"https:\\\/\\\/encompaniastj.org\\\/pt-pt\\\/encontro-3a-etapa-de-formacao-tortosa\\\/#primaryimage\"},\"thumbnailUrl\":\"https:\\\/\\\/encompaniastj.org\\\/wp-content\\\/uploads\\\/2025\\\/05\\\/IMG-20230531-WA0010.jpg\",\"datePublished\":\"2023-06-20T08:44:43+00:00\",\"dateModified\":\"2025-07-07T14:24:32+00:00\",\"breadcrumb\":{\"@id\":\"https:\\\/\\\/encompaniastj.org\\\/pt-pt\\\/encontro-3a-etapa-de-formacao-tortosa\\\/#breadcrumb\"},\"inLanguage\":\"pt-PT\",\"potentialAction\":[{\"@type\":\"ReadAction\",\"target\":[\"https:\\\/\\\/encompaniastj.org\\\/pt-pt\\\/encontro-3a-etapa-de-formacao-tortosa\\\/\"]}]},{\"@type\":\"ImageObject\",\"inLanguage\":\"pt-PT\",\"@id\":\"https:\\\/\\\/encompaniastj.org\\\/pt-pt\\\/encontro-3a-etapa-de-formacao-tortosa\\\/#primaryimage\",\"url\":\"https:\\\/\\\/encompaniastj.org\\\/wp-content\\\/uploads\\\/2025\\\/05\\\/IMG-20230531-WA0010.jpg\",\"contentUrl\":\"https:\\\/\\\/encompaniastj.org\\\/wp-content\\\/uploads\\\/2025\\\/05\\\/IMG-20230531-WA0010.jpg\",\"width\":2048,\"height\":1536},{\"@type\":\"BreadcrumbList\",\"@id\":\"https:\\\/\\\/encompaniastj.org\\\/pt-pt\\\/encontro-3a-etapa-de-formacao-tortosa\\\/#breadcrumb\",\"itemListElement\":[{\"@type\":\"ListItem\",\"position\":1,\"name\":\"Portada\",\"item\":\"https:\\\/\\\/encompaniastj.org\\\/pt-pt\\\/\"},{\"@type\":\"ListItem\",\"position\":2,\"name\":\"Encontro 3\u00aa Etapa de Forma\u00e7\u00e3o - Tortosa\"}]},{\"@type\":\"WebSite\",\"@id\":\"https:\\\/\\\/encompaniastj.org\\\/pt-pt\\\/#website\",\"url\":\"https:\\\/\\\/encompaniastj.org\\\/pt-pt\\\/\",\"name\":\"En Compa\u00f1\u00eda STJ\",\"description\":\"Bolet\u00edn de la Compa\u00f1\u00eda de Santa Teresa de Jes\u00fas\",\"publisher\":{\"@id\":\"https:\\\/\\\/encompaniastj.org\\\/pt-pt\\\/#organization\"},\"potentialAction\":[{\"@type\":\"SearchAction\",\"target\":{\"@type\":\"EntryPoint\",\"urlTemplate\":\"https:\\\/\\\/encompaniastj.org\\\/pt-pt\\\/?s={search_term_string}\"},\"query-input\":{\"@type\":\"PropertyValueSpecification\",\"valueRequired\":true,\"valueName\":\"search_term_string\"}}],\"inLanguage\":\"pt-PT\"},{\"@type\":\"Organization\",\"@id\":\"https:\\\/\\\/encompaniastj.org\\\/pt-pt\\\/#organization\",\"name\":\"Compa\u00f1\u00eda de Santa Teresa de Jes\u00fas\",\"url\":\"https:\\\/\\\/encompaniastj.org\\\/pt-pt\\\/\",\"logo\":{\"@type\":\"ImageObject\",\"inLanguage\":\"pt-PT\",\"@id\":\"https:\\\/\\\/encompaniastj.org\\\/pt-pt\\\/#\\\/schema\\\/logo\\\/image\\\/\",\"url\":\"https:\\\/\\\/encompaniastj.org\\\/wp-content\\\/uploads\\\/2025\\\/04\\\/logo_provincias02-1-3.png\",\"contentUrl\":\"https:\\\/\\\/encompaniastj.org\\\/wp-content\\\/uploads\\\/2025\\\/04\\\/logo_provincias02-1-3.png\",\"width\":2368,\"height\":825,\"caption\":\"Compa\u00f1\u00eda de Santa Teresa de Jes\u00fas\"},\"image\":{\"@id\":\"https:\\\/\\\/encompaniastj.org\\\/pt-pt\\\/#\\\/schema\\\/logo\\\/image\\\/\"}},{\"@type\":\"Person\",\"@id\":\"https:\\\/\\\/encompaniastj.org\\\/pt-pt\\\/#\\\/schema\\\/person\\\/520e7ecc314793d40091993c2a02b651\",\"name\":\"admin\",\"image\":{\"@type\":\"ImageObject\",\"inLanguage\":\"pt-PT\",\"@id\":\"https:\\\/\\\/secure.gravatar.com\\\/avatar\\\/948b492cce32b586ac2db0eaa926ee87024f7afe218d73b397ea5ddfc5f43ea1?s=96&d=mm&r=g\",\"url\":\"https:\\\/\\\/secure.gravatar.com\\\/avatar\\\/948b492cce32b586ac2db0eaa926ee87024f7afe218d73b397ea5ddfc5f43ea1?s=96&d=mm&r=g\",\"contentUrl\":\"https:\\\/\\\/secure.gravatar.com\\\/avatar\\\/948b492cce32b586ac2db0eaa926ee87024f7afe218d73b397ea5ddfc5f43ea1?s=96&d=mm&r=g\",\"caption\":\"admin\"},\"sameAs\":[\"https:\\\/\\\/encompaniastj.org\"],\"url\":\"https:\\\/\\\/encompaniastj.org\\\/pt-pt\\\/author\\\/sjdigital\\\/\"}]}<\/script>\n<!-- \/ Yoast SEO plugin. -->","yoast_head_json":{"title":"Encontro 3\u00aa Etapa de Forma\u00e7\u00e3o - Tortosa - En Compa\u00f1\u00eda STJ","robots":{"index":"index","follow":"follow","max-snippet":"max-snippet:-1","max-image-preview":"max-image-preview:large","max-video-preview":"max-video-preview:-1"},"canonical":"https:\/\/encompaniastj.org\/pt-pt\/encontro-3a-etapa-de-formacao-tortosa\/","og_locale":"pt_PT","og_type":"article","og_title":"Encontro 3\u00aa Etapa de Forma\u00e7\u00e3o - Tortosa - En Compa\u00f1\u00eda STJ","og_description":"De 29 de maio a 3 de junho, um grupo de 37 irm\u00e3s da 3\u00aa etapa da forma\u00e7\u00e3o reuniu-se em Tortosa para reviver e aprofundar a experi\u00eancia pascal de Henrique [&hellip;]","og_url":"https:\/\/encompaniastj.org\/pt-pt\/encontro-3a-etapa-de-formacao-tortosa\/","og_site_name":"En Compa\u00f1\u00eda STJ","article_published_time":"2023-06-20T08:44:43+00:00","article_modified_time":"2025-07-07T14:24:32+00:00","og_image":[{"width":2048,"height":1536,"url":"https:\/\/encompaniastj.org\/wp-content\/uploads\/2025\/05\/IMG-20230531-WA0010.jpg","type":"image\/jpeg"}],"author":"admin","twitter_card":"summary_large_image","twitter_misc":{"Escrito por":"admin","Tempo estimado de leitura":"2 minutos"},"schema":{"@context":"https:\/\/schema.org","@graph":[{"@type":"Article","@id":"https:\/\/encompaniastj.org\/pt-pt\/encontro-3a-etapa-de-formacao-tortosa\/#article","isPartOf":{"@id":"https:\/\/encompaniastj.org\/pt-pt\/encontro-3a-etapa-de-formacao-tortosa\/"},"author":{"name":"admin","@id":"https:\/\/encompaniastj.org\/pt-pt\/#\/schema\/person\/520e7ecc314793d40091993c2a02b651"},"headline":"Encontro 3\u00aa Etapa de Forma\u00e7\u00e3o - Tortosa","datePublished":"2023-06-20T08:44:43+00:00","dateModified":"2025-07-07T14:24:32+00:00","mainEntityOfPage":{"@id":"https:\/\/encompaniastj.org\/pt-pt\/encontro-3a-etapa-de-formacao-tortosa\/"},"wordCount":267,"commentCount":0,"publisher":{"@id":"https:\/\/encompaniastj.org\/pt-pt\/#organization"},"image":{"@id":"https:\/\/encompaniastj.org\/pt-pt\/encontro-3a-etapa-de-formacao-tortosa\/#primaryimage"},"thumbnailUrl":"https:\/\/encompaniastj.org\/wp-content\/uploads\/2025\/05\/IMG-20230531-WA0010.jpg","articleSection":["Noticias","Otras","Outras"],"inLanguage":"pt-PT","potentialAction":[{"@type":"CommentAction","name":"Comment","target":["https:\/\/encompaniastj.org\/pt-pt\/encontro-3a-etapa-de-formacao-tortosa\/#respond"]}]},{"@type":"WebPage","@id":"https:\/\/encompaniastj.org\/pt-pt\/encontro-3a-etapa-de-formacao-tortosa\/","url":"https:\/\/encompaniastj.org\/pt-pt\/encontro-3a-etapa-de-formacao-tortosa\/","name":"Encontro 3\u00aa Etapa de Forma\u00e7\u00e3o - Tortosa - En Compa\u00f1\u00eda STJ","isPartOf":{"@id":"https:\/\/encompaniastj.org\/pt-pt\/#website"},"primaryImageOfPage":{"@id":"https:\/\/encompaniastj.org\/pt-pt\/encontro-3a-etapa-de-formacao-tortosa\/#primaryimage"},"image":{"@id":"https:\/\/encompaniastj.org\/pt-pt\/encontro-3a-etapa-de-formacao-tortosa\/#primaryimage"},"thumbnailUrl":"https:\/\/encompaniastj.org\/wp-content\/uploads\/2025\/05\/IMG-20230531-WA0010.jpg","datePublished":"2023-06-20T08:44:43+00:00","dateModified":"2025-07-07T14:24:32+00:00","breadcrumb":{"@id":"https:\/\/encompaniastj.org\/pt-pt\/encontro-3a-etapa-de-formacao-tortosa\/#breadcrumb"},"inLanguage":"pt-PT","potentialAction":[{"@type":"ReadAction","target":["https:\/\/encompaniastj.org\/pt-pt\/encontro-3a-etapa-de-formacao-tortosa\/"]}]},{"@type":"ImageObject","inLanguage":"pt-PT","@id":"https:\/\/encompaniastj.org\/pt-pt\/encontro-3a-etapa-de-formacao-tortosa\/#primaryimage","url":"https:\/\/encompaniastj.org\/wp-content\/uploads\/2025\/05\/IMG-20230531-WA0010.jpg","contentUrl":"https:\/\/encompaniastj.org\/wp-content\/uploads\/2025\/05\/IMG-20230531-WA0010.jpg","width":2048,"height":1536},{"@type":"BreadcrumbList","@id":"https:\/\/encompaniastj.org\/pt-pt\/encontro-3a-etapa-de-formacao-tortosa\/#breadcrumb","itemListElement":[{"@type":"ListItem","position":1,"name":"Portada","item":"https:\/\/encompaniastj.org\/pt-pt\/"},{"@type":"ListItem","position":2,"name":"Encontro 3\u00aa Etapa de Forma\u00e7\u00e3o - Tortosa"}]},{"@type":"WebSite","@id":"https:\/\/encompaniastj.org\/pt-pt\/#website","url":"https:\/\/encompaniastj.org\/pt-pt\/","name":"En Compa\u00f1\u00eda STJ","description":"Bolet\u00edn de la Compa\u00f1\u00eda de Santa Teresa de Jes\u00fas","publisher":{"@id":"https:\/\/encompaniastj.org\/pt-pt\/#organization"},"potentialAction":[{"@type":"SearchAction","target":{"@type":"EntryPoint","urlTemplate":"https:\/\/encompaniastj.org\/pt-pt\/?s={search_term_string}"},"query-input":{"@type":"PropertyValueSpecification","valueRequired":true,"valueName":"search_term_string"}}],"inLanguage":"pt-PT"},{"@type":"Organization","@id":"https:\/\/encompaniastj.org\/pt-pt\/#organization","name":"Compa\u00f1\u00eda de Santa Teresa de Jes\u00fas","url":"https:\/\/encompaniastj.org\/pt-pt\/","logo":{"@type":"ImageObject","inLanguage":"pt-PT","@id":"https:\/\/encompaniastj.org\/pt-pt\/#\/schema\/logo\/image\/","url":"https:\/\/encompaniastj.org\/wp-content\/uploads\/2025\/04\/logo_provincias02-1-3.png","contentUrl":"https:\/\/encompaniastj.org\/wp-content\/uploads\/2025\/04\/logo_provincias02-1-3.png","width":2368,"height":825,"caption":"Compa\u00f1\u00eda de Santa Teresa de Jes\u00fas"},"image":{"@id":"https:\/\/encompaniastj.org\/pt-pt\/#\/schema\/logo\/image\/"}},{"@type":"Person","@id":"https:\/\/encompaniastj.org\/pt-pt\/#\/schema\/person\/520e7ecc314793d40091993c2a02b651","name":"admin","image":{"@type":"ImageObject","inLanguage":"pt-PT","@id":"https:\/\/secure.gravatar.com\/avatar\/948b492cce32b586ac2db0eaa926ee87024f7afe218d73b397ea5ddfc5f43ea1?s=96&d=mm&r=g","url":"https:\/\/secure.gravatar.com\/avatar\/948b492cce32b586ac2db0eaa926ee87024f7afe218d73b397ea5ddfc5f43ea1?s=96&d=mm&r=g","contentUrl":"https:\/\/secure.gravatar.com\/avatar\/948b492cce32b586ac2db0eaa926ee87024f7afe218d73b397ea5ddfc5f43ea1?s=96&d=mm&r=g","caption":"admin"},"sameAs":["https:\/\/encompaniastj.org"],"url":"https:\/\/encompaniastj.org\/pt-pt\/author\/sjdigital\/"}]}},"_links":{"self":[{"href":"https:\/\/encompaniastj.org\/pt-pt\/wp-json\/wp\/v2\/posts\/11660","targetHints":{"allow":["GET"]}}],"collection":[{"href":"https:\/\/encompaniastj.org\/pt-pt\/wp-json\/wp\/v2\/posts"}],"about":[{"href":"https:\/\/encompaniastj.org\/pt-pt\/wp-json\/wp\/v2\/types\/post"}],"author":[{"embeddable":true,"href":"https:\/\/encompaniastj.org\/pt-pt\/wp-json\/wp\/v2\/users\/1"}],"replies":[{"embeddable":true,"href":"https:\/\/encompaniastj.org\/pt-pt\/wp-json\/wp\/v2\/comments?post=11660"}],"version-history":[{"count":1,"href":"https:\/\/encompaniastj.org\/pt-pt\/wp-json\/wp\/v2\/posts\/11660\/revisions"}],"predecessor-version":[{"id":11661,"href":"https:\/\/encompaniastj.org\/pt-pt\/wp-json\/wp\/v2\/posts\/11660\/revisions\/11661"}],"wp:featuredmedia":[{"embeddable":true,"href":"https:\/\/encompaniastj.org\/pt-pt\/wp-json\/wp\/v2\/media\/8397"}],"wp:attachment":[{"href":"https:\/\/encompaniastj.org\/pt-pt\/wp-json\/wp\/v2\/media?parent=11660"}],"wp:term":[{"taxonomy":"category","embeddable":true,"href":"https:\/\/encompaniastj.org\/pt-pt\/wp-json\/wp\/v2\/categories?post=11660"},{"taxonomy":"post_tag","embeddable":true,"href":"https:\/\/encompaniastj.org\/pt-pt\/wp-json\/wp\/v2\/tags?post=11660"}],"curies":[{"name":"wp","href":"https:\/\/api.w.org\/{rel}","templated":true}]}}