{"id":11644,"date":"2023-06-13T06:26:44","date_gmt":"2023-06-13T04:26:44","guid":{"rendered":"https:\/\/encompaniastj.org\/a-caminho-ate-a-jornada-mundial-da-juventude\/"},"modified":"2025-07-07T16:24:31","modified_gmt":"2025-07-07T14:24:31","slug":"a-caminho-ate-a-jornada-mundial-da-juventude","status":"publish","type":"post","link":"https:\/\/encompaniastj.org\/pt-pt\/a-caminho-ate-a-jornada-mundial-da-juventude\/","title":{"rendered":"A caminho at\u00e9 \u00e0 Jornada Mundial da Juventude"},"content":{"rendered":"<p>Agora que se aproxima um pouco mais a data, alegra-nos muito poder continuar a partilhar boas not\u00edcias do processo da JMJ, que, como sempre, est\u00e3o repletas de esperan\u00e7a.<\/p>\n<p>Finalmente, o grupo de peregrinos teresianos \u00e9 formado por 131 pessoas.<\/p>\n<p>Entusiasma-nos saber que estar\u00e3o presentes jovens de muitos pa\u00edses onde a Companhia est\u00e1 presente. Vir\u00e3o de:<\/p>\n<ul>\n<li>Nicar\u00e1gua<\/li>\n<li>Venezuela<\/li>\n<li>Brasil<\/li>\n<li>Chile<\/li>\n<li>Paraguay<\/li>\n<li>M\u00e9xico<\/li>\n<li>Col\u00f4mbia<\/li>\n<li>Angola<\/li>\n<li>Burkina Faso<\/li>\n<li>Al\u00e9m disso haver\u00e1 uns 80 da nossa Prov\u00edncia de diversas proced\u00eancias: Valencia, Mora, Barcelona, Salamanca, Telde, Las Palmas, San Sebasti\u00e1n, Huelva, Madrid, Pamplona, Elvas e Portalegre. Haver\u00e1 entre eles um grupo de irm\u00e3s e leigos teresianos.<\/li>\n<\/ul>\n<p>Como vos recordareis, nos dias, de 27 ao 31 de julho, estaremos na nossa Casa de Espiritualidade em \u00c1vila. Com a colabora\u00e7\u00e3o de muitos, continuamos a prosseguir na prepara\u00e7\u00e3o destes dias de encontro teresiano.<\/p>\n<p>A partir do lema oficial, cada dia centrar-nos-emos em Henrique, Teresa e Jesus:<\/p>\n<p>- Com Henrique, levanta-te e olha!<\/p>\n<p>- Com Teresa, levanta-te e sente!<\/p>\n<p>- Com Jesus, levanta-te e baila!<\/p>\n<p>Queremos que os <strong>protagonistas <\/strong>sejam os jovens, partindo das suas inquieta\u00e7\u00f5es, dos seus interesses e proporcionando-lhes que sejam os principais atores do encontro. Por isso integraram-se desde o in\u00edcio no processo. Queremos viver nestes dias <strong>um encontro profundo <\/strong>, criativo, tendo um cuidado especial com a experi\u00eancia de ora\u00e7\u00e3o teresiana. Queremos que ela toque o cora\u00e7\u00e3o e a vida e gere movimento.\u00a0 Estes dias ser\u00e3o vividos em clave de <strong>fam\u00edlia<\/strong>: os v\u00ednculos, redes e la\u00e7os, tamb\u00e9m formar\u00e3o parte do nosso selo teresiano. Al\u00e9m disso, procuramos colocar condi\u00e7\u00f5es para gerar um <strong>processo. <\/strong>Por isso, atrav\u00e9s das catequeses teresianas, estamos a cuidar este tempo pr\u00e9vio, continuaremos conectados ao finalizar o encontro, nesta fase que denominamos \u201cSem fronteiras\u201d. Desejamos que tudo seja <strong>para a transforma\u00e7\u00e3o da realidade<\/strong>: porque sabemos que o <strong><em>\u201cAmor gera amor\u201d<\/em><\/strong> e que <strong><em>\u201cn\u00e3o s\u00e3o tempos de tratar com Deus neg\u00f3cios de pouca import\u00e2ncia\u201d.<\/em><\/strong><\/p>\n<p>No dia 31 de julho, viajamos at\u00e9 Lisboa para participar na Jornada Mundial em Portugal, uma experi\u00eancia de Igreja universal e uma festa que congregar\u00e1 mais de tr\u00eas milh\u00f5es e meio de jovens.<\/p>\n<p>Este \u00e9 o desejo partilhado pelo Papa Francisco:<\/p>\n<p><strong>\u201cQueridos jovens, sonho que na JMJ experimentem novamente a alegria do encontro com Deus e com os irm\u00e3os e irm\u00e3s.\u00a0 Ap\u00f3s longos per\u00edodos de dist\u00e2ncia e isolamento, em Lisboa \u2013 com a ajuda de Deus \u2013 redescobriremos juntos a alegria do abra\u00e7o fraternal entre povos e diversas gera\u00e7\u00f5es, o abra\u00e7o da reconcilia\u00e7\u00e3o e da paz, o abra\u00e7o de uma fraternidade mission\u00e1ria! Que o Esp\u00edrito Santo acenda em vossos cora\u00e7\u00f5es o desejo de vos levantardes e a alegria de caminhar todos juntos, em estilo sinodal, abandonando as falsas fonteiras. \u00c9 agora o momento de se levantar! Levantemo-nos sem demora! E, como Maria, levemos Jesus dentro de n\u00f3s para comunica-l\u2019O a todos. Neste maravilhoso momento das vossas vidas, sigam em frente, n\u00e3o adiem o que o Esp\u00edrito pode fazer em cada um de v\u00f3s\u201d.<\/strong><\/p>\n<p><strong>\u00a0<\/strong>Un abrazo,\u00a0Mauge Aranda stj<\/p>\n<p><img loading=\"lazy\" decoding=\"async\" class=\"aligncenter wp-image-11463 size-large\" src=\"https:\/\/encompaniastj.org\/wp-content\/uploads\/2025\/05\/Oracao-JMJ.jpeg\" alt=\"\" width=\"724\" height=\"1024\" \/><\/p>\n","protected":false},"excerpt":{"rendered":"<p>Agora que se aproxima um pouco mais a data, alegra-nos muito poder continuar a partilhar boas not\u00edcias do processo da JMJ, que, como sempre, est\u00e3o repletas de esperan\u00e7a. Finalmente, o [&hellip;]<\/p>\n","protected":false},"author":1,"featured_media":8387,"comment_status":"open","ping_status":"open","sticky":false,"template":"","format":"standard","meta":{"_acf_changed":false,"footnotes":""},"categories":[61,68],"tags":[],"class_list":["post-11644","post","type-post","status-publish","format-standard","has-post-thumbnail","hentry","category-noticias","category-outras"],"acf":[],"yoast_head":"<!-- This site is optimized with the Yoast SEO plugin v27.5 - https:\/\/yoast.com\/product\/yoast-seo-wordpress\/ -->\n<title>A caminho at\u00e9 \u00e0 Jornada Mundial da Juventude - En Compa\u00f1\u00eda STJ<\/title>\n<meta name=\"robots\" content=\"index, follow, max-snippet:-1, max-image-preview:large, max-video-preview:-1\" \/>\n<link rel=\"canonical\" href=\"https:\/\/encompaniastj.org\/pt-pt\/a-caminho-ate-a-jornada-mundial-da-juventude\/\" \/>\n<meta property=\"og:locale\" content=\"pt_PT\" \/>\n<meta property=\"og:type\" content=\"article\" \/>\n<meta property=\"og:title\" content=\"A caminho at\u00e9 \u00e0 Jornada Mundial da Juventude - En Compa\u00f1\u00eda STJ\" \/>\n<meta property=\"og:description\" content=\"Agora que se aproxima um pouco mais a data, alegra-nos muito poder continuar a partilhar boas not\u00edcias do processo da JMJ, que, como sempre, est\u00e3o repletas de esperan\u00e7a. Finalmente, o [&hellip;]\" \/>\n<meta property=\"og:url\" content=\"https:\/\/encompaniastj.org\/pt-pt\/a-caminho-ate-a-jornada-mundial-da-juventude\/\" \/>\n<meta property=\"og:site_name\" content=\"En Compa\u00f1\u00eda STJ\" \/>\n<meta property=\"article:published_time\" content=\"2023-06-13T04:26:44+00:00\" \/>\n<meta property=\"article:modified_time\" content=\"2025-07-07T14:24:31+00:00\" \/>\n<meta property=\"og:image\" content=\"https:\/\/encompaniastj.org\/wp-content\/uploads\/2025\/05\/JMJ.png\" \/>\n\t<meta property=\"og:image:width\" content=\"224\" \/>\n\t<meta property=\"og:image:height\" content=\"224\" \/>\n\t<meta property=\"og:image:type\" content=\"image\/png\" \/>\n<meta name=\"author\" content=\"admin\" \/>\n<meta name=\"twitter:card\" content=\"summary_large_image\" \/>\n<meta name=\"twitter:label1\" content=\"Escrito por\" \/>\n\t<meta name=\"twitter:data1\" content=\"admin\" \/>\n\t<meta name=\"twitter:label2\" content=\"Tempo estimado de leitura\" \/>\n\t<meta name=\"twitter:data2\" content=\"3 minutos\" \/>\n<script type=\"application\/ld+json\" class=\"yoast-schema-graph\">{\"@context\":\"https:\\\/\\\/schema.org\",\"@graph\":[{\"@type\":\"Article\",\"@id\":\"https:\\\/\\\/encompaniastj.org\\\/pt-pt\\\/a-caminho-ate-a-jornada-mundial-da-juventude\\\/#article\",\"isPartOf\":{\"@id\":\"https:\\\/\\\/encompaniastj.org\\\/pt-pt\\\/a-caminho-ate-a-jornada-mundial-da-juventude\\\/\"},\"author\":{\"name\":\"admin\",\"@id\":\"https:\\\/\\\/encompaniastj.org\\\/pt-pt\\\/#\\\/schema\\\/person\\\/520e7ecc314793d40091993c2a02b651\"},\"headline\":\"A caminho at\u00e9 \u00e0 Jornada Mundial da Juventude\",\"datePublished\":\"2023-06-13T04:26:44+00:00\",\"dateModified\":\"2025-07-07T14:24:31+00:00\",\"mainEntityOfPage\":{\"@id\":\"https:\\\/\\\/encompaniastj.org\\\/pt-pt\\\/a-caminho-ate-a-jornada-mundial-da-juventude\\\/\"},\"wordCount\":541,\"commentCount\":0,\"publisher\":{\"@id\":\"https:\\\/\\\/encompaniastj.org\\\/pt-pt\\\/#organization\"},\"image\":{\"@id\":\"https:\\\/\\\/encompaniastj.org\\\/pt-pt\\\/a-caminho-ate-a-jornada-mundial-da-juventude\\\/#primaryimage\"},\"thumbnailUrl\":\"https:\\\/\\\/encompaniastj.org\\\/wp-content\\\/uploads\\\/2025\\\/05\\\/JMJ.png\",\"articleSection\":[\"Noticias\",\"Outras\"],\"inLanguage\":\"pt-PT\",\"potentialAction\":[{\"@type\":\"CommentAction\",\"name\":\"Comment\",\"target\":[\"https:\\\/\\\/encompaniastj.org\\\/pt-pt\\\/a-caminho-ate-a-jornada-mundial-da-juventude\\\/#respond\"]}]},{\"@type\":\"WebPage\",\"@id\":\"https:\\\/\\\/encompaniastj.org\\\/pt-pt\\\/a-caminho-ate-a-jornada-mundial-da-juventude\\\/\",\"url\":\"https:\\\/\\\/encompaniastj.org\\\/pt-pt\\\/a-caminho-ate-a-jornada-mundial-da-juventude\\\/\",\"name\":\"A caminho at\u00e9 \u00e0 Jornada Mundial da Juventude - En Compa\u00f1\u00eda STJ\",\"isPartOf\":{\"@id\":\"https:\\\/\\\/encompaniastj.org\\\/pt-pt\\\/#website\"},\"primaryImageOfPage\":{\"@id\":\"https:\\\/\\\/encompaniastj.org\\\/pt-pt\\\/a-caminho-ate-a-jornada-mundial-da-juventude\\\/#primaryimage\"},\"image\":{\"@id\":\"https:\\\/\\\/encompaniastj.org\\\/pt-pt\\\/a-caminho-ate-a-jornada-mundial-da-juventude\\\/#primaryimage\"},\"thumbnailUrl\":\"https:\\\/\\\/encompaniastj.org\\\/wp-content\\\/uploads\\\/2025\\\/05\\\/JMJ.png\",\"datePublished\":\"2023-06-13T04:26:44+00:00\",\"dateModified\":\"2025-07-07T14:24:31+00:00\",\"breadcrumb\":{\"@id\":\"https:\\\/\\\/encompaniastj.org\\\/pt-pt\\\/a-caminho-ate-a-jornada-mundial-da-juventude\\\/#breadcrumb\"},\"inLanguage\":\"pt-PT\",\"potentialAction\":[{\"@type\":\"ReadAction\",\"target\":[\"https:\\\/\\\/encompaniastj.org\\\/pt-pt\\\/a-caminho-ate-a-jornada-mundial-da-juventude\\\/\"]}]},{\"@type\":\"ImageObject\",\"inLanguage\":\"pt-PT\",\"@id\":\"https:\\\/\\\/encompaniastj.org\\\/pt-pt\\\/a-caminho-ate-a-jornada-mundial-da-juventude\\\/#primaryimage\",\"url\":\"https:\\\/\\\/encompaniastj.org\\\/wp-content\\\/uploads\\\/2025\\\/05\\\/JMJ.png\",\"contentUrl\":\"https:\\\/\\\/encompaniastj.org\\\/wp-content\\\/uploads\\\/2025\\\/05\\\/JMJ.png\",\"width\":224,\"height\":224},{\"@type\":\"BreadcrumbList\",\"@id\":\"https:\\\/\\\/encompaniastj.org\\\/pt-pt\\\/a-caminho-ate-a-jornada-mundial-da-juventude\\\/#breadcrumb\",\"itemListElement\":[{\"@type\":\"ListItem\",\"position\":1,\"name\":\"Portada\",\"item\":\"https:\\\/\\\/encompaniastj.org\\\/pt-pt\\\/\"},{\"@type\":\"ListItem\",\"position\":2,\"name\":\"A caminho at\u00e9 \u00e0 Jornada Mundial da Juventude\"}]},{\"@type\":\"WebSite\",\"@id\":\"https:\\\/\\\/encompaniastj.org\\\/pt-pt\\\/#website\",\"url\":\"https:\\\/\\\/encompaniastj.org\\\/pt-pt\\\/\",\"name\":\"En Compa\u00f1\u00eda STJ\",\"description\":\"Bolet\u00edn de la Compa\u00f1\u00eda de Santa Teresa de Jes\u00fas\",\"publisher\":{\"@id\":\"https:\\\/\\\/encompaniastj.org\\\/pt-pt\\\/#organization\"},\"potentialAction\":[{\"@type\":\"SearchAction\",\"target\":{\"@type\":\"EntryPoint\",\"urlTemplate\":\"https:\\\/\\\/encompaniastj.org\\\/pt-pt\\\/?s={search_term_string}\"},\"query-input\":{\"@type\":\"PropertyValueSpecification\",\"valueRequired\":true,\"valueName\":\"search_term_string\"}}],\"inLanguage\":\"pt-PT\"},{\"@type\":\"Organization\",\"@id\":\"https:\\\/\\\/encompaniastj.org\\\/pt-pt\\\/#organization\",\"name\":\"Compa\u00f1\u00eda de Santa Teresa de Jes\u00fas\",\"url\":\"https:\\\/\\\/encompaniastj.org\\\/pt-pt\\\/\",\"logo\":{\"@type\":\"ImageObject\",\"inLanguage\":\"pt-PT\",\"@id\":\"https:\\\/\\\/encompaniastj.org\\\/pt-pt\\\/#\\\/schema\\\/logo\\\/image\\\/\",\"url\":\"https:\\\/\\\/encompaniastj.org\\\/wp-content\\\/uploads\\\/2025\\\/04\\\/logo_provincias02-1-3.png\",\"contentUrl\":\"https:\\\/\\\/encompaniastj.org\\\/wp-content\\\/uploads\\\/2025\\\/04\\\/logo_provincias02-1-3.png\",\"width\":2368,\"height\":825,\"caption\":\"Compa\u00f1\u00eda de Santa Teresa de Jes\u00fas\"},\"image\":{\"@id\":\"https:\\\/\\\/encompaniastj.org\\\/pt-pt\\\/#\\\/schema\\\/logo\\\/image\\\/\"}},{\"@type\":\"Person\",\"@id\":\"https:\\\/\\\/encompaniastj.org\\\/pt-pt\\\/#\\\/schema\\\/person\\\/520e7ecc314793d40091993c2a02b651\",\"name\":\"admin\",\"image\":{\"@type\":\"ImageObject\",\"inLanguage\":\"pt-PT\",\"@id\":\"https:\\\/\\\/secure.gravatar.com\\\/avatar\\\/948b492cce32b586ac2db0eaa926ee87024f7afe218d73b397ea5ddfc5f43ea1?s=96&d=mm&r=g\",\"url\":\"https:\\\/\\\/secure.gravatar.com\\\/avatar\\\/948b492cce32b586ac2db0eaa926ee87024f7afe218d73b397ea5ddfc5f43ea1?s=96&d=mm&r=g\",\"contentUrl\":\"https:\\\/\\\/secure.gravatar.com\\\/avatar\\\/948b492cce32b586ac2db0eaa926ee87024f7afe218d73b397ea5ddfc5f43ea1?s=96&d=mm&r=g\",\"caption\":\"admin\"},\"sameAs\":[\"https:\\\/\\\/encompaniastj.org\"],\"url\":\"https:\\\/\\\/encompaniastj.org\\\/pt-pt\\\/author\\\/sjdigital\\\/\"}]}<\/script>\n<!-- \/ Yoast SEO plugin. -->","yoast_head_json":{"title":"A caminho at\u00e9 \u00e0 Jornada Mundial da Juventude - En Compa\u00f1\u00eda STJ","robots":{"index":"index","follow":"follow","max-snippet":"max-snippet:-1","max-image-preview":"max-image-preview:large","max-video-preview":"max-video-preview:-1"},"canonical":"https:\/\/encompaniastj.org\/pt-pt\/a-caminho-ate-a-jornada-mundial-da-juventude\/","og_locale":"pt_PT","og_type":"article","og_title":"A caminho at\u00e9 \u00e0 Jornada Mundial da Juventude - En Compa\u00f1\u00eda STJ","og_description":"Agora que se aproxima um pouco mais a data, alegra-nos muito poder continuar a partilhar boas not\u00edcias do processo da JMJ, que, como sempre, est\u00e3o repletas de esperan\u00e7a. Finalmente, o [&hellip;]","og_url":"https:\/\/encompaniastj.org\/pt-pt\/a-caminho-ate-a-jornada-mundial-da-juventude\/","og_site_name":"En Compa\u00f1\u00eda STJ","article_published_time":"2023-06-13T04:26:44+00:00","article_modified_time":"2025-07-07T14:24:31+00:00","og_image":[{"width":224,"height":224,"url":"https:\/\/encompaniastj.org\/wp-content\/uploads\/2025\/05\/JMJ.png","type":"image\/png"}],"author":"admin","twitter_card":"summary_large_image","twitter_misc":{"Escrito por":"admin","Tempo estimado de leitura":"3 minutos"},"schema":{"@context":"https:\/\/schema.org","@graph":[{"@type":"Article","@id":"https:\/\/encompaniastj.org\/pt-pt\/a-caminho-ate-a-jornada-mundial-da-juventude\/#article","isPartOf":{"@id":"https:\/\/encompaniastj.org\/pt-pt\/a-caminho-ate-a-jornada-mundial-da-juventude\/"},"author":{"name":"admin","@id":"https:\/\/encompaniastj.org\/pt-pt\/#\/schema\/person\/520e7ecc314793d40091993c2a02b651"},"headline":"A caminho at\u00e9 \u00e0 Jornada Mundial da Juventude","datePublished":"2023-06-13T04:26:44+00:00","dateModified":"2025-07-07T14:24:31+00:00","mainEntityOfPage":{"@id":"https:\/\/encompaniastj.org\/pt-pt\/a-caminho-ate-a-jornada-mundial-da-juventude\/"},"wordCount":541,"commentCount":0,"publisher":{"@id":"https:\/\/encompaniastj.org\/pt-pt\/#organization"},"image":{"@id":"https:\/\/encompaniastj.org\/pt-pt\/a-caminho-ate-a-jornada-mundial-da-juventude\/#primaryimage"},"thumbnailUrl":"https:\/\/encompaniastj.org\/wp-content\/uploads\/2025\/05\/JMJ.png","articleSection":["Noticias","Outras"],"inLanguage":"pt-PT","potentialAction":[{"@type":"CommentAction","name":"Comment","target":["https:\/\/encompaniastj.org\/pt-pt\/a-caminho-ate-a-jornada-mundial-da-juventude\/#respond"]}]},{"@type":"WebPage","@id":"https:\/\/encompaniastj.org\/pt-pt\/a-caminho-ate-a-jornada-mundial-da-juventude\/","url":"https:\/\/encompaniastj.org\/pt-pt\/a-caminho-ate-a-jornada-mundial-da-juventude\/","name":"A caminho at\u00e9 \u00e0 Jornada Mundial da Juventude - En Compa\u00f1\u00eda STJ","isPartOf":{"@id":"https:\/\/encompaniastj.org\/pt-pt\/#website"},"primaryImageOfPage":{"@id":"https:\/\/encompaniastj.org\/pt-pt\/a-caminho-ate-a-jornada-mundial-da-juventude\/#primaryimage"},"image":{"@id":"https:\/\/encompaniastj.org\/pt-pt\/a-caminho-ate-a-jornada-mundial-da-juventude\/#primaryimage"},"thumbnailUrl":"https:\/\/encompaniastj.org\/wp-content\/uploads\/2025\/05\/JMJ.png","datePublished":"2023-06-13T04:26:44+00:00","dateModified":"2025-07-07T14:24:31+00:00","breadcrumb":{"@id":"https:\/\/encompaniastj.org\/pt-pt\/a-caminho-ate-a-jornada-mundial-da-juventude\/#breadcrumb"},"inLanguage":"pt-PT","potentialAction":[{"@type":"ReadAction","target":["https:\/\/encompaniastj.org\/pt-pt\/a-caminho-ate-a-jornada-mundial-da-juventude\/"]}]},{"@type":"ImageObject","inLanguage":"pt-PT","@id":"https:\/\/encompaniastj.org\/pt-pt\/a-caminho-ate-a-jornada-mundial-da-juventude\/#primaryimage","url":"https:\/\/encompaniastj.org\/wp-content\/uploads\/2025\/05\/JMJ.png","contentUrl":"https:\/\/encompaniastj.org\/wp-content\/uploads\/2025\/05\/JMJ.png","width":224,"height":224},{"@type":"BreadcrumbList","@id":"https:\/\/encompaniastj.org\/pt-pt\/a-caminho-ate-a-jornada-mundial-da-juventude\/#breadcrumb","itemListElement":[{"@type":"ListItem","position":1,"name":"Portada","item":"https:\/\/encompaniastj.org\/pt-pt\/"},{"@type":"ListItem","position":2,"name":"A caminho at\u00e9 \u00e0 Jornada Mundial da Juventude"}]},{"@type":"WebSite","@id":"https:\/\/encompaniastj.org\/pt-pt\/#website","url":"https:\/\/encompaniastj.org\/pt-pt\/","name":"En Compa\u00f1\u00eda STJ","description":"Bolet\u00edn de la Compa\u00f1\u00eda de Santa Teresa de Jes\u00fas","publisher":{"@id":"https:\/\/encompaniastj.org\/pt-pt\/#organization"},"potentialAction":[{"@type":"SearchAction","target":{"@type":"EntryPoint","urlTemplate":"https:\/\/encompaniastj.org\/pt-pt\/?s={search_term_string}"},"query-input":{"@type":"PropertyValueSpecification","valueRequired":true,"valueName":"search_term_string"}}],"inLanguage":"pt-PT"},{"@type":"Organization","@id":"https:\/\/encompaniastj.org\/pt-pt\/#organization","name":"Compa\u00f1\u00eda de Santa Teresa de Jes\u00fas","url":"https:\/\/encompaniastj.org\/pt-pt\/","logo":{"@type":"ImageObject","inLanguage":"pt-PT","@id":"https:\/\/encompaniastj.org\/pt-pt\/#\/schema\/logo\/image\/","url":"https:\/\/encompaniastj.org\/wp-content\/uploads\/2025\/04\/logo_provincias02-1-3.png","contentUrl":"https:\/\/encompaniastj.org\/wp-content\/uploads\/2025\/04\/logo_provincias02-1-3.png","width":2368,"height":825,"caption":"Compa\u00f1\u00eda de Santa Teresa de Jes\u00fas"},"image":{"@id":"https:\/\/encompaniastj.org\/pt-pt\/#\/schema\/logo\/image\/"}},{"@type":"Person","@id":"https:\/\/encompaniastj.org\/pt-pt\/#\/schema\/person\/520e7ecc314793d40091993c2a02b651","name":"admin","image":{"@type":"ImageObject","inLanguage":"pt-PT","@id":"https:\/\/secure.gravatar.com\/avatar\/948b492cce32b586ac2db0eaa926ee87024f7afe218d73b397ea5ddfc5f43ea1?s=96&d=mm&r=g","url":"https:\/\/secure.gravatar.com\/avatar\/948b492cce32b586ac2db0eaa926ee87024f7afe218d73b397ea5ddfc5f43ea1?s=96&d=mm&r=g","contentUrl":"https:\/\/secure.gravatar.com\/avatar\/948b492cce32b586ac2db0eaa926ee87024f7afe218d73b397ea5ddfc5f43ea1?s=96&d=mm&r=g","caption":"admin"},"sameAs":["https:\/\/encompaniastj.org"],"url":"https:\/\/encompaniastj.org\/pt-pt\/author\/sjdigital\/"}]}},"_links":{"self":[{"href":"https:\/\/encompaniastj.org\/pt-pt\/wp-json\/wp\/v2\/posts\/11644","targetHints":{"allow":["GET"]}}],"collection":[{"href":"https:\/\/encompaniastj.org\/pt-pt\/wp-json\/wp\/v2\/posts"}],"about":[{"href":"https:\/\/encompaniastj.org\/pt-pt\/wp-json\/wp\/v2\/types\/post"}],"author":[{"embeddable":true,"href":"https:\/\/encompaniastj.org\/pt-pt\/wp-json\/wp\/v2\/users\/1"}],"replies":[{"embeddable":true,"href":"https:\/\/encompaniastj.org\/pt-pt\/wp-json\/wp\/v2\/comments?post=11644"}],"version-history":[{"count":1,"href":"https:\/\/encompaniastj.org\/pt-pt\/wp-json\/wp\/v2\/posts\/11644\/revisions"}],"predecessor-version":[{"id":11645,"href":"https:\/\/encompaniastj.org\/pt-pt\/wp-json\/wp\/v2\/posts\/11644\/revisions\/11645"}],"wp:featuredmedia":[{"embeddable":true,"href":"https:\/\/encompaniastj.org\/pt-pt\/wp-json\/wp\/v2\/media\/8387"}],"wp:attachment":[{"href":"https:\/\/encompaniastj.org\/pt-pt\/wp-json\/wp\/v2\/media?parent=11644"}],"wp:term":[{"taxonomy":"category","embeddable":true,"href":"https:\/\/encompaniastj.org\/pt-pt\/wp-json\/wp\/v2\/categories?post=11644"},{"taxonomy":"post_tag","embeddable":true,"href":"https:\/\/encompaniastj.org\/pt-pt\/wp-json\/wp\/v2\/tags?post=11644"}],"curies":[{"name":"wp","href":"https:\/\/api.w.org\/{rel}","templated":true}]}}