{"id":11634,"date":"2023-06-08T08:55:13","date_gmt":"2023-06-08T06:55:13","guid":{"rendered":"https:\/\/encompaniastj.org\/mta-centro-de-elvas-portugal-gestos-de-fraternidade\/"},"modified":"2025-07-07T16:24:29","modified_gmt":"2025-07-07T14:24:29","slug":"mta-centro-de-elvas-portugal-gestos-de-fraternidade","status":"publish","type":"post","link":"https:\/\/encompaniastj.org\/pt-pt\/mta-centro-de-elvas-portugal-gestos-de-fraternidade\/","title":{"rendered":"MTA - Centro de Elvas - Portugal.  Gestos de fraternidade"},"content":{"rendered":"<p>Durante o m\u00eas de Maio passado e neste m\u00eas e Junho o MTA de Elvas, Portugal atrav\u00e9s dos seus projetos socias realizou algumas atividades a favor dos fr\u00e1geis e vulner\u00e1veis das quais destacamos:<\/p>\n<p><strong>*Celebra\u00e7\u00e3o Pascal e Mariana no Estabelecimento Prisional de Elvas (EPE). <\/strong><\/p>\n<p>Como n\u00e3o foi poss\u00edvel celebrar, no dia de P\u00e1scoa, por falta de sacerdotes dispon\u00edvel, celebr\u00e1mos no dia 27 de Maio, v\u00e9spera do dia de Pentecostes.<\/p>\n<p>Uma Eucaristia, e uma consagra\u00e7\u00e3o \u00e0 Virgem de F\u00e1tima marcou espiritualmente o momento que foi de grande interioridade, profundidade, sil\u00eancio e alegria.<\/p>\n<p>No final cada, recluso recebeu um KIT com um crucifixo, um ros\u00e1rio, um evangelho di\u00e1rio e chocolates.<\/p>\n<p>Dos 100 reclusos do centro 56 estiveram presentes na celebra\u00e7\u00e3o que foram abra\u00e7ados pessoalmente por cada um de n\u00f3s.<\/p>\n<p><strong>*Dia mundial da Crian\u00e7a e Feira Escolar de 1 a 4 de Junho<\/strong><\/p>\n<p><strong>\u201cNa Feira da Crian\u00e7a\u201d,<\/strong> organizada pelo Munic\u00edpio de Elvas o MTA esteve presente com um stand de rifas e vendas a favor das crian\u00e7as ucranianas e outras filhas e filhos de imigrantes. Os <strong>\u201camigos de Jesus\u201d <\/strong>do Col\u00e9gio, os mais pequenos do MTA cantaram, dan\u00e7aram e proclamaram poemas pela Paz e pela integra\u00e7\u00e3o social, apelando ao respeito pelas diferen\u00e7as e pela aceita\u00e7\u00e3o das minorias \u00e9ticas.<\/p>\n<p>Os adultos do MTA do nosso centro estiveram muito empenhados na organiza\u00e7\u00e3o deste evento. A assessora do Centro (Maria de F\u00e1tima Magalh\u00e3es stj)<\/p>\n<p><img loading=\"lazy\" decoding=\"async\" class=\"aligncenter wp-image-11440 size-large\" src=\"https:\/\/encompaniastj.org\/wp-content\/uploads\/2025\/05\/Celebracao-no-EPE.jpg\" alt=\"\" width=\"1024\" height=\"576\" \/><\/p>\n<p><img loading=\"lazy\" decoding=\"async\" class=\"aligncenter wp-image-11438 size-full\" src=\"https:\/\/encompaniastj.org\/wp-content\/uploads\/2025\/05\/c2-1-1.png\" alt=\"\" width=\"500\" height=\"500\" \/><\/p>\n<p><img loading=\"lazy\" decoding=\"async\" class=\"aligncenter wp-image-11442 size-full\" src=\"https:\/\/encompaniastj.org\/wp-content\/uploads\/2025\/05\/collage-4.png\" alt=\"\" width=\"500\" height=\"500\" \/><\/p>\n","protected":false},"excerpt":{"rendered":"<p>Durante o m\u00eas de Maio passado e neste m\u00eas e Junho o MTA de Elvas, Portugal atrav\u00e9s dos seus projetos socias realizou algumas atividades a favor dos fr\u00e1geis e vulner\u00e1veis [&hellip;]<\/p>\n","protected":false},"author":1,"featured_media":8384,"comment_status":"open","ping_status":"open","sticky":false,"template":"","format":"standard","meta":{"_acf_changed":false,"_et_pb_use_builder":"","_et_pb_old_content":"","_et_gb_content_width":"","footnotes":""},"categories":[81],"tags":[],"class_list":["post-11634","post","type-post","status-publish","format-standard","has-post-thumbnail","hentry","category-stj-pt"],"acf":[],"yoast_head":"<!-- This site is optimized with the Yoast SEO plugin v27.5 - https:\/\/yoast.com\/product\/yoast-seo-wordpress\/ -->\n<title>MTA - Centro de Elvas - Portugal. Gestos de fraternidade - En Compa\u00f1\u00eda STJ<\/title>\n<meta name=\"robots\" content=\"index, follow, max-snippet:-1, max-image-preview:large, max-video-preview:-1\" \/>\n<link rel=\"canonical\" href=\"https:\/\/encompaniastj.org\/pt-pt\/mta-centro-de-elvas-portugal-gestos-de-fraternidade\/\" \/>\n<meta property=\"og:locale\" content=\"pt_PT\" \/>\n<meta property=\"og:type\" content=\"article\" \/>\n<meta property=\"og:title\" content=\"MTA - Centro de Elvas - Portugal. Gestos de fraternidade - En Compa\u00f1\u00eda STJ\" \/>\n<meta property=\"og:description\" content=\"Durante o m\u00eas de Maio passado e neste m\u00eas e Junho o MTA de Elvas, Portugal atrav\u00e9s dos seus projetos socias realizou algumas atividades a favor dos fr\u00e1geis e vulner\u00e1veis [&hellip;]\" \/>\n<meta property=\"og:url\" content=\"https:\/\/encompaniastj.org\/pt-pt\/mta-centro-de-elvas-portugal-gestos-de-fraternidade\/\" \/>\n<meta property=\"og:site_name\" content=\"En Compa\u00f1\u00eda STJ\" \/>\n<meta property=\"article:published_time\" content=\"2023-06-08T06:55:13+00:00\" \/>\n<meta property=\"article:modified_time\" content=\"2025-07-07T14:24:29+00:00\" \/>\n<meta property=\"og:image\" content=\"https:\/\/encompaniastj.org\/wp-content\/uploads\/2025\/05\/Maria-de-Coracao-Orante-entra-na-Prisao-de-Elvas-scaled-1.jpg\" \/>\n\t<meta property=\"og:image:width\" content=\"2560\" \/>\n\t<meta property=\"og:image:height\" content=\"2019\" \/>\n\t<meta property=\"og:image:type\" content=\"image\/jpeg\" \/>\n<meta name=\"author\" content=\"admin\" \/>\n<meta name=\"twitter:card\" content=\"summary_large_image\" \/>\n<meta name=\"twitter:label1\" content=\"Escrito por\" \/>\n\t<meta name=\"twitter:data1\" content=\"admin\" \/>\n\t<meta name=\"twitter:label2\" content=\"Tempo estimado de leitura\" \/>\n\t<meta name=\"twitter:data2\" content=\"2 minutos\" \/>\n<script type=\"application\/ld+json\" class=\"yoast-schema-graph\">{\"@context\":\"https:\\\/\\\/schema.org\",\"@graph\":[{\"@type\":\"Article\",\"@id\":\"https:\\\/\\\/encompaniastj.org\\\/pt-pt\\\/mta-centro-de-elvas-portugal-gestos-de-fraternidade\\\/#article\",\"isPartOf\":{\"@id\":\"https:\\\/\\\/encompaniastj.org\\\/pt-pt\\\/mta-centro-de-elvas-portugal-gestos-de-fraternidade\\\/\"},\"author\":{\"name\":\"admin\",\"@id\":\"https:\\\/\\\/encompaniastj.org\\\/pt-pt\\\/#\\\/schema\\\/person\\\/520e7ecc314793d40091993c2a02b651\"},\"headline\":\"MTA - Centro de Elvas - Portugal. Gestos de fraternidade\",\"datePublished\":\"2023-06-08T06:55:13+00:00\",\"dateModified\":\"2025-07-07T14:24:29+00:00\",\"mainEntityOfPage\":{\"@id\":\"https:\\\/\\\/encompaniastj.org\\\/pt-pt\\\/mta-centro-de-elvas-portugal-gestos-de-fraternidade\\\/\"},\"wordCount\":263,\"commentCount\":0,\"publisher\":{\"@id\":\"https:\\\/\\\/encompaniastj.org\\\/pt-pt\\\/#organization\"},\"image\":{\"@id\":\"https:\\\/\\\/encompaniastj.org\\\/pt-pt\\\/mta-centro-de-elvas-portugal-gestos-de-fraternidade\\\/#primaryimage\"},\"thumbnailUrl\":\"https:\\\/\\\/encompaniastj.org\\\/wp-content\\\/uploads\\\/2025\\\/05\\\/Maria-de-Coracao-Orante-entra-na-Prisao-de-Elvas-scaled-1.jpg\",\"articleSection\":[\"STJ pt\"],\"inLanguage\":\"pt-PT\",\"potentialAction\":[{\"@type\":\"CommentAction\",\"name\":\"Comment\",\"target\":[\"https:\\\/\\\/encompaniastj.org\\\/pt-pt\\\/mta-centro-de-elvas-portugal-gestos-de-fraternidade\\\/#respond\"]}]},{\"@type\":\"WebPage\",\"@id\":\"https:\\\/\\\/encompaniastj.org\\\/pt-pt\\\/mta-centro-de-elvas-portugal-gestos-de-fraternidade\\\/\",\"url\":\"https:\\\/\\\/encompaniastj.org\\\/pt-pt\\\/mta-centro-de-elvas-portugal-gestos-de-fraternidade\\\/\",\"name\":\"MTA - Centro de Elvas - Portugal. Gestos de fraternidade - En Compa\u00f1\u00eda STJ\",\"isPartOf\":{\"@id\":\"https:\\\/\\\/encompaniastj.org\\\/pt-pt\\\/#website\"},\"primaryImageOfPage\":{\"@id\":\"https:\\\/\\\/encompaniastj.org\\\/pt-pt\\\/mta-centro-de-elvas-portugal-gestos-de-fraternidade\\\/#primaryimage\"},\"image\":{\"@id\":\"https:\\\/\\\/encompaniastj.org\\\/pt-pt\\\/mta-centro-de-elvas-portugal-gestos-de-fraternidade\\\/#primaryimage\"},\"thumbnailUrl\":\"https:\\\/\\\/encompaniastj.org\\\/wp-content\\\/uploads\\\/2025\\\/05\\\/Maria-de-Coracao-Orante-entra-na-Prisao-de-Elvas-scaled-1.jpg\",\"datePublished\":\"2023-06-08T06:55:13+00:00\",\"dateModified\":\"2025-07-07T14:24:29+00:00\",\"breadcrumb\":{\"@id\":\"https:\\\/\\\/encompaniastj.org\\\/pt-pt\\\/mta-centro-de-elvas-portugal-gestos-de-fraternidade\\\/#breadcrumb\"},\"inLanguage\":\"pt-PT\",\"potentialAction\":[{\"@type\":\"ReadAction\",\"target\":[\"https:\\\/\\\/encompaniastj.org\\\/pt-pt\\\/mta-centro-de-elvas-portugal-gestos-de-fraternidade\\\/\"]}]},{\"@type\":\"ImageObject\",\"inLanguage\":\"pt-PT\",\"@id\":\"https:\\\/\\\/encompaniastj.org\\\/pt-pt\\\/mta-centro-de-elvas-portugal-gestos-de-fraternidade\\\/#primaryimage\",\"url\":\"https:\\\/\\\/encompaniastj.org\\\/wp-content\\\/uploads\\\/2025\\\/05\\\/Maria-de-Coracao-Orante-entra-na-Prisao-de-Elvas-scaled-1.jpg\",\"contentUrl\":\"https:\\\/\\\/encompaniastj.org\\\/wp-content\\\/uploads\\\/2025\\\/05\\\/Maria-de-Coracao-Orante-entra-na-Prisao-de-Elvas-scaled-1.jpg\",\"width\":2560,\"height\":2019},{\"@type\":\"BreadcrumbList\",\"@id\":\"https:\\\/\\\/encompaniastj.org\\\/pt-pt\\\/mta-centro-de-elvas-portugal-gestos-de-fraternidade\\\/#breadcrumb\",\"itemListElement\":[{\"@type\":\"ListItem\",\"position\":1,\"name\":\"Portada\",\"item\":\"https:\\\/\\\/encompaniastj.org\\\/pt-pt\\\/\"},{\"@type\":\"ListItem\",\"position\":2,\"name\":\"MTA - Centro de Elvas - Portugal. Gestos de fraternidade\"}]},{\"@type\":\"WebSite\",\"@id\":\"https:\\\/\\\/encompaniastj.org\\\/pt-pt\\\/#website\",\"url\":\"https:\\\/\\\/encompaniastj.org\\\/pt-pt\\\/\",\"name\":\"En Compa\u00f1\u00eda STJ\",\"description\":\"Bolet\u00edn de la Compa\u00f1\u00eda de Santa Teresa de Jes\u00fas\",\"publisher\":{\"@id\":\"https:\\\/\\\/encompaniastj.org\\\/pt-pt\\\/#organization\"},\"potentialAction\":[{\"@type\":\"SearchAction\",\"target\":{\"@type\":\"EntryPoint\",\"urlTemplate\":\"https:\\\/\\\/encompaniastj.org\\\/pt-pt\\\/?s={search_term_string}\"},\"query-input\":{\"@type\":\"PropertyValueSpecification\",\"valueRequired\":true,\"valueName\":\"search_term_string\"}}],\"inLanguage\":\"pt-PT\"},{\"@type\":\"Organization\",\"@id\":\"https:\\\/\\\/encompaniastj.org\\\/pt-pt\\\/#organization\",\"name\":\"Compa\u00f1\u00eda de Santa Teresa de Jes\u00fas\",\"url\":\"https:\\\/\\\/encompaniastj.org\\\/pt-pt\\\/\",\"logo\":{\"@type\":\"ImageObject\",\"inLanguage\":\"pt-PT\",\"@id\":\"https:\\\/\\\/encompaniastj.org\\\/pt-pt\\\/#\\\/schema\\\/logo\\\/image\\\/\",\"url\":\"https:\\\/\\\/encompaniastj.org\\\/wp-content\\\/uploads\\\/2025\\\/04\\\/logo_provincias02-1-3.png\",\"contentUrl\":\"https:\\\/\\\/encompaniastj.org\\\/wp-content\\\/uploads\\\/2025\\\/04\\\/logo_provincias02-1-3.png\",\"width\":2368,\"height\":825,\"caption\":\"Compa\u00f1\u00eda de Santa Teresa de Jes\u00fas\"},\"image\":{\"@id\":\"https:\\\/\\\/encompaniastj.org\\\/pt-pt\\\/#\\\/schema\\\/logo\\\/image\\\/\"}},{\"@type\":\"Person\",\"@id\":\"https:\\\/\\\/encompaniastj.org\\\/pt-pt\\\/#\\\/schema\\\/person\\\/520e7ecc314793d40091993c2a02b651\",\"name\":\"admin\",\"image\":{\"@type\":\"ImageObject\",\"inLanguage\":\"pt-PT\",\"@id\":\"https:\\\/\\\/secure.gravatar.com\\\/avatar\\\/948b492cce32b586ac2db0eaa926ee87024f7afe218d73b397ea5ddfc5f43ea1?s=96&d=mm&r=g\",\"url\":\"https:\\\/\\\/secure.gravatar.com\\\/avatar\\\/948b492cce32b586ac2db0eaa926ee87024f7afe218d73b397ea5ddfc5f43ea1?s=96&d=mm&r=g\",\"contentUrl\":\"https:\\\/\\\/secure.gravatar.com\\\/avatar\\\/948b492cce32b586ac2db0eaa926ee87024f7afe218d73b397ea5ddfc5f43ea1?s=96&d=mm&r=g\",\"caption\":\"admin\"},\"sameAs\":[\"https:\\\/\\\/encompaniastj.org\"],\"url\":\"https:\\\/\\\/encompaniastj.org\\\/pt-pt\\\/author\\\/sjdigital\\\/\"}]}<\/script>\n<!-- \/ Yoast SEO plugin. -->","yoast_head_json":{"title":"MTA - Centro de Elvas - Portugal. Gestos de fraternidade - En Compa\u00f1\u00eda STJ","robots":{"index":"index","follow":"follow","max-snippet":"max-snippet:-1","max-image-preview":"max-image-preview:large","max-video-preview":"max-video-preview:-1"},"canonical":"https:\/\/encompaniastj.org\/pt-pt\/mta-centro-de-elvas-portugal-gestos-de-fraternidade\/","og_locale":"pt_PT","og_type":"article","og_title":"MTA - Centro de Elvas - Portugal. Gestos de fraternidade - En Compa\u00f1\u00eda STJ","og_description":"Durante o m\u00eas de Maio passado e neste m\u00eas e Junho o MTA de Elvas, Portugal atrav\u00e9s dos seus projetos socias realizou algumas atividades a favor dos fr\u00e1geis e vulner\u00e1veis [&hellip;]","og_url":"https:\/\/encompaniastj.org\/pt-pt\/mta-centro-de-elvas-portugal-gestos-de-fraternidade\/","og_site_name":"En Compa\u00f1\u00eda STJ","article_published_time":"2023-06-08T06:55:13+00:00","article_modified_time":"2025-07-07T14:24:29+00:00","og_image":[{"width":2560,"height":2019,"url":"https:\/\/encompaniastj.org\/wp-content\/uploads\/2025\/05\/Maria-de-Coracao-Orante-entra-na-Prisao-de-Elvas-scaled-1.jpg","type":"image\/jpeg"}],"author":"admin","twitter_card":"summary_large_image","twitter_misc":{"Escrito por":"admin","Tempo estimado de leitura":"2 minutos"},"schema":{"@context":"https:\/\/schema.org","@graph":[{"@type":"Article","@id":"https:\/\/encompaniastj.org\/pt-pt\/mta-centro-de-elvas-portugal-gestos-de-fraternidade\/#article","isPartOf":{"@id":"https:\/\/encompaniastj.org\/pt-pt\/mta-centro-de-elvas-portugal-gestos-de-fraternidade\/"},"author":{"name":"admin","@id":"https:\/\/encompaniastj.org\/pt-pt\/#\/schema\/person\/520e7ecc314793d40091993c2a02b651"},"headline":"MTA - Centro de Elvas - Portugal. Gestos de fraternidade","datePublished":"2023-06-08T06:55:13+00:00","dateModified":"2025-07-07T14:24:29+00:00","mainEntityOfPage":{"@id":"https:\/\/encompaniastj.org\/pt-pt\/mta-centro-de-elvas-portugal-gestos-de-fraternidade\/"},"wordCount":263,"commentCount":0,"publisher":{"@id":"https:\/\/encompaniastj.org\/pt-pt\/#organization"},"image":{"@id":"https:\/\/encompaniastj.org\/pt-pt\/mta-centro-de-elvas-portugal-gestos-de-fraternidade\/#primaryimage"},"thumbnailUrl":"https:\/\/encompaniastj.org\/wp-content\/uploads\/2025\/05\/Maria-de-Coracao-Orante-entra-na-Prisao-de-Elvas-scaled-1.jpg","articleSection":["STJ pt"],"inLanguage":"pt-PT","potentialAction":[{"@type":"CommentAction","name":"Comment","target":["https:\/\/encompaniastj.org\/pt-pt\/mta-centro-de-elvas-portugal-gestos-de-fraternidade\/#respond"]}]},{"@type":"WebPage","@id":"https:\/\/encompaniastj.org\/pt-pt\/mta-centro-de-elvas-portugal-gestos-de-fraternidade\/","url":"https:\/\/encompaniastj.org\/pt-pt\/mta-centro-de-elvas-portugal-gestos-de-fraternidade\/","name":"MTA - Centro de Elvas - Portugal. Gestos de fraternidade - En Compa\u00f1\u00eda STJ","isPartOf":{"@id":"https:\/\/encompaniastj.org\/pt-pt\/#website"},"primaryImageOfPage":{"@id":"https:\/\/encompaniastj.org\/pt-pt\/mta-centro-de-elvas-portugal-gestos-de-fraternidade\/#primaryimage"},"image":{"@id":"https:\/\/encompaniastj.org\/pt-pt\/mta-centro-de-elvas-portugal-gestos-de-fraternidade\/#primaryimage"},"thumbnailUrl":"https:\/\/encompaniastj.org\/wp-content\/uploads\/2025\/05\/Maria-de-Coracao-Orante-entra-na-Prisao-de-Elvas-scaled-1.jpg","datePublished":"2023-06-08T06:55:13+00:00","dateModified":"2025-07-07T14:24:29+00:00","breadcrumb":{"@id":"https:\/\/encompaniastj.org\/pt-pt\/mta-centro-de-elvas-portugal-gestos-de-fraternidade\/#breadcrumb"},"inLanguage":"pt-PT","potentialAction":[{"@type":"ReadAction","target":["https:\/\/encompaniastj.org\/pt-pt\/mta-centro-de-elvas-portugal-gestos-de-fraternidade\/"]}]},{"@type":"ImageObject","inLanguage":"pt-PT","@id":"https:\/\/encompaniastj.org\/pt-pt\/mta-centro-de-elvas-portugal-gestos-de-fraternidade\/#primaryimage","url":"https:\/\/encompaniastj.org\/wp-content\/uploads\/2025\/05\/Maria-de-Coracao-Orante-entra-na-Prisao-de-Elvas-scaled-1.jpg","contentUrl":"https:\/\/encompaniastj.org\/wp-content\/uploads\/2025\/05\/Maria-de-Coracao-Orante-entra-na-Prisao-de-Elvas-scaled-1.jpg","width":2560,"height":2019},{"@type":"BreadcrumbList","@id":"https:\/\/encompaniastj.org\/pt-pt\/mta-centro-de-elvas-portugal-gestos-de-fraternidade\/#breadcrumb","itemListElement":[{"@type":"ListItem","position":1,"name":"Portada","item":"https:\/\/encompaniastj.org\/pt-pt\/"},{"@type":"ListItem","position":2,"name":"MTA - Centro de Elvas - Portugal. Gestos de fraternidade"}]},{"@type":"WebSite","@id":"https:\/\/encompaniastj.org\/pt-pt\/#website","url":"https:\/\/encompaniastj.org\/pt-pt\/","name":"En Compa\u00f1\u00eda STJ","description":"Bolet\u00edn de la Compa\u00f1\u00eda de Santa Teresa de Jes\u00fas","publisher":{"@id":"https:\/\/encompaniastj.org\/pt-pt\/#organization"},"potentialAction":[{"@type":"SearchAction","target":{"@type":"EntryPoint","urlTemplate":"https:\/\/encompaniastj.org\/pt-pt\/?s={search_term_string}"},"query-input":{"@type":"PropertyValueSpecification","valueRequired":true,"valueName":"search_term_string"}}],"inLanguage":"pt-PT"},{"@type":"Organization","@id":"https:\/\/encompaniastj.org\/pt-pt\/#organization","name":"Compa\u00f1\u00eda de Santa Teresa de Jes\u00fas","url":"https:\/\/encompaniastj.org\/pt-pt\/","logo":{"@type":"ImageObject","inLanguage":"pt-PT","@id":"https:\/\/encompaniastj.org\/pt-pt\/#\/schema\/logo\/image\/","url":"https:\/\/encompaniastj.org\/wp-content\/uploads\/2025\/04\/logo_provincias02-1-3.png","contentUrl":"https:\/\/encompaniastj.org\/wp-content\/uploads\/2025\/04\/logo_provincias02-1-3.png","width":2368,"height":825,"caption":"Compa\u00f1\u00eda de Santa Teresa de Jes\u00fas"},"image":{"@id":"https:\/\/encompaniastj.org\/pt-pt\/#\/schema\/logo\/image\/"}},{"@type":"Person","@id":"https:\/\/encompaniastj.org\/pt-pt\/#\/schema\/person\/520e7ecc314793d40091993c2a02b651","name":"admin","image":{"@type":"ImageObject","inLanguage":"pt-PT","@id":"https:\/\/secure.gravatar.com\/avatar\/948b492cce32b586ac2db0eaa926ee87024f7afe218d73b397ea5ddfc5f43ea1?s=96&d=mm&r=g","url":"https:\/\/secure.gravatar.com\/avatar\/948b492cce32b586ac2db0eaa926ee87024f7afe218d73b397ea5ddfc5f43ea1?s=96&d=mm&r=g","contentUrl":"https:\/\/secure.gravatar.com\/avatar\/948b492cce32b586ac2db0eaa926ee87024f7afe218d73b397ea5ddfc5f43ea1?s=96&d=mm&r=g","caption":"admin"},"sameAs":["https:\/\/encompaniastj.org"],"url":"https:\/\/encompaniastj.org\/pt-pt\/author\/sjdigital\/"}]}},"_links":{"self":[{"href":"https:\/\/encompaniastj.org\/pt-pt\/wp-json\/wp\/v2\/posts\/11634","targetHints":{"allow":["GET"]}}],"collection":[{"href":"https:\/\/encompaniastj.org\/pt-pt\/wp-json\/wp\/v2\/posts"}],"about":[{"href":"https:\/\/encompaniastj.org\/pt-pt\/wp-json\/wp\/v2\/types\/post"}],"author":[{"embeddable":true,"href":"https:\/\/encompaniastj.org\/pt-pt\/wp-json\/wp\/v2\/users\/1"}],"replies":[{"embeddable":true,"href":"https:\/\/encompaniastj.org\/pt-pt\/wp-json\/wp\/v2\/comments?post=11634"}],"version-history":[{"count":1,"href":"https:\/\/encompaniastj.org\/pt-pt\/wp-json\/wp\/v2\/posts\/11634\/revisions"}],"predecessor-version":[{"id":11635,"href":"https:\/\/encompaniastj.org\/pt-pt\/wp-json\/wp\/v2\/posts\/11634\/revisions\/11635"}],"wp:featuredmedia":[{"embeddable":true,"href":"https:\/\/encompaniastj.org\/pt-pt\/wp-json\/wp\/v2\/media\/8384"}],"wp:attachment":[{"href":"https:\/\/encompaniastj.org\/pt-pt\/wp-json\/wp\/v2\/media?parent=11634"}],"wp:term":[{"taxonomy":"category","embeddable":true,"href":"https:\/\/encompaniastj.org\/pt-pt\/wp-json\/wp\/v2\/categories?post=11634"},{"taxonomy":"post_tag","embeddable":true,"href":"https:\/\/encompaniastj.org\/pt-pt\/wp-json\/wp\/v2\/tags?post=11634"}],"curies":[{"name":"wp","href":"https:\/\/api.w.org\/{rel}","templated":true}]}}