{"id":11620,"date":"2023-05-29T08:03:56","date_gmt":"2023-05-29T06:03:56","guid":{"rendered":"https:\/\/encompaniastj.org\/josefa-zubiaurre-azcoitia-29-de-mayo-de-2023-jesus-tortosa-2\/"},"modified":"2025-07-07T16:24:27","modified_gmt":"2025-07-07T14:24:27","slug":"josefa-zubiaurre-azcoitia-29-de-mayo-de-2023-jesus-tortosa-2","status":"publish","type":"post","link":"https:\/\/encompaniastj.org\/pt-pt\/josefa-zubiaurre-azcoitia-29-de-mayo-de-2023-jesus-tortosa-2\/","title":{"rendered":"Josefa Zubiaurre Azcoitia. 29 de mayo de 2023 (Jes\u00fas Tortosa)"},"content":{"rendered":"<p>Josefa Zubiaurre nasceu no dia 12 de novembro de 1934 no munic\u00edpio de Urrestilla, dependente da C\u00e2mara Municipal de Azpeitia (Guip\u00fazcoa). Sempre levou no seu cora\u00e7\u00e3o a terra basca, Santo In\u00e1cio e a l\u00edngua basca, cujo sotaque preservou at\u00e9 ao fim. Ela dizia que no Noviciado teveuma grande dificuldade entender o espanhol.<\/p>\n<p>Entrou no Noviciado de Jesus-Tortosa no dia 14 de outubro de 1958, v\u00e9spera de Santa Teresa, a quem dedicou grande devo\u00e7\u00e3o durante toda a sua vida.<\/p>\n<p>No dia 10 de maio de 1961 emitiu os primeiros votos em Jesus-Tortosa. O seu primeiro destino foi P\u00e1dua (It\u00e1lia), onde viveu cinco anos, e onde tamb\u00e9m celebrou a profiss\u00e3o perp\u00e9tua no dia 10 de maio de 1966. Em 1970 foi destinada ao Col\u00e9gio de Via Fregene, em Roma, onde permaneceu at\u00e9 1979, quando passou a fazer parte da comunidade do Internato de Jesus-Tortosa. Em 1996 foi destinada \u00e0 outra comunidade que tamb\u00e9m vivia em Jesus, a Comunidade Resid\u00eancia de Irm\u00e3s, onde permaneceu at\u00e9 ao fim dos seus dias.<\/p>\n<p>Josefa era uma mulher forte, prot\u00f3tipo da mulher basca, que faz muita coisa, trabalhadora, fiel, de car\u00e1cter s\u00e9rio, de poucas palavras, embora com uma fina ironia que deixava escapar quando fazia coment\u00e1rios, geralmente certeiros, sobre tudo o que ia acontecendo. Ela sempre se preocupou em se manter atualizada com as not\u00edcias atrav\u00e9s dos notici\u00e1rios da TV ou dos jornais. Estava a par da atualidade pol\u00edtica e preocupava-se com os acontecimentos que iam marcando a vida quotidiana.<\/p>\n<p>Sempre dedicada aos trabalhos auxiliares, esfor\u00e7ava-se por fazer da melhor maneira poss\u00edvel as tarefas que lhe encomendavam, sem barulho e com muita dedica\u00e7\u00e3o.\u00a0 As internas lembram-se do carinho com que ela lhes servia os lanches quando foi destinada ao internato. E as irm\u00e3s e trabalhadoras da casa recordam-na no seu \u201cquarto das am\u00eandoas\u201d, um quarto no jardim da casa onde guardava e picava as am\u00eandoas que depois torrava e salgava para del\u00edcia de todos.<\/p>\n<p>Durante a sua vida teve que lutar contra uma doen\u00e7a que lhe fazia passar momentos de tristeza e depress\u00e3o. Ela era consciente e colocava os meios \u00e0 sua disposi\u00e7\u00e3o para sair rapidamente das crises. O seu esp\u00edrito trabalhador viu-se limitado nos \u00faltimos anos de sua vida. A artrose impedia-a de realizar trabalhos manuais e a fraqueza das suas pernas impedia-a de manter o equil\u00edbrio. Custou-lhe muito aceitar que a sua vida j\u00e1 n\u00e3o era de trabalho, como sempre foi, mas de contempla\u00e7\u00e3o.<\/p>\n<p>Sua transi\u00e7\u00e3o para a vida verdadeira foi consistente com o que havia sido a sua vida. Ela morreu sem fazer barulho, enquanto dormia no seu quarto da enfermaria. Descanse em paz.<\/p>\n","protected":false},"excerpt":{"rendered":"<p>Josefa Zubiaurre nasceu no dia 12 de novembro de 1934 no munic\u00edpio de Urrestilla, dependente da C\u00e2mara Municipal de Azpeitia (Guip\u00fazcoa). Sempre levou no seu cora\u00e7\u00e3o a terra basca, Santo [&hellip;]<\/p>\n","protected":false},"author":1,"featured_media":8367,"comment_status":"open","ping_status":"open","sticky":false,"template":"","format":"standard","meta":{"_acf_changed":false,"footnotes":""},"categories":[69,63],"tags":[],"class_list":["post-11620","post","type-post","status-publish","format-standard","has-post-thumbnail","hentry","category-falecimentos","category-fallecimientos"],"acf":[],"yoast_head":"<!-- This site is optimized with the Yoast SEO plugin v27.5 - https:\/\/yoast.com\/product\/yoast-seo-wordpress\/ -->\n<title>Josefa Zubiaurre Azcoitia. 29 de mayo de 2023 (Jes\u00fas Tortosa) - En Compa\u00f1\u00eda STJ<\/title>\n<meta name=\"robots\" content=\"index, follow, max-snippet:-1, max-image-preview:large, max-video-preview:-1\" \/>\n<link rel=\"canonical\" href=\"https:\/\/encompaniastj.org\/pt-pt\/josefa-zubiaurre-azcoitia-29-de-mayo-de-2023-jesus-tortosa-2\/\" \/>\n<meta property=\"og:locale\" content=\"pt_PT\" \/>\n<meta property=\"og:type\" content=\"article\" \/>\n<meta property=\"og:title\" content=\"Josefa Zubiaurre Azcoitia. 29 de mayo de 2023 (Jes\u00fas Tortosa) - En Compa\u00f1\u00eda STJ\" \/>\n<meta property=\"og:description\" content=\"Josefa Zubiaurre nasceu no dia 12 de novembro de 1934 no munic\u00edpio de Urrestilla, dependente da C\u00e2mara Municipal de Azpeitia (Guip\u00fazcoa). Sempre levou no seu cora\u00e7\u00e3o a terra basca, Santo [&hellip;]\" \/>\n<meta property=\"og:url\" content=\"https:\/\/encompaniastj.org\/pt-pt\/josefa-zubiaurre-azcoitia-29-de-mayo-de-2023-jesus-tortosa-2\/\" \/>\n<meta property=\"og:site_name\" content=\"En Compa\u00f1\u00eda STJ\" \/>\n<meta property=\"article:published_time\" content=\"2023-05-29T06:03:56+00:00\" \/>\n<meta property=\"article:modified_time\" content=\"2025-07-07T14:24:27+00:00\" \/>\n<meta property=\"og:image\" content=\"https:\/\/encompaniastj.org\/wp-content\/uploads\/2025\/05\/San-sebastian.jpg\" \/>\n\t<meta property=\"og:image:width\" content=\"612\" \/>\n\t<meta property=\"og:image:height\" content=\"408\" \/>\n\t<meta property=\"og:image:type\" content=\"image\/jpeg\" \/>\n<meta name=\"author\" content=\"admin\" \/>\n<meta name=\"twitter:card\" content=\"summary_large_image\" \/>\n<meta name=\"twitter:label1\" content=\"Escrito por\" \/>\n\t<meta name=\"twitter:data1\" content=\"admin\" \/>\n\t<meta name=\"twitter:label2\" content=\"Tempo estimado de leitura\" \/>\n\t<meta name=\"twitter:data2\" content=\"2 minutos\" \/>\n<script type=\"application\/ld+json\" class=\"yoast-schema-graph\">{\"@context\":\"https:\\\/\\\/schema.org\",\"@graph\":[{\"@type\":\"Article\",\"@id\":\"https:\\\/\\\/encompaniastj.org\\\/pt-pt\\\/josefa-zubiaurre-azcoitia-29-de-mayo-de-2023-jesus-tortosa-2\\\/#article\",\"isPartOf\":{\"@id\":\"https:\\\/\\\/encompaniastj.org\\\/pt-pt\\\/josefa-zubiaurre-azcoitia-29-de-mayo-de-2023-jesus-tortosa-2\\\/\"},\"author\":{\"name\":\"admin\",\"@id\":\"https:\\\/\\\/encompaniastj.org\\\/pt-pt\\\/#\\\/schema\\\/person\\\/520e7ecc314793d40091993c2a02b651\"},\"headline\":\"Josefa Zubiaurre Azcoitia. 29 de mayo de 2023 (Jes\u00fas Tortosa)\",\"datePublished\":\"2023-05-29T06:03:56+00:00\",\"dateModified\":\"2025-07-07T14:24:27+00:00\",\"mainEntityOfPage\":{\"@id\":\"https:\\\/\\\/encompaniastj.org\\\/pt-pt\\\/josefa-zubiaurre-azcoitia-29-de-mayo-de-2023-jesus-tortosa-2\\\/\"},\"wordCount\":466,\"commentCount\":0,\"publisher\":{\"@id\":\"https:\\\/\\\/encompaniastj.org\\\/pt-pt\\\/#organization\"},\"image\":{\"@id\":\"https:\\\/\\\/encompaniastj.org\\\/pt-pt\\\/josefa-zubiaurre-azcoitia-29-de-mayo-de-2023-jesus-tortosa-2\\\/#primaryimage\"},\"thumbnailUrl\":\"https:\\\/\\\/encompaniastj.org\\\/wp-content\\\/uploads\\\/2025\\\/05\\\/San-sebastian.jpg\",\"articleSection\":[\"Falecimentos\",\"Fallecimientos\"],\"inLanguage\":\"pt-PT\",\"potentialAction\":[{\"@type\":\"CommentAction\",\"name\":\"Comment\",\"target\":[\"https:\\\/\\\/encompaniastj.org\\\/pt-pt\\\/josefa-zubiaurre-azcoitia-29-de-mayo-de-2023-jesus-tortosa-2\\\/#respond\"]}]},{\"@type\":\"WebPage\",\"@id\":\"https:\\\/\\\/encompaniastj.org\\\/pt-pt\\\/josefa-zubiaurre-azcoitia-29-de-mayo-de-2023-jesus-tortosa-2\\\/\",\"url\":\"https:\\\/\\\/encompaniastj.org\\\/pt-pt\\\/josefa-zubiaurre-azcoitia-29-de-mayo-de-2023-jesus-tortosa-2\\\/\",\"name\":\"Josefa Zubiaurre Azcoitia. 29 de mayo de 2023 (Jes\u00fas Tortosa) - En Compa\u00f1\u00eda STJ\",\"isPartOf\":{\"@id\":\"https:\\\/\\\/encompaniastj.org\\\/pt-pt\\\/#website\"},\"primaryImageOfPage\":{\"@id\":\"https:\\\/\\\/encompaniastj.org\\\/pt-pt\\\/josefa-zubiaurre-azcoitia-29-de-mayo-de-2023-jesus-tortosa-2\\\/#primaryimage\"},\"image\":{\"@id\":\"https:\\\/\\\/encompaniastj.org\\\/pt-pt\\\/josefa-zubiaurre-azcoitia-29-de-mayo-de-2023-jesus-tortosa-2\\\/#primaryimage\"},\"thumbnailUrl\":\"https:\\\/\\\/encompaniastj.org\\\/wp-content\\\/uploads\\\/2025\\\/05\\\/San-sebastian.jpg\",\"datePublished\":\"2023-05-29T06:03:56+00:00\",\"dateModified\":\"2025-07-07T14:24:27+00:00\",\"breadcrumb\":{\"@id\":\"https:\\\/\\\/encompaniastj.org\\\/pt-pt\\\/josefa-zubiaurre-azcoitia-29-de-mayo-de-2023-jesus-tortosa-2\\\/#breadcrumb\"},\"inLanguage\":\"pt-PT\",\"potentialAction\":[{\"@type\":\"ReadAction\",\"target\":[\"https:\\\/\\\/encompaniastj.org\\\/pt-pt\\\/josefa-zubiaurre-azcoitia-29-de-mayo-de-2023-jesus-tortosa-2\\\/\"]}]},{\"@type\":\"ImageObject\",\"inLanguage\":\"pt-PT\",\"@id\":\"https:\\\/\\\/encompaniastj.org\\\/pt-pt\\\/josefa-zubiaurre-azcoitia-29-de-mayo-de-2023-jesus-tortosa-2\\\/#primaryimage\",\"url\":\"https:\\\/\\\/encompaniastj.org\\\/wp-content\\\/uploads\\\/2025\\\/05\\\/San-sebastian.jpg\",\"contentUrl\":\"https:\\\/\\\/encompaniastj.org\\\/wp-content\\\/uploads\\\/2025\\\/05\\\/San-sebastian.jpg\",\"width\":612,\"height\":408},{\"@type\":\"BreadcrumbList\",\"@id\":\"https:\\\/\\\/encompaniastj.org\\\/pt-pt\\\/josefa-zubiaurre-azcoitia-29-de-mayo-de-2023-jesus-tortosa-2\\\/#breadcrumb\",\"itemListElement\":[{\"@type\":\"ListItem\",\"position\":1,\"name\":\"Portada\",\"item\":\"https:\\\/\\\/encompaniastj.org\\\/pt-pt\\\/\"},{\"@type\":\"ListItem\",\"position\":2,\"name\":\"Josefa Zubiaurre Azcoitia. 29 de mayo de 2023 (Jes\u00fas Tortosa)\"}]},{\"@type\":\"WebSite\",\"@id\":\"https:\\\/\\\/encompaniastj.org\\\/pt-pt\\\/#website\",\"url\":\"https:\\\/\\\/encompaniastj.org\\\/pt-pt\\\/\",\"name\":\"En Compa\u00f1\u00eda STJ\",\"description\":\"Bolet\u00edn de la Compa\u00f1\u00eda de Santa Teresa de Jes\u00fas\",\"publisher\":{\"@id\":\"https:\\\/\\\/encompaniastj.org\\\/pt-pt\\\/#organization\"},\"potentialAction\":[{\"@type\":\"SearchAction\",\"target\":{\"@type\":\"EntryPoint\",\"urlTemplate\":\"https:\\\/\\\/encompaniastj.org\\\/pt-pt\\\/?s={search_term_string}\"},\"query-input\":{\"@type\":\"PropertyValueSpecification\",\"valueRequired\":true,\"valueName\":\"search_term_string\"}}],\"inLanguage\":\"pt-PT\"},{\"@type\":\"Organization\",\"@id\":\"https:\\\/\\\/encompaniastj.org\\\/pt-pt\\\/#organization\",\"name\":\"Compa\u00f1\u00eda de Santa Teresa de Jes\u00fas\",\"url\":\"https:\\\/\\\/encompaniastj.org\\\/pt-pt\\\/\",\"logo\":{\"@type\":\"ImageObject\",\"inLanguage\":\"pt-PT\",\"@id\":\"https:\\\/\\\/encompaniastj.org\\\/pt-pt\\\/#\\\/schema\\\/logo\\\/image\\\/\",\"url\":\"https:\\\/\\\/encompaniastj.org\\\/wp-content\\\/uploads\\\/2025\\\/04\\\/logo_provincias02-1-3.png\",\"contentUrl\":\"https:\\\/\\\/encompaniastj.org\\\/wp-content\\\/uploads\\\/2025\\\/04\\\/logo_provincias02-1-3.png\",\"width\":2368,\"height\":825,\"caption\":\"Compa\u00f1\u00eda de Santa Teresa de Jes\u00fas\"},\"image\":{\"@id\":\"https:\\\/\\\/encompaniastj.org\\\/pt-pt\\\/#\\\/schema\\\/logo\\\/image\\\/\"}},{\"@type\":\"Person\",\"@id\":\"https:\\\/\\\/encompaniastj.org\\\/pt-pt\\\/#\\\/schema\\\/person\\\/520e7ecc314793d40091993c2a02b651\",\"name\":\"admin\",\"image\":{\"@type\":\"ImageObject\",\"inLanguage\":\"pt-PT\",\"@id\":\"https:\\\/\\\/secure.gravatar.com\\\/avatar\\\/948b492cce32b586ac2db0eaa926ee87024f7afe218d73b397ea5ddfc5f43ea1?s=96&d=mm&r=g\",\"url\":\"https:\\\/\\\/secure.gravatar.com\\\/avatar\\\/948b492cce32b586ac2db0eaa926ee87024f7afe218d73b397ea5ddfc5f43ea1?s=96&d=mm&r=g\",\"contentUrl\":\"https:\\\/\\\/secure.gravatar.com\\\/avatar\\\/948b492cce32b586ac2db0eaa926ee87024f7afe218d73b397ea5ddfc5f43ea1?s=96&d=mm&r=g\",\"caption\":\"admin\"},\"sameAs\":[\"https:\\\/\\\/encompaniastj.org\"],\"url\":\"https:\\\/\\\/encompaniastj.org\\\/pt-pt\\\/author\\\/sjdigital\\\/\"}]}<\/script>\n<!-- \/ Yoast SEO plugin. -->","yoast_head_json":{"title":"Josefa Zubiaurre Azcoitia. 29 de mayo de 2023 (Jes\u00fas Tortosa) - En Compa\u00f1\u00eda STJ","robots":{"index":"index","follow":"follow","max-snippet":"max-snippet:-1","max-image-preview":"max-image-preview:large","max-video-preview":"max-video-preview:-1"},"canonical":"https:\/\/encompaniastj.org\/pt-pt\/josefa-zubiaurre-azcoitia-29-de-mayo-de-2023-jesus-tortosa-2\/","og_locale":"pt_PT","og_type":"article","og_title":"Josefa Zubiaurre Azcoitia. 29 de mayo de 2023 (Jes\u00fas Tortosa) - En Compa\u00f1\u00eda STJ","og_description":"Josefa Zubiaurre nasceu no dia 12 de novembro de 1934 no munic\u00edpio de Urrestilla, dependente da C\u00e2mara Municipal de Azpeitia (Guip\u00fazcoa). Sempre levou no seu cora\u00e7\u00e3o a terra basca, Santo [&hellip;]","og_url":"https:\/\/encompaniastj.org\/pt-pt\/josefa-zubiaurre-azcoitia-29-de-mayo-de-2023-jesus-tortosa-2\/","og_site_name":"En Compa\u00f1\u00eda STJ","article_published_time":"2023-05-29T06:03:56+00:00","article_modified_time":"2025-07-07T14:24:27+00:00","og_image":[{"width":612,"height":408,"url":"https:\/\/encompaniastj.org\/wp-content\/uploads\/2025\/05\/San-sebastian.jpg","type":"image\/jpeg"}],"author":"admin","twitter_card":"summary_large_image","twitter_misc":{"Escrito por":"admin","Tempo estimado de leitura":"2 minutos"},"schema":{"@context":"https:\/\/schema.org","@graph":[{"@type":"Article","@id":"https:\/\/encompaniastj.org\/pt-pt\/josefa-zubiaurre-azcoitia-29-de-mayo-de-2023-jesus-tortosa-2\/#article","isPartOf":{"@id":"https:\/\/encompaniastj.org\/pt-pt\/josefa-zubiaurre-azcoitia-29-de-mayo-de-2023-jesus-tortosa-2\/"},"author":{"name":"admin","@id":"https:\/\/encompaniastj.org\/pt-pt\/#\/schema\/person\/520e7ecc314793d40091993c2a02b651"},"headline":"Josefa Zubiaurre Azcoitia. 29 de mayo de 2023 (Jes\u00fas Tortosa)","datePublished":"2023-05-29T06:03:56+00:00","dateModified":"2025-07-07T14:24:27+00:00","mainEntityOfPage":{"@id":"https:\/\/encompaniastj.org\/pt-pt\/josefa-zubiaurre-azcoitia-29-de-mayo-de-2023-jesus-tortosa-2\/"},"wordCount":466,"commentCount":0,"publisher":{"@id":"https:\/\/encompaniastj.org\/pt-pt\/#organization"},"image":{"@id":"https:\/\/encompaniastj.org\/pt-pt\/josefa-zubiaurre-azcoitia-29-de-mayo-de-2023-jesus-tortosa-2\/#primaryimage"},"thumbnailUrl":"https:\/\/encompaniastj.org\/wp-content\/uploads\/2025\/05\/San-sebastian.jpg","articleSection":["Falecimentos","Fallecimientos"],"inLanguage":"pt-PT","potentialAction":[{"@type":"CommentAction","name":"Comment","target":["https:\/\/encompaniastj.org\/pt-pt\/josefa-zubiaurre-azcoitia-29-de-mayo-de-2023-jesus-tortosa-2\/#respond"]}]},{"@type":"WebPage","@id":"https:\/\/encompaniastj.org\/pt-pt\/josefa-zubiaurre-azcoitia-29-de-mayo-de-2023-jesus-tortosa-2\/","url":"https:\/\/encompaniastj.org\/pt-pt\/josefa-zubiaurre-azcoitia-29-de-mayo-de-2023-jesus-tortosa-2\/","name":"Josefa Zubiaurre Azcoitia. 29 de mayo de 2023 (Jes\u00fas Tortosa) - En Compa\u00f1\u00eda STJ","isPartOf":{"@id":"https:\/\/encompaniastj.org\/pt-pt\/#website"},"primaryImageOfPage":{"@id":"https:\/\/encompaniastj.org\/pt-pt\/josefa-zubiaurre-azcoitia-29-de-mayo-de-2023-jesus-tortosa-2\/#primaryimage"},"image":{"@id":"https:\/\/encompaniastj.org\/pt-pt\/josefa-zubiaurre-azcoitia-29-de-mayo-de-2023-jesus-tortosa-2\/#primaryimage"},"thumbnailUrl":"https:\/\/encompaniastj.org\/wp-content\/uploads\/2025\/05\/San-sebastian.jpg","datePublished":"2023-05-29T06:03:56+00:00","dateModified":"2025-07-07T14:24:27+00:00","breadcrumb":{"@id":"https:\/\/encompaniastj.org\/pt-pt\/josefa-zubiaurre-azcoitia-29-de-mayo-de-2023-jesus-tortosa-2\/#breadcrumb"},"inLanguage":"pt-PT","potentialAction":[{"@type":"ReadAction","target":["https:\/\/encompaniastj.org\/pt-pt\/josefa-zubiaurre-azcoitia-29-de-mayo-de-2023-jesus-tortosa-2\/"]}]},{"@type":"ImageObject","inLanguage":"pt-PT","@id":"https:\/\/encompaniastj.org\/pt-pt\/josefa-zubiaurre-azcoitia-29-de-mayo-de-2023-jesus-tortosa-2\/#primaryimage","url":"https:\/\/encompaniastj.org\/wp-content\/uploads\/2025\/05\/San-sebastian.jpg","contentUrl":"https:\/\/encompaniastj.org\/wp-content\/uploads\/2025\/05\/San-sebastian.jpg","width":612,"height":408},{"@type":"BreadcrumbList","@id":"https:\/\/encompaniastj.org\/pt-pt\/josefa-zubiaurre-azcoitia-29-de-mayo-de-2023-jesus-tortosa-2\/#breadcrumb","itemListElement":[{"@type":"ListItem","position":1,"name":"Portada","item":"https:\/\/encompaniastj.org\/pt-pt\/"},{"@type":"ListItem","position":2,"name":"Josefa Zubiaurre Azcoitia. 29 de mayo de 2023 (Jes\u00fas Tortosa)"}]},{"@type":"WebSite","@id":"https:\/\/encompaniastj.org\/pt-pt\/#website","url":"https:\/\/encompaniastj.org\/pt-pt\/","name":"En Compa\u00f1\u00eda STJ","description":"Bolet\u00edn de la Compa\u00f1\u00eda de Santa Teresa de Jes\u00fas","publisher":{"@id":"https:\/\/encompaniastj.org\/pt-pt\/#organization"},"potentialAction":[{"@type":"SearchAction","target":{"@type":"EntryPoint","urlTemplate":"https:\/\/encompaniastj.org\/pt-pt\/?s={search_term_string}"},"query-input":{"@type":"PropertyValueSpecification","valueRequired":true,"valueName":"search_term_string"}}],"inLanguage":"pt-PT"},{"@type":"Organization","@id":"https:\/\/encompaniastj.org\/pt-pt\/#organization","name":"Compa\u00f1\u00eda de Santa Teresa de Jes\u00fas","url":"https:\/\/encompaniastj.org\/pt-pt\/","logo":{"@type":"ImageObject","inLanguage":"pt-PT","@id":"https:\/\/encompaniastj.org\/pt-pt\/#\/schema\/logo\/image\/","url":"https:\/\/encompaniastj.org\/wp-content\/uploads\/2025\/04\/logo_provincias02-1-3.png","contentUrl":"https:\/\/encompaniastj.org\/wp-content\/uploads\/2025\/04\/logo_provincias02-1-3.png","width":2368,"height":825,"caption":"Compa\u00f1\u00eda de Santa Teresa de Jes\u00fas"},"image":{"@id":"https:\/\/encompaniastj.org\/pt-pt\/#\/schema\/logo\/image\/"}},{"@type":"Person","@id":"https:\/\/encompaniastj.org\/pt-pt\/#\/schema\/person\/520e7ecc314793d40091993c2a02b651","name":"admin","image":{"@type":"ImageObject","inLanguage":"pt-PT","@id":"https:\/\/secure.gravatar.com\/avatar\/948b492cce32b586ac2db0eaa926ee87024f7afe218d73b397ea5ddfc5f43ea1?s=96&d=mm&r=g","url":"https:\/\/secure.gravatar.com\/avatar\/948b492cce32b586ac2db0eaa926ee87024f7afe218d73b397ea5ddfc5f43ea1?s=96&d=mm&r=g","contentUrl":"https:\/\/secure.gravatar.com\/avatar\/948b492cce32b586ac2db0eaa926ee87024f7afe218d73b397ea5ddfc5f43ea1?s=96&d=mm&r=g","caption":"admin"},"sameAs":["https:\/\/encompaniastj.org"],"url":"https:\/\/encompaniastj.org\/pt-pt\/author\/sjdigital\/"}]}},"_links":{"self":[{"href":"https:\/\/encompaniastj.org\/pt-pt\/wp-json\/wp\/v2\/posts\/11620","targetHints":{"allow":["GET"]}}],"collection":[{"href":"https:\/\/encompaniastj.org\/pt-pt\/wp-json\/wp\/v2\/posts"}],"about":[{"href":"https:\/\/encompaniastj.org\/pt-pt\/wp-json\/wp\/v2\/types\/post"}],"author":[{"embeddable":true,"href":"https:\/\/encompaniastj.org\/pt-pt\/wp-json\/wp\/v2\/users\/1"}],"replies":[{"embeddable":true,"href":"https:\/\/encompaniastj.org\/pt-pt\/wp-json\/wp\/v2\/comments?post=11620"}],"version-history":[{"count":1,"href":"https:\/\/encompaniastj.org\/pt-pt\/wp-json\/wp\/v2\/posts\/11620\/revisions"}],"predecessor-version":[{"id":11621,"href":"https:\/\/encompaniastj.org\/pt-pt\/wp-json\/wp\/v2\/posts\/11620\/revisions\/11621"}],"wp:featuredmedia":[{"embeddable":true,"href":"https:\/\/encompaniastj.org\/pt-pt\/wp-json\/wp\/v2\/media\/8367"}],"wp:attachment":[{"href":"https:\/\/encompaniastj.org\/pt-pt\/wp-json\/wp\/v2\/media?parent=11620"}],"wp:term":[{"taxonomy":"category","embeddable":true,"href":"https:\/\/encompaniastj.org\/pt-pt\/wp-json\/wp\/v2\/categories?post=11620"},{"taxonomy":"post_tag","embeddable":true,"href":"https:\/\/encompaniastj.org\/pt-pt\/wp-json\/wp\/v2\/tags?post=11620"}],"curies":[{"name":"wp","href":"https:\/\/api.w.org\/{rel}","templated":true}]}}