{"id":11612,"date":"2023-05-22T06:13:49","date_gmt":"2023-05-22T04:13:49","guid":{"rendered":"https:\/\/encompaniastj.org\/com-o-l-nas-costas\/"},"modified":"2025-07-07T16:24:26","modified_gmt":"2025-07-07T14:24:26","slug":"com-o-l-nas-costas","status":"publish","type":"post","link":"https:\/\/encompaniastj.org\/pt-pt\/com-o-l-nas-costas\/","title":{"rendered":"COM O \u201cL\u201d NAS COSTAS"},"content":{"rendered":"<p>A linguagem universal hoje para o com\u00e9rcio, a comunica\u00e7\u00e3o principalmente nas redes, m\u00fasicas, muitas entrevistas&#8230; \u00e9 o ingl\u00eas, assim como o latim foi um dia. E assim, o &#8220;L&#8221; que alguns carros t\u00eam atr\u00e1s \u00e9 um sinal universal tamb\u00e9m nessa l\u00edngua. Porque o &#8220;L&#8221; tem a sua origem no termo ingl\u00eas <em>&#8220;learner&#8221;,<\/em> que significa &#8220;aprendiz&#8221;. E \u00e9 por isso que \u00e9 obrigat\u00f3rio transport\u00e1-lo no carro em local vis\u00edvel durante o primeiro ano de condu\u00e7\u00e3o.<\/p>\n<p>E parece que tem servido tamb\u00e9m para estes surfistas novatos que aprendem muitas vezes sobre as ondas, ou debaixo delas, mas quase sempre gozando com elas. Nas suas t-shirts, nas costas, est\u00e1 o \u201cL\u201d que os identifica nos seus primeiros passos no mar.<\/p>\n<p>E na realidade, at\u00e9 quando o &#8220;L&#8221;? quando deixamos de aprender? Quando deixaremos de usar o &#8220;L&#8221; nas costas, mesmo que seja invis\u00edvel? A sabedoria popular j\u00e1 o diz: <em>n\u00e3o te deitar\u00e1s para descansar, sem saber mais uma coisa.<\/em> Esse \u00e9 o \u201cquando\u201d da aprendizagem, de cada dia. Este \u00e9 o nosso tempo, o de aprender, o de nos abrirmos para o que n\u00e3o sabemos, que vem mesmo, aceitemos ou n\u00e3o, o tempo das tentativas, das d\u00favidas e questionamentos, sempre antes dos julgamentos&#8230;<\/p>\n<p>Uma boa imagem para reconhecer o tempo que vivemos e como o vivemos: Uma rapariga a equilibrar-se numa prancha firme sobre um &#8220;solo&#8221; l\u00edquido. Aquela tentativa repetida de se manter na prancha e na \u00e1gua, apesar das ondas e com elas. Ora em p\u00e9, ora agachada ou deitada na prancha, agarrando-se a ela, e sempre com uma pequena corda ou correia que, amarrada ao tornozelo, a prende \u00e0 prancha como um \u201csalva-vidas\u201d.<\/p>\n<p>\u00c9 assim que caminhamos, com o \u201cL\u201d nas costas, eternos aprendizes da vida, evitando as ondas e com esperan\u00e7a curtindo aquele mar que \u00e9 a pr\u00f3pria vida sempre que podemos, gratos por aquela prancha, por aquela corda que d\u00e1 seguran\u00e7a, pela d\u00e1diva de sol e mar e pelos companheiros que tantas vezes saem connosco para &#8220;apanhar ondas&#8221;, enquanto aprendemos, tentamos e ajudamos uns aos outros a estar de p\u00e9 todos os dias.<\/p>\n<p>Com esse \u201cL\u201d nas costas, vivemos&#8230; toca a agradecer esses \u201ccada dia\u201d no meio das tentativas. Cada um de n\u00f3s sabe, na nossa vida concreta, qual \u00e9 o nome da minha prancha e da minha corda, o que \u00e9 o mar, quais s\u00e3o as ondas e quem s\u00e3o os meus companheiros. A\u00ed, nos encontramos todos <em>\u201clearners\u201d.<\/em> Sempre aprendizes.<\/p>\n","protected":false},"excerpt":{"rendered":"<p>A linguagem universal hoje para o com\u00e9rcio, a comunica\u00e7\u00e3o principalmente nas redes, m\u00fasicas, muitas entrevistas&#8230; \u00e9 o ingl\u00eas, assim como o latim foi um dia. E assim, o &#8220;L&#8221; que [&hellip;]<\/p>\n","protected":false},"author":1,"featured_media":8363,"comment_status":"open","ping_status":"open","sticky":false,"template":"","format":"standard","meta":{"_acf_changed":false,"footnotes":""},"categories":[77],"tags":[],"class_list":["post-11612","post","type-post","status-publish","format-standard","has-post-thumbnail","hentry","category-palabras"],"acf":[],"yoast_head":"<!-- This site is optimized with the Yoast SEO plugin v27.5 - https:\/\/yoast.com\/product\/yoast-seo-wordpress\/ -->\n<title>COM O \u201cL\u201d NAS COSTAS - En Compa\u00f1\u00eda STJ<\/title>\n<meta name=\"robots\" content=\"index, follow, max-snippet:-1, max-image-preview:large, max-video-preview:-1\" \/>\n<link rel=\"canonical\" href=\"https:\/\/encompaniastj.org\/pt-pt\/com-o-l-nas-costas\/\" \/>\n<meta property=\"og:locale\" content=\"pt_PT\" \/>\n<meta property=\"og:type\" content=\"article\" \/>\n<meta property=\"og:title\" content=\"COM O \u201cL\u201d NAS COSTAS - En Compa\u00f1\u00eda STJ\" \/>\n<meta property=\"og:description\" content=\"A linguagem universal hoje para o com\u00e9rcio, a comunica\u00e7\u00e3o principalmente nas redes, m\u00fasicas, muitas entrevistas&#8230; \u00e9 o ingl\u00eas, assim como o latim foi um dia. E assim, o &#8220;L&#8221; que [&hellip;]\" \/>\n<meta property=\"og:url\" content=\"https:\/\/encompaniastj.org\/pt-pt\/com-o-l-nas-costas\/\" \/>\n<meta property=\"og:site_name\" content=\"En Compa\u00f1\u00eda STJ\" \/>\n<meta property=\"article:published_time\" content=\"2023-05-22T04:13:49+00:00\" \/>\n<meta property=\"article:modified_time\" content=\"2025-07-07T14:24:26+00:00\" \/>\n<meta property=\"og:image\" content=\"https:\/\/encompaniastj.org\/wp-content\/uploads\/2025\/05\/CON-LA-L-EN-LA-ESPALDA.jpg\" \/>\n\t<meta property=\"og:image:width\" content=\"681\" \/>\n\t<meta property=\"og:image:height\" content=\"591\" \/>\n\t<meta property=\"og:image:type\" content=\"image\/jpeg\" \/>\n<meta name=\"author\" content=\"admin\" \/>\n<meta name=\"twitter:card\" content=\"summary_large_image\" \/>\n<meta name=\"twitter:label1\" content=\"Escrito por\" \/>\n\t<meta name=\"twitter:data1\" content=\"admin\" \/>\n\t<meta name=\"twitter:label2\" content=\"Tempo estimado de leitura\" \/>\n\t<meta name=\"twitter:data2\" content=\"2 minutos\" \/>\n<script type=\"application\/ld+json\" class=\"yoast-schema-graph\">{\"@context\":\"https:\\\/\\\/schema.org\",\"@graph\":[{\"@type\":\"Article\",\"@id\":\"https:\\\/\\\/encompaniastj.org\\\/pt-pt\\\/com-o-l-nas-costas\\\/#article\",\"isPartOf\":{\"@id\":\"https:\\\/\\\/encompaniastj.org\\\/pt-pt\\\/com-o-l-nas-costas\\\/\"},\"author\":{\"name\":\"admin\",\"@id\":\"https:\\\/\\\/encompaniastj.org\\\/pt-pt\\\/#\\\/schema\\\/person\\\/520e7ecc314793d40091993c2a02b651\"},\"headline\":\"COM O \u201cL\u201d NAS COSTAS\",\"datePublished\":\"2023-05-22T04:13:49+00:00\",\"dateModified\":\"2025-07-07T14:24:26+00:00\",\"mainEntityOfPage\":{\"@id\":\"https:\\\/\\\/encompaniastj.org\\\/pt-pt\\\/com-o-l-nas-costas\\\/\"},\"wordCount\":424,\"commentCount\":0,\"publisher\":{\"@id\":\"https:\\\/\\\/encompaniastj.org\\\/pt-pt\\\/#organization\"},\"image\":{\"@id\":\"https:\\\/\\\/encompaniastj.org\\\/pt-pt\\\/com-o-l-nas-costas\\\/#primaryimage\"},\"thumbnailUrl\":\"https:\\\/\\\/encompaniastj.org\\\/wp-content\\\/uploads\\\/2025\\\/05\\\/CON-LA-L-EN-LA-ESPALDA.jpg\",\"articleSection\":[\"Palabras\"],\"inLanguage\":\"pt-PT\",\"potentialAction\":[{\"@type\":\"CommentAction\",\"name\":\"Comment\",\"target\":[\"https:\\\/\\\/encompaniastj.org\\\/pt-pt\\\/com-o-l-nas-costas\\\/#respond\"]}]},{\"@type\":\"WebPage\",\"@id\":\"https:\\\/\\\/encompaniastj.org\\\/pt-pt\\\/com-o-l-nas-costas\\\/\",\"url\":\"https:\\\/\\\/encompaniastj.org\\\/pt-pt\\\/com-o-l-nas-costas\\\/\",\"name\":\"COM O \u201cL\u201d NAS COSTAS - En Compa\u00f1\u00eda STJ\",\"isPartOf\":{\"@id\":\"https:\\\/\\\/encompaniastj.org\\\/pt-pt\\\/#website\"},\"primaryImageOfPage\":{\"@id\":\"https:\\\/\\\/encompaniastj.org\\\/pt-pt\\\/com-o-l-nas-costas\\\/#primaryimage\"},\"image\":{\"@id\":\"https:\\\/\\\/encompaniastj.org\\\/pt-pt\\\/com-o-l-nas-costas\\\/#primaryimage\"},\"thumbnailUrl\":\"https:\\\/\\\/encompaniastj.org\\\/wp-content\\\/uploads\\\/2025\\\/05\\\/CON-LA-L-EN-LA-ESPALDA.jpg\",\"datePublished\":\"2023-05-22T04:13:49+00:00\",\"dateModified\":\"2025-07-07T14:24:26+00:00\",\"breadcrumb\":{\"@id\":\"https:\\\/\\\/encompaniastj.org\\\/pt-pt\\\/com-o-l-nas-costas\\\/#breadcrumb\"},\"inLanguage\":\"pt-PT\",\"potentialAction\":[{\"@type\":\"ReadAction\",\"target\":[\"https:\\\/\\\/encompaniastj.org\\\/pt-pt\\\/com-o-l-nas-costas\\\/\"]}]},{\"@type\":\"ImageObject\",\"inLanguage\":\"pt-PT\",\"@id\":\"https:\\\/\\\/encompaniastj.org\\\/pt-pt\\\/com-o-l-nas-costas\\\/#primaryimage\",\"url\":\"https:\\\/\\\/encompaniastj.org\\\/wp-content\\\/uploads\\\/2025\\\/05\\\/CON-LA-L-EN-LA-ESPALDA.jpg\",\"contentUrl\":\"https:\\\/\\\/encompaniastj.org\\\/wp-content\\\/uploads\\\/2025\\\/05\\\/CON-LA-L-EN-LA-ESPALDA.jpg\",\"width\":681,\"height\":591},{\"@type\":\"BreadcrumbList\",\"@id\":\"https:\\\/\\\/encompaniastj.org\\\/pt-pt\\\/com-o-l-nas-costas\\\/#breadcrumb\",\"itemListElement\":[{\"@type\":\"ListItem\",\"position\":1,\"name\":\"Portada\",\"item\":\"https:\\\/\\\/encompaniastj.org\\\/pt-pt\\\/\"},{\"@type\":\"ListItem\",\"position\":2,\"name\":\"COM O \u201cL\u201d NAS COSTAS\"}]},{\"@type\":\"WebSite\",\"@id\":\"https:\\\/\\\/encompaniastj.org\\\/pt-pt\\\/#website\",\"url\":\"https:\\\/\\\/encompaniastj.org\\\/pt-pt\\\/\",\"name\":\"En Compa\u00f1\u00eda STJ\",\"description\":\"Bolet\u00edn de la Compa\u00f1\u00eda de Santa Teresa de Jes\u00fas\",\"publisher\":{\"@id\":\"https:\\\/\\\/encompaniastj.org\\\/pt-pt\\\/#organization\"},\"potentialAction\":[{\"@type\":\"SearchAction\",\"target\":{\"@type\":\"EntryPoint\",\"urlTemplate\":\"https:\\\/\\\/encompaniastj.org\\\/pt-pt\\\/?s={search_term_string}\"},\"query-input\":{\"@type\":\"PropertyValueSpecification\",\"valueRequired\":true,\"valueName\":\"search_term_string\"}}],\"inLanguage\":\"pt-PT\"},{\"@type\":\"Organization\",\"@id\":\"https:\\\/\\\/encompaniastj.org\\\/pt-pt\\\/#organization\",\"name\":\"Compa\u00f1\u00eda de Santa Teresa de Jes\u00fas\",\"url\":\"https:\\\/\\\/encompaniastj.org\\\/pt-pt\\\/\",\"logo\":{\"@type\":\"ImageObject\",\"inLanguage\":\"pt-PT\",\"@id\":\"https:\\\/\\\/encompaniastj.org\\\/pt-pt\\\/#\\\/schema\\\/logo\\\/image\\\/\",\"url\":\"https:\\\/\\\/encompaniastj.org\\\/wp-content\\\/uploads\\\/2025\\\/04\\\/logo_provincias02-1-3.png\",\"contentUrl\":\"https:\\\/\\\/encompaniastj.org\\\/wp-content\\\/uploads\\\/2025\\\/04\\\/logo_provincias02-1-3.png\",\"width\":2368,\"height\":825,\"caption\":\"Compa\u00f1\u00eda de Santa Teresa de Jes\u00fas\"},\"image\":{\"@id\":\"https:\\\/\\\/encompaniastj.org\\\/pt-pt\\\/#\\\/schema\\\/logo\\\/image\\\/\"}},{\"@type\":\"Person\",\"@id\":\"https:\\\/\\\/encompaniastj.org\\\/pt-pt\\\/#\\\/schema\\\/person\\\/520e7ecc314793d40091993c2a02b651\",\"name\":\"admin\",\"image\":{\"@type\":\"ImageObject\",\"inLanguage\":\"pt-PT\",\"@id\":\"https:\\\/\\\/secure.gravatar.com\\\/avatar\\\/948b492cce32b586ac2db0eaa926ee87024f7afe218d73b397ea5ddfc5f43ea1?s=96&d=mm&r=g\",\"url\":\"https:\\\/\\\/secure.gravatar.com\\\/avatar\\\/948b492cce32b586ac2db0eaa926ee87024f7afe218d73b397ea5ddfc5f43ea1?s=96&d=mm&r=g\",\"contentUrl\":\"https:\\\/\\\/secure.gravatar.com\\\/avatar\\\/948b492cce32b586ac2db0eaa926ee87024f7afe218d73b397ea5ddfc5f43ea1?s=96&d=mm&r=g\",\"caption\":\"admin\"},\"sameAs\":[\"https:\\\/\\\/encompaniastj.org\"],\"url\":\"https:\\\/\\\/encompaniastj.org\\\/pt-pt\\\/author\\\/sjdigital\\\/\"}]}<\/script>\n<!-- \/ Yoast SEO plugin. -->","yoast_head_json":{"title":"COM O \u201cL\u201d NAS COSTAS - En Compa\u00f1\u00eda STJ","robots":{"index":"index","follow":"follow","max-snippet":"max-snippet:-1","max-image-preview":"max-image-preview:large","max-video-preview":"max-video-preview:-1"},"canonical":"https:\/\/encompaniastj.org\/pt-pt\/com-o-l-nas-costas\/","og_locale":"pt_PT","og_type":"article","og_title":"COM O \u201cL\u201d NAS COSTAS - En Compa\u00f1\u00eda STJ","og_description":"A linguagem universal hoje para o com\u00e9rcio, a comunica\u00e7\u00e3o principalmente nas redes, m\u00fasicas, muitas entrevistas&#8230; \u00e9 o ingl\u00eas, assim como o latim foi um dia. E assim, o &#8220;L&#8221; que [&hellip;]","og_url":"https:\/\/encompaniastj.org\/pt-pt\/com-o-l-nas-costas\/","og_site_name":"En Compa\u00f1\u00eda STJ","article_published_time":"2023-05-22T04:13:49+00:00","article_modified_time":"2025-07-07T14:24:26+00:00","og_image":[{"width":681,"height":591,"url":"https:\/\/encompaniastj.org\/wp-content\/uploads\/2025\/05\/CON-LA-L-EN-LA-ESPALDA.jpg","type":"image\/jpeg"}],"author":"admin","twitter_card":"summary_large_image","twitter_misc":{"Escrito por":"admin","Tempo estimado de leitura":"2 minutos"},"schema":{"@context":"https:\/\/schema.org","@graph":[{"@type":"Article","@id":"https:\/\/encompaniastj.org\/pt-pt\/com-o-l-nas-costas\/#article","isPartOf":{"@id":"https:\/\/encompaniastj.org\/pt-pt\/com-o-l-nas-costas\/"},"author":{"name":"admin","@id":"https:\/\/encompaniastj.org\/pt-pt\/#\/schema\/person\/520e7ecc314793d40091993c2a02b651"},"headline":"COM O \u201cL\u201d NAS COSTAS","datePublished":"2023-05-22T04:13:49+00:00","dateModified":"2025-07-07T14:24:26+00:00","mainEntityOfPage":{"@id":"https:\/\/encompaniastj.org\/pt-pt\/com-o-l-nas-costas\/"},"wordCount":424,"commentCount":0,"publisher":{"@id":"https:\/\/encompaniastj.org\/pt-pt\/#organization"},"image":{"@id":"https:\/\/encompaniastj.org\/pt-pt\/com-o-l-nas-costas\/#primaryimage"},"thumbnailUrl":"https:\/\/encompaniastj.org\/wp-content\/uploads\/2025\/05\/CON-LA-L-EN-LA-ESPALDA.jpg","articleSection":["Palabras"],"inLanguage":"pt-PT","potentialAction":[{"@type":"CommentAction","name":"Comment","target":["https:\/\/encompaniastj.org\/pt-pt\/com-o-l-nas-costas\/#respond"]}]},{"@type":"WebPage","@id":"https:\/\/encompaniastj.org\/pt-pt\/com-o-l-nas-costas\/","url":"https:\/\/encompaniastj.org\/pt-pt\/com-o-l-nas-costas\/","name":"COM O \u201cL\u201d NAS COSTAS - En Compa\u00f1\u00eda STJ","isPartOf":{"@id":"https:\/\/encompaniastj.org\/pt-pt\/#website"},"primaryImageOfPage":{"@id":"https:\/\/encompaniastj.org\/pt-pt\/com-o-l-nas-costas\/#primaryimage"},"image":{"@id":"https:\/\/encompaniastj.org\/pt-pt\/com-o-l-nas-costas\/#primaryimage"},"thumbnailUrl":"https:\/\/encompaniastj.org\/wp-content\/uploads\/2025\/05\/CON-LA-L-EN-LA-ESPALDA.jpg","datePublished":"2023-05-22T04:13:49+00:00","dateModified":"2025-07-07T14:24:26+00:00","breadcrumb":{"@id":"https:\/\/encompaniastj.org\/pt-pt\/com-o-l-nas-costas\/#breadcrumb"},"inLanguage":"pt-PT","potentialAction":[{"@type":"ReadAction","target":["https:\/\/encompaniastj.org\/pt-pt\/com-o-l-nas-costas\/"]}]},{"@type":"ImageObject","inLanguage":"pt-PT","@id":"https:\/\/encompaniastj.org\/pt-pt\/com-o-l-nas-costas\/#primaryimage","url":"https:\/\/encompaniastj.org\/wp-content\/uploads\/2025\/05\/CON-LA-L-EN-LA-ESPALDA.jpg","contentUrl":"https:\/\/encompaniastj.org\/wp-content\/uploads\/2025\/05\/CON-LA-L-EN-LA-ESPALDA.jpg","width":681,"height":591},{"@type":"BreadcrumbList","@id":"https:\/\/encompaniastj.org\/pt-pt\/com-o-l-nas-costas\/#breadcrumb","itemListElement":[{"@type":"ListItem","position":1,"name":"Portada","item":"https:\/\/encompaniastj.org\/pt-pt\/"},{"@type":"ListItem","position":2,"name":"COM O \u201cL\u201d NAS COSTAS"}]},{"@type":"WebSite","@id":"https:\/\/encompaniastj.org\/pt-pt\/#website","url":"https:\/\/encompaniastj.org\/pt-pt\/","name":"En Compa\u00f1\u00eda STJ","description":"Bolet\u00edn de la Compa\u00f1\u00eda de Santa Teresa de Jes\u00fas","publisher":{"@id":"https:\/\/encompaniastj.org\/pt-pt\/#organization"},"potentialAction":[{"@type":"SearchAction","target":{"@type":"EntryPoint","urlTemplate":"https:\/\/encompaniastj.org\/pt-pt\/?s={search_term_string}"},"query-input":{"@type":"PropertyValueSpecification","valueRequired":true,"valueName":"search_term_string"}}],"inLanguage":"pt-PT"},{"@type":"Organization","@id":"https:\/\/encompaniastj.org\/pt-pt\/#organization","name":"Compa\u00f1\u00eda de Santa Teresa de Jes\u00fas","url":"https:\/\/encompaniastj.org\/pt-pt\/","logo":{"@type":"ImageObject","inLanguage":"pt-PT","@id":"https:\/\/encompaniastj.org\/pt-pt\/#\/schema\/logo\/image\/","url":"https:\/\/encompaniastj.org\/wp-content\/uploads\/2025\/04\/logo_provincias02-1-3.png","contentUrl":"https:\/\/encompaniastj.org\/wp-content\/uploads\/2025\/04\/logo_provincias02-1-3.png","width":2368,"height":825,"caption":"Compa\u00f1\u00eda de Santa Teresa de Jes\u00fas"},"image":{"@id":"https:\/\/encompaniastj.org\/pt-pt\/#\/schema\/logo\/image\/"}},{"@type":"Person","@id":"https:\/\/encompaniastj.org\/pt-pt\/#\/schema\/person\/520e7ecc314793d40091993c2a02b651","name":"admin","image":{"@type":"ImageObject","inLanguage":"pt-PT","@id":"https:\/\/secure.gravatar.com\/avatar\/948b492cce32b586ac2db0eaa926ee87024f7afe218d73b397ea5ddfc5f43ea1?s=96&d=mm&r=g","url":"https:\/\/secure.gravatar.com\/avatar\/948b492cce32b586ac2db0eaa926ee87024f7afe218d73b397ea5ddfc5f43ea1?s=96&d=mm&r=g","contentUrl":"https:\/\/secure.gravatar.com\/avatar\/948b492cce32b586ac2db0eaa926ee87024f7afe218d73b397ea5ddfc5f43ea1?s=96&d=mm&r=g","caption":"admin"},"sameAs":["https:\/\/encompaniastj.org"],"url":"https:\/\/encompaniastj.org\/pt-pt\/author\/sjdigital\/"}]}},"_links":{"self":[{"href":"https:\/\/encompaniastj.org\/pt-pt\/wp-json\/wp\/v2\/posts\/11612","targetHints":{"allow":["GET"]}}],"collection":[{"href":"https:\/\/encompaniastj.org\/pt-pt\/wp-json\/wp\/v2\/posts"}],"about":[{"href":"https:\/\/encompaniastj.org\/pt-pt\/wp-json\/wp\/v2\/types\/post"}],"author":[{"embeddable":true,"href":"https:\/\/encompaniastj.org\/pt-pt\/wp-json\/wp\/v2\/users\/1"}],"replies":[{"embeddable":true,"href":"https:\/\/encompaniastj.org\/pt-pt\/wp-json\/wp\/v2\/comments?post=11612"}],"version-history":[{"count":1,"href":"https:\/\/encompaniastj.org\/pt-pt\/wp-json\/wp\/v2\/posts\/11612\/revisions"}],"predecessor-version":[{"id":11613,"href":"https:\/\/encompaniastj.org\/pt-pt\/wp-json\/wp\/v2\/posts\/11612\/revisions\/11613"}],"wp:featuredmedia":[{"embeddable":true,"href":"https:\/\/encompaniastj.org\/pt-pt\/wp-json\/wp\/v2\/media\/8363"}],"wp:attachment":[{"href":"https:\/\/encompaniastj.org\/pt-pt\/wp-json\/wp\/v2\/media?parent=11612"}],"wp:term":[{"taxonomy":"category","embeddable":true,"href":"https:\/\/encompaniastj.org\/pt-pt\/wp-json\/wp\/v2\/categories?post=11612"},{"taxonomy":"post_tag","embeddable":true,"href":"https:\/\/encompaniastj.org\/pt-pt\/wp-json\/wp\/v2\/tags?post=11612"}],"curies":[{"name":"wp","href":"https:\/\/api.w.org\/{rel}","templated":true}]}}